{"id":3757,"date":"2026-09-03T13:09:04","date_gmt":"2026-09-03T13:09:04","guid":{"rendered":"https:\/\/radio-newyork.com\/?p=3757"},"modified":"2026-09-03T13:09:05","modified_gmt":"2026-09-03T13:09:05","slug":"ekskluzivni-intervju-za-radio-new-york-muhamed-dzafic-covjek-koji-cuva-dusu-bosne-i-hercegovine","status":"publish","type":"post","link":"https:\/\/radio-newyork.com\/?p=3757","title":{"rendered":"EKSKLUZIVNI INTERVJU ZA RADIO NEW YORK: MUHAMED D\u017dAFI\u0106 \u2013 \u010cOVJEK KOJI \u010cUVA DU\u0160U BOSNE I HERCEGOVINE"},"content":{"rendered":"\n<figure class=\"wp-block-image size-large\"><img loading=\"lazy\" decoding=\"async\" width=\"683\" height=\"1024\" src=\"https:\/\/radio-newyork.com\/wp-content\/uploads\/2026\/09\/5-683x1024.png\" alt=\"\" class=\"wp-image-3758\" srcset=\"https:\/\/radio-newyork.com\/wp-content\/uploads\/2026\/09\/5-683x1024.png 683w, https:\/\/radio-newyork.com\/wp-content\/uploads\/2026\/09\/5-200x300.png 200w, https:\/\/radio-newyork.com\/wp-content\/uploads\/2026\/09\/5-768x1152.png 768w, https:\/\/radio-newyork.com\/wp-content\/uploads\/2026\/09\/5.png 1024w\" sizes=\"auto, (max-width: 683px) 100vw, 683px\" \/><\/figure>\n\n\n\n<h1 class=\"wp-block-heading\">EKSKLUZIVNO ZA RADIO NEW YORK<\/h1>\n\n\n\n<h2 class=\"wp-block-heading\">MUHAMED \u201eHAMO\u201c D\u017dAFI\u0106 \u2013 \u010cOVJEK KOJI VE\u0106 DESET GODINA \u010cUVA DU\u0160U BOSNE I HERCEGOVINE<\/h2>\n\n\n\n<h3 class=\"wp-block-heading\">Vi\u0161e od 13.000 objava, oko 600 videa i gotovo 100.000 pratilaca. Iza svega, prema rije\u010dima Muhameda D\u017eafi\u0107a, nema redakcije, agencije niti institucije. Postoji jedan \u010dovjek, jedan ra\u010dunar i deset godina upornog rada na projektu \u201eBosnom i Hercegovinom kroz gradove\u201c.<\/h3>\n\n\n\n<p class=\"wp-block-paragraph\"><strong>RADIO NEW YORK | NEW YORK<\/strong><\/p>\n\n\n\n<p class=\"wp-block-paragraph\">Postoje ljudi koji o ljubavi prema domovini mnogo govore.<\/p>\n\n\n\n<p class=\"wp-block-paragraph\">A postoje i oni koji je godinama, tiho i bez velike buke, pretvaraju u djelo.<\/p>\n\n\n\n<p class=\"wp-block-paragraph\">Jedan od njih je <strong>Muhamed D\u017eafi\u0107, me\u0111u prijateljima i pratiocima poznat jednostavno kao Hamo<\/strong>.<\/p>\n\n\n\n<p class=\"wp-block-paragraph\">Ro\u0111en je 1975. godine u Prijedoru, odrastao u Klju\u010du, a po struci je elektrotehni\u010dar. Kasnije se u francuskom Toulouseu, na Institutu ERASME, dodatno obrazovao za edukatora.<\/p>\n\n\n\n<p class=\"wp-block-paragraph\">Ali desetinama hiljada ljudi \u0161irom Bosne i Hercegovine i dijaspore Hamo je poznat po ne\u010demu sasvim drugom.<\/p>\n\n\n\n<p class=\"wp-block-paragraph\">On je \u010dovjek iza projekta <strong>\u201eBosnom i Hercegovinom kroz gradove\u201c<\/strong>.<\/p>\n\n\n\n<p class=\"wp-block-paragraph\">Ve\u0107 deset godina kroz fotografije, videozapise, historijske zapise, pri\u010de o gradovima, selima, rijekama, planinama, starim \u010dar\u0161ijama, tvr\u0111avama, ste\u0107cima, obi\u010dajima i ljudima poku\u0161ava napraviti ono \u0161to bismo danas s pravom mogli nazvati <strong>digitalnom hronikom Bosne i Hercegovine<\/strong>.<\/p>\n\n\n\n<p class=\"wp-block-paragraph\">Prema podacima koje je Muhamed D\u017eafi\u0107 iznio za Radio New York, rije\u010d je o vi\u0161e od <strong>13.000 objava, oko 600 videa i zajednici koja se pribli\u017eila brojci od 100.000 pratilaca<\/strong>.<\/p>\n\n\n\n<p class=\"wp-block-paragraph\">Jo\u0161 nevjerovatnije zvu\u010di njegov odgovor na pitanje ko sve to radi.<\/p>\n\n\n\n<p class=\"wp-block-paragraph\"><strong>Hamo ka\u017ee \u2013 sve radi sam.<\/strong><\/p>\n\n\n\n<p class=\"wp-block-paragraph\">Svaku objavu.<br>Svaki video.<br>Svaku infografiku.<br>Svaki tekst.<\/p>\n\n\n\n<p class=\"wp-block-paragraph\">Iza projekta, ka\u017ee, nema agencije, institucije niti velike redakcije. Radi svoj redovni posao, a onda no\u0107u, vikendom i u slobodnim trenucima istra\u017euje arhive, tra\u017ei stare fotografije, montira snimke i pi\u0161e.<\/p>\n\n\n\n<h3 class=\"wp-block-heading\">KADA FACEBOOK STRANICA POSTANE MNOGO VI\u0160E OD FACEBOOKA<\/h3>\n\n\n\n<p class=\"wp-block-paragraph\">Mo\u017eda bismo ovu pri\u010du mogli svesti na broj pratilaca.<\/p>\n\n\n\n<p class=\"wp-block-paragraph\">Ali time bismo proma\u0161ili njenu su\u0161tinu.<\/p>\n\n\n\n<p class=\"wp-block-paragraph\">Jer najve\u0107a vrijednost projekta \u201eBosnom i Hercegovinom kroz gradove\u201c mo\u017eda nije u tome koliko ljudi danas klikne \u201esvi\u0111a mi se\u201c.<\/p>\n\n\n\n<p class=\"wp-block-paragraph\">Vrijednost je u onome \u0161to ostaje.<\/p>\n\n\n\n<p class=\"wp-block-paragraph\">Hamo govori o ljudima iz Amerike, Australije, Skandinavije i \u0161irom Evrope koji mu pi\u0161u jer ih je jedna fotografija vratila ku\u0107i. Neko poslije trideset ili \u010detrdeset godina ponovo ugleda ulicu kojom je hodao kao dijete. Neko staru \u0161kolu. Neko ku\u0107u, izvor, d\u017eamiju, crkvu, most ili rijeku iz svog zavi\u010daja.<\/p>\n\n\n\n<p class=\"wp-block-paragraph\">Jedna od poruka koju je zapamtio glasila je:<\/p>\n\n\n\n<p class=\"wp-block-paragraph\"><strong>\u201eHamo, hvala ti, vratio si me u djetinjstvo i pokazao mojoj djeci odakle su im korijeni.\u201c<\/strong><\/p>\n\n\n\n<p class=\"wp-block-paragraph\">Tu prestaju biti va\u017ene Facebook statistike.<\/p>\n\n\n\n<p class=\"wp-block-paragraph\">Tu po\u010dinje pri\u010da o <strong>pam\u0107enju jednog naroda i jedne zemlje<\/strong>.<\/p>\n\n\n\n<h3 class=\"wp-block-heading\">DESET GODINA RADA BEZ PLA\u0106ENIH REKLAMA<\/h3>\n\n\n\n<p class=\"wp-block-paragraph\">Jo\u0161 jedan podatak posebno nas je zainteresovao.<\/p>\n\n\n\n<p class=\"wp-block-paragraph\">D\u017eafi\u0107 ka\u017ee da tokom deset godina na stranici nije imao pla\u0107ene reklame, sponzorstva niti komercijalizaciju projekta i da je rad finansirao vlastitim sredstvima, vremenom i trudom.<\/p>\n\n\n\n<p class=\"wp-block-paragraph\">Ako deset godina rada zaista saberemo u sate, no\u0107i, vikende, putovanja, istra\u017eivanja, pisanje i obradu hiljada materijala, onda je te\u0161ko govoriti samo o hobiju.<\/p>\n\n\n\n<p class=\"wp-block-paragraph\">To je ve\u0107 \u017eivotni projekat.<\/p>\n\n\n\n<h3 class=\"wp-block-heading\">A ONDA JE DO\u0160AO PROBLEM<\/h3>\n\n\n\n<p class=\"wp-block-paragraph\">\u0160to je stranica postajala ve\u0107a, pojavio se problem poznat mnogim autorima na dru\u0161tvenim mre\u017eama \u2013 kopiranje sadr\u017eaja i pojavljivanje drugih profila i stranica koje mogu zbuniti publiku.<\/p>\n\n\n\n<p class=\"wp-block-paragraph\">Hamo zato poku\u0161ava dobiti Facebook verifikaciju.<\/p>\n\n\n\n<p class=\"wp-block-paragraph\">Ka\u017ee da mu plava zna\u010dka nije potrebna zbog presti\u017ea, ve\u0107 prvenstveno kako bi ljudi mogli razlikovati originalnu stranicu od kopija i kako bi za\u0161titio rad koji je stvarao \u010ditavu deceniju.<\/p>\n\n\n\n<p class=\"wp-block-paragraph\">I upravo je njegov javni poziv za pomo\u0107 bio razlog da Radio New York pogleda \u0161ta se nalazi iza imena <strong>\u201eBosnom i Hercegovinom kroz gradove\u201c<\/strong>.<\/p>\n\n\n\n<p class=\"wp-block-paragraph\">Nismo \u017eeljeli napraviti nekoliko re\u010denica samo zato da bi Hamo dobio jo\u0161 jedan link koji \u0107e poslati Facebooku.<\/p>\n\n\n\n<p class=\"wp-block-paragraph\">\u017deljeli smo upoznati <strong>\u010dovjeka iza stranice<\/strong>.<\/p>\n\n\n\n<p class=\"wp-block-paragraph\">I otkrili smo mnogo zanimljiviju pri\u010du.<\/p>\n\n\n\n<h3 class=\"wp-block-heading\">DVA PUTA MU JE GOTOVO NESTALA ARHIVA<\/h3>\n\n\n\n<p class=\"wp-block-paragraph\">Mo\u017eda najva\u017eniji dio na\u0161eg razgovora nema nikakve veze s plavom zna\u010dkom.<\/p>\n\n\n\n<p class=\"wp-block-paragraph\">Muhamed nam je ispri\u010dao da su mu tokom godina <strong>dva puta stradali hard diskovi<\/strong> na kojima je \u010duvao veliki dio materijala.<\/p>\n\n\n\n<p class=\"wp-block-paragraph\">Pomislio je da su godine rada izgubljene.<\/p>\n\n\n\n<p class=\"wp-block-paragraph\">Pa je po\u010deo ponovo.<\/p>\n\n\n\n<p class=\"wp-block-paragraph\">Ponovo je skupljao fotografije, dokumente i gra\u0111u.<\/p>\n\n\n\n<p class=\"wp-block-paragraph\">Upravo zbog tog iskustva danas razmi\u0161lja o tome kako sa\u010duvati sadr\u017eaj i izvan Facebooka, kako bi ostao budu\u0107im generacijama bez obzira na sudbinu bilo koje dru\u0161tvene mre\u017ee.<\/p>\n\n\n\n<p class=\"wp-block-paragraph\">I mo\u017eda je upravo tu najve\u0107a poruka ove pri\u010de.<\/p>\n\n\n\n<p class=\"wp-block-paragraph\"><strong>Digitalna arhiva je arhiva samo dok postoji.<\/strong><\/p>\n\n\n\n<p class=\"wp-block-paragraph\">Jedan uga\u0161en profil, jedan izgubljen password, jedan pokvaren disk \u2013 i deset godina ne\u010dijeg rada mo\u017ee nestati.<\/p>\n\n\n\n<p class=\"wp-block-paragraph\">Zato bi sljede\u0107i korak ovog projekta mo\u017eda trebalo da bude jo\u0161 ve\u0107i od Facebook verifikacije: trajno arhiviranje i sistematizovanje gra\u0111e koju je Hamo godinama prikupljao.<\/p>\n\n\n\n<h3 class=\"wp-block-heading\">RADIO NEW YORK OTVARA VRATA JEDNOJ LIJEPOJ PRI\u010cI<\/h3>\n\n\n\n<p class=\"wp-block-paragraph\">Radio New York ne mo\u017ee odlu\u010divati ko \u0107e dobiti Facebookovu plavu zna\u010dku.<\/p>\n\n\n\n<p class=\"wp-block-paragraph\">To nije na\u0161 posao.<\/p>\n\n\n\n<p class=\"wp-block-paragraph\">Ali jeste na\u0161 posao da prepoznamo pri\u010du koja zaslu\u017euje da bude ispri\u010dana.<\/p>\n\n\n\n<p class=\"wp-block-paragraph\">Zato smo Muhameda \u201eHamu\u201c D\u017eafi\u0107a pozvali na razgovor.<\/p>\n\n\n\n<p class=\"wp-block-paragraph\">\u017deljeli smo saznati ko je \u010dovjek koji je deset godina sjedio iza ekrana dok su se hiljade drugih ljudi preko njegovih objava vra\u0107ale svojim gradovima.<\/p>\n\n\n\n<p class=\"wp-block-paragraph\">Za\u0161to je po\u010deo?<\/p>\n\n\n\n<p class=\"wp-block-paragraph\">Kako je sve radio sam?<\/p>\n\n\n\n<p class=\"wp-block-paragraph\">\u0160ta mu pi\u0161e dijaspora?<\/p>\n\n\n\n<p class=\"wp-block-paragraph\">\u0160ta je prona\u0161ao putuju\u0107i Bosnom i Hercegovinom?<\/p>\n\n\n\n<p class=\"wp-block-paragraph\">Za\u0161to nikada nije komercijalizovao projekat?<\/p>\n\n\n\n<p class=\"wp-block-paragraph\">I, mo\u017eda najva\u017enije:<\/p>\n\n\n\n<p class=\"wp-block-paragraph\"><strong>\u0161ta \u0107e jednog dana ostati iza svega ovoga?<\/strong><\/p>\n\n\n\n<p class=\"wp-block-paragraph\">Njegov odgovor na kraju na\u0161eg razgovora mo\u017eda najbolje obja\u0161njava cijelu pri\u010du:<\/p>\n\n\n\n<p class=\"wp-block-paragraph\"><strong>\u201eLjubav prema Bosni i Hercegovini nije samo emocija, ona je odgovornost.\u201c<\/strong><\/p>\n\n\n\n<p class=\"wp-block-paragraph\">U nastavku donosimo razgovor Radio New Yorka sa Muhamedom \u201eHamom\u201c D\u017eafi\u0107em, osniva\u010dem i administratorom stranice <strong>\u201eBosnom i Hercegovinom kroz gradove\u201c.<\/strong><\/p>\n\n\n\n<p class=\"wp-block-paragraph\"><strong>1. Hamo, za po\u010detak \u2013 ko je zapravo \u010dovjek iza stranice \u201eBosnom i Hercegovinom kroz gradove\u201c? Recite nam puno ime i prezime, odakle ste i nekoliko rije\u010di o sebi.<\/strong><\/p>\n\n\n\n<p class=\"wp-block-paragraph\">Moje puno ime je <strong>Muhamed D\u017eafi\u0107<\/strong>, a moji prijatelji i pratioci na mre\u017ei me znaju kao <strong>Hamu<\/strong>. Ro\u0111en sam 1975. godine u prelijepoj Bosanskoj Krajini (Prijedor), a odrastao u kraljevskom gradu <strong>Klju\u010du<\/strong>. Po profesiji sam zavr\u0161io \u0161kolu za <strong>elektrotehni\u010dara<\/strong>, a kroz rad na stranici krenuo sam na do\u0161kolovanje u francuskom gradu Toulouseu, na <strong>Institutu ERASME<\/strong>, kako bih stekao zvanje <strong>edukatora<\/strong>.<\/p>\n\n\n\n<p class=\"wp-block-paragraph\">Ta kombinacija moje prvobitne profesije i edukacijskog smjera oblikovala je moj pristup radu: struja me nau\u010dila da sve, da bi funkcionisalo, mora imati svoja pravila, a Institut ERASME mi je dao metodolo\u0161ke i socijalne alate da to znanje prenesem drugima. Sebe vidim kao Bo\u0161njaka, oca i Kraji\u0161nika koji osje\u0107a duboku, neraskidivu du\u017enost prema svom ku\u0107nom pragu, tradiciji i historiji na\u0161eg naroda.<\/p>\n\n\n\n<p class=\"wp-block-paragraph\"><strong>2. Vratimo se deset godina unazad. Kako je nastala ideja za \u201eBosnom i Hercegovinom kroz gradove\u201c i sje\u0107ate li se prve objave?<\/strong><\/p>\n\n\n\n<p class=\"wp-block-paragraph\">Ideja je ro\u0111ena sasvim prirodno, iz ti\u0161ine i prkosa. Primijetio sam da u svakodnevnom digitalnom prostoru polako gubimo vezu s vlastitim korijenima. Na\u0161a historija, ljepote, stari obi\u010daji i toponimi bili su prepu\u0161teni zaboravu ili povr\u0161nim interpretacijama. Osjetio sam da na\u0161 narod, a posebno generacije koje odrastaju u dijaspori, polako gube tlo pod nogama i onu stvarnu vezu s identitetom.<\/p>\n\n\n\n<p class=\"wp-block-paragraph\">Prva objava bila je posve\u0107ena mom rodnom kraju, to jeste starom gradu <strong>Klju\u010du<\/strong>, onako kako ga ja vidim i nosim u srcu kao snagatora, kojeg sam opisao u jednoj od svojih mnogobrojnih pjesama sa stihovima:<\/p>\n\n\n\n<p class=\"wp-block-paragraph\"><strong>Klju\u010d na Sani<\/strong><\/p>\n\n\n\n<p class=\"wp-block-paragraph\">Ima jedna rijeka bistra i \u010dista&nbsp;<br>kad je gleda\u0161 ostane\u0161 bez daha<br>u srcu tvom ona iskra zatreperi&nbsp;<br>od sveg toga \u017eara ho\u0107e da isko\u010di&nbsp;srce iz njedara.<br>Pogodio si njeno ime je Sana.<\/p>\n\n\n\n<p class=\"wp-block-paragraph\">Iz oka suza krene i tad shvati\u0161&nbsp;<br>da na vrhu jedne stijene&nbsp;<br>do koje pogled ti stigne&nbsp;<br>stoji i pozdravlja prolaznika svakog&nbsp;Klju\u010d na Sani<strong>.<\/strong><\/p>\n\n\n\n<p class=\"wp-block-paragraph\">A ja na stijeni stojim&nbsp;<br>I skrivam historiju&nbsp; Bosne moje&nbsp;<br>ukazivam sinovima svojim kako&nbsp;<br>dobrotom i \u010disto\u0107om moje ljepotice Sane<br>bez imalo stida i imalo straha ostavim&nbsp;<br>svakoga bez daha.<\/p>\n\n\n\n<p class=\"wp-block-paragraph\">Tako vjekovima u paru&nbsp;<br>Klju\u010d na Sani sa svojim ljepoticom bistrom<br>\u010cini svoju Bosnu \u010distom&nbsp;<br>od sjaja i ljepote ,velike dobrote<br>Za sve one koji istoriju tvoju pi\u0161u&nbsp;<br>da za sva vremena u na\u0161im srcima di\u0161u .<br><\/p>\n\n\n\n<p class=\"wp-block-paragraph\">Ovakvim pristupom \u017eelim pokazati da na\u0161a mjesta ne zaostaju za svjetskim ljepotama i da svaki kamen u Bosni i Hercegovini ima svoju pri\u010du koja zaslu\u017euje da bude ispri\u010dana dostojanstveno i sa po\u0161tovanjem.<\/p>\n\n\n\n<p class=\"wp-block-paragraph\"><strong>3. Jeste li tada mogli zamisliti da \u0107e stranicu jednog dana pratiti gotovo 100.000 ljudi? Kada ste prvi put shvatili da ovo vi\u0161e nije samo va\u0161 hobi?<\/strong><\/p>\n\n\n\n<p class=\"wp-block-paragraph\">Iskreno, nisam mogao ni sanjati. Kada pokre\u0107ete ne\u0161to isklju\u010divo iz ljubavi, ne razmi\u0161ljate o brojevima, nego o tome da dotaknete barem jedno ljudsko srce. Stranica je rasla tiho, iz pri\u010de u pri\u010du.<\/p>\n\n\n\n<p class=\"wp-block-paragraph\">Trenutak kada sam shvatio da je ovo preraslo obi\u010dan hobi dogodio se prije nekoliko godina, kada su mi po\u010dele stizati stotine poruka na\u0161ih ljudi iz Amerike, Australije, Skandinavije i cijele Evrope. Pisali su mi ljekari, in\u017eenjeri, radnici, obi\u010dni ljudi&#8230; Shvatio sam da su moje objave za njih postale dnevna doza zraka iz domovine, spona koja ih dr\u017ei povezanim s rodnim krajem.<\/p>\n\n\n\n<p class=\"wp-block-paragraph\">Od tog trenutka ovo vi\u0161e nije bio hobi. Postalo je \u017eivotno opredjeljenje i odgovornost koju svakodnevno osje\u0107am prema ljudima koji vjeruju mom radu.<\/p>\n\n\n\n<p class=\"wp-block-paragraph\">Tada sam shvatio da ne gradim samo stranicu, ve\u0107 da gradim most izme\u0111u Bosne i Hercegovine i njenih ljudi \u0161irom svijeta.<\/p>\n\n\n\n<p class=\"wp-block-paragraph\"><strong>4. Naveli ste oko 600 videa i vi\u0161e od 13.000 objava. Da li ste zaista sve ove godine najve\u0107i dio toga radili sami i koliko vremena vam ovaj posao oduzima?<\/strong><\/p>\n\n\n\n<p class=\"wp-block-paragraph\">Da, svih ovih deset godina <strong>svaku pojedina\u010dnu objavu, svaki video, svaku infografiku i svaki stih napisao sam i uredio potpuno sam<\/strong>. Iza ove platforme ne stoji nikakav tim, nikakva agencija, niti ijedna institucija.<\/p>\n\n\n\n<p class=\"wp-block-paragraph\">Kao \u010dovjek koji svakodnevno radi svoj profesionalni posao, ovaj rad zahtijeva odricanje koje se mjeri hiljadama neprospavanih no\u0107i. Nave\u010der, kada se sve uti\u0161a, ali i vikendom i dok imam malo slobodnog vremena, ja sjedam za ra\u010dunar, istra\u017eujem historijske arhive, prebirem stare fotografije, montiram videozapise i pi\u0161em stihove. Ovaj rad mi oduzima ve\u0107i dio slobodnog vremena, ali kada znate da radite stvar od op\u0107eg zna\u010daja za o\u010duvanje na\u0161e kulturne ba\u0161tine, umor nestaje.<\/p>\n\n\n\n<p class=\"wp-block-paragraph\"><strong>5. Kako nastaje jedna va\u0161a pri\u010da? Putujete li li\u010dno, snimate i fotografi\u0161ete ili vam materijal \u0161alju ljudi iz razli\u010ditih krajeva Bosne i Hercegovine?<\/strong><\/p>\n\n\n\n<p class=\"wp-block-paragraph\">Proces je kombinovan. Kad god mi obaveze i mogu\u0107nosti dozvoljavaju, li\u010dno putujem, obilazim na\u0161e gradine, rijeke, ste\u0107ke i stare \u010dar\u0161ije kako bih napravio autenti\u010dne snimke. Omiljeni predmet dok sam i\u0161ao u \u0161kolu bila je historija. Mogu re\u0107i da sam, vo\u0111en onom intuicijom i prkosom jo\u0161 iz \u0161kolskih dana, bio fasciniran periodom Rimskog carstva. Mislim da je to bio peti ili \u0161esti razred osnovne \u0161kole, kada mi je u sje\u0107anju ostala re\u010denica iz tog perioda: <strong>\u201eNakon pada Zapadnog rimskog carstva, isto\u010dni dio carstva nastavlja postojati jo\u0161 1000 godina pod imenom Vizantija\u201c<\/strong>. U meni su se tada budila razmi\u0161ljanja i javljala pitanja: <strong>\u201eKo je bio to, za\u0161to&#8230; puno pitanja, a malo odgovora\u201c<\/strong>.<\/p>\n\n\n\n<p class=\"wp-block-paragraph\">Me\u0111utim, s obzirom na to da stranica ima globalnu mre\u017eu, pratioci mi svakodnevno \u0161alju prelijepe fotografije i detalje iz svojih rodnih mjesta, kako historijskog, tako i kulturnog naslije\u0111a.<\/p>\n\n\n\n<p class=\"wp-block-paragraph\">Svaki materijal koji dobijem prolazi kroz strogu selekciju. Ja ne objavljujem samo sliku radi slike; uz nju uvijek mora i\u0107i <strong>edukativna, historijska ili geografska pri\u010da<\/strong>, napisana mojim specifi\u010dnim, prepoznatljivim stilom koji povezuje pro\u0161lost sa sada\u0161njim trenutkom.<\/p>\n\n\n\n<p class=\"wp-block-paragraph\"><strong>6. Koliko ste gradova, sela i drugih mjesta do danas predstavili? Postoji li uop\u0161te dio Bosne i Hercegovine do kojeg va\u0161a stranica jo\u0161 nije stigla?<\/strong><\/p>\n\n\n\n<p class=\"wp-block-paragraph\">Vjerujem da sam tokom deset godina uspio predstaviti gotovo svaki dio Bosne i Hercegovine. Od najve\u0107ih gradskih centara poput Sarajeva, Banje Luke, Mostara i Tuzle, do najmanjih, skrivenih sela u Krajini, Hercegovini, srednjoj Bosni i Podrinju.<\/p>\n\n\n\n<p class=\"wp-block-paragraph\">Predstavili smo na\u0161e rijeke, planinske vrhove, stare utvrde, nekropole ste\u0107aka, kulturne spomenike i narodne obi\u010daje. Moja \u017eelja je da na karti Bosne i Hercegovine ne ostane nijedna \u201eslijepa mrlja\u201c i vjerujem da smo tom cilju veoma blizu.<\/p>\n\n\n\n<p class=\"wp-block-paragraph\"><strong>\u201eNisam \u017eelio predstavljati samo mjesta na karti. \u017delio sam predstaviti pri\u010du svakog mjesta, jer svako selo, svaki grad i svaki kamen u Bosni i Hercegovini ima svoju historiju.\u201c<\/strong> Ovaj projekt nije nastajao samo za ra\u010dunarom. Tokom godina imao sam priliku posjetiti mani zna\u010dajne historijske centre i biblioteke, gdje sam tragao za izvorima koji govore o Bosni i Hercegovini. Pro\u010ditao sam ogroman broj knjiga, stru\u010dnih \u010dasopisa, starih karata i historijskih dokumenata. Svaka nova informacija bila je dio jednog velikog mozaika koji danas dijelim sa svojim pratiocima.<\/p>\n\n\n\n<p class=\"wp-block-paragraph\">Uvijek sam smatrao da se Bosna i Hercegovina najbolje predstavlja onda kada se spoje teren, historijski izvori i savremeni na\u010din prezentacije. Upravo je taj spoj postao prepoznatljiv dio mog rada.<\/p>\n\n\n\n<p class=\"wp-block-paragraph\"><strong>7. Od svih tih hiljada objava, postoji li jedna fotografija, video ili pri\u010da koju nikada ne\u0107ete zaboraviti? Za\u0161to ba\u0161 ona?<\/strong><\/p>\n\n\n\n<p class=\"wp-block-paragraph\">Veoma je te\u0161ko izdvojiti samo jednu iz mora od 13.000 objava, ali pri\u010de o mom <strong>Klju\u010du<\/strong> u mom srcu imaju poseban, emotivni status. To su mjesta na kojima se u mojim sje\u0107anjima prepli\u0107u djetinjstvo, porodi\u010dni korijeni, ali i te\u0161ka, ponosna historija na\u0161eg naroda.<\/p>\n\n\n\n<p class=\"wp-block-paragraph\">Tako\u0111er, pri\u010de s na\u0161im starijim osobama, uz koje sam odrastao slu\u0161aju\u0107i stare historijske predaje koje su oblikovale moj identitet, te pri\u010de o tradicionalnim no\u0161njama u koje su na\u0161e majke i nene ru\u010dno utkale niti tradicije, za mene imaju snagu najljep\u0161eg pisanog dokumenta. To je bio njihov na\u010din da bez ijedne rije\u010di sa\u010duvaju na\u0161 identitet \u010distim i neiskvarenim kroz vijekove.<\/p>\n\n\n\n<p class=\"wp-block-paragraph\"><strong>8. \u0160ta vam ljudi iz Bosne, a posebno dijaspora, naj\u010de\u0161\u0107e pi\u0161u? Da li vam se dogodilo da neko preko va\u0161e fotografije poslije 30 ili 40 godina ponovo vidi svoju ulicu, ku\u0107u, \u0161kolu ili rodno mjesto?<\/strong><\/p>\n\n\n\n<p class=\"wp-block-paragraph\">Poruke koje dobijam su najve\u0107a nagrada za moj trud. Ljudi iz dijaspore naj\u010de\u0161\u0107e pi\u0161u s dubokim emocijama, \u010desto i sa suzama u o\u010dima.<\/p>\n\n\n\n<p class=\"wp-block-paragraph\">Dogodilo se bezbroj puta da na\u0161i ljudi, koji su zbog ratnih vihora ili \u017eivotnih okolnosti napustili svoja ognji\u0161ta prije trideset ili \u010detrdeset godina, na mojoj stranici prvi put prepoznaju ku\u0107u svog djetinjstva, staru \u0161kolsku zgradu, zaboravljeni izvor ili ulicu kojom su nekada \u0161etali. Te poruke u kojima mi pi\u0161u:<\/p>\n\n\n\n<p class=\"wp-block-paragraph\"><strong>\u201eHamo, hvala ti, vratio si me u djetinjstvo i pokazao mojoj djeci odakle su im korijeni\u201c<\/strong><\/p>\n\n\n\n<p class=\"wp-block-paragraph\">Ili poruke poput:<\/p>\n\n\n\n<p class=\"wp-block-paragraph\"><strong>\u201eHVALA VAM na svakoj objavi i svemu \u0161to radite da heroji Bosne i Hercegovine ne budu zaboravljeni.\u201c<\/strong><\/p>\n\n\n\n<p class=\"wp-block-paragraph\">Takve rije\u010di za mene vrijede vi\u0161e od bilo kakve nagrade ili priznanja; to je pogonsko gorivo koje me dr\u017ei da nikada ne odustanem.<\/p>\n\n\n\n<p class=\"wp-block-paragraph\"><strong>9. Da li ste od ovog desetogodi\u0161njeg rada ikada ozbiljno zara\u0111ivali ili je sve zaista nastalo prvenstveno iz ljubavi prema Bosni i Hercegovini?<\/strong><\/p>\n\n\n\n<p class=\"wp-block-paragraph\">Na ovoj stranici <strong>nikada nije bilo pla\u0107enih reklama, sponzorstava niti komercijalizacije<\/strong>. Sve \u0161to radim ve\u0107 deset godina finansiram isklju\u010divo vlastitim trudom, vremenom i sredstvima.<\/p>\n\n\n\n<p class=\"wp-block-paragraph\">Ovaj projekt je nastao iz naj\u010distije i najiskrenije ljubavi prema Bosni i Hercegovini i njenom narodu. Moja jedina i najve\u0107a zarada je moralna i duhovna, samo saznanje da sam uspio sa\u010duvati hiljade pri\u010da od zaborava i da sam pomogao na\u0161im ljudima \u0161irom svijeta da s ponosom govore o svojoj domovini.<\/p>\n\n\n\n<p class=\"wp-block-paragraph\">Historija Bosne i Hercegovine pokazuje koliko su njeni ljudi kroz razli\u010dita vremena bili spremni \u010duvati svoju domovinu. Neko je branio Bosnu i Hercegovinu kada je bilo najte\u017ee, a neko to danas \u010dini znanjem, kulturom, obrazovanjem i pisanom rije\u010dju. Smatram da svako vrijeme nosi svoju odgovornost, a moj na\u010din da dam doprinos jeste da \u010duvam njenu historiju, kulturu i sje\u0107anje od zaborava.<\/p>\n\n\n\n<p class=\"wp-block-paragraph\"><strong>10. Va\u0161e sadr\u017eaje nalazimo i u drugim medijima. Da li su vas tokom ovih deset godina kontaktovali novinari, televizije, portali, turisti\u010dke organizacije ili institucije i koristili va\u0161 materijal?<\/strong><\/p>\n\n\n\n<p class=\"wp-block-paragraph\">Da, tokom protekle decenije moj rad je privukao veliku pa\u017enju. Mnogi portali, turisti\u010dke organizacije, pa \u010dak i televizijske ku\u0107e dijelili su moje pri\u010de, preuzimali infografike i koristile edukativne tekstove kako bi ilustrovali ljepote i historiju na\u0161e zemlje. Raduje me kada vidim da se materijali sa stranice koriste u obrazovne i turisti\u010dke svrhe, jer je to potvrda da je sadr\u017eaj koji stvaram kvalitetan, vjerodostojan i dru\u0161tveno koristan.<\/p>\n\n\n\n<p class=\"wp-block-paragraph\">Najve\u0107a satisfakcija nije to \u0161to je moj rad objavljen u drugim medijima, ve\u0107 \u010dinjenica da sam kroz deset godina uspio poslati autenti\u010dnu pri\u010du o Bosni i Hercegovini daleko izvan njenih granica. Vjerujem da svaka fotografija, svaka infografika i svaki tekst predstavljaju mali doprinos da ljudi \u0161irom svijeta upoznaju Bosnu i Hercegovinu onakvu kakva zaista jeste, zemlju bogate historije, prirodnih ljepota, kulture i ljudi. Za mene je upravo to najve\u0107i uspjeh i smisao ovog projekta.<\/p>\n\n\n\n<p class=\"wp-block-paragraph\"><strong>11. Danas imate problem sa la\u017enim stranicama i poku\u0161avate dobiti Facebook verifikaciju. \u0160ta se konkretno dogodilo i zbog \u010dega vam je za\u0161tita originalne stranice toliko va\u017ena?<\/strong><\/p>\n\n\n\n<p class=\"wp-block-paragraph\">S rastom popularnosti stranice pojavio se ozbiljan problem s la\u017enim profilima i kopiranim stranicama koje bez dozvole preuzimaju moj vi\u0161egodi\u0161nji autorski rad, zbunjuju pratioce i ponekad ga koriste na na\u010din koji nema veze s mojim radom.<\/p>\n\n\n\n<p class=\"wp-block-paragraph\">Verifikacija (plava zna\u010dka) za mene nije stvar presti\u017ea niti li\u010dne promocije. Ona predstavlja na\u010din da za\u0161titim originalnu stranicu i omogu\u0107im ljudima da odmah prepoznaju slu\u017ebeni izvor sadr\u017eaja. Nakon deset godina svakodnevnog rada \u017eelim za\u0161tititi ono \u0161to sam stvarao i nastaviti razvijati projekt \u010diji je cilj promocija historije, kulture, prirodnih ljepota i turisti\u010dkih potencijala Bosne i Hercegovine. Volio bih da moj rad doprinese tome da \u0161to vi\u0161e ljudi iz svijeta po\u017eeli posjetiti na\u0161u domovinu i upoznati njenu bogatu ba\u0161tinu.<\/p>\n\n\n\n<p class=\"wp-block-paragraph\"><strong>12. Rekli ste da vam je Facebook tra\u017eio \u010dlanke iz medija kao dokaz va\u0161eg javnog rada. \u0160ta su vam ta\u010dno tra\u017eili i jeste li ranije poku\u0161avali verifikaciju?<\/strong><\/p>\n\n\n\n<p class=\"wp-block-paragraph\">Facebookov proces verifikacije za javne li\u010dnosti i edukativne projekte izuzetno je strog. Oni zahtijevaju neoborive dokaze o javnom utjecaju i radu, \u0161to prvenstveno uklju\u010duje intervjue, \u010dlanke i analize objavljene u relevantnim i nezavisnim medijima izvan same platforme Facebook. Ranije nisam poku\u0161avao verifikaciju jer sam bio fokusiran isklju\u010divo na stvaranje sadr\u017eaja, ali sada, zbog za\u0161tite integriteta na\u0161ih 97.000 pratilaca, ovaj korak je postao neophodan.<\/p>\n\n\n\n<p class=\"wp-block-paragraph\"><strong>13. Postoji li negdje sa\u010duvana kompletna arhiva tih 13.000 objava i 600 videa izvan Facebooka? \u0160ta bi se dogodilo kada bi vam Facebook sjutra ugasio stranicu? Ovo pitanje bih posebno naglasio jer mo\u017ee otvoriti mnogo ve\u0107u pri\u010du od plave zna\u010dke.<\/strong><\/p>\n\n\n\n<p class=\"wp-block-paragraph\">Tokom ovih deset godina nau\u010dio sam koliko je digitalna arhiva krhka. Dva puta su mi izgorjeli hard diskovi na kojima sam \u010duvao veliki dio materijala. To su bili veoma te\u0161ki trenuci, jer sam mislio da su godine rada zauvijek izgubljene. Me\u0111utim, nisam odustao. Po\u010deo sam ispo\u010detka, ponovo prikupljao fotografije, dokumente i gra\u0111u. Taj proces me nau\u010dio da se ono \u0161to se gradi godinama mo\u017ee izgubiti u jednom trenutku, ali i da se uporno\u0161\u0107u mo\u017ee ponovo stvoriti.<\/p>\n\n\n\n<p class=\"wp-block-paragraph\">Tokom deset godina, zajedno sa stranicom, rastao sam i ja. Svjedo\u010dio sam smjeni generacija, promjenama dru\u0161tvenih mre\u017ea i nastanku novih na\u010dina predstavljanja sadr\u017eaja. Zato danas razmi\u0161ljam mnogo \u0161ire od Facebooka. Moj cilj je da ovo znanje ostane sa\u010duvano za budu\u0107e generacije, bez obzira na to \u0161ta \u0107e se jednog dana dogoditi s bilo kojom dru\u0161tvenom mre\u017eom.<\/p>\n\n\n\n<p class=\"wp-block-paragraph\"><strong>14. Kada danas pogledate deset godina iza sebe, na \u0161ta ste najponosniji? Na 97.000 pratilaca ili na ne\u0161to sasvim drugo?<\/strong><\/p>\n\n\n\n<p class=\"wp-block-paragraph\">Ponosan sam na brojku od gotovo 100.000 divnih ljudi koji nas prate, ali sam neuporedivo ponosniji na ono \u0161to se nalazi iza tog broja. Ponosan sam na \u010dinjenicu da smo na ovoj stranici izgradili <strong>kulturu pristojnog, toplog i dostojanstvenog dijaloga<\/strong>. Ovdje nema mr\u017enje, uvreda niti podjela.<\/p>\n\n\n\n<p class=\"wp-block-paragraph\">Najponosniji sam na to \u0161to sam uspio probuditi osje\u0107aj ljubavi i ponosa u srcima na\u0161ih ljudi prema svojoj domovini, pokazuju\u0107i im da na\u0161a historija i ba\u0161tina ne zaostaju ni za jednim narodom na svijetu. Ponosan sam \u0161to sam pokazao da jedan obi\u010dan \u010dovjek, vo\u0111en isklju\u010divo onom bezuvjetnom ljubavlju, mo\u017ee izgraditi trajnu instituciju sje\u0107anja.<\/p>\n\n\n\n<p class=\"wp-block-paragraph\"><strong>15. Hamo, ako biste cijelih deset godina rada morali opisati jednom re\u010denicom \u2013 za\u0161to ste sve ovo radili?<\/strong><\/p>\n\n\n\n<p class=\"wp-block-paragraph\">Kada sam prije deset godina pokrenuo ovu stranicu, mislio sam da \u0107u predstavljati gradove, rijeke i planine. Me\u0111utim, s vremenom sam shvatio da predstavljam mnogo vi\u0161e od toga. Predstavljam narod, njegovu kulturu, sje\u0107anja i emocije.<\/p>\n\n\n\n<p class=\"wp-block-paragraph\">Kroz hiljade poruka koje sam dobio iz Bosne i Hercegovine i izvan nje vidio sam koliko ljudi vole svoju domovinu. Mnogi od njih godinama ne \u017eive u Bosni i Hercegovini, ali dovoljno je da vide fotografiju svog grada, stare d\u017eamije, crkve, mosta ili rijeke da im se vrate uspomene iz djetinjstva. Tada sam shvatio da Bosna i Hercegovina nije samo prostor na karti. Ona \u017eivi u srcima ljudi, ma gdje oni bili.<\/p>\n\n\n\n<p class=\"wp-block-paragraph\">Upravo zato vjerujem da je o\u010duvanje bosanske kulture, historije i tradicije obaveza svih nas. Biti Bosanac i Hercegovac za mene nije samo mjesto ro\u0111enja ili adresa. To je osje\u0107aj pripadnosti, po\u0161tovanja prema vlastitim korijenima i odgovornost da ono \u0161to smo naslijedili sa\u010duvamo za one koji dolaze poslije nas.<\/p>\n\n\n\n<p class=\"wp-block-paragraph\">Ako bih morao sa\u017eeti deset godina svog rada u jednu misao, rekao bih: ljubav prema Bosni i Hercegovini nije samo emocija, ona je odgovornost. Odgovornost da \u010duvamo njenu historiju, kulturu, ljude i uspomene kako nikada ne bi pali u zaborav.<\/p>\n\n\n\n<figure class=\"wp-block-image size-large\"><img loading=\"lazy\" decoding=\"async\" width=\"1024\" height=\"724\" src=\"https:\/\/radio-newyork.com\/wp-content\/uploads\/2026\/09\/Screenshot-2026-09-03-at-9.07.09-AM-1024x724.png\" alt=\"\" class=\"wp-image-3759\" srcset=\"https:\/\/radio-newyork.com\/wp-content\/uploads\/2026\/09\/Screenshot-2026-09-03-at-9.07.09-AM-1024x724.png 1024w, https:\/\/radio-newyork.com\/wp-content\/uploads\/2026\/09\/Screenshot-2026-09-03-at-9.07.09-AM-300x212.png 300w, https:\/\/radio-newyork.com\/wp-content\/uploads\/2026\/09\/Screenshot-2026-09-03-at-9.07.09-AM-767x542.png 767w, https:\/\/radio-newyork.com\/wp-content\/uploads\/2026\/09\/Screenshot-2026-09-03-at-9.07.09-AM.png 1336w\" sizes=\"auto, (max-width: 1024px) 100vw, 1024px\" \/><\/figure>\n","protected":false},"excerpt":{"rendered":"<p>EKSKLUZIVNO ZA RADIO NEW YORK MUHAMED \u201eHAMO\u201c D\u017dAFI\u0106 \u2013 \u010cOVJEK KOJI VE\u0106 DESET GODINA \u010cUVA DU\u0160U BOSNE I HERCEGOVINE Vi\u0161e od 13.000 objava, oko 600 videa i gotovo 100.000 pratilaca. Iza svega, prema rije\u010dima Muhameda D\u017eafi\u0107a, nema redakcije, agencije niti institucije. Postoji jedan \u010dovjek, jedan ra\u010dunar i deset godina upornog rada na projektu \u201eBosnom i [&hellip;]<\/p>\n","protected":false},"author":2,"featured_media":3759,"comment_status":"open","ping_status":"open","sticky":false,"template":"","format":"standard","meta":{"footnotes":""},"categories":[1],"tags":[],"class_list":["post-3757","post","type-post","status-publish","format-standard","has-post-thumbnail","hentry","category-uncategorized"],"acf":[],"yoast_head":"<!-- This site is optimized with the Yoast SEO plugin v26.2 - https:\/\/yoast.com\/wordpress\/plugins\/seo\/ -->\n<title>EKSKLUZIVNI INTERVJU ZA RADIO NEW YORK: MUHAMED D\u017dAFI\u0106 \u2013 \u010cOVJEK KOJI \u010cUVA DU\u0160U BOSNE I HERCEGOVINE - Radio New York<\/title>\n<meta name=\"robots\" content=\"index, follow, max-snippet:-1, max-image-preview:large, max-video-preview:-1\" \/>\n<link rel=\"canonical\" href=\"https:\/\/radio-newyork.com\/?p=3757\" \/>\n<meta property=\"og:locale\" content=\"en_US\" \/>\n<meta property=\"og:type\" content=\"article\" \/>\n<meta property=\"og:title\" content=\"EKSKLUZIVNI INTERVJU ZA RADIO NEW YORK: MUHAMED D\u017dAFI\u0106 \u2013 \u010cOVJEK KOJI \u010cUVA DU\u0160U BOSNE I HERCEGOVINE - Radio New York\" \/>\n<meta property=\"og:description\" content=\"EKSKLUZIVNO ZA RADIO NEW YORK MUHAMED \u201eHAMO\u201c D\u017dAFI\u0106 \u2013 \u010cOVJEK KOJI VE\u0106 DESET GODINA \u010cUVA DU\u0160U BOSNE I HERCEGOVINE Vi\u0161e od 13.000 objava, oko 600 videa i gotovo 100.000 pratilaca. Iza svega, prema rije\u010dima Muhameda D\u017eafi\u0107a, nema redakcije, agencije niti institucije. Postoji jedan \u010dovjek, jedan ra\u010dunar i deset godina upornog rada na projektu \u201eBosnom i [&hellip;]\" \/>\n<meta property=\"og:url\" content=\"https:\/\/radio-newyork.com\/?p=3757\" \/>\n<meta property=\"og:site_name\" content=\"Radio New York\" \/>\n<meta property=\"article:published_time\" content=\"2026-09-03T13:09:04+00:00\" \/>\n<meta property=\"article:modified_time\" content=\"2026-09-03T13:09:05+00:00\" \/>\n<meta property=\"og:image\" content=\"https:\/\/radio-newyork.com\/wp-content\/uploads\/2026\/09\/Screenshot-2026-09-03-at-9.07.09-AM-1024x724.png\" \/>\n\t<meta property=\"og:image:width\" content=\"1024\" \/>\n\t<meta property=\"og:image:height\" content=\"724\" \/>\n\t<meta property=\"og:image:type\" content=\"image\/png\" \/>\n<meta name=\"author\" content=\"Ismet Rastoder\" \/>\n<meta name=\"twitter:card\" content=\"summary_large_image\" \/>\n<meta name=\"twitter:label1\" content=\"Written by\" \/>\n\t<meta name=\"twitter:data1\" content=\"Ismet Rastoder\" \/>\n\t<meta name=\"twitter:label2\" content=\"Est. reading time\" \/>\n\t<meta name=\"twitter:data2\" content=\"16 minutes\" \/>\n<script type=\"application\/ld+json\" class=\"yoast-schema-graph\">{\"@context\":\"https:\/\/schema.org\",\"@graph\":[{\"@type\":\"Article\",\"@id\":\"https:\/\/radio-newyork.com\/?p=3757#article\",\"isPartOf\":{\"@id\":\"https:\/\/radio-newyork.com\/?p=3757\"},\"author\":{\"name\":\"Ismet Rastoder\",\"@id\":\"https:\/\/radio-newyork.com\/#\/schema\/person\/e2f4dbf5b60fd9ac004d77b9e1b59559\"},\"headline\":\"EKSKLUZIVNI INTERVJU ZA RADIO NEW YORK: MUHAMED D\u017dAFI\u0106 \u2013 \u010cOVJEK KOJI \u010cUVA DU\u0160U BOSNE I HERCEGOVINE\",\"datePublished\":\"2026-09-03T13:09:04+00:00\",\"dateModified\":\"2026-09-03T13:09:05+00:00\",\"mainEntityOfPage\":{\"@id\":\"https:\/\/radio-newyork.com\/?p=3757\"},\"wordCount\":3735,\"commentCount\":0,\"publisher\":{\"@id\":\"https:\/\/radio-newyork.com\/#organization\"},\"image\":{\"@id\":\"https:\/\/radio-newyork.com\/?p=3757#primaryimage\"},\"thumbnailUrl\":\"https:\/\/radio-newyork.com\/wp-content\/uploads\/2026\/09\/Screenshot-2026-09-03-at-9.07.09-AM.png\",\"inLanguage\":\"en-US\",\"potentialAction\":[{\"@type\":\"CommentAction\",\"name\":\"Comment\",\"target\":[\"https:\/\/radio-newyork.com\/?p=3757#respond\"]}]},{\"@type\":\"WebPage\",\"@id\":\"https:\/\/radio-newyork.com\/?p=3757\",\"url\":\"https:\/\/radio-newyork.com\/?p=3757\",\"name\":\"EKSKLUZIVNI INTERVJU ZA RADIO NEW YORK: MUHAMED D\u017dAFI\u0106 \u2013 \u010cOVJEK KOJI \u010cUVA DU\u0160U BOSNE I HERCEGOVINE - Radio New York\",\"isPartOf\":{\"@id\":\"https:\/\/radio-newyork.com\/#website\"},\"primaryImageOfPage\":{\"@id\":\"https:\/\/radio-newyork.com\/?p=3757#primaryimage\"},\"image\":{\"@id\":\"https:\/\/radio-newyork.com\/?p=3757#primaryimage\"},\"thumbnailUrl\":\"https:\/\/radio-newyork.com\/wp-content\/uploads\/2026\/09\/Screenshot-2026-09-03-at-9.07.09-AM.png\",\"datePublished\":\"2026-09-03T13:09:04+00:00\",\"dateModified\":\"2026-09-03T13:09:05+00:00\",\"breadcrumb\":{\"@id\":\"https:\/\/radio-newyork.com\/?p=3757#breadcrumb\"},\"inLanguage\":\"en-US\",\"potentialAction\":[{\"@type\":\"ReadAction\",\"target\":[\"https:\/\/radio-newyork.com\/?p=3757\"]}]},{\"@type\":\"ImageObject\",\"inLanguage\":\"en-US\",\"@id\":\"https:\/\/radio-newyork.com\/?p=3757#primaryimage\",\"url\":\"https:\/\/radio-newyork.com\/wp-content\/uploads\/2026\/09\/Screenshot-2026-09-03-at-9.07.09-AM.png\",\"contentUrl\":\"https:\/\/radio-newyork.com\/wp-content\/uploads\/2026\/09\/Screenshot-2026-09-03-at-9.07.09-AM.png\",\"width\":1336,\"height\":944},{\"@type\":\"BreadcrumbList\",\"@id\":\"https:\/\/radio-newyork.com\/?p=3757#breadcrumb\",\"itemListElement\":[{\"@type\":\"ListItem\",\"position\":1,\"name\":\"Home\",\"item\":\"https:\/\/radio-newyork.com\/\"},{\"@type\":\"ListItem\",\"position\":2,\"name\":\"EKSKLUZIVNI INTERVJU ZA RADIO NEW YORK: MUHAMED D\u017dAFI\u0106 \u2013 \u010cOVJEK KOJI \u010cUVA DU\u0160U BOSNE I HERCEGOVINE\"}]},{\"@type\":\"WebSite\",\"@id\":\"https:\/\/radio-newyork.com\/#website\",\"url\":\"https:\/\/radio-newyork.com\/\",\"name\":\"Radio New York\",\"description\":\"Radio New York \u2014 Most Amerike i domovine\",\"publisher\":{\"@id\":\"https:\/\/radio-newyork.com\/#organization\"},\"potentialAction\":[{\"@type\":\"SearchAction\",\"target\":{\"@type\":\"EntryPoint\",\"urlTemplate\":\"https:\/\/radio-newyork.com\/?s={search_term_string}\"},\"query-input\":{\"@type\":\"PropertyValueSpecification\",\"valueRequired\":true,\"valueName\":\"search_term_string\"}}],\"inLanguage\":\"en-US\"},{\"@type\":\"Organization\",\"@id\":\"https:\/\/radio-newyork.com\/#organization\",\"name\":\"Radio New York\",\"url\":\"https:\/\/radio-newyork.com\/\",\"logo\":{\"@type\":\"ImageObject\",\"inLanguage\":\"en-US\",\"@id\":\"https:\/\/radio-newyork.com\/#\/schema\/logo\/image\/\",\"url\":\"https:\/\/radio-newyork.com\/wp-content\/uploads\/2021\/12\/262517255_4571047313011643_1786418142376364479_n.jpg\",\"contentUrl\":\"https:\/\/radio-newyork.com\/wp-content\/uploads\/2021\/12\/262517255_4571047313011643_1786418142376364479_n.jpg\",\"width\":212,\"height\":210,\"caption\":\"Radio New York\"},\"image\":{\"@id\":\"https:\/\/radio-newyork.com\/#\/schema\/logo\/image\/\"}},{\"@type\":\"Person\",\"@id\":\"https:\/\/radio-newyork.com\/#\/schema\/person\/e2f4dbf5b60fd9ac004d77b9e1b59559\",\"name\":\"Ismet Rastoder\",\"image\":{\"@type\":\"ImageObject\",\"inLanguage\":\"en-US\",\"@id\":\"https:\/\/radio-newyork.com\/#\/schema\/person\/image\/\",\"url\":\"https:\/\/secure.gravatar.com\/avatar\/800e8dd1eac3e728e825b7d5c16c80b067c4a0557a2ce54986c89f6008f454bb?s=96&d=mm&r=g\",\"contentUrl\":\"https:\/\/secure.gravatar.com\/avatar\/800e8dd1eac3e728e825b7d5c16c80b067c4a0557a2ce54986c89f6008f454bb?s=96&d=mm&r=g\",\"caption\":\"Ismet Rastoder\"},\"description\":\"Ismet Rastoder je urednik i osniva\u010d portala Radio New York \u2014 medijskog prostora posve\u0107enog dijaspori, dru\u0161tvenoj istini i stvarnim \u017eivotnim pitanjima Balkana i Amerike. Poznat po direktnom stilu, hrabrim komentarima i beskompromisnoj borbi protiv nepravde, Rastoder donosi glas zajednice koja se \u010desto ne \u010duje, ali itekako postoji. Vi\u0161e od dvije decenije aktivan je u zajednici i medijima, gdje kroz analize, autorske kolumne i dru\u0161tveni anga\u017eman povezuje iskustvo \u017eivota u Americi sa realno\u0161\u0107u Balkana. Njegove pri\u010de otvaraju va\u017ene teme \u2014 od identiteta i politike, do kulture, dijaspore i dru\u0161tvenih transformacija. Prepoznat je kao glas dijaspore koji govori ono \u0161to mnogi misle, ali rijetko ko ka\u017ee.\",\"sameAs\":[\"http:\/\/radio-newyork.com\"],\"url\":\"https:\/\/radio-newyork.com\/?author=2\"}]}<\/script>\n<!-- \/ Yoast SEO plugin. -->","yoast_head_json":{"title":"EKSKLUZIVNI INTERVJU ZA RADIO NEW YORK: MUHAMED D\u017dAFI\u0106 \u2013 \u010cOVJEK KOJI \u010cUVA DU\u0160U BOSNE I HERCEGOVINE - Radio New York","robots":{"index":"index","follow":"follow","max-snippet":"max-snippet:-1","max-image-preview":"max-image-preview:large","max-video-preview":"max-video-preview:-1"},"canonical":"https:\/\/radio-newyork.com\/?p=3757","og_locale":"en_US","og_type":"article","og_title":"EKSKLUZIVNI INTERVJU ZA RADIO NEW YORK: MUHAMED D\u017dAFI\u0106 \u2013 \u010cOVJEK KOJI \u010cUVA DU\u0160U BOSNE I HERCEGOVINE - Radio New York","og_description":"EKSKLUZIVNO ZA RADIO NEW YORK MUHAMED \u201eHAMO\u201c D\u017dAFI\u0106 \u2013 \u010cOVJEK KOJI VE\u0106 DESET GODINA \u010cUVA DU\u0160U BOSNE I HERCEGOVINE Vi\u0161e od 13.000 objava, oko 600 videa i gotovo 100.000 pratilaca. Iza svega, prema rije\u010dima Muhameda D\u017eafi\u0107a, nema redakcije, agencije niti institucije. Postoji jedan \u010dovjek, jedan ra\u010dunar i deset godina upornog rada na projektu \u201eBosnom i [&hellip;]","og_url":"https:\/\/radio-newyork.com\/?p=3757","og_site_name":"Radio New York","article_published_time":"2026-09-03T13:09:04+00:00","article_modified_time":"2026-09-03T13:09:05+00:00","og_image":[{"width":1024,"height":724,"url":"https:\/\/radio-newyork.com\/wp-content\/uploads\/2026\/09\/Screenshot-2026-09-03-at-9.07.09-AM-1024x724.png","type":"image\/png"}],"author":"Ismet Rastoder","twitter_card":"summary_large_image","twitter_misc":{"Written by":"Ismet Rastoder","Est. reading time":"16 minutes"},"schema":{"@context":"https:\/\/schema.org","@graph":[{"@type":"Article","@id":"https:\/\/radio-newyork.com\/?p=3757#article","isPartOf":{"@id":"https:\/\/radio-newyork.com\/?p=3757"},"author":{"name":"Ismet Rastoder","@id":"https:\/\/radio-newyork.com\/#\/schema\/person\/e2f4dbf5b60fd9ac004d77b9e1b59559"},"headline":"EKSKLUZIVNI INTERVJU ZA RADIO NEW YORK: MUHAMED D\u017dAFI\u0106 \u2013 \u010cOVJEK KOJI \u010cUVA DU\u0160U BOSNE I HERCEGOVINE","datePublished":"2026-09-03T13:09:04+00:00","dateModified":"2026-09-03T13:09:05+00:00","mainEntityOfPage":{"@id":"https:\/\/radio-newyork.com\/?p=3757"},"wordCount":3735,"commentCount":0,"publisher":{"@id":"https:\/\/radio-newyork.com\/#organization"},"image":{"@id":"https:\/\/radio-newyork.com\/?p=3757#primaryimage"},"thumbnailUrl":"https:\/\/radio-newyork.com\/wp-content\/uploads\/2026\/09\/Screenshot-2026-09-03-at-9.07.09-AM.png","inLanguage":"en-US","potentialAction":[{"@type":"CommentAction","name":"Comment","target":["https:\/\/radio-newyork.com\/?p=3757#respond"]}]},{"@type":"WebPage","@id":"https:\/\/radio-newyork.com\/?p=3757","url":"https:\/\/radio-newyork.com\/?p=3757","name":"EKSKLUZIVNI INTERVJU ZA RADIO NEW YORK: MUHAMED D\u017dAFI\u0106 \u2013 \u010cOVJEK KOJI \u010cUVA DU\u0160U BOSNE I HERCEGOVINE - Radio New York","isPartOf":{"@id":"https:\/\/radio-newyork.com\/#website"},"primaryImageOfPage":{"@id":"https:\/\/radio-newyork.com\/?p=3757#primaryimage"},"image":{"@id":"https:\/\/radio-newyork.com\/?p=3757#primaryimage"},"thumbnailUrl":"https:\/\/radio-newyork.com\/wp-content\/uploads\/2026\/09\/Screenshot-2026-09-03-at-9.07.09-AM.png","datePublished":"2026-09-03T13:09:04+00:00","dateModified":"2026-09-03T13:09:05+00:00","breadcrumb":{"@id":"https:\/\/radio-newyork.com\/?p=3757#breadcrumb"},"inLanguage":"en-US","potentialAction":[{"@type":"ReadAction","target":["https:\/\/radio-newyork.com\/?p=3757"]}]},{"@type":"ImageObject","inLanguage":"en-US","@id":"https:\/\/radio-newyork.com\/?p=3757#primaryimage","url":"https:\/\/radio-newyork.com\/wp-content\/uploads\/2026\/09\/Screenshot-2026-09-03-at-9.07.09-AM.png","contentUrl":"https:\/\/radio-newyork.com\/wp-content\/uploads\/2026\/09\/Screenshot-2026-09-03-at-9.07.09-AM.png","width":1336,"height":944},{"@type":"BreadcrumbList","@id":"https:\/\/radio-newyork.com\/?p=3757#breadcrumb","itemListElement":[{"@type":"ListItem","position":1,"name":"Home","item":"https:\/\/radio-newyork.com\/"},{"@type":"ListItem","position":2,"name":"EKSKLUZIVNI INTERVJU ZA RADIO NEW YORK: MUHAMED D\u017dAFI\u0106 \u2013 \u010cOVJEK KOJI \u010cUVA DU\u0160U BOSNE I HERCEGOVINE"}]},{"@type":"WebSite","@id":"https:\/\/radio-newyork.com\/#website","url":"https:\/\/radio-newyork.com\/","name":"Radio New York","description":"Radio New York \u2014 Most Amerike i domovine","publisher":{"@id":"https:\/\/radio-newyork.com\/#organization"},"potentialAction":[{"@type":"SearchAction","target":{"@type":"EntryPoint","urlTemplate":"https:\/\/radio-newyork.com\/?s={search_term_string}"},"query-input":{"@type":"PropertyValueSpecification","valueRequired":true,"valueName":"search_term_string"}}],"inLanguage":"en-US"},{"@type":"Organization","@id":"https:\/\/radio-newyork.com\/#organization","name":"Radio New York","url":"https:\/\/radio-newyork.com\/","logo":{"@type":"ImageObject","inLanguage":"en-US","@id":"https:\/\/radio-newyork.com\/#\/schema\/logo\/image\/","url":"https:\/\/radio-newyork.com\/wp-content\/uploads\/2021\/12\/262517255_4571047313011643_1786418142376364479_n.jpg","contentUrl":"https:\/\/radio-newyork.com\/wp-content\/uploads\/2021\/12\/262517255_4571047313011643_1786418142376364479_n.jpg","width":212,"height":210,"caption":"Radio New York"},"image":{"@id":"https:\/\/radio-newyork.com\/#\/schema\/logo\/image\/"}},{"@type":"Person","@id":"https:\/\/radio-newyork.com\/#\/schema\/person\/e2f4dbf5b60fd9ac004d77b9e1b59559","name":"Ismet Rastoder","image":{"@type":"ImageObject","inLanguage":"en-US","@id":"https:\/\/radio-newyork.com\/#\/schema\/person\/image\/","url":"https:\/\/secure.gravatar.com\/avatar\/800e8dd1eac3e728e825b7d5c16c80b067c4a0557a2ce54986c89f6008f454bb?s=96&d=mm&r=g","contentUrl":"https:\/\/secure.gravatar.com\/avatar\/800e8dd1eac3e728e825b7d5c16c80b067c4a0557a2ce54986c89f6008f454bb?s=96&d=mm&r=g","caption":"Ismet Rastoder"},"description":"Ismet Rastoder je urednik i osniva\u010d portala Radio New York \u2014 medijskog prostora posve\u0107enog dijaspori, dru\u0161tvenoj istini i stvarnim \u017eivotnim pitanjima Balkana i Amerike. Poznat po direktnom stilu, hrabrim komentarima i beskompromisnoj borbi protiv nepravde, Rastoder donosi glas zajednice koja se \u010desto ne \u010duje, ali itekako postoji. Vi\u0161e od dvije decenije aktivan je u zajednici i medijima, gdje kroz analize, autorske kolumne i dru\u0161tveni anga\u017eman povezuje iskustvo \u017eivota u Americi sa realno\u0161\u0107u Balkana. Njegove pri\u010de otvaraju va\u017ene teme \u2014 od identiteta i politike, do kulture, dijaspore i dru\u0161tvenih transformacija. Prepoznat je kao glas dijaspore koji govori ono \u0161to mnogi misle, ali rijetko ko ka\u017ee.","sameAs":["http:\/\/radio-newyork.com"],"url":"https:\/\/radio-newyork.com\/?author=2"}]}},"_links":{"self":[{"href":"https:\/\/radio-newyork.com\/index.php?rest_route=\/wp\/v2\/posts\/3757","targetHints":{"allow":["GET"]}}],"collection":[{"href":"https:\/\/radio-newyork.com\/index.php?rest_route=\/wp\/v2\/posts"}],"about":[{"href":"https:\/\/radio-newyork.com\/index.php?rest_route=\/wp\/v2\/types\/post"}],"author":[{"embeddable":true,"href":"https:\/\/radio-newyork.com\/index.php?rest_route=\/wp\/v2\/users\/2"}],"replies":[{"embeddable":true,"href":"https:\/\/radio-newyork.com\/index.php?rest_route=%2Fwp%2Fv2%2Fcomments&post=3757"}],"version-history":[{"count":1,"href":"https:\/\/radio-newyork.com\/index.php?rest_route=\/wp\/v2\/posts\/3757\/revisions"}],"predecessor-version":[{"id":3760,"href":"https:\/\/radio-newyork.com\/index.php?rest_route=\/wp\/v2\/posts\/3757\/revisions\/3760"}],"wp:featuredmedia":[{"embeddable":true,"href":"https:\/\/radio-newyork.com\/index.php?rest_route=\/wp\/v2\/media\/3759"}],"wp:attachment":[{"href":"https:\/\/radio-newyork.com\/index.php?rest_route=%2Fwp%2Fv2%2Fmedia&parent=3757"}],"wp:term":[{"taxonomy":"category","embeddable":true,"href":"https:\/\/radio-newyork.com\/index.php?rest_route=%2Fwp%2Fv2%2Fcategories&post=3757"},{"taxonomy":"post_tag","embeddable":true,"href":"https:\/\/radio-newyork.com\/index.php?rest_route=%2Fwp%2Fv2%2Ftags&post=3757"}],"curies":[{"name":"wp","href":"https:\/\/api.w.org\/{rel}","templated":true}]}}