{"id":3740,"date":"2026-09-03T12:44:10","date_gmt":"2026-09-03T12:44:10","guid":{"rendered":"https:\/\/radio-newyork.com\/?p=3740"},"modified":"2026-09-03T12:47:33","modified_gmt":"2026-09-03T12:47:33","slug":"mustafa-mrkulic-mrki","status":"publish","type":"post","link":"https:\/\/radio-newyork.com\/?p=3740","title":{"rendered":"MUSTAFA MRKULI\u0106 \u2013 MRKI"},"content":{"rendered":"\n<figure class=\"wp-block-image size-large\"><img loading=\"lazy\" decoding=\"async\" width=\"1024\" height=\"1024\" src=\"https:\/\/radio-newyork.com\/wp-content\/uploads\/2026\/09\/d049ab6b-0679-46a6-a40d-53473cfc7190-1024x1024.png\" alt=\"\" class=\"wp-image-3741\" srcset=\"https:\/\/radio-newyork.com\/wp-content\/uploads\/2026\/09\/d049ab6b-0679-46a6-a40d-53473cfc7190-1024x1024.png 1024w, https:\/\/radio-newyork.com\/wp-content\/uploads\/2026\/09\/d049ab6b-0679-46a6-a40d-53473cfc7190-150x150.png 150w, https:\/\/radio-newyork.com\/wp-content\/uploads\/2026\/09\/d049ab6b-0679-46a6-a40d-53473cfc7190-300x300.png 300w, https:\/\/radio-newyork.com\/wp-content\/uploads\/2026\/09\/d049ab6b-0679-46a6-a40d-53473cfc7190-500x500.png 500w, https:\/\/radio-newyork.com\/wp-content\/uploads\/2026\/09\/d049ab6b-0679-46a6-a40d-53473cfc7190-768x768.png 768w, https:\/\/radio-newyork.com\/wp-content\/uploads\/2026\/09\/d049ab6b-0679-46a6-a40d-53473cfc7190.png 1254w\" sizes=\"auto, (max-width: 1024px) 100vw, 1024px\" \/><\/figure>\n\n\n\n<h2 class=\"wp-block-heading\">Od Gusinja, preko sarajevskog ringa, do Astorije: pri\u010da o \u010dovjeku koji nikada nije zaboravio ni ljude ni zavi\u010daj<\/h2>\n\n\n\n<p class=\"wp-block-paragraph\">Neke ljude u \u017eivotu oslovljavamo imenom i prezimenom.<\/p>\n\n\n\n<p class=\"wp-block-paragraph\">A nekima je dovoljan nadimak.<\/p>\n\n\n\n<p class=\"wp-block-paragraph\">Ka\u017eete samo \u2014 <strong>Mrki<\/strong>.<\/p>\n\n\n\n<p class=\"wp-block-paragraph\">I veliki broj na\u0161ih ljudi u New Yorku odmah zna o kome govorite.<\/p>\n\n\n\n<p class=\"wp-block-paragraph\">Mustafa Mrkuli\u0107.<\/p>\n\n\n\n<p class=\"wp-block-paragraph\">Gusinjanin. Bokser. Sportista. Ugostitelj. Poslovan \u010dovjek. Humanista. Doma\u0107in.<\/p>\n\n\n\n<p class=\"wp-block-paragraph\">Ali prije svega \u2014 <strong>\u010dovjek me\u0111u ljudima.<\/strong><\/p>\n\n\n\n<p class=\"wp-block-paragraph\">I mo\u017eda je upravo ta posljednja titula najve\u0107a od svih koje je u \u017eivotu mogao osvojiti.<\/p>\n\n\n\n<p class=\"wp-block-paragraph\">Jer medalje vremenom zavr\u0161e u vitrini. Fotografije po\u017eute. Lokali promijene ime. Gradovi se mijenjaju.<\/p>\n\n\n\n<p class=\"wp-block-paragraph\">Ali ono \u0161to si ostavio me\u0111u ljudima \u2014 ostaje.<\/p>\n\n\n\n<p class=\"wp-block-paragraph\">A Mrki je ostavio mnogo.<\/p>\n\n\n\n<hr class=\"wp-block-separator has-alpha-channel-opacity\"\/>\n\n\n\n<h3 class=\"wp-block-heading\">OD GUSINJA DO SARAJEVA \u2013 RUKAVICE KOJE \u0106E PROMIJENITI \u017dIVOT<\/h3>\n\n\n\n<p class=\"wp-block-paragraph\">Pri\u010da po\u010dinje daleko od njujor\u0161kih nebodera.<\/p>\n\n\n\n<p class=\"wp-block-paragraph\">U Gusinju.<\/p>\n\n\n\n<p class=\"wp-block-paragraph\">U jednom sasvim druga\u010dijem vremenu, dje\u010dak Mustafa gledao je \u010dovjeka koji \u0107e obilje\u017eiti ne samo istoriju boksa nego, na neki na\u010din, i njegov \u017eivot.<\/p>\n\n\n\n<p class=\"wp-block-paragraph\"><strong>Muhameda Alija.<\/strong><\/p>\n\n\n\n<p class=\"wp-block-paragraph\">Mrki je kasnije pri\u010dao da je zbog njega zavolio boks. Gledao je njegove borbe, pokrete, pamtio me\u010deve.<\/p>\n\n\n\n<p class=\"wp-block-paragraph\">Ali tada nije mogao ni sanjati gdje \u0107e ga \u017eivot odvesti.<\/p>\n\n\n\n<p class=\"wp-block-paragraph\">Jer \u0107e jednog dana taj dje\u010dak iz Gusinja ne samo obu\u0107i bokserske rukavice nego postati ozbiljan bokser sarajevskog <strong>BK \u017deljezni\u010dar<\/strong>.<\/p>\n\n\n\n<p class=\"wp-block-paragraph\">I ne samo bokser.<\/p>\n\n\n\n<p class=\"wp-block-paragraph\">Izvori o istoriji \u017deljezni\u010dara navode Mustafu Mrkuli\u0107a me\u0111u poznatim borcima te velike generacije, a zabilje\u017eeno je da je <strong>1983. godine postao vice\u0161ampion Jugoslavije u polute\u0161koj kategoriji<\/strong>, izgubiv\u0161i finale na poene.<\/p>\n\n\n\n<p class=\"wp-block-paragraph\">To nije mala stvar.<\/p>\n\n\n\n<p class=\"wp-block-paragraph\">Ko poznaje tada\u0161nji jugoslovenski sport zna \u0161ta je zna\u010dilo do\u0107i do dr\u017eavnog finala.<\/p>\n\n\n\n<p class=\"wp-block-paragraph\">Konkurencija ogromna. Klubovi jaki. Boks ozbiljan.<\/p>\n\n\n\n<p class=\"wp-block-paragraph\">A \u017deljezni\u010dar je stvarao generaciju boraca koja \u0107e ostaviti trag u jugoslovenskom i bosanskohercegova\u010dkom boksu.<\/p>\n\n\n\n<p class=\"wp-block-paragraph\">Me\u0111u njima \u2014 <strong>Mrki iz Gusinja.<\/strong><\/p>\n\n\n\n<p class=\"wp-block-paragraph\">Trener Hamid Guska, jedan od ljudi koji su obilje\u017eili sarajevski boks, me\u0111u svojim bokserima imao je i Mustafu Mrkuli\u0107a.<\/p>\n\n\n\n<p class=\"wp-block-paragraph\">Ali ring \u010dovjeka nau\u010di ne\u010demu \u0161to se ne vidi na fotografijama.<\/p>\n\n\n\n<p class=\"wp-block-paragraph\">Nau\u010di ga da pad nije kraj.<\/p>\n\n\n\n<p class=\"wp-block-paragraph\">Da poslije udarca ostane\u0161 na nogama.<\/p>\n\n\n\n<p class=\"wp-block-paragraph\">Da po\u0161tuje\u0161 protivnika.<\/p>\n\n\n\n<p class=\"wp-block-paragraph\">Da zna\u0161 primiti udarac, ali i da zna\u0161 kada treba pru\u017eiti ruku.<\/p>\n\n\n\n<p class=\"wp-block-paragraph\">\u010cini mi se da je Mrki dosta toga iz ringa prenio u \u017eivot.<\/p>\n\n\n\n<p class=\"wp-block-paragraph\">Jer kasnije je do\u0161ao jedan mnogo ve\u0107i ring.<\/p>\n\n\n\n<p class=\"wp-block-paragraph\"><strong>New York.<\/strong><\/p>\n\n\n\n<hr class=\"wp-block-separator has-alpha-channel-opacity\"\/>\n\n\n\n<h1 class=\"wp-block-heading\"><\/h1>\n\n\n\n<figure class=\"wp-block-image size-full\"><img loading=\"lazy\" decoding=\"async\" width=\"960\" height=\"714\" src=\"https:\/\/radio-newyork.com\/wp-content\/uploads\/2026\/09\/490172433_3615475542084907_224699900816112524_n.jpg\" alt=\"\" class=\"wp-image-3742\" srcset=\"https:\/\/radio-newyork.com\/wp-content\/uploads\/2026\/09\/490172433_3615475542084907_224699900816112524_n.jpg 960w, https:\/\/radio-newyork.com\/wp-content\/uploads\/2026\/09\/490172433_3615475542084907_224699900816112524_n-300x223.jpg 300w, https:\/\/radio-newyork.com\/wp-content\/uploads\/2026\/09\/490172433_3615475542084907_224699900816112524_n-768x571.jpg 768w\" sizes=\"auto, (max-width: 960px) 100vw, 960px\" \/><\/figure>\n\n\n\n<h1 class=\"wp-block-heading\">AMERIKA \u2013 GDJE NIKO NE PITA \u0160TA SI BIO JU\u010cE<\/h1>\n\n\n\n<p class=\"wp-block-paragraph\">Ko je dolazio u Ameriku tih godina zna kakav je to osje\u0107aj.<\/p>\n\n\n\n<p class=\"wp-block-paragraph\">Iza sebe ostavi\u0161 porodicu, prijatelje, ulice koje poznaje\u0161, jezik koji svi razumiju.<\/p>\n\n\n\n<p class=\"wp-block-paragraph\">A ispred tebe \u2014 New York.<\/p>\n\n\n\n<p class=\"wp-block-paragraph\">Ogroman.<\/p>\n\n\n\n<p class=\"wp-block-paragraph\">Brz.<\/p>\n\n\n\n<p class=\"wp-block-paragraph\">Nemilosrdan.<\/p>\n\n\n\n<p class=\"wp-block-paragraph\">Grad koji te prvog jutra ne pita jesi li bio bokser, \u0161ampion, direktor ili profesor.<\/p>\n\n\n\n<p class=\"wp-block-paragraph\">Pita samo:<\/p>\n\n\n\n<p class=\"wp-block-paragraph\"><strong>\u0160ta zna\u0161 da radi\u0161 i jesi li spreman da radi\u0161?<\/strong><\/p>\n\n\n\n<p class=\"wp-block-paragraph\">Mrki jeste.<\/p>\n\n\n\n<p class=\"wp-block-paragraph\">Radio je.<\/p>\n\n\n\n<p class=\"wp-block-paragraph\">Borba se samo preselila iz ringa u \u017eivot.<\/p>\n\n\n\n<p class=\"wp-block-paragraph\">I malo-pomalo, Astoria je postajala njegova druga ku\u0107a.<\/p>\n\n\n\n<p class=\"wp-block-paragraph\">A onda se pojavilo mjesto koje \u0107e za mnoge na\u0161e ljude postati mnogo vi\u0161e od obi\u010dnog ugostiteljskog objekta.<\/p>\n\n\n\n<p class=\"wp-block-paragraph\"><strong>MRKI&#8217;S PLACE.<\/strong><\/p>\n\n\n\n<hr class=\"wp-block-separator has-alpha-channel-opacity\"\/>\n\n\n\n<h1 class=\"wp-block-heading\">MRKI&#8217;S PLACE \u2013 NIJE TO BIO SAMO LOKAL<\/h1>\n\n\n\n<p class=\"wp-block-paragraph\">Stari zapisi pokazuju da je Mrki&#8217;s Place godinama bio na adresi <strong>44-03 30th Avenue u Astoriji<\/strong>. Nalazim ga u najavama doga\u0111aja jo\u0161 2009. godine.<\/p>\n\n\n\n<p class=\"wp-block-paragraph\">Ali adresa vam ne mo\u017ee objasniti \u0161ta je Mrki&#8217;s Place zna\u010dio.<\/p>\n\n\n\n<p class=\"wp-block-paragraph\">To znaju ljudi koji su tamo ulazili.<\/p>\n\n\n\n<p class=\"wp-block-paragraph\">Za nekoga je bio restoran.<\/p>\n\n\n\n<p class=\"wp-block-paragraph\">Za nekoga mjesto za kafu.<\/p>\n\n\n\n<p class=\"wp-block-paragraph\">Za nekoga mjesto gdje se gleda utakmica.<\/p>\n\n\n\n<p class=\"wp-block-paragraph\">A za na\u0161e ljude koji su tek stigli preko okeana \u2014 ponekad je bio <strong>malo par\u010de ku\u0107e.<\/strong><\/p>\n\n\n\n<p class=\"wp-block-paragraph\">U\u0111e\u0161, a neko govori tvojim jezikom.<\/p>\n\n\n\n<p class=\"wp-block-paragraph\">Neko pita:<\/p>\n\n\n\n<p class=\"wp-block-paragraph\">\u201eOdakle si?\u201c<\/p>\n\n\n\n<p class=\"wp-block-paragraph\">Neko zna tvoga oca.<\/p>\n\n\n\n<p class=\"wp-block-paragraph\">Neko zna amid\u017eu.<\/p>\n\n\n\n<p class=\"wp-block-paragraph\">Neko je ba\u0161 ju\u010de stigao iz Gusinja.<\/p>\n\n\n\n<p class=\"wp-block-paragraph\">Neko ide sljede\u0107e sedmice za Plav.<\/p>\n\n\n\n<p class=\"wp-block-paragraph\">I odjednom nijesi vi\u0161e osam hiljada kilometara od ku\u0107e.<\/p>\n\n\n\n<p class=\"wp-block-paragraph\"><strong>Kod Mrkija si.<\/strong><\/p>\n\n\n\n<p class=\"wp-block-paragraph\">Tu se pri\u010dalo.<\/p>\n\n\n\n<p class=\"wp-block-paragraph\">Tu se veselilo.<\/p>\n\n\n\n<p class=\"wp-block-paragraph\">Tu se tugovalo.<\/p>\n\n\n\n<p class=\"wp-block-paragraph\">Tu su se sklapala prijateljstva.<\/p>\n\n\n\n<p class=\"wp-block-paragraph\">Tu se saznavalo kome treba pomo\u0107.<\/p>\n\n\n\n<p class=\"wp-block-paragraph\">I tu se \u010desto ta pomo\u0107 i organizovala.<\/p>\n\n\n\n<p class=\"wp-block-paragraph\">Zato ja Mrki&#8217;s Place ne bih nazivao samo kafanom ili restoranom.<\/p>\n\n\n\n<p class=\"wp-block-paragraph\"><strong>Bio je svojevrsna mala ambasada na\u0161ih ljudi \u2014 bez ambasadora, protokola i crvenog tepiha.<\/strong><\/p>\n\n\n\n<p class=\"wp-block-paragraph\">Ambasada obi\u010dnog \u010dovjeka.<\/p>\n\n\n\n<figure class=\"wp-block-image size-large\"><img loading=\"lazy\" decoding=\"async\" width=\"819\" height=\"1024\" src=\"https:\/\/radio-newyork.com\/wp-content\/uploads\/2026\/09\/9bf53dd4-28d7-4593-b7e7-0a8fb0f02eb8-819x1024.png\" alt=\"\" class=\"wp-image-3743\" srcset=\"https:\/\/radio-newyork.com\/wp-content\/uploads\/2026\/09\/9bf53dd4-28d7-4593-b7e7-0a8fb0f02eb8-819x1024.png 819w, https:\/\/radio-newyork.com\/wp-content\/uploads\/2026\/09\/9bf53dd4-28d7-4593-b7e7-0a8fb0f02eb8-240x300.png 240w, https:\/\/radio-newyork.com\/wp-content\/uploads\/2026\/09\/9bf53dd4-28d7-4593-b7e7-0a8fb0f02eb8-767x959.png 767w, https:\/\/radio-newyork.com\/wp-content\/uploads\/2026\/09\/9bf53dd4-28d7-4593-b7e7-0a8fb0f02eb8.png 1122w\" sizes=\"auto, (max-width: 819px) 100vw, 819px\" \/><\/figure>\n\n\n\n<h1 class=\"wp-block-heading\">KAD JE TREBALO ZAVI\u010cAJU \u2013 MRKI JE BIO TU<\/h1>\n\n\n\n<p class=\"wp-block-paragraph\">O \u010dovjeku mo\u017eda najvi\u0161e govori ono \u0161to uradi kada od njega niko ni\u0161ta ne tra\u017ei.<\/p>\n\n\n\n<p class=\"wp-block-paragraph\">A kada sam krenuo kroz stare arhive, Mrkijevo ime po\u010delo je da iska\u010de upravo tamo gdje se pomagalo.<\/p>\n\n\n\n<p class=\"wp-block-paragraph\">Kada se prikupljala podr\u0161ka za ure\u0111enje <strong>Ali-pa\u0161inih izvora<\/strong>, jednog od simbola Gusinja, zapisano je da su Mrki&#8217;s Place i bra\u0107a Mustafa-Mrki, Bajko i Cigo dali punu podr\u0161ku projektu.<\/p>\n\n\n\n<p class=\"wp-block-paragraph\">I jo\u0161 ne\u0161to.<\/p>\n\n\n\n<p class=\"wp-block-paragraph\">Ljudi koji su \u017eeljeli pomo\u0107i mogli su svoju donaciju ostaviti upravo \u2014 <strong>kod Mrkija.<\/strong><\/p>\n\n\n\n<p class=\"wp-block-paragraph\">To mnogo govori.<\/p>\n\n\n\n<p class=\"wp-block-paragraph\">Jer novac mo\u017eete dati jednom.<\/p>\n\n\n\n<p class=\"wp-block-paragraph\">Ali kada ljudi vjeruju da preko va\u0161ih vrata mogu ostavljati novac za zajedni\u010dku stvar, onda vam nijesu povjerili samo dolare.<\/p>\n\n\n\n<p class=\"wp-block-paragraph\"><strong>Povjerili su vam ime.<\/strong><\/p>\n\n\n\n<p class=\"wp-block-paragraph\">Prona\u0161ao sam i zapis iz 2010. godine gdje se navodi porodica Mustafe-Mrkija Mrkuli\u0107a me\u0111u \u010dlanovima i podr\u017eavaocima zavi\u010dajne organizacije \u201eEuro za Gusinje\u201c.<\/p>\n\n\n\n<p class=\"wp-block-paragraph\">Prona\u0161ao sam ga i me\u0111u donatorima Fondacije Gusinje mnogo godina kasnije.<\/p>\n\n\n\n<p class=\"wp-block-paragraph\">Drugim rije\u010dima, nije to bilo jednom.<\/p>\n\n\n\n<p class=\"wp-block-paragraph\">Nije bila jedna akcija.<\/p>\n\n\n\n<p class=\"wp-block-paragraph\"><strong>To je kontinuitet.<\/strong><\/p>\n\n\n\n<p class=\"wp-block-paragraph\">Godine prolaze, projekti se mijenjaju, ljudi dolaze i odlaze \u2014 a Mrkijevo ime ostaje tamo gdje se ne\u0161to radi za zajednicu.<\/p>\n\n\n\n<hr class=\"wp-block-separator has-alpha-channel-opacity\"\/>\n\n\n\n<h1 class=\"wp-block-heading\">I SPORT JE DO\u0160AO ZA NJIM U NEW YORK<\/h1>\n\n\n\n<p class=\"wp-block-paragraph\">Bokser mo\u017ee oka\u010diti rukavice.<\/p>\n\n\n\n<p class=\"wp-block-paragraph\">Ali sportistu iz \u010dovjeka te\u0161ko mo\u017eete izvaditi.<\/p>\n\n\n\n<p class=\"wp-block-paragraph\">Zanimljiv trag prona\u0161ao sam i iz 2020. godine.<\/p>\n\n\n\n<p class=\"wp-block-paragraph\">U arhivi na\u0161e dijaspore sa\u010duvana je fotografija fudbalske ekipe <strong>MRKI&#8217;S Place<\/strong>, uz napomenu da je me\u0111u na\u0161im ljudima kru\u017eila pri\u010da da je to bila jedna od najboljih, ako ne i najbolja ekipa koju je iznjedrila na\u0161a dijaspora.<\/p>\n\n\n\n<p class=\"wp-block-paragraph\">Meni je taj detalj posebno drag.<\/p>\n\n\n\n<p class=\"wp-block-paragraph\">Jer pokazuje da Mrki&#8217;s Place nije \u017eivio samo nave\u010de uz kafu i razgovor.<\/p>\n\n\n\n<p class=\"wp-block-paragraph\">Oko tog imena okupljali su se i sportisti.<\/p>\n\n\n\n<p class=\"wp-block-paragraph\">Ekipa.<\/p>\n\n\n\n<p class=\"wp-block-paragraph\">Raja.<\/p>\n\n\n\n<p class=\"wp-block-paragraph\">Na\u0161i ljudi.<\/p>\n\n\n\n<p class=\"wp-block-paragraph\">Kao da je Mrki samo nastavio ono \u0161to je po\u010deo u Sarajevu.<\/p>\n\n\n\n<p class=\"wp-block-paragraph\">Samo je ring zamijenila Astoria.<\/p>\n\n\n\n<hr class=\"wp-block-separator has-alpha-channel-opacity\"\/>\n\n\n\n<h1 class=\"wp-block-heading\"><\/h1>\n\n\n\n<figure class=\"wp-block-image size-large\"><img loading=\"lazy\" decoding=\"async\" width=\"1024\" height=\"856\" src=\"https:\/\/radio-newyork.com\/wp-content\/uploads\/2026\/09\/b055b926-2b6c-413e-abe9-5ac7870d6e6f-1024x856.png\" alt=\"\" class=\"wp-image-3744\" srcset=\"https:\/\/radio-newyork.com\/wp-content\/uploads\/2026\/09\/b055b926-2b6c-413e-abe9-5ac7870d6e6f-1024x856.png 1024w, https:\/\/radio-newyork.com\/wp-content\/uploads\/2026\/09\/b055b926-2b6c-413e-abe9-5ac7870d6e6f-300x251.png 300w, https:\/\/radio-newyork.com\/wp-content\/uploads\/2026\/09\/b055b926-2b6c-413e-abe9-5ac7870d6e6f-768x642.png 768w, https:\/\/radio-newyork.com\/wp-content\/uploads\/2026\/09\/b055b926-2b6c-413e-abe9-5ac7870d6e6f.png 1372w\" sizes=\"auto, (max-width: 1024px) 100vw, 1024px\" \/><\/figure>\n\n\n\n<h1 class=\"wp-block-heading\">A ONDA \u2013 MUHAMED ALI<\/h1>\n\n\n\n<p class=\"wp-block-paragraph\">A sada dolazimo do dijela koji zvu\u010di kao scenario za film.<\/p>\n\n\n\n<p class=\"wp-block-paragraph\">Sjetite se onog dje\u010daka iz Gusinja.<\/p>\n\n\n\n<p class=\"wp-block-paragraph\">Dje\u010daka koji gleda Muhameda Alija na televiziji i zbog njega zavoli boks.<\/p>\n\n\n\n<p class=\"wp-block-paragraph\">Godine prolaze.<\/p>\n\n\n\n<p class=\"wp-block-paragraph\">Kontinenti se promijene.<\/p>\n\n\n\n<p class=\"wp-block-paragraph\">Dje\u010dak postane \u010dovjek.<\/p>\n\n\n\n<p class=\"wp-block-paragraph\">I jednoga dana \u2014 <strong>hoda pored Muhameda Alija ulicama New Yorka.<\/strong><\/p>\n\n\n\n<p class=\"wp-block-paragraph\">Mrki je opisao svoj prvi susret sa Alijem tokom Muslimanske parade u New Yorku. Muhamed Ali bio je po\u010dasni mar\u0161al, a Mrki je hodao tik uz svog idola.<\/p>\n\n\n\n<p class=\"wp-block-paragraph\">Mo\u017eete li zamisliti taj osje\u0107aj?<\/p>\n\n\n\n<p class=\"wp-block-paragraph\">Nekada ga gleda\u0161 na malom televizoru iz Gusinja.<\/p>\n\n\n\n<p class=\"wp-block-paragraph\">A sada si pored njega na ulicama New Yorka.<\/p>\n\n\n\n<p class=\"wp-block-paragraph\">Ali pri\u010da postaje jo\u0161 nevjerovatnija.<\/p>\n\n\n\n<p class=\"wp-block-paragraph\">Muhamed Ali je tokom rata u Bosni i Hercegovini pru\u017eao podr\u0161ku Bosni.<\/p>\n\n\n\n<p class=\"wp-block-paragraph\">Do\u0161lo je i do njegovog susreta sa Alijom Izetbegovi\u0107em.<\/p>\n\n\n\n<p class=\"wp-block-paragraph\">A znate ko je bio prisutan?<\/p>\n\n\n\n<p class=\"wp-block-paragraph\"><strong>Mustafa Mrkuli\u0107 \u2013 Mrki.<\/strong><\/p>\n\n\n\n<p class=\"wp-block-paragraph\">I to nije samo Mrkijevo sje\u0107anje.<\/p>\n\n\n\n<p class=\"wp-block-paragraph\">Godinama kasnije Almedin Fetahovi\u0107 je za Al Jazeeru govorio upravo o tom susretu i naveo da mu je prisustvovao poznati bokser Mustafa Mrkuli\u0107. \u010cak je kazao da se sje\u0107a fotografije tog susreta koju je Izetbegovi\u0107 dr\u017eao u kabinetu.<\/p>\n\n\n\n<p class=\"wp-block-paragraph\">E, to je ve\u0107 istorija.<\/p>\n\n\n\n<p class=\"wp-block-paragraph\">Mala mo\u017eda za svjetske ud\u017ebenike.<\/p>\n\n\n\n<p class=\"wp-block-paragraph\">Ali velika za nas.<\/p>\n\n\n\n<hr class=\"wp-block-separator has-alpha-channel-opacity\"\/>\n\n\n\n<h1 class=\"wp-block-heading\"><\/h1>\n\n\n\n<figure class=\"wp-block-image size-large\"><img loading=\"lazy\" decoding=\"async\" width=\"1024\" height=\"1024\" src=\"https:\/\/radio-newyork.com\/wp-content\/uploads\/2026\/09\/e2f03bd7-d96c-41e7-9bf3-7d187d446e0c-1024x1024.png\" alt=\"\" class=\"wp-image-3745\" srcset=\"https:\/\/radio-newyork.com\/wp-content\/uploads\/2026\/09\/e2f03bd7-d96c-41e7-9bf3-7d187d446e0c-1024x1024.png 1024w, https:\/\/radio-newyork.com\/wp-content\/uploads\/2026\/09\/e2f03bd7-d96c-41e7-9bf3-7d187d446e0c-150x150.png 150w, https:\/\/radio-newyork.com\/wp-content\/uploads\/2026\/09\/e2f03bd7-d96c-41e7-9bf3-7d187d446e0c-300x300.png 300w, https:\/\/radio-newyork.com\/wp-content\/uploads\/2026\/09\/e2f03bd7-d96c-41e7-9bf3-7d187d446e0c-500x500.png 500w, https:\/\/radio-newyork.com\/wp-content\/uploads\/2026\/09\/e2f03bd7-d96c-41e7-9bf3-7d187d446e0c-768x768.png 768w, https:\/\/radio-newyork.com\/wp-content\/uploads\/2026\/09\/e2f03bd7-d96c-41e7-9bf3-7d187d446e0c.png 1254w\" sizes=\"auto, (max-width: 1024px) 100vw, 1024px\" \/><\/figure>\n\n\n\n<h1 class=\"wp-block-heading\">KADA JE ALI OTI\u0160AO, MRKI JE POVE0 PORODICU DA GA ISPRATI<\/h1>\n\n\n\n<p class=\"wp-block-paragraph\">A onda je 2016. stigla vijest koju je te\u0161ko podnio.<\/p>\n\n\n\n<p class=\"wp-block-paragraph\">Muhamed Ali je umro.<\/p>\n\n\n\n<p class=\"wp-block-paragraph\">Mrki je odlu\u010dio oti\u0107i u Kentucky na posljednji ispra\u0107aj \u010dovjeka zbog kojeg je nekada zavolio boks.<\/p>\n\n\n\n<p class=\"wp-block-paragraph\">I onda dolazi jedan detalj koji ovu pri\u010du \u010dini jo\u0161 ljep\u0161om.<\/p>\n\n\n\n<p class=\"wp-block-paragraph\">Njegova mla\u0111a k\u0107erka ka\u017ee da \u017eeli sa babom.<\/p>\n\n\n\n<p class=\"wp-block-paragraph\">Onda isto ka\u017ee i starija.<\/p>\n\n\n\n<p class=\"wp-block-paragraph\">I na kraju odlazi cijela porodica.<\/p>\n\n\n\n<p class=\"wp-block-paragraph\">Mrki, supruga i djeca.<\/p>\n\n\n\n<p class=\"wp-block-paragraph\">Na posljednji ispra\u0107aj Muhameda Alija.<\/p>\n\n\n\n<p class=\"wp-block-paragraph\">Meni je to mo\u017eda ljep\u0161e od bilo koje fotografije sa slavnim ljudima.<\/p>\n\n\n\n<p class=\"wp-block-paragraph\">Jer idol jednog dje\u010daka iz Gusinja postao je dio pri\u010de koju je taj dje\u010dak, sada otac, prenio svojoj djeci.<\/p>\n\n\n\n<p class=\"wp-block-paragraph\">Na Alijevoj sahrani Mrki je sreo i Chucka Wepnera, \u010dovjeka koji se borio protiv Alija i \u010dija je pri\u010da bila jedna od inspiracija za Rockyja. Posjetio je Alijevu rodnu ku\u0107u i Muhammad Ali Center.<\/p>\n\n\n\n<p class=\"wp-block-paragraph\">Krug se zatvorio.<\/p>\n\n\n\n<p class=\"wp-block-paragraph\">Od televizora u Gusinju do Alijeve ku\u0107e u Kentuckyju.<\/p>\n\n\n\n<p class=\"wp-block-paragraph\"><strong>Kakav \u017eivotni put.<\/strong><\/p>\n\n\n\n<figure class=\"wp-block-image size-full\"><img loading=\"lazy\" decoding=\"async\" width=\"720\" height=\"960\" src=\"https:\/\/radio-newyork.com\/wp-content\/uploads\/2026\/09\/496843179_3643604615938666_889586997338230112_n.jpg\" alt=\"\" class=\"wp-image-3746\" srcset=\"https:\/\/radio-newyork.com\/wp-content\/uploads\/2026\/09\/496843179_3643604615938666_889586997338230112_n.jpg 720w, https:\/\/radio-newyork.com\/wp-content\/uploads\/2026\/09\/496843179_3643604615938666_889586997338230112_n-225x300.jpg 225w\" sizes=\"auto, (max-width: 720px) 100vw, 720px\" \/><\/figure>\n\n\n\n<h1 class=\"wp-block-heading\">A \u0160TA \u0106EMO SA ROBERTOM DE NIROM?<\/h1>\n\n\n\n<p class=\"wp-block-paragraph\">E, sad mo\u017eemo malo i da se nasmijemo.<\/p>\n\n\n\n<p class=\"wp-block-paragraph\">Jer Mrki ne bi bio Mrki da izme\u0111u svih ozbiljnih \u017eivotnih pri\u010da nema i onu zbog koje se ljudi smiju godinama.<\/p>\n\n\n\n<p class=\"wp-block-paragraph\">Jednog dana u Astoriji pojavio se \u010dovjek.<\/p>\n\n\n\n<p class=\"wp-block-paragraph\">Ho\u0107e unutra.<\/p>\n\n\n\n<p class=\"wp-block-paragraph\">Mrki ga ne poznaje.<\/p>\n\n\n\n<p class=\"wp-block-paragraph\">I \u2014 ne mo\u017ee.<\/p>\n\n\n\n<p class=\"wp-block-paragraph\">Problem je samo \u0161to se \u010dovjek zvao:<\/p>\n\n\n\n<p class=\"wp-block-paragraph\"><strong>Robert De Niro.<\/strong><\/p>\n\n\n\n<p class=\"wp-block-paragraph\">Da, taj Robert De Niro.<\/p>\n\n\n\n<p class=\"wp-block-paragraph\">\u010covjek kojeg bi pola New Yorka pustilo kroz zaklju\u010dana vrata, a Mrki ga \u2014 nije prepoznao.<\/p>\n\n\n\n<p class=\"wp-block-paragraph\">I tu po\u010dinje jedna od najljep\u0161ih astorijskih anegdota.<\/p>\n\n\n\n<p class=\"wp-block-paragraph\">De Niro je u tom dijelu Queensa radio na filmu \u201eA Bronx Tale\u201c, a Mrkijev susret s njim ostao je pri\u010da koja se prepri\u010dava decenijama.<\/p>\n\n\n\n<p class=\"wp-block-paragraph\">Mo\u017eda je ba\u0161 u tome \u010dar Mrkija.<\/p>\n\n\n\n<p class=\"wp-block-paragraph\">Kod njega ti ni Robert De Niro nije mogao preko reda.<\/p>\n\n\n\n<p class=\"wp-block-paragraph\"><strong>Ako te Mrki ne zna \u2014 sa\u010dekaj, jarane.<\/strong><\/p>\n\n\n\n<p class=\"wp-block-paragraph\">\ud83d\ude02<\/p>\n\n\n\n<p class=\"wp-block-paragraph\">A kasnije?<\/p>\n\n\n\n<p class=\"wp-block-paragraph\">Kasnije se, naravno, upoznaju.<\/p>\n\n\n\n<p class=\"wp-block-paragraph\">I ostane pri\u010da za cio \u017eivot.<\/p>\n\n\n\n<hr class=\"wp-block-separator has-alpha-channel-opacity\"\/>\n\n\n\n<figure class=\"wp-block-image size-large\"><img loading=\"lazy\" decoding=\"async\" width=\"1024\" height=\"544\" src=\"https:\/\/radio-newyork.com\/wp-content\/uploads\/2026\/09\/aa21a737-9981-4a82-bd92-9a969570934c-1024x544.png\" alt=\"\" class=\"wp-image-3749\" srcset=\"https:\/\/radio-newyork.com\/wp-content\/uploads\/2026\/09\/aa21a737-9981-4a82-bd92-9a969570934c-1024x544.png 1024w, https:\/\/radio-newyork.com\/wp-content\/uploads\/2026\/09\/aa21a737-9981-4a82-bd92-9a969570934c-300x159.png 300w, https:\/\/radio-newyork.com\/wp-content\/uploads\/2026\/09\/aa21a737-9981-4a82-bd92-9a969570934c-768x408.png 768w, https:\/\/radio-newyork.com\/wp-content\/uploads\/2026\/09\/aa21a737-9981-4a82-bd92-9a969570934c-1536x816.png 1536w, https:\/\/radio-newyork.com\/wp-content\/uploads\/2026\/09\/aa21a737-9981-4a82-bd92-9a969570934c.png 1720w\" sizes=\"auto, (max-width: 1024px) 100vw, 1024px\" \/><\/figure>\n\n\n\n<h1 class=\"wp-block-heading\">ALI NI ALI NI DE NIRO NISU NAJVE\u0106A IMENA U OVOJ PRI\u010cI<\/h1>\n\n\n\n<p class=\"wp-block-paragraph\">I upravo ovdje \u017eelim da zaustavim pri\u010du.<\/p>\n\n\n\n<p class=\"wp-block-paragraph\">Jer lako bi bilo nasloviti:<\/p>\n\n\n\n<p class=\"wp-block-paragraph\"><strong>\u201e\u010covjek koji je poznavao Muhameda Alija i Roberta De Nira.\u201c<\/strong><\/p>\n\n\n\n<p class=\"wp-block-paragraph\">Ali time bismo Mrkiju zapravo u\u010dinili nepravdu.<\/p>\n\n\n\n<p class=\"wp-block-paragraph\">Jer Mrkiju ne treba ni Ali ni De Niro da bi bio va\u017ean.<\/p>\n\n\n\n<p class=\"wp-block-paragraph\">Oni njegovu pri\u010du \u010dine zanimljivijom.<\/p>\n\n\n\n<p class=\"wp-block-paragraph\"><strong>Ali ne \u010dine njega \u010dovjekom.<\/strong><\/p>\n\n\n\n<p class=\"wp-block-paragraph\">To su u\u010dinile godine.<\/p>\n\n\n\n<p class=\"wp-block-paragraph\">Porodica.<\/p>\n\n\n\n<p class=\"wp-block-paragraph\">Sport.<\/p>\n\n\n\n<p class=\"wp-block-paragraph\">Prijatelji.<\/p>\n\n\n\n<p class=\"wp-block-paragraph\">Rad.<\/p>\n\n\n\n<p class=\"wp-block-paragraph\">Zavi\u010daj.<\/p>\n\n\n\n<p class=\"wp-block-paragraph\">I hiljade obi\u010dnih susreta koje Google nikada ne\u0107e zabilje\u017eiti.<\/p>\n\n\n\n<hr class=\"wp-block-separator has-alpha-channel-opacity\"\/>\n\n\n\n<h1 class=\"wp-block-heading\"><\/h1>\n\n\n\n<figure class=\"wp-block-image size-large\"><img loading=\"lazy\" decoding=\"async\" width=\"1024\" height=\"721\" src=\"https:\/\/radio-newyork.com\/wp-content\/uploads\/2026\/09\/526620d2-045b-435d-a400-ff34c5b72cb3-1024x721.png\" alt=\"\" class=\"wp-image-3747\" srcset=\"https:\/\/radio-newyork.com\/wp-content\/uploads\/2026\/09\/526620d2-045b-435d-a400-ff34c5b72cb3-1024x721.png 1024w, https:\/\/radio-newyork.com\/wp-content\/uploads\/2026\/09\/526620d2-045b-435d-a400-ff34c5b72cb3-300x211.png 300w, https:\/\/radio-newyork.com\/wp-content\/uploads\/2026\/09\/526620d2-045b-435d-a400-ff34c5b72cb3-767x540.png 767w, https:\/\/radio-newyork.com\/wp-content\/uploads\/2026\/09\/526620d2-045b-435d-a400-ff34c5b72cb3.png 1495w\" sizes=\"auto, (max-width: 1024px) 100vw, 1024px\" \/><\/figure>\n\n\n\n<h1 class=\"wp-block-heading\">MRKI JE BIO DOMA\u0106IN PRIJE NEGO \u0160TO JE TO POSTALO \u201eBIZNIS\u201c<\/h1>\n\n\n\n<p class=\"wp-block-paragraph\">Postoji jedna na\u0161a rije\u010d koju je te\u0161ko prevesti Amerikancu.<\/p>\n\n\n\n<p class=\"wp-block-paragraph\"><strong>Doma\u0107in.<\/strong><\/p>\n\n\n\n<p class=\"wp-block-paragraph\">Nije doma\u0107in samo \u010dovjek koji ima ku\u0107u.<\/p>\n\n\n\n<p class=\"wp-block-paragraph\">Nije ni onaj koji ima restoran.<\/p>\n\n\n\n<p class=\"wp-block-paragraph\">Doma\u0107in je onaj kod kojeg se osje\u0107a\u0161 dobrodo\u0161ao.<\/p>\n\n\n\n<p class=\"wp-block-paragraph\">Onaj koji zna da gosta treba do\u010dekati.<\/p>\n\n\n\n<p class=\"wp-block-paragraph\">Da \u010dovjeka treba saslu\u0161ati.<\/p>\n\n\n\n<p class=\"wp-block-paragraph\">Da se gladan nahrani.<\/p>\n\n\n\n<p class=\"wp-block-paragraph\">Da se prijatelju pomogne.<\/p>\n\n\n\n<p class=\"wp-block-paragraph\">Da se zemljaku pru\u017ei ruka.<\/p>\n\n\n\n<p class=\"wp-block-paragraph\">I da se \u010dovjek ne mjeri samo po tome koliko ima.<\/p>\n\n\n\n<p class=\"wp-block-paragraph\">Nego <strong>koliko je spreman podijeliti.<\/strong><\/p>\n\n\n\n<p class=\"wp-block-paragraph\">E tu rije\u010d razumijem kada govorim o Mrkiju.<\/p>\n\n\n\n<hr class=\"wp-block-separator has-alpha-channel-opacity\"\/>\n\n\n\n<h1 class=\"wp-block-heading\">OD MRKI&#8217;S PLACEA DO LA LUNA CAFE \u2013 ISTA ASTORIJA, ISTA DOMA\u0106INSKA PRI\u010cA<\/h1>\n\n\n\n<p class=\"wp-block-paragraph\">I danas, kada pro\u0111ete 30th Avenue u Astoriji, taj dio grada i dalje nosi trag vremena u kojem su na\u0161i ljudi stvarali svoje poslove, porodice i zajednicu.<\/p>\n\n\n\n<p class=\"wp-block-paragraph\">Na uglu je danas La Luna Cafe, na adresi 44-01 30th Avenue \u2014 mali kvartovski cafe za doru\u010dak, ru\u010dak, kafu i svakodnevno dru\u017eenje. Dana\u0161nji podaci ga opisuju upravo kao kom\u0161ijski, nepretenciozan lokal, mjesto za svakodnevni doru\u010dak, sendvi\u010d, kafu ili ne\u0161to na brzinu.<\/p>\n\n\n\n<p class=\"wp-block-paragraph\">I ba\u0161 zato mi je lijepa simbolika fotografije koju ste poslali.<\/p>\n\n\n\n<p class=\"wp-block-paragraph\">Grad se promijenio.<\/p>\n\n\n\n<p class=\"wp-block-paragraph\">Natpisi se promijene.<\/p>\n\n\n\n<p class=\"wp-block-paragraph\">Generacije prolaze.<\/p>\n\n\n\n<p class=\"wp-block-paragraph\">Ali ono \u0161to na\u0161i ljudi naprave u jednom gradu ostavlja trag.<\/p>\n\n\n\n<p class=\"wp-block-paragraph\"><strong>Zato, kada ste u Astoriji, svratite.<\/strong><\/p>\n\n\n\n<p class=\"wp-block-paragraph\">Ne samo zbog kafe ili doru\u010dka.<\/p>\n\n\n\n<p class=\"wp-block-paragraph\">Svratite i zbog pri\u010de jednog kraja New Yorka u kojem su na\u0161i ljudi decenijama radili, stvarali, sastajali se i ostavljali svoj pe\u010dat.<\/p>\n\n\n\n<hr class=\"wp-block-separator has-alpha-channel-opacity\"\/>\n\n\n\n<h1 class=\"wp-block-heading\">I JO\u0160 JEDNA STVAR KOJU NE SMIJEMO ZABORAVITI<\/h1>\n\n\n\n<p class=\"wp-block-paragraph\">Prona\u0161ao sam mo\u017eda jedan od najljep\u0161ih istorijskih tragova cijele ove pri\u010de.<\/p>\n\n\n\n<p class=\"wp-block-paragraph\">Godina je <strong>1993.<\/strong><\/p>\n\n\n\n<p class=\"wp-block-paragraph\">Bosna gori.<\/p>\n\n\n\n<p class=\"wp-block-paragraph\">Ljudi pristi\u017eu u Ameriku.<\/p>\n\n\n\n<p class=\"wp-block-paragraph\">Tra\u017ee jedni druge.<\/p>\n\n\n\n<p class=\"wp-block-paragraph\">Tra\u017ee na\u010din da sa\u010duvaju ime, kulturu, dru\u017eenje, sport i vezu sa domovinom.<\/p>\n\n\n\n<p class=\"wp-block-paragraph\">I u New Yorku nastaje kulturno-sportsko dru\u0161tvo <strong>\u201eBehar\u201c.<\/strong><\/p>\n\n\n\n<p class=\"wp-block-paragraph\">U zapisu iz tog vremena me\u0111u ljudima koji nose tu pri\u010du nalazimo Bajka i Mustafu Mrkuli\u0107a.<\/p>\n\n\n\n<p class=\"wp-block-paragraph\">A gdje je bila adresa dru\u0161tva?<\/p>\n\n\n\n<p class=\"wp-block-paragraph\"><strong>U Mrkuli\u0107evom kafi\u0107u.<\/strong><\/p>\n\n\n\n<p class=\"wp-block-paragraph\">Eto za\u0161to ka\u017eem:<\/p>\n\n\n\n<p class=\"wp-block-paragraph\">Nemojmo Mrki&#8217;s Place zvati samo lokalom.<\/p>\n\n\n\n<p class=\"wp-block-paragraph\">Dok su ljudi preko okeana poku\u0161avali da sa\u010duvaju ono \u0161to su ostavili iza sebe, takva mjesta bila su <strong>komad domovine.<\/strong><\/p>\n\n\n\n<p class=\"wp-block-paragraph\">Tu se nije samo pila kafa.<\/p>\n\n\n\n<p class=\"wp-block-paragraph\"><strong>Tu se \u010duvao identitet.<\/strong><\/p>\n\n\n\n<hr class=\"wp-block-separator has-alpha-channel-opacity\"\/>\n\n\n\n<h1 class=\"wp-block-heading\"><\/h1>\n\n\n\n<figure class=\"wp-block-image size-full\"><img loading=\"lazy\" decoding=\"async\" width=\"960\" height=\"949\" src=\"https:\/\/radio-newyork.com\/wp-content\/uploads\/2026\/09\/66714338_2108721749426968_4593555642916012032_n.jpg\" alt=\"\" class=\"wp-image-3748\" srcset=\"https:\/\/radio-newyork.com\/wp-content\/uploads\/2026\/09\/66714338_2108721749426968_4593555642916012032_n.jpg 960w, https:\/\/radio-newyork.com\/wp-content\/uploads\/2026\/09\/66714338_2108721749426968_4593555642916012032_n-300x297.jpg 300w, https:\/\/radio-newyork.com\/wp-content\/uploads\/2026\/09\/66714338_2108721749426968_4593555642916012032_n-768x759.jpg 768w\" sizes=\"auto, (max-width: 960px) 100vw, 960px\" \/><\/figure>\n\n\n\n<h1 class=\"wp-block-heading\">MRKI, OVO JE PRI\u010cA KOJU SI ZASLU\u017dIO<\/h1>\n\n\n\n<p class=\"wp-block-paragraph\">Mustafa Mrkuli\u0107 mo\u017eda nikada nije osvojio svjetsku titulu.<\/p>\n\n\n\n<p class=\"wp-block-paragraph\">Ali jeste ne\u0161to drugo.<\/p>\n\n\n\n<p class=\"wp-block-paragraph\">Od Gusinja je stigao do Sarajeva.<\/p>\n\n\n\n<p class=\"wp-block-paragraph\">Od sarajevskog \u017deljezni\u010dara do finala prvenstva Jugoslavije.<\/p>\n\n\n\n<p class=\"wp-block-paragraph\">Od Jugoslavije do New Yorka.<\/p>\n\n\n\n<p class=\"wp-block-paragraph\">Od dje\u010daka koji je gledao Muhameda Alija do \u010dovjeka koji je hodao pored njega.<\/p>\n\n\n\n<p class=\"wp-block-paragraph\">Od jednog lokala u Astoriji do mjesta okupljanja na\u0161ih ljudi.<\/p>\n\n\n\n<p class=\"wp-block-paragraph\">Od sportiste do poslovnog \u010dovjeka.<\/p>\n\n\n\n<p class=\"wp-block-paragraph\">Od iseljenika do \u010dovjeka kojem su se obra\u0107ali kada je trebalo pomo\u0107i zavi\u010daju.<\/p>\n\n\n\n<p class=\"wp-block-paragraph\">A usput je stigao \u010dak i da ne pusti Roberta De Nira unutra.<\/p>\n\n\n\n<p class=\"wp-block-paragraph\"><strong>Pa ti sad vidi kakav je to \u017eivot.<\/strong><\/p>\n\n\n\n<p class=\"wp-block-paragraph\">Ali kada bih morao sve ovo svesti na jednu re\u010denicu, ne bih pomenuo nijednu slavnu li\u010dnost.<\/p>\n\n\n\n<p class=\"wp-block-paragraph\">Rekao bih:<\/p>\n\n\n\n<p class=\"wp-block-paragraph\"><strong>Mrki je jedan od onih na\u0161ih ljudi koji su u Americi napravili \u017eivot, ali nijesu dozvolili da Amerika iz njih izbri\u0161e Gusinje.<\/strong><\/p>\n\n\n\n<p class=\"wp-block-paragraph\">I to je velika stvar.<\/p>\n\n\n\n<p class=\"wp-block-paragraph\">Jer uspjeh nije samo koliko si daleko stigao.<\/p>\n\n\n\n<p class=\"wp-block-paragraph\"><strong>Uspjeh je koliko si daleko stigao, a da nijesi zaboravio put kojim si do\u0161ao.<\/strong><\/p>\n\n\n\n<p class=\"wp-block-paragraph\">Mrki ga nije zaboravio.<\/p>\n\n\n\n<p class=\"wp-block-paragraph\">Nije zaboravio sport.<\/p>\n\n\n\n<p class=\"wp-block-paragraph\">Nije zaboravio raju.<\/p>\n\n\n\n<p class=\"wp-block-paragraph\">Nije zaboravio na\u0161e ljude.<\/p>\n\n\n\n<p class=\"wp-block-paragraph\">Nije zaboravio zavi\u010daj.<\/p>\n\n\n\n<p class=\"wp-block-paragraph\">I zato ova pri\u010da nije reklama jednom \u010dovjeku.<\/p>\n\n\n\n<p class=\"wp-block-paragraph\"><strong>Ovo je na\u0161e javno hvala jednom doma\u0107inu.<\/strong><\/p>\n\n\n\n<p class=\"wp-block-paragraph\">Hvala za otvorena vrata.<\/p>\n\n\n\n<p class=\"wp-block-paragraph\">Hvala za okupljanja.<\/p>\n\n\n\n<p class=\"wp-block-paragraph\">Hvala za sport.<\/p>\n\n\n\n<p class=\"wp-block-paragraph\">Hvala za pomo\u0107.<\/p>\n\n\n\n<p class=\"wp-block-paragraph\">Hvala za zavi\u010daj.<\/p>\n\n\n\n<p class=\"wp-block-paragraph\">Hvala za sve one male stvari o kojima nikada ne\u0107e iza\u0107i novinski \u010dlanak, a koje ljudi pamte cijelog \u017eivota.<\/p>\n\n\n\n<h3 class=\"wp-block-heading\">Jer \u010dovjek mo\u017ee imati restoran.<\/h3>\n\n\n\n<h3 class=\"wp-block-heading\">Mo\u017ee imati novac.<\/h3>\n\n\n\n<h3 class=\"wp-block-heading\">Mo\u017ee poznavati slavne.<\/h3>\n\n\n\n<h3 class=\"wp-block-heading\">Mo\u017ee se fotografisati sa najve\u0107ima.<\/h3>\n\n\n\n<p class=\"wp-block-paragraph\"><strong>Ali najve\u0107e bogatstvo je kada poslije toliko godina ljudi tvoje ime izgovaraju sa po\u0161tovanjem.<\/strong><\/p>\n\n\n\n<p class=\"wp-block-paragraph\">A kada u Astoriji ka\u017eete:<\/p>\n\n\n\n<p class=\"wp-block-paragraph\"><strong>Mustafa Mrkuli\u0107?<\/strong><\/p>\n\n\n\n<p class=\"wp-block-paragraph\">Mnogi \u0107e samo odgovoriti:<\/p>\n\n\n\n<p class=\"wp-block-paragraph\"><strong>Ma Mrki, brate. Na\u0161 Mrki.<\/strong><\/p>\n\n\n\n<p class=\"wp-block-paragraph\">I mo\u017eda mu ve\u0107a titula od te nikada nije ni trebala.<\/p>\n\n\n\n<p class=\"wp-block-paragraph\"><strong>Radio New York \u2014 pri\u010de o na\u0161im ljudima, jer ako ih mi ne zapi\u0161emo, ko \u0107e?<\/strong><\/p>\n\n\n\n<figure class=\"wp-block-image size-full\"><img loading=\"lazy\" decoding=\"async\" width=\"720\" height=\"960\" src=\"https:\/\/radio-newyork.com\/wp-content\/uploads\/2026\/09\/494049420_3630746047224523_8174027538985772205_n.jpg\" alt=\"\" class=\"wp-image-3750\" srcset=\"https:\/\/radio-newyork.com\/wp-content\/uploads\/2026\/09\/494049420_3630746047224523_8174027538985772205_n.jpg 720w, https:\/\/radio-newyork.com\/wp-content\/uploads\/2026\/09\/494049420_3630746047224523_8174027538985772205_n-225x300.jpg 225w\" sizes=\"auto, (max-width: 720px) 100vw, 720px\" \/><\/figure>\n\n\n\n<figure class=\"wp-block-image size-large\"><img loading=\"lazy\" decoding=\"async\" width=\"627\" height=\"1024\" src=\"https:\/\/radio-newyork.com\/wp-content\/uploads\/2026\/09\/503778641_10228738488873743_8906568997087881146_n-627x1024.jpg\" alt=\"\" class=\"wp-image-3751\" srcset=\"https:\/\/radio-newyork.com\/wp-content\/uploads\/2026\/09\/503778641_10228738488873743_8906568997087881146_n-627x1024.jpg 627w, https:\/\/radio-newyork.com\/wp-content\/uploads\/2026\/09\/503778641_10228738488873743_8906568997087881146_n-184x300.jpg 184w, https:\/\/radio-newyork.com\/wp-content\/uploads\/2026\/09\/503778641_10228738488873743_8906568997087881146_n-768x1254.jpg 768w, https:\/\/radio-newyork.com\/wp-content\/uploads\/2026\/09\/503778641_10228738488873743_8906568997087881146_n-940x1536.jpg 940w, https:\/\/radio-newyork.com\/wp-content\/uploads\/2026\/09\/503778641_10228738488873743_8906568997087881146_n.jpg 1080w\" sizes=\"auto, (max-width: 627px) 100vw, 627px\" \/><\/figure>\n\n\n\n<figure class=\"wp-block-image size-full\"><img loading=\"lazy\" decoding=\"async\" width=\"720\" height=\"960\" src=\"https:\/\/radio-newyork.com\/wp-content\/uploads\/2026\/09\/81021556_2241017589530716_2035173379945791488_n.jpg\" alt=\"\" class=\"wp-image-3752\" srcset=\"https:\/\/radio-newyork.com\/wp-content\/uploads\/2026\/09\/81021556_2241017589530716_2035173379945791488_n.jpg 720w, https:\/\/radio-newyork.com\/wp-content\/uploads\/2026\/09\/81021556_2241017589530716_2035173379945791488_n-225x300.jpg 225w\" sizes=\"auto, (max-width: 720px) 100vw, 720px\" \/><\/figure>\n\n\n\n<figure class=\"wp-block-image size-large\"><img loading=\"lazy\" decoding=\"async\" width=\"1024\" height=\"1024\" src=\"https:\/\/radio-newyork.com\/wp-content\/uploads\/2026\/09\/736675a5-24fb-494b-aa7a-7e0d3c04534a-1024x1024.png\" alt=\"\" class=\"wp-image-3753\" srcset=\"https:\/\/radio-newyork.com\/wp-content\/uploads\/2026\/09\/736675a5-24fb-494b-aa7a-7e0d3c04534a-1024x1024.png 1024w, https:\/\/radio-newyork.com\/wp-content\/uploads\/2026\/09\/736675a5-24fb-494b-aa7a-7e0d3c04534a-150x150.png 150w, https:\/\/radio-newyork.com\/wp-content\/uploads\/2026\/09\/736675a5-24fb-494b-aa7a-7e0d3c04534a-300x300.png 300w, https:\/\/radio-newyork.com\/wp-content\/uploads\/2026\/09\/736675a5-24fb-494b-aa7a-7e0d3c04534a-500x500.png 500w, https:\/\/radio-newyork.com\/wp-content\/uploads\/2026\/09\/736675a5-24fb-494b-aa7a-7e0d3c04534a-768x768.png 768w, https:\/\/radio-newyork.com\/wp-content\/uploads\/2026\/09\/736675a5-24fb-494b-aa7a-7e0d3c04534a.png 1254w\" sizes=\"auto, (max-width: 1024px) 100vw, 1024px\" \/><\/figure>\n\n\n\n<figure class=\"wp-block-image size-large\"><img loading=\"lazy\" decoding=\"async\" width=\"1024\" height=\"551\" src=\"https:\/\/radio-newyork.com\/wp-content\/uploads\/2026\/09\/Screenshot-2026-09-03-at-8.46.13-AM-1024x551.png\" alt=\"\" class=\"wp-image-3755\" srcset=\"https:\/\/radio-newyork.com\/wp-content\/uploads\/2026\/09\/Screenshot-2026-09-03-at-8.46.13-AM-1024x551.png 1024w, https:\/\/radio-newyork.com\/wp-content\/uploads\/2026\/09\/Screenshot-2026-09-03-at-8.46.13-AM-300x162.png 300w, https:\/\/radio-newyork.com\/wp-content\/uploads\/2026\/09\/Screenshot-2026-09-03-at-8.46.13-AM-767x413.png 767w, https:\/\/radio-newyork.com\/wp-content\/uploads\/2026\/09\/Screenshot-2026-09-03-at-8.46.13-AM-1536x827.png 1536w, https:\/\/radio-newyork.com\/wp-content\/uploads\/2026\/09\/Screenshot-2026-09-03-at-8.46.13-AM-2048x1103.png 2048w\" sizes=\"auto, (max-width: 1024px) 100vw, 1024px\" \/><\/figure>\n","protected":false},"excerpt":{"rendered":"<p>Od Gusinja, preko sarajevskog ringa, do Astorije: pri\u010da o \u010dovjeku koji nikada nije zaboravio ni ljude ni zavi\u010daj Neke ljude u \u017eivotu oslovljavamo imenom i prezimenom. A nekima je dovoljan nadimak. Ka\u017eete samo \u2014 Mrki. I veliki broj na\u0161ih ljudi u New Yorku odmah zna o kome govorite. Mustafa Mrkuli\u0107. Gusinjanin. Bokser. Sportista. Ugostitelj. Poslovan [&hellip;]<\/p>\n","protected":false},"author":2,"featured_media":3755,"comment_status":"open","ping_status":"open","sticky":false,"template":"","format":"standard","meta":{"footnotes":""},"categories":[1],"tags":[],"class_list":["post-3740","post","type-post","status-publish","format-standard","has-post-thumbnail","hentry","category-uncategorized"],"acf":[],"yoast_head":"<!-- This site is optimized with the Yoast SEO plugin v26.2 - https:\/\/yoast.com\/wordpress\/plugins\/seo\/ -->\n<title>MUSTAFA MRKULI\u0106 \u2013 MRKI - Radio New York<\/title>\n<meta name=\"robots\" content=\"index, follow, max-snippet:-1, max-image-preview:large, max-video-preview:-1\" \/>\n<link rel=\"canonical\" href=\"https:\/\/radio-newyork.com\/?p=3740\" \/>\n<meta property=\"og:locale\" content=\"en_US\" \/>\n<meta property=\"og:type\" content=\"article\" \/>\n<meta property=\"og:title\" content=\"MUSTAFA MRKULI\u0106 \u2013 MRKI - Radio New York\" \/>\n<meta property=\"og:description\" content=\"Od Gusinja, preko sarajevskog ringa, do Astorije: pri\u010da o \u010dovjeku koji nikada nije zaboravio ni ljude ni zavi\u010daj Neke ljude u \u017eivotu oslovljavamo imenom i prezimenom. A nekima je dovoljan nadimak. Ka\u017eete samo \u2014 Mrki. I veliki broj na\u0161ih ljudi u New Yorku odmah zna o kome govorite. Mustafa Mrkuli\u0107. Gusinjanin. Bokser. Sportista. Ugostitelj. Poslovan [&hellip;]\" \/>\n<meta property=\"og:url\" content=\"https:\/\/radio-newyork.com\/?p=3740\" \/>\n<meta property=\"og:site_name\" content=\"Radio New York\" \/>\n<meta property=\"article:published_time\" content=\"2026-09-03T12:44:10+00:00\" \/>\n<meta property=\"article:modified_time\" content=\"2026-09-03T12:47:33+00:00\" \/>\n<meta property=\"og:image\" content=\"https:\/\/radio-newyork.com\/wp-content\/uploads\/2026\/09\/Screenshot-2026-09-03-at-8.46.13-AM-1024x551.png\" \/>\n\t<meta property=\"og:image:width\" content=\"1024\" \/>\n\t<meta property=\"og:image:height\" content=\"551\" \/>\n\t<meta property=\"og:image:type\" content=\"image\/png\" \/>\n<meta name=\"author\" content=\"Ismet Rastoder\" \/>\n<meta name=\"twitter:card\" content=\"summary_large_image\" \/>\n<meta name=\"twitter:label1\" content=\"Written by\" \/>\n\t<meta name=\"twitter:data1\" content=\"Ismet Rastoder\" \/>\n\t<meta name=\"twitter:label2\" content=\"Est. reading time\" \/>\n\t<meta name=\"twitter:data2\" content=\"13 minutes\" \/>\n<script type=\"application\/ld+json\" class=\"yoast-schema-graph\">{\"@context\":\"https:\/\/schema.org\",\"@graph\":[{\"@type\":\"Article\",\"@id\":\"https:\/\/radio-newyork.com\/?p=3740#article\",\"isPartOf\":{\"@id\":\"https:\/\/radio-newyork.com\/?p=3740\"},\"author\":{\"name\":\"Ismet Rastoder\",\"@id\":\"https:\/\/radio-newyork.com\/#\/schema\/person\/e2f4dbf5b60fd9ac004d77b9e1b59559\"},\"headline\":\"MUSTAFA MRKULI\u0106 \u2013 MRKI\",\"datePublished\":\"2026-09-03T12:44:10+00:00\",\"dateModified\":\"2026-09-03T12:47:33+00:00\",\"mainEntityOfPage\":{\"@id\":\"https:\/\/radio-newyork.com\/?p=3740\"},\"wordCount\":2434,\"commentCount\":0,\"publisher\":{\"@id\":\"https:\/\/radio-newyork.com\/#organization\"},\"image\":{\"@id\":\"https:\/\/radio-newyork.com\/?p=3740#primaryimage\"},\"thumbnailUrl\":\"https:\/\/radio-newyork.com\/wp-content\/uploads\/2026\/09\/Screenshot-2026-09-03-at-8.46.13-AM.png\",\"inLanguage\":\"en-US\",\"potentialAction\":[{\"@type\":\"CommentAction\",\"name\":\"Comment\",\"target\":[\"https:\/\/radio-newyork.com\/?p=3740#respond\"]}]},{\"@type\":\"WebPage\",\"@id\":\"https:\/\/radio-newyork.com\/?p=3740\",\"url\":\"https:\/\/radio-newyork.com\/?p=3740\",\"name\":\"MUSTAFA MRKULI\u0106 \u2013 MRKI - Radio New York\",\"isPartOf\":{\"@id\":\"https:\/\/radio-newyork.com\/#website\"},\"primaryImageOfPage\":{\"@id\":\"https:\/\/radio-newyork.com\/?p=3740#primaryimage\"},\"image\":{\"@id\":\"https:\/\/radio-newyork.com\/?p=3740#primaryimage\"},\"thumbnailUrl\":\"https:\/\/radio-newyork.com\/wp-content\/uploads\/2026\/09\/Screenshot-2026-09-03-at-8.46.13-AM.png\",\"datePublished\":\"2026-09-03T12:44:10+00:00\",\"dateModified\":\"2026-09-03T12:47:33+00:00\",\"breadcrumb\":{\"@id\":\"https:\/\/radio-newyork.com\/?p=3740#breadcrumb\"},\"inLanguage\":\"en-US\",\"potentialAction\":[{\"@type\":\"ReadAction\",\"target\":[\"https:\/\/radio-newyork.com\/?p=3740\"]}]},{\"@type\":\"ImageObject\",\"inLanguage\":\"en-US\",\"@id\":\"https:\/\/radio-newyork.com\/?p=3740#primaryimage\",\"url\":\"https:\/\/radio-newyork.com\/wp-content\/uploads\/2026\/09\/Screenshot-2026-09-03-at-8.46.13-AM.png\",\"contentUrl\":\"https:\/\/radio-newyork.com\/wp-content\/uploads\/2026\/09\/Screenshot-2026-09-03-at-8.46.13-AM.png\",\"width\":2188,\"height\":1178},{\"@type\":\"BreadcrumbList\",\"@id\":\"https:\/\/radio-newyork.com\/?p=3740#breadcrumb\",\"itemListElement\":[{\"@type\":\"ListItem\",\"position\":1,\"name\":\"Home\",\"item\":\"https:\/\/radio-newyork.com\/\"},{\"@type\":\"ListItem\",\"position\":2,\"name\":\"MUSTAFA MRKULI\u0106 \u2013 MRKI\"}]},{\"@type\":\"WebSite\",\"@id\":\"https:\/\/radio-newyork.com\/#website\",\"url\":\"https:\/\/radio-newyork.com\/\",\"name\":\"Radio New York\",\"description\":\"Radio New York \u2014 Most Amerike i domovine\",\"publisher\":{\"@id\":\"https:\/\/radio-newyork.com\/#organization\"},\"potentialAction\":[{\"@type\":\"SearchAction\",\"target\":{\"@type\":\"EntryPoint\",\"urlTemplate\":\"https:\/\/radio-newyork.com\/?s={search_term_string}\"},\"query-input\":{\"@type\":\"PropertyValueSpecification\",\"valueRequired\":true,\"valueName\":\"search_term_string\"}}],\"inLanguage\":\"en-US\"},{\"@type\":\"Organization\",\"@id\":\"https:\/\/radio-newyork.com\/#organization\",\"name\":\"Radio New York\",\"url\":\"https:\/\/radio-newyork.com\/\",\"logo\":{\"@type\":\"ImageObject\",\"inLanguage\":\"en-US\",\"@id\":\"https:\/\/radio-newyork.com\/#\/schema\/logo\/image\/\",\"url\":\"https:\/\/radio-newyork.com\/wp-content\/uploads\/2021\/12\/262517255_4571047313011643_1786418142376364479_n.jpg\",\"contentUrl\":\"https:\/\/radio-newyork.com\/wp-content\/uploads\/2021\/12\/262517255_4571047313011643_1786418142376364479_n.jpg\",\"width\":212,\"height\":210,\"caption\":\"Radio New York\"},\"image\":{\"@id\":\"https:\/\/radio-newyork.com\/#\/schema\/logo\/image\/\"}},{\"@type\":\"Person\",\"@id\":\"https:\/\/radio-newyork.com\/#\/schema\/person\/e2f4dbf5b60fd9ac004d77b9e1b59559\",\"name\":\"Ismet Rastoder\",\"image\":{\"@type\":\"ImageObject\",\"inLanguage\":\"en-US\",\"@id\":\"https:\/\/radio-newyork.com\/#\/schema\/person\/image\/\",\"url\":\"https:\/\/secure.gravatar.com\/avatar\/800e8dd1eac3e728e825b7d5c16c80b067c4a0557a2ce54986c89f6008f454bb?s=96&d=mm&r=g\",\"contentUrl\":\"https:\/\/secure.gravatar.com\/avatar\/800e8dd1eac3e728e825b7d5c16c80b067c4a0557a2ce54986c89f6008f454bb?s=96&d=mm&r=g\",\"caption\":\"Ismet Rastoder\"},\"description\":\"Ismet Rastoder je urednik i osniva\u010d portala Radio New York \u2014 medijskog prostora posve\u0107enog dijaspori, dru\u0161tvenoj istini i stvarnim \u017eivotnim pitanjima Balkana i Amerike. Poznat po direktnom stilu, hrabrim komentarima i beskompromisnoj borbi protiv nepravde, Rastoder donosi glas zajednice koja se \u010desto ne \u010duje, ali itekako postoji. Vi\u0161e od dvije decenije aktivan je u zajednici i medijima, gdje kroz analize, autorske kolumne i dru\u0161tveni anga\u017eman povezuje iskustvo \u017eivota u Americi sa realno\u0161\u0107u Balkana. Njegove pri\u010de otvaraju va\u017ene teme \u2014 od identiteta i politike, do kulture, dijaspore i dru\u0161tvenih transformacija. Prepoznat je kao glas dijaspore koji govori ono \u0161to mnogi misle, ali rijetko ko ka\u017ee.\",\"sameAs\":[\"http:\/\/radio-newyork.com\"],\"url\":\"https:\/\/radio-newyork.com\/?author=2\"}]}<\/script>\n<!-- \/ Yoast SEO plugin. -->","yoast_head_json":{"title":"MUSTAFA MRKULI\u0106 \u2013 MRKI - Radio New York","robots":{"index":"index","follow":"follow","max-snippet":"max-snippet:-1","max-image-preview":"max-image-preview:large","max-video-preview":"max-video-preview:-1"},"canonical":"https:\/\/radio-newyork.com\/?p=3740","og_locale":"en_US","og_type":"article","og_title":"MUSTAFA MRKULI\u0106 \u2013 MRKI - Radio New York","og_description":"Od Gusinja, preko sarajevskog ringa, do Astorije: pri\u010da o \u010dovjeku koji nikada nije zaboravio ni ljude ni zavi\u010daj Neke ljude u \u017eivotu oslovljavamo imenom i prezimenom. A nekima je dovoljan nadimak. Ka\u017eete samo \u2014 Mrki. I veliki broj na\u0161ih ljudi u New Yorku odmah zna o kome govorite. Mustafa Mrkuli\u0107. Gusinjanin. Bokser. Sportista. Ugostitelj. Poslovan [&hellip;]","og_url":"https:\/\/radio-newyork.com\/?p=3740","og_site_name":"Radio New York","article_published_time":"2026-09-03T12:44:10+00:00","article_modified_time":"2026-09-03T12:47:33+00:00","og_image":[{"width":1024,"height":551,"url":"https:\/\/radio-newyork.com\/wp-content\/uploads\/2026\/09\/Screenshot-2026-09-03-at-8.46.13-AM-1024x551.png","type":"image\/png"}],"author":"Ismet Rastoder","twitter_card":"summary_large_image","twitter_misc":{"Written by":"Ismet Rastoder","Est. reading time":"13 minutes"},"schema":{"@context":"https:\/\/schema.org","@graph":[{"@type":"Article","@id":"https:\/\/radio-newyork.com\/?p=3740#article","isPartOf":{"@id":"https:\/\/radio-newyork.com\/?p=3740"},"author":{"name":"Ismet Rastoder","@id":"https:\/\/radio-newyork.com\/#\/schema\/person\/e2f4dbf5b60fd9ac004d77b9e1b59559"},"headline":"MUSTAFA MRKULI\u0106 \u2013 MRKI","datePublished":"2026-09-03T12:44:10+00:00","dateModified":"2026-09-03T12:47:33+00:00","mainEntityOfPage":{"@id":"https:\/\/radio-newyork.com\/?p=3740"},"wordCount":2434,"commentCount":0,"publisher":{"@id":"https:\/\/radio-newyork.com\/#organization"},"image":{"@id":"https:\/\/radio-newyork.com\/?p=3740#primaryimage"},"thumbnailUrl":"https:\/\/radio-newyork.com\/wp-content\/uploads\/2026\/09\/Screenshot-2026-09-03-at-8.46.13-AM.png","inLanguage":"en-US","potentialAction":[{"@type":"CommentAction","name":"Comment","target":["https:\/\/radio-newyork.com\/?p=3740#respond"]}]},{"@type":"WebPage","@id":"https:\/\/radio-newyork.com\/?p=3740","url":"https:\/\/radio-newyork.com\/?p=3740","name":"MUSTAFA MRKULI\u0106 \u2013 MRKI - Radio New York","isPartOf":{"@id":"https:\/\/radio-newyork.com\/#website"},"primaryImageOfPage":{"@id":"https:\/\/radio-newyork.com\/?p=3740#primaryimage"},"image":{"@id":"https:\/\/radio-newyork.com\/?p=3740#primaryimage"},"thumbnailUrl":"https:\/\/radio-newyork.com\/wp-content\/uploads\/2026\/09\/Screenshot-2026-09-03-at-8.46.13-AM.png","datePublished":"2026-09-03T12:44:10+00:00","dateModified":"2026-09-03T12:47:33+00:00","breadcrumb":{"@id":"https:\/\/radio-newyork.com\/?p=3740#breadcrumb"},"inLanguage":"en-US","potentialAction":[{"@type":"ReadAction","target":["https:\/\/radio-newyork.com\/?p=3740"]}]},{"@type":"ImageObject","inLanguage":"en-US","@id":"https:\/\/radio-newyork.com\/?p=3740#primaryimage","url":"https:\/\/radio-newyork.com\/wp-content\/uploads\/2026\/09\/Screenshot-2026-09-03-at-8.46.13-AM.png","contentUrl":"https:\/\/radio-newyork.com\/wp-content\/uploads\/2026\/09\/Screenshot-2026-09-03-at-8.46.13-AM.png","width":2188,"height":1178},{"@type":"BreadcrumbList","@id":"https:\/\/radio-newyork.com\/?p=3740#breadcrumb","itemListElement":[{"@type":"ListItem","position":1,"name":"Home","item":"https:\/\/radio-newyork.com\/"},{"@type":"ListItem","position":2,"name":"MUSTAFA MRKULI\u0106 \u2013 MRKI"}]},{"@type":"WebSite","@id":"https:\/\/radio-newyork.com\/#website","url":"https:\/\/radio-newyork.com\/","name":"Radio New York","description":"Radio New York \u2014 Most Amerike i domovine","publisher":{"@id":"https:\/\/radio-newyork.com\/#organization"},"potentialAction":[{"@type":"SearchAction","target":{"@type":"EntryPoint","urlTemplate":"https:\/\/radio-newyork.com\/?s={search_term_string}"},"query-input":{"@type":"PropertyValueSpecification","valueRequired":true,"valueName":"search_term_string"}}],"inLanguage":"en-US"},{"@type":"Organization","@id":"https:\/\/radio-newyork.com\/#organization","name":"Radio New York","url":"https:\/\/radio-newyork.com\/","logo":{"@type":"ImageObject","inLanguage":"en-US","@id":"https:\/\/radio-newyork.com\/#\/schema\/logo\/image\/","url":"https:\/\/radio-newyork.com\/wp-content\/uploads\/2021\/12\/262517255_4571047313011643_1786418142376364479_n.jpg","contentUrl":"https:\/\/radio-newyork.com\/wp-content\/uploads\/2021\/12\/262517255_4571047313011643_1786418142376364479_n.jpg","width":212,"height":210,"caption":"Radio New York"},"image":{"@id":"https:\/\/radio-newyork.com\/#\/schema\/logo\/image\/"}},{"@type":"Person","@id":"https:\/\/radio-newyork.com\/#\/schema\/person\/e2f4dbf5b60fd9ac004d77b9e1b59559","name":"Ismet Rastoder","image":{"@type":"ImageObject","inLanguage":"en-US","@id":"https:\/\/radio-newyork.com\/#\/schema\/person\/image\/","url":"https:\/\/secure.gravatar.com\/avatar\/800e8dd1eac3e728e825b7d5c16c80b067c4a0557a2ce54986c89f6008f454bb?s=96&d=mm&r=g","contentUrl":"https:\/\/secure.gravatar.com\/avatar\/800e8dd1eac3e728e825b7d5c16c80b067c4a0557a2ce54986c89f6008f454bb?s=96&d=mm&r=g","caption":"Ismet Rastoder"},"description":"Ismet Rastoder je urednik i osniva\u010d portala Radio New York \u2014 medijskog prostora posve\u0107enog dijaspori, dru\u0161tvenoj istini i stvarnim \u017eivotnim pitanjima Balkana i Amerike. Poznat po direktnom stilu, hrabrim komentarima i beskompromisnoj borbi protiv nepravde, Rastoder donosi glas zajednice koja se \u010desto ne \u010duje, ali itekako postoji. Vi\u0161e od dvije decenije aktivan je u zajednici i medijima, gdje kroz analize, autorske kolumne i dru\u0161tveni anga\u017eman povezuje iskustvo \u017eivota u Americi sa realno\u0161\u0107u Balkana. Njegove pri\u010de otvaraju va\u017ene teme \u2014 od identiteta i politike, do kulture, dijaspore i dru\u0161tvenih transformacija. Prepoznat je kao glas dijaspore koji govori ono \u0161to mnogi misle, ali rijetko ko ka\u017ee.","sameAs":["http:\/\/radio-newyork.com"],"url":"https:\/\/radio-newyork.com\/?author=2"}]}},"_links":{"self":[{"href":"https:\/\/radio-newyork.com\/index.php?rest_route=\/wp\/v2\/posts\/3740","targetHints":{"allow":["GET"]}}],"collection":[{"href":"https:\/\/radio-newyork.com\/index.php?rest_route=\/wp\/v2\/posts"}],"about":[{"href":"https:\/\/radio-newyork.com\/index.php?rest_route=\/wp\/v2\/types\/post"}],"author":[{"embeddable":true,"href":"https:\/\/radio-newyork.com\/index.php?rest_route=\/wp\/v2\/users\/2"}],"replies":[{"embeddable":true,"href":"https:\/\/radio-newyork.com\/index.php?rest_route=%2Fwp%2Fv2%2Fcomments&post=3740"}],"version-history":[{"count":2,"href":"https:\/\/radio-newyork.com\/index.php?rest_route=\/wp\/v2\/posts\/3740\/revisions"}],"predecessor-version":[{"id":3756,"href":"https:\/\/radio-newyork.com\/index.php?rest_route=\/wp\/v2\/posts\/3740\/revisions\/3756"}],"wp:featuredmedia":[{"embeddable":true,"href":"https:\/\/radio-newyork.com\/index.php?rest_route=\/wp\/v2\/media\/3755"}],"wp:attachment":[{"href":"https:\/\/radio-newyork.com\/index.php?rest_route=%2Fwp%2Fv2%2Fmedia&parent=3740"}],"wp:term":[{"taxonomy":"category","embeddable":true,"href":"https:\/\/radio-newyork.com\/index.php?rest_route=%2Fwp%2Fv2%2Fcategories&post=3740"},{"taxonomy":"post_tag","embeddable":true,"href":"https:\/\/radio-newyork.com\/index.php?rest_route=%2Fwp%2Fv2%2Ftags&post=3740"}],"curies":[{"name":"wp","href":"https:\/\/api.w.org\/{rel}","templated":true}]}}