{"id":3735,"date":"2026-09-03T00:16:06","date_gmt":"2026-09-03T00:16:06","guid":{"rendered":"https:\/\/radio-newyork.com\/?p=3735"},"modified":"2026-09-03T00:16:06","modified_gmt":"2026-09-03T00:16:06","slug":"otisao-je-ivan-gudelj","status":"publish","type":"post","link":"https:\/\/radio-newyork.com\/?p=3735","title":{"rendered":"OTI\u0160AO JE IVAN GUDELJ"},"content":{"rendered":"\n<figure class=\"wp-block-image size-large\"><img loading=\"lazy\" decoding=\"async\" width=\"1024\" height=\"600\" src=\"https:\/\/radio-newyork.com\/wp-content\/uploads\/2026\/09\/U9WNd_WBpossS_Rc_NwrFa61ZSWi_YBdIxWVp5oGgv2lBc36LuR9E3teRzZ69Rj_FLxEMmVulERCXfitnFfmv1IrvO-VPQkeUOtDDOmpnAOAwLWHdIVaYA1oH99tSbwl-1024x600.jpg\" alt=\"\" class=\"wp-image-3736\" srcset=\"https:\/\/radio-newyork.com\/wp-content\/uploads\/2026\/09\/U9WNd_WBpossS_Rc_NwrFa61ZSWi_YBdIxWVp5oGgv2lBc36LuR9E3teRzZ69Rj_FLxEMmVulERCXfitnFfmv1IrvO-VPQkeUOtDDOmpnAOAwLWHdIVaYA1oH99tSbwl-1024x600.jpg 1024w, https:\/\/radio-newyork.com\/wp-content\/uploads\/2026\/09\/U9WNd_WBpossS_Rc_NwrFa61ZSWi_YBdIxWVp5oGgv2lBc36LuR9E3teRzZ69Rj_FLxEMmVulERCXfitnFfmv1IrvO-VPQkeUOtDDOmpnAOAwLWHdIVaYA1oH99tSbwl-300x176.jpg 300w, https:\/\/radio-newyork.com\/wp-content\/uploads\/2026\/09\/U9WNd_WBpossS_Rc_NwrFa61ZSWi_YBdIxWVp5oGgv2lBc36LuR9E3teRzZ69Rj_FLxEMmVulERCXfitnFfmv1IrvO-VPQkeUOtDDOmpnAOAwLWHdIVaYA1oH99tSbwl-767x449.jpg 767w, https:\/\/radio-newyork.com\/wp-content\/uploads\/2026\/09\/U9WNd_WBpossS_Rc_NwrFa61ZSWi_YBdIxWVp5oGgv2lBc36LuR9E3teRzZ69Rj_FLxEMmVulERCXfitnFfmv1IrvO-VPQkeUOtDDOmpnAOAwLWHdIVaYA1oH99tSbwl.jpg 1400w\" sizes=\"auto, (max-width: 1024px) 100vw, 1024px\" \/><\/figure>\n\n\n\n<p class=\"wp-block-paragraph\"><strong>Postoje fudbaleri koje pamtimo po golovima.<br>Postoje oni koje pamtimo po trofejima.<br>A postoje ljudi koje pamtimo po tome kako su podnijeli ono \u0161to im je \u017eivot donio.<\/strong><\/p>\n\n\n\n<p class=\"wp-block-paragraph\">Danas je oti\u0161ao jedan takav \u010dovjek.<\/p>\n\n\n\n<p class=\"wp-block-paragraph\"><strong>Preminuo je Ivan Gudelj. Imao je 66 godina.<\/strong><\/p>\n\n\n\n<p class=\"wp-block-paragraph\">Za moju generaciju Ivan Gudelj nije bio samo ime iz sportske statistike.<\/p>\n\n\n\n<p class=\"wp-block-paragraph\">Bio je jedan od simbola vremena kada se nedjeljom \u010dekao fudbal, kada se znalo ko igra za Hajduk, ko za Zvezdu, Partizan, Dinamo, Sarajevo ili \u017deljezni\u010dar \u2014 i kada je cijela Jugoslavija znala ko je Ivan Gudelj.<\/p>\n\n\n\n<p class=\"wp-block-paragraph\">Ro\u0111en 1960. godine u Imotskom, odrastao u Zmijavcima, kao petnaestogodi\u0161njak stigao je u Hajduk.<\/p>\n\n\n\n<p class=\"wp-block-paragraph\">A onda je krenuo nevjerovatan uspon.<\/p>\n\n\n\n<p class=\"wp-block-paragraph\">Za Hajduk je odigrao <strong>362 utakmice i postigao 93 gola<\/strong>. Bio je prvak Jugoslavije, osvaja\u010d Kupa, igrao velike evropske utakmice i postao jedan od najboljih fudbalera svoje generacije.<\/p>\n\n\n\n<p class=\"wp-block-paragraph\">Za reprezentaciju Jugoslavije odigrao je <strong>33 utakmice<\/strong>, igrao na Svjetskom prvenstvu 1982. u \u0160paniji i Evropskom prvenstvu 1984. godine.<\/p>\n\n\n\n<p class=\"wp-block-paragraph\">A 1982. postao je <strong>najmla\u0111i kapiten reprezentacije Jugoslavije.<\/strong><\/p>\n\n\n\n<p class=\"wp-block-paragraph\">I tek mu je bilo <strong>26 godina<\/strong>.<\/p>\n\n\n\n<p class=\"wp-block-paragraph\">Pred njim je trebalo da budu najbolje godine.<\/p>\n\n\n\n<p class=\"wp-block-paragraph\">Za njega se interesovao \u010dak i veliki Real Madrid.<\/p>\n\n\n\n<p class=\"wp-block-paragraph\">A onda \u2014 jedna utakmica promijenila je sve.<\/p>\n\n\n\n<p class=\"wp-block-paragraph\">Septembar 1986.<br>Poljud.<br>Hajduk \u2013 Crvena zvezda.<\/p>\n\n\n\n<p class=\"wp-block-paragraph\">Gudelj vi\u0161e nije mogao.<\/p>\n\n\n\n<p class=\"wp-block-paragraph\">Pregledi su pokazali \u2014 <strong>hepatitis B.<\/strong><\/p>\n\n\n\n<p class=\"wp-block-paragraph\">I \u010dovjek koji je trebalo da osvaja evropske stadione vi\u0161e nikada nije odigrao profesionalnu utakmicu.<\/p>\n\n\n\n<p class=\"wp-block-paragraph\">Ali mo\u017eda upravo tu po\u010dinje najve\u0107a utakmica Ivana Gudelja.<\/p>\n\n\n\n<p class=\"wp-block-paragraph\">Ne ona protiv Zvezde.<br>Ne protiv Reala.<br>Ne na Svjetskom prvenstvu.<\/p>\n\n\n\n<p class=\"wp-block-paragraph\"><strong>Nego utakmica sa \u017eivotom.<\/strong><\/p>\n\n\n\n<p class=\"wp-block-paragraph\">Borba je trajala decenijama.<\/p>\n\n\n\n<p class=\"wp-block-paragraph\">Pro\u0161ao je lije\u010denja, razo\u010daranja, strah, pa \u010dak i vrijeme kada su ga ljudi zbog neznanja o njegovoj bolesti izbjegavali i pla\u0161ili se da mu pru\u017ee ruku.<\/p>\n\n\n\n<p class=\"wp-block-paragraph\">I nije odustao.<\/p>\n\n\n\n<p class=\"wp-block-paragraph\">Ostao je u fudbalu. Postao trener, radio sa mladim igra\u010dima, zavr\u0161io fakultet i svoje iskustvo prenosio generacijama koje su dolazile poslije njega.<\/p>\n\n\n\n<p class=\"wp-block-paragraph\">A onda je, poslije vi\u0161e od tri decenije borbe, 2023. stigla vijest koju je \u010dekao gotovo cijeli \u017eivot:<\/p>\n\n\n\n<p class=\"wp-block-paragraph\"><strong>u njegovoj krvi vi\u0161e nije bilo virusa hepatitisa B.<\/strong><\/p>\n\n\n\n<p class=\"wp-block-paragraph\">Zato danas, kada ka\u017eemo da je umro Ivan Gudelj, ne odlazi samo jedan veliki fudbaler.<\/p>\n\n\n\n<p class=\"wp-block-paragraph\">Odlazi dio jedne generacije.<br>Dio jednog vremena.<br>Dio na\u0161ih nedjelja pred televizorom.<\/p>\n\n\n\n<p class=\"wp-block-paragraph\">\u010covjek kojem je \u017eivot u 26. godini rekao:<\/p>\n\n\n\n<p class=\"wp-block-paragraph\"><strong>\u201eGotovo je.\u201c<\/strong><\/p>\n\n\n\n<p class=\"wp-block-paragraph\">A on je svojim \u017eivotom odgovorio:<\/p>\n\n\n\n<p class=\"wp-block-paragraph\"><strong>\u201eNije.\u201c<\/strong><\/p>\n\n\n\n<p class=\"wp-block-paragraph\">I mo\u017eda je upravo to najve\u0107a pobjeda Ivana Gudelja.<\/p>\n\n\n\n<p class=\"wp-block-paragraph\">Trofeji ostaju u vitrinama.<br>Rezultati ostaju u knjigama.<\/p>\n\n\n\n<p class=\"wp-block-paragraph\"><strong>Ali na\u010din na koji \u010dovjek ustane kada ga \u017eivot obori \u2014 ostaje me\u0111u ljudima.<\/strong><\/p>\n\n\n\n<p class=\"wp-block-paragraph\">Po\u010divaj u miru, Ivane.<\/p>\n\n\n\n<p class=\"wp-block-paragraph\"><strong>Radio New York upu\u0107uje iskreno sau\u010de\u0161\u0107e njegovoj porodici, prijateljima, Hajduku i svima koji su ga voljeli i pamtili.<\/strong><\/p>\n\n\n\n<p class=\"wp-block-paragraph\"><strong>Adio, veliki Ivane Gudelj.<\/strong><\/p>\n\n\n\n<p class=\"wp-block-paragraph\"><\/p>\n","protected":false},"excerpt":{"rendered":"<p>Postoje fudbaleri koje pamtimo po golovima.Postoje oni koje pamtimo po trofejima.A postoje ljudi koje pamtimo po tome kako su podnijeli ono \u0161to im je \u017eivot donio. Danas je oti\u0161ao jedan takav \u010dovjek. Preminuo je Ivan Gudelj. Imao je 66 godina. Za moju generaciju Ivan Gudelj nije bio samo ime iz sportske statistike. Bio je jedan [&hellip;]<\/p>\n","protected":false},"author":2,"featured_media":3736,"comment_status":"open","ping_status":"open","sticky":false,"template":"","format":"standard","meta":{"footnotes":""},"categories":[1],"tags":[],"class_list":["post-3735","post","type-post","status-publish","format-standard","has-post-thumbnail","hentry","category-uncategorized"],"acf":[],"yoast_head":"<!-- This site is optimized with the Yoast SEO plugin v26.2 - https:\/\/yoast.com\/wordpress\/plugins\/seo\/ -->\n<title>OTI\u0160AO JE IVAN GUDELJ - Radio New York<\/title>\n<meta name=\"robots\" content=\"index, follow, max-snippet:-1, max-image-preview:large, max-video-preview:-1\" \/>\n<link rel=\"canonical\" href=\"https:\/\/radio-newyork.com\/?p=3735\" \/>\n<meta property=\"og:locale\" content=\"en_US\" \/>\n<meta property=\"og:type\" content=\"article\" \/>\n<meta property=\"og:title\" content=\"OTI\u0160AO JE IVAN GUDELJ - Radio New York\" \/>\n<meta property=\"og:description\" content=\"Postoje fudbaleri koje pamtimo po golovima.Postoje oni koje pamtimo po trofejima.A postoje ljudi koje pamtimo po tome kako su podnijeli ono \u0161to im je \u017eivot donio. Danas je oti\u0161ao jedan takav \u010dovjek. Preminuo je Ivan Gudelj. Imao je 66 godina. Za moju generaciju Ivan Gudelj nije bio samo ime iz sportske statistike. Bio je jedan [&hellip;]\" \/>\n<meta property=\"og:url\" content=\"https:\/\/radio-newyork.com\/?p=3735\" \/>\n<meta property=\"og:site_name\" content=\"Radio New York\" \/>\n<meta property=\"article:published_time\" content=\"2026-09-03T00:16:06+00:00\" \/>\n<meta property=\"og:image\" content=\"https:\/\/radio-newyork.com\/wp-content\/uploads\/2026\/09\/U9WNd_WBpossS_Rc_NwrFa61ZSWi_YBdIxWVp5oGgv2lBc36LuR9E3teRzZ69Rj_FLxEMmVulERCXfitnFfmv1IrvO-VPQkeUOtDDOmpnAOAwLWHdIVaYA1oH99tSbwl.jpg\" \/>\n\t<meta property=\"og:image:width\" content=\"1400\" \/>\n\t<meta property=\"og:image:height\" content=\"820\" \/>\n\t<meta property=\"og:image:type\" content=\"image\/jpeg\" \/>\n<meta name=\"author\" content=\"Ismet Rastoder\" \/>\n<meta name=\"twitter:card\" content=\"summary_large_image\" \/>\n<meta name=\"twitter:label1\" content=\"Written by\" \/>\n\t<meta name=\"twitter:data1\" content=\"Ismet Rastoder\" \/>\n\t<meta name=\"twitter:label2\" content=\"Est. reading time\" \/>\n\t<meta name=\"twitter:data2\" content=\"3 minutes\" \/>\n<script type=\"application\/ld+json\" class=\"yoast-schema-graph\">{\"@context\":\"https:\/\/schema.org\",\"@graph\":[{\"@type\":\"Article\",\"@id\":\"https:\/\/radio-newyork.com\/?p=3735#article\",\"isPartOf\":{\"@id\":\"https:\/\/radio-newyork.com\/?p=3735\"},\"author\":{\"name\":\"Ismet Rastoder\",\"@id\":\"https:\/\/radio-newyork.com\/#\/schema\/person\/e2f4dbf5b60fd9ac004d77b9e1b59559\"},\"headline\":\"OTI\u0160AO JE IVAN GUDELJ\",\"datePublished\":\"2026-09-03T00:16:06+00:00\",\"mainEntityOfPage\":{\"@id\":\"https:\/\/radio-newyork.com\/?p=3735\"},\"wordCount\":454,\"commentCount\":0,\"publisher\":{\"@id\":\"https:\/\/radio-newyork.com\/#organization\"},\"image\":{\"@id\":\"https:\/\/radio-newyork.com\/?p=3735#primaryimage\"},\"thumbnailUrl\":\"https:\/\/radio-newyork.com\/wp-content\/uploads\/2026\/09\/U9WNd_WBpossS_Rc_NwrFa61ZSWi_YBdIxWVp5oGgv2lBc36LuR9E3teRzZ69Rj_FLxEMmVulERCXfitnFfmv1IrvO-VPQkeUOtDDOmpnAOAwLWHdIVaYA1oH99tSbwl.jpg\",\"inLanguage\":\"en-US\",\"potentialAction\":[{\"@type\":\"CommentAction\",\"name\":\"Comment\",\"target\":[\"https:\/\/radio-newyork.com\/?p=3735#respond\"]}]},{\"@type\":\"WebPage\",\"@id\":\"https:\/\/radio-newyork.com\/?p=3735\",\"url\":\"https:\/\/radio-newyork.com\/?p=3735\",\"name\":\"OTI\u0160AO JE IVAN GUDELJ - Radio New York\",\"isPartOf\":{\"@id\":\"https:\/\/radio-newyork.com\/#website\"},\"primaryImageOfPage\":{\"@id\":\"https:\/\/radio-newyork.com\/?p=3735#primaryimage\"},\"image\":{\"@id\":\"https:\/\/radio-newyork.com\/?p=3735#primaryimage\"},\"thumbnailUrl\":\"https:\/\/radio-newyork.com\/wp-content\/uploads\/2026\/09\/U9WNd_WBpossS_Rc_NwrFa61ZSWi_YBdIxWVp5oGgv2lBc36LuR9E3teRzZ69Rj_FLxEMmVulERCXfitnFfmv1IrvO-VPQkeUOtDDOmpnAOAwLWHdIVaYA1oH99tSbwl.jpg\",\"datePublished\":\"2026-09-03T00:16:06+00:00\",\"breadcrumb\":{\"@id\":\"https:\/\/radio-newyork.com\/?p=3735#breadcrumb\"},\"inLanguage\":\"en-US\",\"potentialAction\":[{\"@type\":\"ReadAction\",\"target\":[\"https:\/\/radio-newyork.com\/?p=3735\"]}]},{\"@type\":\"ImageObject\",\"inLanguage\":\"en-US\",\"@id\":\"https:\/\/radio-newyork.com\/?p=3735#primaryimage\",\"url\":\"https:\/\/radio-newyork.com\/wp-content\/uploads\/2026\/09\/U9WNd_WBpossS_Rc_NwrFa61ZSWi_YBdIxWVp5oGgv2lBc36LuR9E3teRzZ69Rj_FLxEMmVulERCXfitnFfmv1IrvO-VPQkeUOtDDOmpnAOAwLWHdIVaYA1oH99tSbwl.jpg\",\"contentUrl\":\"https:\/\/radio-newyork.com\/wp-content\/uploads\/2026\/09\/U9WNd_WBpossS_Rc_NwrFa61ZSWi_YBdIxWVp5oGgv2lBc36LuR9E3teRzZ69Rj_FLxEMmVulERCXfitnFfmv1IrvO-VPQkeUOtDDOmpnAOAwLWHdIVaYA1oH99tSbwl.jpg\",\"width\":1400,\"height\":820},{\"@type\":\"BreadcrumbList\",\"@id\":\"https:\/\/radio-newyork.com\/?p=3735#breadcrumb\",\"itemListElement\":[{\"@type\":\"ListItem\",\"position\":1,\"name\":\"Home\",\"item\":\"https:\/\/radio-newyork.com\/\"},{\"@type\":\"ListItem\",\"position\":2,\"name\":\"OTI\u0160AO JE IVAN GUDELJ\"}]},{\"@type\":\"WebSite\",\"@id\":\"https:\/\/radio-newyork.com\/#website\",\"url\":\"https:\/\/radio-newyork.com\/\",\"name\":\"Radio New York\",\"description\":\"Radio New York \u2014 Most Amerike i domovine\",\"publisher\":{\"@id\":\"https:\/\/radio-newyork.com\/#organization\"},\"potentialAction\":[{\"@type\":\"SearchAction\",\"target\":{\"@type\":\"EntryPoint\",\"urlTemplate\":\"https:\/\/radio-newyork.com\/?s={search_term_string}\"},\"query-input\":{\"@type\":\"PropertyValueSpecification\",\"valueRequired\":true,\"valueName\":\"search_term_string\"}}],\"inLanguage\":\"en-US\"},{\"@type\":\"Organization\",\"@id\":\"https:\/\/radio-newyork.com\/#organization\",\"name\":\"Radio New York\",\"url\":\"https:\/\/radio-newyork.com\/\",\"logo\":{\"@type\":\"ImageObject\",\"inLanguage\":\"en-US\",\"@id\":\"https:\/\/radio-newyork.com\/#\/schema\/logo\/image\/\",\"url\":\"https:\/\/radio-newyork.com\/wp-content\/uploads\/2021\/12\/262517255_4571047313011643_1786418142376364479_n.jpg\",\"contentUrl\":\"https:\/\/radio-newyork.com\/wp-content\/uploads\/2021\/12\/262517255_4571047313011643_1786418142376364479_n.jpg\",\"width\":212,\"height\":210,\"caption\":\"Radio New York\"},\"image\":{\"@id\":\"https:\/\/radio-newyork.com\/#\/schema\/logo\/image\/\"}},{\"@type\":\"Person\",\"@id\":\"https:\/\/radio-newyork.com\/#\/schema\/person\/e2f4dbf5b60fd9ac004d77b9e1b59559\",\"name\":\"Ismet Rastoder\",\"image\":{\"@type\":\"ImageObject\",\"inLanguage\":\"en-US\",\"@id\":\"https:\/\/radio-newyork.com\/#\/schema\/person\/image\/\",\"url\":\"https:\/\/secure.gravatar.com\/avatar\/800e8dd1eac3e728e825b7d5c16c80b067c4a0557a2ce54986c89f6008f454bb?s=96&d=mm&r=g\",\"contentUrl\":\"https:\/\/secure.gravatar.com\/avatar\/800e8dd1eac3e728e825b7d5c16c80b067c4a0557a2ce54986c89f6008f454bb?s=96&d=mm&r=g\",\"caption\":\"Ismet Rastoder\"},\"description\":\"Ismet Rastoder je urednik i osniva\u010d portala Radio New York \u2014 medijskog prostora posve\u0107enog dijaspori, dru\u0161tvenoj istini i stvarnim \u017eivotnim pitanjima Balkana i Amerike. Poznat po direktnom stilu, hrabrim komentarima i beskompromisnoj borbi protiv nepravde, Rastoder donosi glas zajednice koja se \u010desto ne \u010duje, ali itekako postoji. Vi\u0161e od dvije decenije aktivan je u zajednici i medijima, gdje kroz analize, autorske kolumne i dru\u0161tveni anga\u017eman povezuje iskustvo \u017eivota u Americi sa realno\u0161\u0107u Balkana. Njegove pri\u010de otvaraju va\u017ene teme \u2014 od identiteta i politike, do kulture, dijaspore i dru\u0161tvenih transformacija. Prepoznat je kao glas dijaspore koji govori ono \u0161to mnogi misle, ali rijetko ko ka\u017ee.\",\"sameAs\":[\"http:\/\/radio-newyork.com\"],\"url\":\"https:\/\/radio-newyork.com\/?author=2\"}]}<\/script>\n<!-- \/ Yoast SEO plugin. -->","yoast_head_json":{"title":"OTI\u0160AO JE IVAN GUDELJ - Radio New York","robots":{"index":"index","follow":"follow","max-snippet":"max-snippet:-1","max-image-preview":"max-image-preview:large","max-video-preview":"max-video-preview:-1"},"canonical":"https:\/\/radio-newyork.com\/?p=3735","og_locale":"en_US","og_type":"article","og_title":"OTI\u0160AO JE IVAN GUDELJ - Radio New York","og_description":"Postoje fudbaleri koje pamtimo po golovima.Postoje oni koje pamtimo po trofejima.A postoje ljudi koje pamtimo po tome kako su podnijeli ono \u0161to im je \u017eivot donio. Danas je oti\u0161ao jedan takav \u010dovjek. Preminuo je Ivan Gudelj. Imao je 66 godina. Za moju generaciju Ivan Gudelj nije bio samo ime iz sportske statistike. Bio je jedan [&hellip;]","og_url":"https:\/\/radio-newyork.com\/?p=3735","og_site_name":"Radio New York","article_published_time":"2026-09-03T00:16:06+00:00","og_image":[{"width":1400,"height":820,"url":"https:\/\/radio-newyork.com\/wp-content\/uploads\/2026\/09\/U9WNd_WBpossS_Rc_NwrFa61ZSWi_YBdIxWVp5oGgv2lBc36LuR9E3teRzZ69Rj_FLxEMmVulERCXfitnFfmv1IrvO-VPQkeUOtDDOmpnAOAwLWHdIVaYA1oH99tSbwl.jpg","type":"image\/jpeg"}],"author":"Ismet Rastoder","twitter_card":"summary_large_image","twitter_misc":{"Written by":"Ismet Rastoder","Est. reading time":"3 minutes"},"schema":{"@context":"https:\/\/schema.org","@graph":[{"@type":"Article","@id":"https:\/\/radio-newyork.com\/?p=3735#article","isPartOf":{"@id":"https:\/\/radio-newyork.com\/?p=3735"},"author":{"name":"Ismet Rastoder","@id":"https:\/\/radio-newyork.com\/#\/schema\/person\/e2f4dbf5b60fd9ac004d77b9e1b59559"},"headline":"OTI\u0160AO JE IVAN GUDELJ","datePublished":"2026-09-03T00:16:06+00:00","mainEntityOfPage":{"@id":"https:\/\/radio-newyork.com\/?p=3735"},"wordCount":454,"commentCount":0,"publisher":{"@id":"https:\/\/radio-newyork.com\/#organization"},"image":{"@id":"https:\/\/radio-newyork.com\/?p=3735#primaryimage"},"thumbnailUrl":"https:\/\/radio-newyork.com\/wp-content\/uploads\/2026\/09\/U9WNd_WBpossS_Rc_NwrFa61ZSWi_YBdIxWVp5oGgv2lBc36LuR9E3teRzZ69Rj_FLxEMmVulERCXfitnFfmv1IrvO-VPQkeUOtDDOmpnAOAwLWHdIVaYA1oH99tSbwl.jpg","inLanguage":"en-US","potentialAction":[{"@type":"CommentAction","name":"Comment","target":["https:\/\/radio-newyork.com\/?p=3735#respond"]}]},{"@type":"WebPage","@id":"https:\/\/radio-newyork.com\/?p=3735","url":"https:\/\/radio-newyork.com\/?p=3735","name":"OTI\u0160AO JE IVAN GUDELJ - Radio New York","isPartOf":{"@id":"https:\/\/radio-newyork.com\/#website"},"primaryImageOfPage":{"@id":"https:\/\/radio-newyork.com\/?p=3735#primaryimage"},"image":{"@id":"https:\/\/radio-newyork.com\/?p=3735#primaryimage"},"thumbnailUrl":"https:\/\/radio-newyork.com\/wp-content\/uploads\/2026\/09\/U9WNd_WBpossS_Rc_NwrFa61ZSWi_YBdIxWVp5oGgv2lBc36LuR9E3teRzZ69Rj_FLxEMmVulERCXfitnFfmv1IrvO-VPQkeUOtDDOmpnAOAwLWHdIVaYA1oH99tSbwl.jpg","datePublished":"2026-09-03T00:16:06+00:00","breadcrumb":{"@id":"https:\/\/radio-newyork.com\/?p=3735#breadcrumb"},"inLanguage":"en-US","potentialAction":[{"@type":"ReadAction","target":["https:\/\/radio-newyork.com\/?p=3735"]}]},{"@type":"ImageObject","inLanguage":"en-US","@id":"https:\/\/radio-newyork.com\/?p=3735#primaryimage","url":"https:\/\/radio-newyork.com\/wp-content\/uploads\/2026\/09\/U9WNd_WBpossS_Rc_NwrFa61ZSWi_YBdIxWVp5oGgv2lBc36LuR9E3teRzZ69Rj_FLxEMmVulERCXfitnFfmv1IrvO-VPQkeUOtDDOmpnAOAwLWHdIVaYA1oH99tSbwl.jpg","contentUrl":"https:\/\/radio-newyork.com\/wp-content\/uploads\/2026\/09\/U9WNd_WBpossS_Rc_NwrFa61ZSWi_YBdIxWVp5oGgv2lBc36LuR9E3teRzZ69Rj_FLxEMmVulERCXfitnFfmv1IrvO-VPQkeUOtDDOmpnAOAwLWHdIVaYA1oH99tSbwl.jpg","width":1400,"height":820},{"@type":"BreadcrumbList","@id":"https:\/\/radio-newyork.com\/?p=3735#breadcrumb","itemListElement":[{"@type":"ListItem","position":1,"name":"Home","item":"https:\/\/radio-newyork.com\/"},{"@type":"ListItem","position":2,"name":"OTI\u0160AO JE IVAN GUDELJ"}]},{"@type":"WebSite","@id":"https:\/\/radio-newyork.com\/#website","url":"https:\/\/radio-newyork.com\/","name":"Radio New York","description":"Radio New York \u2014 Most Amerike i domovine","publisher":{"@id":"https:\/\/radio-newyork.com\/#organization"},"potentialAction":[{"@type":"SearchAction","target":{"@type":"EntryPoint","urlTemplate":"https:\/\/radio-newyork.com\/?s={search_term_string}"},"query-input":{"@type":"PropertyValueSpecification","valueRequired":true,"valueName":"search_term_string"}}],"inLanguage":"en-US"},{"@type":"Organization","@id":"https:\/\/radio-newyork.com\/#organization","name":"Radio New York","url":"https:\/\/radio-newyork.com\/","logo":{"@type":"ImageObject","inLanguage":"en-US","@id":"https:\/\/radio-newyork.com\/#\/schema\/logo\/image\/","url":"https:\/\/radio-newyork.com\/wp-content\/uploads\/2021\/12\/262517255_4571047313011643_1786418142376364479_n.jpg","contentUrl":"https:\/\/radio-newyork.com\/wp-content\/uploads\/2021\/12\/262517255_4571047313011643_1786418142376364479_n.jpg","width":212,"height":210,"caption":"Radio New York"},"image":{"@id":"https:\/\/radio-newyork.com\/#\/schema\/logo\/image\/"}},{"@type":"Person","@id":"https:\/\/radio-newyork.com\/#\/schema\/person\/e2f4dbf5b60fd9ac004d77b9e1b59559","name":"Ismet Rastoder","image":{"@type":"ImageObject","inLanguage":"en-US","@id":"https:\/\/radio-newyork.com\/#\/schema\/person\/image\/","url":"https:\/\/secure.gravatar.com\/avatar\/800e8dd1eac3e728e825b7d5c16c80b067c4a0557a2ce54986c89f6008f454bb?s=96&d=mm&r=g","contentUrl":"https:\/\/secure.gravatar.com\/avatar\/800e8dd1eac3e728e825b7d5c16c80b067c4a0557a2ce54986c89f6008f454bb?s=96&d=mm&r=g","caption":"Ismet Rastoder"},"description":"Ismet Rastoder je urednik i osniva\u010d portala Radio New York \u2014 medijskog prostora posve\u0107enog dijaspori, dru\u0161tvenoj istini i stvarnim \u017eivotnim pitanjima Balkana i Amerike. Poznat po direktnom stilu, hrabrim komentarima i beskompromisnoj borbi protiv nepravde, Rastoder donosi glas zajednice koja se \u010desto ne \u010duje, ali itekako postoji. Vi\u0161e od dvije decenije aktivan je u zajednici i medijima, gdje kroz analize, autorske kolumne i dru\u0161tveni anga\u017eman povezuje iskustvo \u017eivota u Americi sa realno\u0161\u0107u Balkana. Njegove pri\u010de otvaraju va\u017ene teme \u2014 od identiteta i politike, do kulture, dijaspore i dru\u0161tvenih transformacija. Prepoznat je kao glas dijaspore koji govori ono \u0161to mnogi misle, ali rijetko ko ka\u017ee.","sameAs":["http:\/\/radio-newyork.com"],"url":"https:\/\/radio-newyork.com\/?author=2"}]}},"_links":{"self":[{"href":"https:\/\/radio-newyork.com\/index.php?rest_route=\/wp\/v2\/posts\/3735","targetHints":{"allow":["GET"]}}],"collection":[{"href":"https:\/\/radio-newyork.com\/index.php?rest_route=\/wp\/v2\/posts"}],"about":[{"href":"https:\/\/radio-newyork.com\/index.php?rest_route=\/wp\/v2\/types\/post"}],"author":[{"embeddable":true,"href":"https:\/\/radio-newyork.com\/index.php?rest_route=\/wp\/v2\/users\/2"}],"replies":[{"embeddable":true,"href":"https:\/\/radio-newyork.com\/index.php?rest_route=%2Fwp%2Fv2%2Fcomments&post=3735"}],"version-history":[{"count":1,"href":"https:\/\/radio-newyork.com\/index.php?rest_route=\/wp\/v2\/posts\/3735\/revisions"}],"predecessor-version":[{"id":3737,"href":"https:\/\/radio-newyork.com\/index.php?rest_route=\/wp\/v2\/posts\/3735\/revisions\/3737"}],"wp:featuredmedia":[{"embeddable":true,"href":"https:\/\/radio-newyork.com\/index.php?rest_route=\/wp\/v2\/media\/3736"}],"wp:attachment":[{"href":"https:\/\/radio-newyork.com\/index.php?rest_route=%2Fwp%2Fv2%2Fmedia&parent=3735"}],"wp:term":[{"taxonomy":"category","embeddable":true,"href":"https:\/\/radio-newyork.com\/index.php?rest_route=%2Fwp%2Fv2%2Fcategories&post=3735"},{"taxonomy":"post_tag","embeddable":true,"href":"https:\/\/radio-newyork.com\/index.php?rest_route=%2Fwp%2Fv2%2Ftags&post=3735"}],"curies":[{"name":"wp","href":"https:\/\/api.w.org\/{rel}","templated":true}]}}