{"id":3731,"date":"2026-09-02T10:53:16","date_gmt":"2026-09-02T10:53:16","guid":{"rendered":"https:\/\/radio-newyork.com\/?p=3731"},"modified":"2026-09-02T10:53:17","modified_gmt":"2026-09-02T10:53:17","slug":"od-fudbalskog-dresa-do-operacione-sale-plavljanin-almir-dzurlic-postao-je-ime-savremene-neurohirurgije","status":"publish","type":"post","link":"https:\/\/radio-newyork.com\/?p=3731","title":{"rendered":"OD FUDBALSKOG DRESA DO OPERACIONE SALE: PLAVLJANIN ALMIR D\u017dURLI\u0106 POSTAO JE IME SAVREMENE NEUROHIRURGIJE"},"content":{"rendered":"\n<figure class=\"wp-block-image size-large\"><img loading=\"lazy\" decoding=\"async\" width=\"1024\" height=\"819\" src=\"https:\/\/radio-newyork.com\/wp-content\/uploads\/2026\/09\/5BE6B072-7572-46F7-92A0-3C89E6466439-1024x819.png\" alt=\"\" class=\"wp-image-3732\" srcset=\"https:\/\/radio-newyork.com\/wp-content\/uploads\/2026\/09\/5BE6B072-7572-46F7-92A0-3C89E6466439-1024x819.png 1024w, https:\/\/radio-newyork.com\/wp-content\/uploads\/2026\/09\/5BE6B072-7572-46F7-92A0-3C89E6466439-300x240.png 300w, https:\/\/radio-newyork.com\/wp-content\/uploads\/2026\/09\/5BE6B072-7572-46F7-92A0-3C89E6466439-767x614.png 767w, https:\/\/radio-newyork.com\/wp-content\/uploads\/2026\/09\/5BE6B072-7572-46F7-92A0-3C89E6466439.png 1402w\" sizes=\"auto, (max-width: 1024px) 100vw, 1024px\" \/><\/figure>\n\n\n\n<h2 class=\"wp-block-heading\">Kao sedamnaestogodi\u0161njak nosio je dres pra\u0161ke Slavije, trenirao sa Edinom D\u017eekom i igrao u Americi. Umjesto stadiona izabrao je medicinu, a danas operi\u0161e tumore mozga, aneurizme i najte\u017ea oboljenja ki\u010dme. I gdje god da ga je \u017eivot odveo, jedno mjesto nikada nije napustilo njega \u2013 rodni Plav.<\/h2>\n\n\n\n<p class=\"wp-block-paragraph\">Postoje ljudi \u010diji bi jedan \u017eivotni put bio dovoljan za dvije potpuno razli\u010dite biografije.<\/p>\n\n\n\n<p class=\"wp-block-paragraph\">Jedna bi govorila o talentovanom dje\u010daku iz Plava koji je preko FK Jezero stigao do sarajevskog \u017deljezni\u010dara, ameri\u010dkog koled\u017ea i dresa slavne pra\u0161ke Slavije.<\/p>\n\n\n\n<p class=\"wp-block-paragraph\">Druga bi govorila o neurohirurgu, doktoru medicinskih nauka, univerzitetskom profesoru i ljekaru koji ulazi u operacionu salu onda kada se odlu\u010duje o najva\u017enijem \u2013 ljudskom \u017eivotu.<\/p>\n\n\n\n<p class=\"wp-block-paragraph\">Kod docenta doktora Almira D\u017eurli\u0107a te dvije pri\u010de spojile su se u jednu.<\/p>\n\n\n\n<p class=\"wp-block-paragraph\">Ro\u0111en je 7. aprila 1986. godine u Beranama, a odrastao je i \u0161kolovao se u Plavu. Prema njegovoj slu\u017ebenoj biografiji, zavr\u0161io je Osnovnu \u0161kolu \u201eHajro \u0160ahmanovi\u0107\u201c, a zatim Srednju \u0161kolu \u201eBe\u0107o Ba\u0161i\u0107\u201c. Jo\u0161 kao dje\u010dak pokazivao je veliki fudbalski talenat.<\/p>\n\n\n\n<p class=\"wp-block-paragraph\">Igrao je za mla\u0111e kategorije FK Jezero, potom za sarajevski \u017deljezni\u010dar, gdje je svla\u010dionicu dijelio sa Edinom D\u017eekom. Jedno polugodi\u0161te proveo je u New Jerseyju, igraju\u0107i za ameri\u010dki koled\u017e i istovremeno zavr\u0161avaju\u0107i \u0161kolu. Sa svega 17 godina dobio je priliku i u pra\u0161koj Slaviji.<\/p>\n\n\n\n<p class=\"wp-block-paragraph\">Pred njim su se otvorila vrata ozbiljne fudbalske karijere.<\/p>\n\n\n\n<p class=\"wp-block-paragraph\">A onda je jedna o\u010deva re\u010denica promijenila pravac njegovog \u017eivota:<\/p>\n\n\n\n<p class=\"wp-block-paragraph\">\u201eSine, ako se povrijedi\u0161, osta\u0107e\u0161 bez \u0161kole, bez svega.\u201c<\/p>\n\n\n\n<p class=\"wp-block-paragraph\">Almir je poslu\u0161ao roditelje i vratio se obrazovanju. Stadion, navija\u010de i fudbalske reflektore zamijenio je knjigama, bolni\u010dkim hodnicima i operacionom salom.<\/p>\n\n\n\n<h2 class=\"wp-block-heading\">MEDICINU JE ZAVR\u0160IO U ROKU<\/h2>\n\n\n\n<p class=\"wp-block-paragraph\">Medicinski fakultet Univerziteta u Sarajevu upisao je 2005, a zavr\u0161io 2011. godine. Prema njegovim navodima, studirao je sa prosje\u010dnom ocjenom 9,1.<\/p>\n\n\n\n<p class=\"wp-block-paragraph\">Ve\u0107 od tre\u0107e godine studija volontirao je na Klinici za neurohirurgiju. Dok su njegove kolege koristile ljetne raspuste, on je vrijeme provodio na klinici, pratio de\u017eurstva i upoznavao jedan od najzahtjevnijih dijelova medicine \u2013 ljudski mozak, ki\u010dmenu mo\u017edinu i nervni sistem.<\/p>\n\n\n\n<p class=\"wp-block-paragraph\">Specijalizaciju iz neurohirurgije na Klini\u010dkom centru Univerziteta u Sarajevu zapo\u010deo je krajem 2011. godine, a zavr\u0161io 2017. Njegov univerzitetski CV navodi da je od tada certificirani specijalista neurohirurgije.<\/p>\n\n\n\n<p class=\"wp-block-paragraph\">Doktorsku disertaciju odbranio je 2023. godine na Medicinskom fakultetu Univerziteta u Sarajevu. Istra\u017eivao je povezanost mutacija gena IDH1 sa epilepti\u010dnim napadima kod pacijenata koji imaju odre\u0111ene vrste tumora mozga.<\/p>\n\n\n\n<p class=\"wp-block-paragraph\">Nakon toga izabran je za docenta hirurgije na Sarajevo School of Science and Technology \u2013 SSST. U biografiji se navodi i kao sekretar Udru\u017eenja neurohirurga Bosne i Hercegovine.<\/p>\n\n\n\n<p class=\"wp-block-paragraph\">Na Klinici za neurohirurgiju KCUS-a radio je kao neurohirurg i rukovodilac intenzivne njege i operacionih sala, dok ga bolnica Medicana Sarajevo danas predstavlja kao specijalistu za minimalno invazivne operacije ki\u010dme, tumore mozga, mo\u017edane aneurizme, dje\u010diju neurohirurgiju i lije\u010denje radikularnih sindroma i degenerativnih oboljenja diskova.<\/p>\n\n\n\n<h2 class=\"wp-block-heading\">U\u010cIO U VELIKIM SVJETSKIM CENTRIMA<\/h2>\n\n\n\n<p class=\"wp-block-paragraph\">D\u017eurli\u0107ev stru\u010dni put nije ostao zatvoren unutar jedne klinike ili dr\u017eave.<\/p>\n\n\n\n<p class=\"wp-block-paragraph\">Usavr\u0161avao se na seminarima, kongresima i prakti\u010dnim kursevima u Kini, Japanu, Turskoj, Austriji, Ma\u0111arskoj, Holandiji, Kuvajtu i drugim dr\u017eavama. Pro\u0161ao je edukacije iz minimalno invazivne neurohirurgije, neuroonkologije, neurovaskularne hirurgije, operacija ki\u010dme, pedijatrijske neurohirurgije i hirurgije baze lobanje.<\/p>\n\n\n\n<p class=\"wp-block-paragraph\">Dobijao je stru\u010dne stipendije Ameri\u010dko-austrijske fondacije, Turskog neurohirur\u0161kog dru\u0161tva i kineskih institucija. U njegovom CV-ju navedena su usavr\u0161avanja u Pekingu i Xi\u2019anu, Weill Cornell seminari u Salzburgu, stru\u010dni programi u Antaliji, konferencija u Kobeu i brojni me\u0111unarodni neurohirur\u0161ki simpozijumi.<\/p>\n\n\n\n<p class=\"wp-block-paragraph\">Bosnu i Hercegovinu predstavljao je na Svjetskom kongresu neurohirurga u Bogoti 2022. godine, gdje je govorio o minimalno invazivnim operacijama tumora mozga i aneurizmi. Prema njegovom intervjuu, u\u010destvovao je i na Svjetskom kongresu u Dubaiju 2025. godine.<\/p>\n\n\n\n<p class=\"wp-block-paragraph\">Autor je i koautor stru\u010dnih radova o tumorima mozga, aneurizmama, mo\u017edanim arteriovenskim malformacijama, povredama mozga, operacijama ki\u010dme i savremenim mikrohirur\u0161kim postupcima. U\u010destvovao je i u pisanju poglavlja o neurohirur\u0161kom lije\u010denju glioma.<\/p>\n\n\n\n<p class=\"wp-block-paragraph\">To pokazuje da njegova pri\u010da nije izgra\u0111ena samo na velikim rije\u010dima i lijepom predstavljanju. Iza nje stoje godine \u0161kolovanja, objavljeni stru\u010dni radovi, me\u0111unarodne edukacije i svakodnevna odgovornost u operacionoj sali.<\/p>\n\n\n\n<h2 class=\"wp-block-heading\">BEBA OD SAMO 900 GRAMA<\/h2>\n\n\n\n<p class=\"wp-block-paragraph\">Ipak, nijedna titula ne mo\u017ee u potpunosti objasniti \u0161ta zna\u010di biti neurohirurg.<\/p>\n\n\n\n<p class=\"wp-block-paragraph\">Iza svakog stru\u010dnog termina nalazi se \u010dovjek. Iza svakog snimka mozga nalazi se ne\u010dije dijete, majka, otac, supru\u017enik ili prijatelj.<\/p>\n\n\n\n<p class=\"wp-block-paragraph\">Jedan od slu\u010dajeva koje D\u017eurli\u0107 posebno pamti bila je prijevremeno ro\u0111ena djevoj\u010dica te\u0161ka svega 900 grama. Tokom \u010detiri mjeseca lije\u010denja pro\u0161la je devet operacija na mozgu.<\/p>\n\n\n\n<p class=\"wp-block-paragraph\">Djevoj\u010dica je pre\u017eivjela.<\/p>\n\n\n\n<p class=\"wp-block-paragraph\">Kada ju je mnogo kasnije ponovo vidio, hodala je, govorila i igrala se.<\/p>\n\n\n\n<p class=\"wp-block-paragraph\">Pamti i dvadeset\u010detvorogodi\u0161nju djevojku koja je u bolnicu stigla sa krvarenjem u mozgu i oduzetom desnom stranom tijela. Poslije hitne operacije po\u010dela je ponovo pokretati ruku i nogu, a nakon mjesec dana je hodala.<\/p>\n\n\n\n<p class=\"wp-block-paragraph\">Tu je i mladi\u0107 sa tumorom u vratnom dijelu ki\u010dme, kojem su ruke i noge bile gotovo oduzete. Operacija je bila izuzetno rizi\u010dna, ali je pacijent vremenom povratio snagu i funkcije.<\/p>\n\n\n\n<p class=\"wp-block-paragraph\">To su trenuci u kojima se vidi prava veli\u010dina ljekarskog poziva. Ne kroz titule ispred imena, nego kroz \u010dovjeka koji se vratio svojoj porodici i \u017eivotu.<\/p>\n\n\n\n<p class=\"wp-block-paragraph\">D\u017eurli\u0107 ka\u017ee da je najte\u017ee kada su pacijenti djeca, posebno kada se radi o malignim tumorima koje ni operacija ne mo\u017ee izlije\u010diti.<\/p>\n\n\n\n<p class=\"wp-block-paragraph\">Njegova poruka studentima je jednostavna: veliki doktor ne mo\u017ee biti lo\u0161 \u010dovjek. Znanje je neophodno, ali bez empatije, odgovornosti i odnosa prema pacijentu medicina gubi svoju ljudsku stranu.<\/p>\n\n\n\n<h2 class=\"wp-block-heading\">ROBOT POMA\u017dE, ALI NE OPERI\u0160E UMJESTO \u010cOVJEKA<\/h2>\n\n\n\n<p class=\"wp-block-paragraph\">D\u017eurli\u0107 je bio dio operativnih timova Klinike za neurohirurgiju KCUS-a koji su me\u0111u prvima koristili savremeni robotski sistem vizualizacije pri slo\u017eenim operacijama mozga i ki\u010dme.<\/p>\n\n\n\n<p class=\"wp-block-paragraph\">Takva tehnologija neurohirurgu pru\u017ea precizniji pogled na operativno polje i omogu\u0107ava razlikovanje veoma sitnih struktura, krvnih sudova, nerava i tumorskog tkiva.<\/p>\n\n\n\n<p class=\"wp-block-paragraph\">Ali on posebno nagla\u0161ava va\u017enu stvar: operaciju ne obavlja robot.<\/p>\n\n\n\n<p class=\"wp-block-paragraph\">Robot i savremeni mikroskopi poma\u017eu ljekaru, ali odluke, znanje, mirna ruka i odgovornost i dalje pripadaju neurohirurgu.<\/p>\n\n\n\n<h2 class=\"wp-block-heading\">NJUJORK MU NIJE TU\u0110INA<\/h2>\n\n\n\n<p class=\"wp-block-paragraph\">Pri\u010da o Almiru D\u017eurli\u0107u prirodno pripada i Radio New Yorku.<\/p>\n\n\n\n<p class=\"wp-block-paragraph\">Prema njegovim rije\u010dima, oko 80 odsto njegove rodbine \u017eivi u New Yorku, dok je sa o\u010deve strane gotovo cijela porodica u Americi. New York je posjetio jedanaest puta i opisuje ga kao grad u kojem je cijeli svijet okupljen na jednom mjestu.<\/p>\n\n\n\n<p class=\"wp-block-paragraph\">U Americi \u017eivi njegov brat, kao i brojna rodbina koja mu je pomagala tokom studija i posebno nakon smrti roditelja. U Hamptonsu posje\u0107uje i prijatelja iz djetinjstva Gorana Joki\u0107a.<\/p>\n\n\n\n<p class=\"wp-block-paragraph\">Ali koliko god puta pre\u0161ao Atlantik i koliko god svjetskih gradova obi\u0161ao, Plav za njega ostaje ne\u0161to \u0161to se ne mo\u017ee zamijeniti.<\/p>\n\n\n\n<h2 class=\"wp-block-heading\">\u201eAKO ZABORAVI\u0160 ODAKLE SI, SVE TI JE D\u017dABA\u201c<\/h2>\n\n\n\n<p class=\"wp-block-paragraph\">Njegova supruga Rijada tako\u0111er je ljekarka, specijalistica pedijatrije. Zajedno su studirali i gotovo istoga dana diplomirali. Roditelji su dvije djevoj\u010dice, Iman i Danije.<\/p>\n\n\n\n<p class=\"wp-block-paragraph\">Svako ljeto, kada mu obaveze dozvole, Almir se sa suprugom i k\u0107erkama vra\u0107a u Plav. Tu se porodica ponovo okuplja. Tu su sje\u0107anja na roditelje, \u0161kolu, prijatelje i djetinjstvo.<\/p>\n\n\n\n<p class=\"wp-block-paragraph\">Iako je ro\u0111en u Beranama, a medicinsku i akademsku karijeru izgradio u Sarajevu, Plav naziva najljep\u0161im gradom na svijetu.<\/p>\n\n\n\n<p class=\"wp-block-paragraph\">\u201e\u010covjek ne smije da zaboravi odakle je potekao.\u201c<\/p>\n\n\n\n<p class=\"wp-block-paragraph\">U toj re\u010denici mo\u017eda se nalazi cijela njegova pri\u010da.<\/p>\n\n\n\n<p class=\"wp-block-paragraph\">Mogao je izabrati stadion, ali je izabrao operacionu salu. Mogao je nakon \u0161kolovanja i usavr\u0161avanja oti\u0107i mnogo dalje, ali je znanje vratio pacijentima u Sarajevu. Mogao je, poput mnogih uspje\u0161nih ljudi, rodni kraj ostaviti samo u rubrici \u201emjesto odrastanja\u201c, ali ga nosi sa sobom gdje god ode.<\/p>\n\n\n\n<p class=\"wp-block-paragraph\">Zato pri\u010da o docentu doktoru Almiru D\u017eurli\u0107u nije samo pri\u010da o uspje\u0161nom ljekaru.<\/p>\n\n\n\n<p class=\"wp-block-paragraph\">To je pri\u010da o odluci koja je promijenila jedan \u017eivot, a kasnije pomogla da budu spa\u0161eni mnogi drugi.<\/p>\n\n\n\n<p class=\"wp-block-paragraph\">Pri\u010da o talentu koji nije nestao kada je ostavio fudbal, nego je dobio mnogo va\u017eniji teren.<\/p>\n\n\n\n<p class=\"wp-block-paragraph\">I pri\u010da o jednom Plavljaninu koji danas dr\u017ei ljudski \u017eivot u rukama, ali nije zaboravio ruke svojih roditelja koje su ga izvele na pravi put.<\/p>\n\n\n\n<p class=\"wp-block-paragraph\"><strong>Radio New York<\/strong><\/p>\n\n\n\n<p class=\"wp-block-paragraph\">ekst je pripremljen na osnovu javno dostupne stru\u010dne biografije dr. Almira D\u017eurli\u0107a, podataka SSST-a, Medicane Sarajevo i KCUS-a te njegovih izjava objavljenih u Portalu Revije Fokus.<\/p>\n","protected":false},"excerpt":{"rendered":"<p>Kao sedamnaestogodi\u0161njak nosio je dres pra\u0161ke Slavije, trenirao sa Edinom D\u017eekom i igrao u Americi. Umjesto stadiona izabrao je medicinu, a danas operi\u0161e tumore mozga, aneurizme i najte\u017ea oboljenja ki\u010dme. I gdje god da ga je \u017eivot odveo, jedno mjesto nikada nije napustilo njega \u2013 rodni Plav. Postoje ljudi \u010diji bi jedan \u017eivotni put bio [&hellip;]<\/p>\n","protected":false},"author":2,"featured_media":3732,"comment_status":"open","ping_status":"open","sticky":false,"template":"","format":"standard","meta":{"footnotes":""},"categories":[1],"tags":[],"class_list":["post-3731","post","type-post","status-publish","format-standard","has-post-thumbnail","hentry","category-uncategorized"],"acf":[],"yoast_head":"<!-- This site is optimized with the Yoast SEO plugin v26.2 - https:\/\/yoast.com\/wordpress\/plugins\/seo\/ -->\n<title>OD FUDBALSKOG DRESA DO OPERACIONE SALE: PLAVLJANIN ALMIR D\u017dURLI\u0106 POSTAO JE IME SAVREMENE NEUROHIRURGIJE - Radio New York<\/title>\n<meta name=\"robots\" content=\"index, follow, max-snippet:-1, max-image-preview:large, max-video-preview:-1\" \/>\n<link rel=\"canonical\" href=\"https:\/\/radio-newyork.com\/?p=3731\" \/>\n<meta property=\"og:locale\" content=\"en_US\" \/>\n<meta property=\"og:type\" content=\"article\" \/>\n<meta property=\"og:title\" content=\"OD FUDBALSKOG DRESA DO OPERACIONE SALE: PLAVLJANIN ALMIR D\u017dURLI\u0106 POSTAO JE IME SAVREMENE NEUROHIRURGIJE - Radio New York\" \/>\n<meta property=\"og:description\" content=\"Kao sedamnaestogodi\u0161njak nosio je dres pra\u0161ke Slavije, trenirao sa Edinom D\u017eekom i igrao u Americi. Umjesto stadiona izabrao je medicinu, a danas operi\u0161e tumore mozga, aneurizme i najte\u017ea oboljenja ki\u010dme. I gdje god da ga je \u017eivot odveo, jedno mjesto nikada nije napustilo njega \u2013 rodni Plav. Postoje ljudi \u010diji bi jedan \u017eivotni put bio [&hellip;]\" \/>\n<meta property=\"og:url\" content=\"https:\/\/radio-newyork.com\/?p=3731\" \/>\n<meta property=\"og:site_name\" content=\"Radio New York\" \/>\n<meta property=\"article:published_time\" content=\"2026-09-02T10:53:16+00:00\" \/>\n<meta property=\"article:modified_time\" content=\"2026-09-02T10:53:17+00:00\" \/>\n<meta property=\"og:image\" content=\"https:\/\/radio-newyork.com\/wp-content\/uploads\/2026\/09\/5BE6B072-7572-46F7-92A0-3C89E6466439.png\" \/>\n\t<meta property=\"og:image:width\" content=\"1402\" \/>\n\t<meta property=\"og:image:height\" content=\"1122\" \/>\n\t<meta property=\"og:image:type\" content=\"image\/png\" \/>\n<meta name=\"author\" content=\"Ismet Rastoder\" \/>\n<meta name=\"twitter:card\" content=\"summary_large_image\" \/>\n<meta name=\"twitter:label1\" content=\"Written by\" \/>\n\t<meta name=\"twitter:data1\" content=\"Ismet Rastoder\" \/>\n\t<meta name=\"twitter:label2\" content=\"Est. reading time\" \/>\n\t<meta name=\"twitter:data2\" content=\"7 minutes\" \/>\n<script type=\"application\/ld+json\" class=\"yoast-schema-graph\">{\"@context\":\"https:\/\/schema.org\",\"@graph\":[{\"@type\":\"Article\",\"@id\":\"https:\/\/radio-newyork.com\/?p=3731#article\",\"isPartOf\":{\"@id\":\"https:\/\/radio-newyork.com\/?p=3731\"},\"author\":{\"name\":\"Ismet Rastoder\",\"@id\":\"https:\/\/radio-newyork.com\/#\/schema\/person\/e2f4dbf5b60fd9ac004d77b9e1b59559\"},\"headline\":\"OD FUDBALSKOG DRESA DO OPERACIONE SALE: PLAVLJANIN ALMIR D\u017dURLI\u0106 POSTAO JE IME SAVREMENE NEUROHIRURGIJE\",\"datePublished\":\"2026-09-02T10:53:16+00:00\",\"dateModified\":\"2026-09-02T10:53:17+00:00\",\"mainEntityOfPage\":{\"@id\":\"https:\/\/radio-newyork.com\/?p=3731\"},\"wordCount\":1458,\"commentCount\":0,\"publisher\":{\"@id\":\"https:\/\/radio-newyork.com\/#organization\"},\"image\":{\"@id\":\"https:\/\/radio-newyork.com\/?p=3731#primaryimage\"},\"thumbnailUrl\":\"https:\/\/radio-newyork.com\/wp-content\/uploads\/2026\/09\/5BE6B072-7572-46F7-92A0-3C89E6466439.png\",\"inLanguage\":\"en-US\",\"potentialAction\":[{\"@type\":\"CommentAction\",\"name\":\"Comment\",\"target\":[\"https:\/\/radio-newyork.com\/?p=3731#respond\"]}]},{\"@type\":\"WebPage\",\"@id\":\"https:\/\/radio-newyork.com\/?p=3731\",\"url\":\"https:\/\/radio-newyork.com\/?p=3731\",\"name\":\"OD FUDBALSKOG DRESA DO OPERACIONE SALE: PLAVLJANIN ALMIR D\u017dURLI\u0106 POSTAO JE IME SAVREMENE NEUROHIRURGIJE - Radio New York\",\"isPartOf\":{\"@id\":\"https:\/\/radio-newyork.com\/#website\"},\"primaryImageOfPage\":{\"@id\":\"https:\/\/radio-newyork.com\/?p=3731#primaryimage\"},\"image\":{\"@id\":\"https:\/\/radio-newyork.com\/?p=3731#primaryimage\"},\"thumbnailUrl\":\"https:\/\/radio-newyork.com\/wp-content\/uploads\/2026\/09\/5BE6B072-7572-46F7-92A0-3C89E6466439.png\",\"datePublished\":\"2026-09-02T10:53:16+00:00\",\"dateModified\":\"2026-09-02T10:53:17+00:00\",\"breadcrumb\":{\"@id\":\"https:\/\/radio-newyork.com\/?p=3731#breadcrumb\"},\"inLanguage\":\"en-US\",\"potentialAction\":[{\"@type\":\"ReadAction\",\"target\":[\"https:\/\/radio-newyork.com\/?p=3731\"]}]},{\"@type\":\"ImageObject\",\"inLanguage\":\"en-US\",\"@id\":\"https:\/\/radio-newyork.com\/?p=3731#primaryimage\",\"url\":\"https:\/\/radio-newyork.com\/wp-content\/uploads\/2026\/09\/5BE6B072-7572-46F7-92A0-3C89E6466439.png\",\"contentUrl\":\"https:\/\/radio-newyork.com\/wp-content\/uploads\/2026\/09\/5BE6B072-7572-46F7-92A0-3C89E6466439.png\",\"width\":1402,\"height\":1122},{\"@type\":\"BreadcrumbList\",\"@id\":\"https:\/\/radio-newyork.com\/?p=3731#breadcrumb\",\"itemListElement\":[{\"@type\":\"ListItem\",\"position\":1,\"name\":\"Home\",\"item\":\"https:\/\/radio-newyork.com\/\"},{\"@type\":\"ListItem\",\"position\":2,\"name\":\"OD FUDBALSKOG DRESA DO OPERACIONE SALE: PLAVLJANIN ALMIR D\u017dURLI\u0106 POSTAO JE IME SAVREMENE NEUROHIRURGIJE\"}]},{\"@type\":\"WebSite\",\"@id\":\"https:\/\/radio-newyork.com\/#website\",\"url\":\"https:\/\/radio-newyork.com\/\",\"name\":\"Radio New York\",\"description\":\"Radio New York \u2014 Most Amerike i domovine\",\"publisher\":{\"@id\":\"https:\/\/radio-newyork.com\/#organization\"},\"potentialAction\":[{\"@type\":\"SearchAction\",\"target\":{\"@type\":\"EntryPoint\",\"urlTemplate\":\"https:\/\/radio-newyork.com\/?s={search_term_string}\"},\"query-input\":{\"@type\":\"PropertyValueSpecification\",\"valueRequired\":true,\"valueName\":\"search_term_string\"}}],\"inLanguage\":\"en-US\"},{\"@type\":\"Organization\",\"@id\":\"https:\/\/radio-newyork.com\/#organization\",\"name\":\"Radio New York\",\"url\":\"https:\/\/radio-newyork.com\/\",\"logo\":{\"@type\":\"ImageObject\",\"inLanguage\":\"en-US\",\"@id\":\"https:\/\/radio-newyork.com\/#\/schema\/logo\/image\/\",\"url\":\"https:\/\/radio-newyork.com\/wp-content\/uploads\/2021\/12\/262517255_4571047313011643_1786418142376364479_n.jpg\",\"contentUrl\":\"https:\/\/radio-newyork.com\/wp-content\/uploads\/2021\/12\/262517255_4571047313011643_1786418142376364479_n.jpg\",\"width\":212,\"height\":210,\"caption\":\"Radio New York\"},\"image\":{\"@id\":\"https:\/\/radio-newyork.com\/#\/schema\/logo\/image\/\"}},{\"@type\":\"Person\",\"@id\":\"https:\/\/radio-newyork.com\/#\/schema\/person\/e2f4dbf5b60fd9ac004d77b9e1b59559\",\"name\":\"Ismet Rastoder\",\"image\":{\"@type\":\"ImageObject\",\"inLanguage\":\"en-US\",\"@id\":\"https:\/\/radio-newyork.com\/#\/schema\/person\/image\/\",\"url\":\"https:\/\/secure.gravatar.com\/avatar\/800e8dd1eac3e728e825b7d5c16c80b067c4a0557a2ce54986c89f6008f454bb?s=96&d=mm&r=g\",\"contentUrl\":\"https:\/\/secure.gravatar.com\/avatar\/800e8dd1eac3e728e825b7d5c16c80b067c4a0557a2ce54986c89f6008f454bb?s=96&d=mm&r=g\",\"caption\":\"Ismet Rastoder\"},\"description\":\"Ismet Rastoder je urednik i osniva\u010d portala Radio New York \u2014 medijskog prostora posve\u0107enog dijaspori, dru\u0161tvenoj istini i stvarnim \u017eivotnim pitanjima Balkana i Amerike. Poznat po direktnom stilu, hrabrim komentarima i beskompromisnoj borbi protiv nepravde, Rastoder donosi glas zajednice koja se \u010desto ne \u010duje, ali itekako postoji. Vi\u0161e od dvije decenije aktivan je u zajednici i medijima, gdje kroz analize, autorske kolumne i dru\u0161tveni anga\u017eman povezuje iskustvo \u017eivota u Americi sa realno\u0161\u0107u Balkana. Njegove pri\u010de otvaraju va\u017ene teme \u2014 od identiteta i politike, do kulture, dijaspore i dru\u0161tvenih transformacija. Prepoznat je kao glas dijaspore koji govori ono \u0161to mnogi misle, ali rijetko ko ka\u017ee.\",\"sameAs\":[\"http:\/\/radio-newyork.com\"],\"url\":\"https:\/\/radio-newyork.com\/?author=2\"}]}<\/script>\n<!-- \/ Yoast SEO plugin. -->","yoast_head_json":{"title":"OD FUDBALSKOG DRESA DO OPERACIONE SALE: PLAVLJANIN ALMIR D\u017dURLI\u0106 POSTAO JE IME SAVREMENE NEUROHIRURGIJE - Radio New York","robots":{"index":"index","follow":"follow","max-snippet":"max-snippet:-1","max-image-preview":"max-image-preview:large","max-video-preview":"max-video-preview:-1"},"canonical":"https:\/\/radio-newyork.com\/?p=3731","og_locale":"en_US","og_type":"article","og_title":"OD FUDBALSKOG DRESA DO OPERACIONE SALE: PLAVLJANIN ALMIR D\u017dURLI\u0106 POSTAO JE IME SAVREMENE NEUROHIRURGIJE - Radio New York","og_description":"Kao sedamnaestogodi\u0161njak nosio je dres pra\u0161ke Slavije, trenirao sa Edinom D\u017eekom i igrao u Americi. Umjesto stadiona izabrao je medicinu, a danas operi\u0161e tumore mozga, aneurizme i najte\u017ea oboljenja ki\u010dme. I gdje god da ga je \u017eivot odveo, jedno mjesto nikada nije napustilo njega \u2013 rodni Plav. Postoje ljudi \u010diji bi jedan \u017eivotni put bio [&hellip;]","og_url":"https:\/\/radio-newyork.com\/?p=3731","og_site_name":"Radio New York","article_published_time":"2026-09-02T10:53:16+00:00","article_modified_time":"2026-09-02T10:53:17+00:00","og_image":[{"width":1402,"height":1122,"url":"https:\/\/radio-newyork.com\/wp-content\/uploads\/2026\/09\/5BE6B072-7572-46F7-92A0-3C89E6466439.png","type":"image\/png"}],"author":"Ismet Rastoder","twitter_card":"summary_large_image","twitter_misc":{"Written by":"Ismet Rastoder","Est. reading time":"7 minutes"},"schema":{"@context":"https:\/\/schema.org","@graph":[{"@type":"Article","@id":"https:\/\/radio-newyork.com\/?p=3731#article","isPartOf":{"@id":"https:\/\/radio-newyork.com\/?p=3731"},"author":{"name":"Ismet Rastoder","@id":"https:\/\/radio-newyork.com\/#\/schema\/person\/e2f4dbf5b60fd9ac004d77b9e1b59559"},"headline":"OD FUDBALSKOG DRESA DO OPERACIONE SALE: PLAVLJANIN ALMIR D\u017dURLI\u0106 POSTAO JE IME SAVREMENE NEUROHIRURGIJE","datePublished":"2026-09-02T10:53:16+00:00","dateModified":"2026-09-02T10:53:17+00:00","mainEntityOfPage":{"@id":"https:\/\/radio-newyork.com\/?p=3731"},"wordCount":1458,"commentCount":0,"publisher":{"@id":"https:\/\/radio-newyork.com\/#organization"},"image":{"@id":"https:\/\/radio-newyork.com\/?p=3731#primaryimage"},"thumbnailUrl":"https:\/\/radio-newyork.com\/wp-content\/uploads\/2026\/09\/5BE6B072-7572-46F7-92A0-3C89E6466439.png","inLanguage":"en-US","potentialAction":[{"@type":"CommentAction","name":"Comment","target":["https:\/\/radio-newyork.com\/?p=3731#respond"]}]},{"@type":"WebPage","@id":"https:\/\/radio-newyork.com\/?p=3731","url":"https:\/\/radio-newyork.com\/?p=3731","name":"OD FUDBALSKOG DRESA DO OPERACIONE SALE: PLAVLJANIN ALMIR D\u017dURLI\u0106 POSTAO JE IME SAVREMENE NEUROHIRURGIJE - Radio New York","isPartOf":{"@id":"https:\/\/radio-newyork.com\/#website"},"primaryImageOfPage":{"@id":"https:\/\/radio-newyork.com\/?p=3731#primaryimage"},"image":{"@id":"https:\/\/radio-newyork.com\/?p=3731#primaryimage"},"thumbnailUrl":"https:\/\/radio-newyork.com\/wp-content\/uploads\/2026\/09\/5BE6B072-7572-46F7-92A0-3C89E6466439.png","datePublished":"2026-09-02T10:53:16+00:00","dateModified":"2026-09-02T10:53:17+00:00","breadcrumb":{"@id":"https:\/\/radio-newyork.com\/?p=3731#breadcrumb"},"inLanguage":"en-US","potentialAction":[{"@type":"ReadAction","target":["https:\/\/radio-newyork.com\/?p=3731"]}]},{"@type":"ImageObject","inLanguage":"en-US","@id":"https:\/\/radio-newyork.com\/?p=3731#primaryimage","url":"https:\/\/radio-newyork.com\/wp-content\/uploads\/2026\/09\/5BE6B072-7572-46F7-92A0-3C89E6466439.png","contentUrl":"https:\/\/radio-newyork.com\/wp-content\/uploads\/2026\/09\/5BE6B072-7572-46F7-92A0-3C89E6466439.png","width":1402,"height":1122},{"@type":"BreadcrumbList","@id":"https:\/\/radio-newyork.com\/?p=3731#breadcrumb","itemListElement":[{"@type":"ListItem","position":1,"name":"Home","item":"https:\/\/radio-newyork.com\/"},{"@type":"ListItem","position":2,"name":"OD FUDBALSKOG DRESA DO OPERACIONE SALE: PLAVLJANIN ALMIR D\u017dURLI\u0106 POSTAO JE IME SAVREMENE NEUROHIRURGIJE"}]},{"@type":"WebSite","@id":"https:\/\/radio-newyork.com\/#website","url":"https:\/\/radio-newyork.com\/","name":"Radio New York","description":"Radio New York \u2014 Most Amerike i domovine","publisher":{"@id":"https:\/\/radio-newyork.com\/#organization"},"potentialAction":[{"@type":"SearchAction","target":{"@type":"EntryPoint","urlTemplate":"https:\/\/radio-newyork.com\/?s={search_term_string}"},"query-input":{"@type":"PropertyValueSpecification","valueRequired":true,"valueName":"search_term_string"}}],"inLanguage":"en-US"},{"@type":"Organization","@id":"https:\/\/radio-newyork.com\/#organization","name":"Radio New York","url":"https:\/\/radio-newyork.com\/","logo":{"@type":"ImageObject","inLanguage":"en-US","@id":"https:\/\/radio-newyork.com\/#\/schema\/logo\/image\/","url":"https:\/\/radio-newyork.com\/wp-content\/uploads\/2021\/12\/262517255_4571047313011643_1786418142376364479_n.jpg","contentUrl":"https:\/\/radio-newyork.com\/wp-content\/uploads\/2021\/12\/262517255_4571047313011643_1786418142376364479_n.jpg","width":212,"height":210,"caption":"Radio New York"},"image":{"@id":"https:\/\/radio-newyork.com\/#\/schema\/logo\/image\/"}},{"@type":"Person","@id":"https:\/\/radio-newyork.com\/#\/schema\/person\/e2f4dbf5b60fd9ac004d77b9e1b59559","name":"Ismet Rastoder","image":{"@type":"ImageObject","inLanguage":"en-US","@id":"https:\/\/radio-newyork.com\/#\/schema\/person\/image\/","url":"https:\/\/secure.gravatar.com\/avatar\/800e8dd1eac3e728e825b7d5c16c80b067c4a0557a2ce54986c89f6008f454bb?s=96&d=mm&r=g","contentUrl":"https:\/\/secure.gravatar.com\/avatar\/800e8dd1eac3e728e825b7d5c16c80b067c4a0557a2ce54986c89f6008f454bb?s=96&d=mm&r=g","caption":"Ismet Rastoder"},"description":"Ismet Rastoder je urednik i osniva\u010d portala Radio New York \u2014 medijskog prostora posve\u0107enog dijaspori, dru\u0161tvenoj istini i stvarnim \u017eivotnim pitanjima Balkana i Amerike. Poznat po direktnom stilu, hrabrim komentarima i beskompromisnoj borbi protiv nepravde, Rastoder donosi glas zajednice koja se \u010desto ne \u010duje, ali itekako postoji. Vi\u0161e od dvije decenije aktivan je u zajednici i medijima, gdje kroz analize, autorske kolumne i dru\u0161tveni anga\u017eman povezuje iskustvo \u017eivota u Americi sa realno\u0161\u0107u Balkana. Njegove pri\u010de otvaraju va\u017ene teme \u2014 od identiteta i politike, do kulture, dijaspore i dru\u0161tvenih transformacija. Prepoznat je kao glas dijaspore koji govori ono \u0161to mnogi misle, ali rijetko ko ka\u017ee.","sameAs":["http:\/\/radio-newyork.com"],"url":"https:\/\/radio-newyork.com\/?author=2"}]}},"_links":{"self":[{"href":"https:\/\/radio-newyork.com\/index.php?rest_route=\/wp\/v2\/posts\/3731","targetHints":{"allow":["GET"]}}],"collection":[{"href":"https:\/\/radio-newyork.com\/index.php?rest_route=\/wp\/v2\/posts"}],"about":[{"href":"https:\/\/radio-newyork.com\/index.php?rest_route=\/wp\/v2\/types\/post"}],"author":[{"embeddable":true,"href":"https:\/\/radio-newyork.com\/index.php?rest_route=\/wp\/v2\/users\/2"}],"replies":[{"embeddable":true,"href":"https:\/\/radio-newyork.com\/index.php?rest_route=%2Fwp%2Fv2%2Fcomments&post=3731"}],"version-history":[{"count":1,"href":"https:\/\/radio-newyork.com\/index.php?rest_route=\/wp\/v2\/posts\/3731\/revisions"}],"predecessor-version":[{"id":3733,"href":"https:\/\/radio-newyork.com\/index.php?rest_route=\/wp\/v2\/posts\/3731\/revisions\/3733"}],"wp:featuredmedia":[{"embeddable":true,"href":"https:\/\/radio-newyork.com\/index.php?rest_route=\/wp\/v2\/media\/3732"}],"wp:attachment":[{"href":"https:\/\/radio-newyork.com\/index.php?rest_route=%2Fwp%2Fv2%2Fmedia&parent=3731"}],"wp:term":[{"taxonomy":"category","embeddable":true,"href":"https:\/\/radio-newyork.com\/index.php?rest_route=%2Fwp%2Fv2%2Fcategories&post=3731"},{"taxonomy":"post_tag","embeddable":true,"href":"https:\/\/radio-newyork.com\/index.php?rest_route=%2Fwp%2Fv2%2Ftags&post=3731"}],"curies":[{"name":"wp","href":"https:\/\/api.w.org\/{rel}","templated":true}]}}