{"id":3728,"date":"2026-09-02T10:31:52","date_gmt":"2026-09-02T10:31:52","guid":{"rendered":"https:\/\/radio-newyork.com\/?p=3728"},"modified":"2026-09-02T10:31:53","modified_gmt":"2026-09-02T10:31:53","slug":"adnan-hajder-jos-jedna-lijepa-prica-nase-dijaspore-u-americi","status":"publish","type":"post","link":"https:\/\/radio-newyork.com\/?p=3728","title":{"rendered":"ADNAN HAJDER \u2013 JO\u0160 JEDNA LIJEPA PRI\u010cA NA\u0160E DIJASPORE U AMERICI"},"content":{"rendered":"\n<figure class=\"wp-block-image size-full\"><img loading=\"lazy\" decoding=\"async\" width=\"815\" height=\"1019\" src=\"https:\/\/radio-newyork.com\/wp-content\/uploads\/2026\/09\/IMG_5268.jpg\" alt=\"\" class=\"wp-image-3729\" srcset=\"https:\/\/radio-newyork.com\/wp-content\/uploads\/2026\/09\/IMG_5268.jpg 815w, https:\/\/radio-newyork.com\/wp-content\/uploads\/2026\/09\/IMG_5268-240x300.jpg 240w, https:\/\/radio-newyork.com\/wp-content\/uploads\/2026\/09\/IMG_5268-768x960.jpg 768w\" sizes=\"auto, (max-width: 815px) 100vw, 815px\" \/><\/figure>\n\n\n\n<h3 class=\"wp-block-heading\">Od rada uz pacijente do nove profesionalne uloge u ameri\u010dkom zdravstvenom sistemu \u2013 znanjem, \u0161kolovanjem i uporno\u0161\u0107u<\/h3>\n\n\n\n<p class=\"wp-block-paragraph\">Dok iz dijaspore \u010desto sti\u017eu pri\u010de o politici, podjelama i problemima, postoje i one druge pri\u010de koje mo\u017eda ne prave veliku buku, ali zaslu\u017euju mnogo vi\u0161e prostora.<\/p>\n\n\n\n<p class=\"wp-block-paragraph\"><strong>Pri\u010de o mladim ljudima koji svojim radom, obrazovanjem i rezultatima grade svoje ime i istovremeno ostavljaju lijep trag zajednice iz koje dolaze.<\/strong><\/p>\n\n\n\n<p class=\"wp-block-paragraph\">Jedna od njih je pri\u010da <strong>Adnana Hajdera<\/strong>.<\/p>\n\n\n\n<p class=\"wp-block-paragraph\">Mohawk Valley Health System (MVHS) u ameri\u010dkoj saveznoj dr\u017eavi New York objavio je da se <strong>Adnan Hajder, FNP<\/strong>, pridru\u017eio timu <strong>MVHS Surgical Group na Medical Arts Campus-u<\/strong>.<\/p>\n\n\n\n<p class=\"wp-block-paragraph\">Za Adnana ovo nije po\u010detak rada u zdravstvu, ve\u0107 nova stepenica na putu koji je godinama gradio.<\/p>\n\n\n\n<p class=\"wp-block-paragraph\">Prema podacima koje je objavio MVHS, kao <strong>Registered Nurse<\/strong> u ovom zdravstvenom sistemu radi od 2022. godine, dok je od 2025. obavljao i odgovornu funkciju <strong>charge nurse<\/strong>.<\/p>\n\n\n\n<p class=\"wp-block-paragraph\">Paralelno sa radom nastavio je svoje obrazovanje.<\/p>\n\n\n\n<p class=\"wp-block-paragraph\">Diplomu <strong>Bachelor of Science in Nursing<\/strong> stekao je na <strong>Utica University<\/strong>, a zatim zavr\u0161io i <strong>Master of Science in Nursing \u2013 Family Nurse Practitioner<\/strong> na SUNY Polytechnic Institute.<\/p>\n\n\n\n<p class=\"wp-block-paragraph\">Danas ulazi u novu profesionalnu fazu kao <strong>Family Nurse Practitioner<\/strong>, a MVHS navodi da Adnan prima nove pacijente.<\/p>\n\n\n\n<p class=\"wp-block-paragraph\">Ali me\u0111u svim podacima iz njegove profesionalne biografije postoji jedna kratka re\u010denica koja nama u Radio New Yorku ima posebno zna\u010denje:<\/p>\n\n\n\n<p class=\"wp-block-paragraph\"><strong>Adnan govori engleski i bosanski jezik.<\/strong><\/p>\n\n\n\n<p class=\"wp-block-paragraph\">Mo\u017eda nekome to izgleda kao samo jo\u0161 jedna stavka u biografiji.<\/p>\n\n\n\n<p class=\"wp-block-paragraph\">Za hiljade na\u0161ih ljudi koji \u017eive u Sjedinjenim Ameri\u010dkim Dr\u017eavama \u2013 nije.<\/p>\n\n\n\n<p class=\"wp-block-paragraph\">Kada \u010dovjek treba ljekaru objasniti gdje ga boli, \u0161ta osje\u0107a, \u010dega se pla\u0161i ili kroz \u0161ta prolazi, posebno starijim generacijama nije uvijek jednostavno prona\u0107i prave rije\u010di na engleskom jeziku.<\/p>\n\n\n\n<p class=\"wp-block-paragraph\">Tada mogu\u0107nost da razgovaraju sa zdravstvenim profesionalcem na <strong>svom, bosanskom jeziku<\/strong> mo\u017ee zna\u010diti mnogo vi\u0161e nego \u0161to jedna re\u010denica u profesionalnoj biografiji mo\u017ee pokazati.<\/p>\n\n\n\n<h2 class=\"wp-block-heading\">USPJESI O KOJIMA TREBA VI\u0160E GOVORITI<\/h2>\n\n\n\n<p class=\"wp-block-paragraph\">Adnanova pri\u010da je va\u017ena i zbog jo\u0161 jednog razloga.<\/p>\n\n\n\n<p class=\"wp-block-paragraph\">Na\u0161a dijaspora u Americi danas ima generacije mladih ljudi koji zavr\u0161avaju univerzitete, postaju ljekari, medicinski profesionalci, in\u017eenjeri, profesori, pravnici, poduzetnici i stru\u010dnjaci u razli\u010ditim oblastima.<\/p>\n\n\n\n<p class=\"wp-block-paragraph\">O njima se \u010desto govori manje nego o na\u0161im sva\u0111ama i podjelama.<\/p>\n\n\n\n<p class=\"wp-block-paragraph\">A mo\u017eda bi trebalo biti upravo obrnuto.<\/p>\n\n\n\n<p class=\"wp-block-paragraph\"><strong>Njih treba pokazivati na\u0161oj djeci.<\/strong><\/p>\n\n\n\n<p class=\"wp-block-paragraph\">Jer oni najbolje pokazuju \u0161ta zna\u010di graditi \u017eivot u Americi \u2013 korak po korak.<\/p>\n\n\n\n<p class=\"wp-block-paragraph\">\u0160kola.<\/p>\n\n\n\n<p class=\"wp-block-paragraph\">Diploma.<\/p>\n\n\n\n<p class=\"wp-block-paragraph\">Posao.<\/p>\n\n\n\n<p class=\"wp-block-paragraph\">Dalje obrazovanje.<\/p>\n\n\n\n<p class=\"wp-block-paragraph\">Ve\u0107a odgovornost.<\/p>\n\n\n\n<p class=\"wp-block-paragraph\">I novi profesionalni uspjeh.<\/p>\n\n\n\n<p class=\"wp-block-paragraph\">Bez velike galame i bez potrebe da \u010dovjek sam sebe progla\u0161ava uspje\u0161nim.<\/p>\n\n\n\n<p class=\"wp-block-paragraph\"><strong>Rezultati govore umjesto njega.<\/strong><\/p>\n\n\n\n<p class=\"wp-block-paragraph\">Zato Radio New York sa zadovoljstvom prenosi ovu lijepu vijest i Adnanu Hajderu upu\u0107uje iskrene \u010destitke na novoj profesionalnoj ulozi.<\/p>\n\n\n\n<p class=\"wp-block-paragraph\">\u010cestitke pripadaju i njegovoj porodici i svima koji su bili uz njega na tom putu.<\/p>\n\n\n\n<p class=\"wp-block-paragraph\">Jer svaki put kada jedan mladi \u010dovjek iz na\u0161e zajednice napravi ovakav korak, to jeste prije svega njegov li\u010dni uspjeh.<\/p>\n\n\n\n<p class=\"wp-block-paragraph\">Ali je istovremeno i razlog da cijela zajednica bude ponosna.<\/p>\n\n\n\n<p class=\"wp-block-paragraph\"><strong>Ime se ne gradi preko no\u0107i.<br>Ne dobija se na poklon.<br>Gradi se znanjem, radom i rezultatima.<\/strong><\/p>\n\n\n\n<p class=\"wp-block-paragraph\"><strong>Bravo, Adnane. Sretno u novom profesionalnom poglavlju!<\/strong><\/p>\n\n\n\n<p class=\"wp-block-paragraph\"><em>Radio New York<\/em><\/p>\n\n\n\n<p class=\"wp-block-paragraph\"><strong>Informacije za pacijente:<\/strong> Adnan Hajder prima nove pacijente u okviru MVHS Surgical Group na Medical Arts Campus-u. Telefon za informacije i zakazivanje: <strong>315-797-3430<\/strong>.<\/p>\n\n\n\n<p class=\"wp-block-paragraph\"><\/p>\n","protected":false},"excerpt":{"rendered":"<p>Od rada uz pacijente do nove profesionalne uloge u ameri\u010dkom zdravstvenom sistemu \u2013 znanjem, \u0161kolovanjem i uporno\u0161\u0107u Dok iz dijaspore \u010desto sti\u017eu pri\u010de o politici, podjelama i problemima, postoje i one druge pri\u010de koje mo\u017eda ne prave veliku buku, ali zaslu\u017euju mnogo vi\u0161e prostora. Pri\u010de o mladim ljudima koji svojim radom, obrazovanjem i rezultatima grade [&hellip;]<\/p>\n","protected":false},"author":2,"featured_media":3729,"comment_status":"open","ping_status":"open","sticky":false,"template":"","format":"standard","meta":{"footnotes":""},"categories":[1],"tags":[],"class_list":["post-3728","post","type-post","status-publish","format-standard","has-post-thumbnail","hentry","category-uncategorized"],"acf":[],"yoast_head":"<!-- This site is optimized with the Yoast SEO plugin v26.2 - https:\/\/yoast.com\/wordpress\/plugins\/seo\/ -->\n<title>ADNAN HAJDER \u2013 JO\u0160 JEDNA LIJEPA PRI\u010cA NA\u0160E DIJASPORE U AMERICI - Radio New York<\/title>\n<meta name=\"robots\" content=\"index, follow, max-snippet:-1, max-image-preview:large, max-video-preview:-1\" \/>\n<link rel=\"canonical\" href=\"https:\/\/radio-newyork.com\/?p=3728\" \/>\n<meta property=\"og:locale\" content=\"en_US\" \/>\n<meta property=\"og:type\" content=\"article\" \/>\n<meta property=\"og:title\" content=\"ADNAN HAJDER \u2013 JO\u0160 JEDNA LIJEPA PRI\u010cA NA\u0160E DIJASPORE U AMERICI - Radio New York\" \/>\n<meta property=\"og:description\" content=\"Od rada uz pacijente do nove profesionalne uloge u ameri\u010dkom zdravstvenom sistemu \u2013 znanjem, \u0161kolovanjem i uporno\u0161\u0107u Dok iz dijaspore \u010desto sti\u017eu pri\u010de o politici, podjelama i problemima, postoje i one druge pri\u010de koje mo\u017eda ne prave veliku buku, ali zaslu\u017euju mnogo vi\u0161e prostora. Pri\u010de o mladim ljudima koji svojim radom, obrazovanjem i rezultatima grade [&hellip;]\" \/>\n<meta property=\"og:url\" content=\"https:\/\/radio-newyork.com\/?p=3728\" \/>\n<meta property=\"og:site_name\" content=\"Radio New York\" \/>\n<meta property=\"article:published_time\" content=\"2026-09-02T10:31:52+00:00\" \/>\n<meta property=\"article:modified_time\" content=\"2026-09-02T10:31:53+00:00\" \/>\n<meta property=\"og:image\" content=\"https:\/\/radio-newyork.com\/wp-content\/uploads\/2026\/09\/IMG_5268.jpg\" \/>\n\t<meta property=\"og:image:width\" content=\"815\" \/>\n\t<meta property=\"og:image:height\" content=\"1019\" \/>\n\t<meta property=\"og:image:type\" content=\"image\/jpeg\" \/>\n<meta name=\"author\" content=\"Ismet Rastoder\" \/>\n<meta name=\"twitter:card\" content=\"summary_large_image\" \/>\n<meta name=\"twitter:label1\" content=\"Written by\" \/>\n\t<meta name=\"twitter:data1\" content=\"Ismet Rastoder\" \/>\n\t<meta name=\"twitter:label2\" content=\"Est. reading time\" \/>\n\t<meta name=\"twitter:data2\" content=\"3 minutes\" \/>\n<script type=\"application\/ld+json\" class=\"yoast-schema-graph\">{\"@context\":\"https:\/\/schema.org\",\"@graph\":[{\"@type\":\"Article\",\"@id\":\"https:\/\/radio-newyork.com\/?p=3728#article\",\"isPartOf\":{\"@id\":\"https:\/\/radio-newyork.com\/?p=3728\"},\"author\":{\"name\":\"Ismet Rastoder\",\"@id\":\"https:\/\/radio-newyork.com\/#\/schema\/person\/e2f4dbf5b60fd9ac004d77b9e1b59559\"},\"headline\":\"ADNAN HAJDER \u2013 JO\u0160 JEDNA LIJEPA PRI\u010cA NA\u0160E DIJASPORE U AMERICI\",\"datePublished\":\"2026-09-02T10:31:52+00:00\",\"dateModified\":\"2026-09-02T10:31:53+00:00\",\"mainEntityOfPage\":{\"@id\":\"https:\/\/radio-newyork.com\/?p=3728\"},\"wordCount\":579,\"commentCount\":0,\"publisher\":{\"@id\":\"https:\/\/radio-newyork.com\/#organization\"},\"image\":{\"@id\":\"https:\/\/radio-newyork.com\/?p=3728#primaryimage\"},\"thumbnailUrl\":\"https:\/\/radio-newyork.com\/wp-content\/uploads\/2026\/09\/IMG_5268.jpg\",\"inLanguage\":\"en-US\",\"potentialAction\":[{\"@type\":\"CommentAction\",\"name\":\"Comment\",\"target\":[\"https:\/\/radio-newyork.com\/?p=3728#respond\"]}]},{\"@type\":\"WebPage\",\"@id\":\"https:\/\/radio-newyork.com\/?p=3728\",\"url\":\"https:\/\/radio-newyork.com\/?p=3728\",\"name\":\"ADNAN HAJDER \u2013 JO\u0160 JEDNA LIJEPA PRI\u010cA NA\u0160E DIJASPORE U AMERICI - Radio New York\",\"isPartOf\":{\"@id\":\"https:\/\/radio-newyork.com\/#website\"},\"primaryImageOfPage\":{\"@id\":\"https:\/\/radio-newyork.com\/?p=3728#primaryimage\"},\"image\":{\"@id\":\"https:\/\/radio-newyork.com\/?p=3728#primaryimage\"},\"thumbnailUrl\":\"https:\/\/radio-newyork.com\/wp-content\/uploads\/2026\/09\/IMG_5268.jpg\",\"datePublished\":\"2026-09-02T10:31:52+00:00\",\"dateModified\":\"2026-09-02T10:31:53+00:00\",\"breadcrumb\":{\"@id\":\"https:\/\/radio-newyork.com\/?p=3728#breadcrumb\"},\"inLanguage\":\"en-US\",\"potentialAction\":[{\"@type\":\"ReadAction\",\"target\":[\"https:\/\/radio-newyork.com\/?p=3728\"]}]},{\"@type\":\"ImageObject\",\"inLanguage\":\"en-US\",\"@id\":\"https:\/\/radio-newyork.com\/?p=3728#primaryimage\",\"url\":\"https:\/\/radio-newyork.com\/wp-content\/uploads\/2026\/09\/IMG_5268.jpg\",\"contentUrl\":\"https:\/\/radio-newyork.com\/wp-content\/uploads\/2026\/09\/IMG_5268.jpg\",\"width\":815,\"height\":1019},{\"@type\":\"BreadcrumbList\",\"@id\":\"https:\/\/radio-newyork.com\/?p=3728#breadcrumb\",\"itemListElement\":[{\"@type\":\"ListItem\",\"position\":1,\"name\":\"Home\",\"item\":\"https:\/\/radio-newyork.com\/\"},{\"@type\":\"ListItem\",\"position\":2,\"name\":\"ADNAN HAJDER \u2013 JO\u0160 JEDNA LIJEPA PRI\u010cA NA\u0160E DIJASPORE U AMERICI\"}]},{\"@type\":\"WebSite\",\"@id\":\"https:\/\/radio-newyork.com\/#website\",\"url\":\"https:\/\/radio-newyork.com\/\",\"name\":\"Radio New York\",\"description\":\"Radio New York \u2014 Most Amerike i domovine\",\"publisher\":{\"@id\":\"https:\/\/radio-newyork.com\/#organization\"},\"potentialAction\":[{\"@type\":\"SearchAction\",\"target\":{\"@type\":\"EntryPoint\",\"urlTemplate\":\"https:\/\/radio-newyork.com\/?s={search_term_string}\"},\"query-input\":{\"@type\":\"PropertyValueSpecification\",\"valueRequired\":true,\"valueName\":\"search_term_string\"}}],\"inLanguage\":\"en-US\"},{\"@type\":\"Organization\",\"@id\":\"https:\/\/radio-newyork.com\/#organization\",\"name\":\"Radio New York\",\"url\":\"https:\/\/radio-newyork.com\/\",\"logo\":{\"@type\":\"ImageObject\",\"inLanguage\":\"en-US\",\"@id\":\"https:\/\/radio-newyork.com\/#\/schema\/logo\/image\/\",\"url\":\"https:\/\/radio-newyork.com\/wp-content\/uploads\/2021\/12\/262517255_4571047313011643_1786418142376364479_n.jpg\",\"contentUrl\":\"https:\/\/radio-newyork.com\/wp-content\/uploads\/2021\/12\/262517255_4571047313011643_1786418142376364479_n.jpg\",\"width\":212,\"height\":210,\"caption\":\"Radio New York\"},\"image\":{\"@id\":\"https:\/\/radio-newyork.com\/#\/schema\/logo\/image\/\"}},{\"@type\":\"Person\",\"@id\":\"https:\/\/radio-newyork.com\/#\/schema\/person\/e2f4dbf5b60fd9ac004d77b9e1b59559\",\"name\":\"Ismet Rastoder\",\"image\":{\"@type\":\"ImageObject\",\"inLanguage\":\"en-US\",\"@id\":\"https:\/\/radio-newyork.com\/#\/schema\/person\/image\/\",\"url\":\"https:\/\/secure.gravatar.com\/avatar\/800e8dd1eac3e728e825b7d5c16c80b067c4a0557a2ce54986c89f6008f454bb?s=96&d=mm&r=g\",\"contentUrl\":\"https:\/\/secure.gravatar.com\/avatar\/800e8dd1eac3e728e825b7d5c16c80b067c4a0557a2ce54986c89f6008f454bb?s=96&d=mm&r=g\",\"caption\":\"Ismet Rastoder\"},\"description\":\"Ismet Rastoder je urednik i osniva\u010d portala Radio New York \u2014 medijskog prostora posve\u0107enog dijaspori, dru\u0161tvenoj istini i stvarnim \u017eivotnim pitanjima Balkana i Amerike. Poznat po direktnom stilu, hrabrim komentarima i beskompromisnoj borbi protiv nepravde, Rastoder donosi glas zajednice koja se \u010desto ne \u010duje, ali itekako postoji. Vi\u0161e od dvije decenije aktivan je u zajednici i medijima, gdje kroz analize, autorske kolumne i dru\u0161tveni anga\u017eman povezuje iskustvo \u017eivota u Americi sa realno\u0161\u0107u Balkana. Njegove pri\u010de otvaraju va\u017ene teme \u2014 od identiteta i politike, do kulture, dijaspore i dru\u0161tvenih transformacija. Prepoznat je kao glas dijaspore koji govori ono \u0161to mnogi misle, ali rijetko ko ka\u017ee.\",\"sameAs\":[\"http:\/\/radio-newyork.com\"],\"url\":\"https:\/\/radio-newyork.com\/?author=2\"}]}<\/script>\n<!-- \/ Yoast SEO plugin. -->","yoast_head_json":{"title":"ADNAN HAJDER \u2013 JO\u0160 JEDNA LIJEPA PRI\u010cA NA\u0160E DIJASPORE U AMERICI - Radio New York","robots":{"index":"index","follow":"follow","max-snippet":"max-snippet:-1","max-image-preview":"max-image-preview:large","max-video-preview":"max-video-preview:-1"},"canonical":"https:\/\/radio-newyork.com\/?p=3728","og_locale":"en_US","og_type":"article","og_title":"ADNAN HAJDER \u2013 JO\u0160 JEDNA LIJEPA PRI\u010cA NA\u0160E DIJASPORE U AMERICI - Radio New York","og_description":"Od rada uz pacijente do nove profesionalne uloge u ameri\u010dkom zdravstvenom sistemu \u2013 znanjem, \u0161kolovanjem i uporno\u0161\u0107u Dok iz dijaspore \u010desto sti\u017eu pri\u010de o politici, podjelama i problemima, postoje i one druge pri\u010de koje mo\u017eda ne prave veliku buku, ali zaslu\u017euju mnogo vi\u0161e prostora. Pri\u010de o mladim ljudima koji svojim radom, obrazovanjem i rezultatima grade [&hellip;]","og_url":"https:\/\/radio-newyork.com\/?p=3728","og_site_name":"Radio New York","article_published_time":"2026-09-02T10:31:52+00:00","article_modified_time":"2026-09-02T10:31:53+00:00","og_image":[{"width":815,"height":1019,"url":"https:\/\/radio-newyork.com\/wp-content\/uploads\/2026\/09\/IMG_5268.jpg","type":"image\/jpeg"}],"author":"Ismet Rastoder","twitter_card":"summary_large_image","twitter_misc":{"Written by":"Ismet Rastoder","Est. reading time":"3 minutes"},"schema":{"@context":"https:\/\/schema.org","@graph":[{"@type":"Article","@id":"https:\/\/radio-newyork.com\/?p=3728#article","isPartOf":{"@id":"https:\/\/radio-newyork.com\/?p=3728"},"author":{"name":"Ismet Rastoder","@id":"https:\/\/radio-newyork.com\/#\/schema\/person\/e2f4dbf5b60fd9ac004d77b9e1b59559"},"headline":"ADNAN HAJDER \u2013 JO\u0160 JEDNA LIJEPA PRI\u010cA NA\u0160E DIJASPORE U AMERICI","datePublished":"2026-09-02T10:31:52+00:00","dateModified":"2026-09-02T10:31:53+00:00","mainEntityOfPage":{"@id":"https:\/\/radio-newyork.com\/?p=3728"},"wordCount":579,"commentCount":0,"publisher":{"@id":"https:\/\/radio-newyork.com\/#organization"},"image":{"@id":"https:\/\/radio-newyork.com\/?p=3728#primaryimage"},"thumbnailUrl":"https:\/\/radio-newyork.com\/wp-content\/uploads\/2026\/09\/IMG_5268.jpg","inLanguage":"en-US","potentialAction":[{"@type":"CommentAction","name":"Comment","target":["https:\/\/radio-newyork.com\/?p=3728#respond"]}]},{"@type":"WebPage","@id":"https:\/\/radio-newyork.com\/?p=3728","url":"https:\/\/radio-newyork.com\/?p=3728","name":"ADNAN HAJDER \u2013 JO\u0160 JEDNA LIJEPA PRI\u010cA NA\u0160E DIJASPORE U AMERICI - Radio New York","isPartOf":{"@id":"https:\/\/radio-newyork.com\/#website"},"primaryImageOfPage":{"@id":"https:\/\/radio-newyork.com\/?p=3728#primaryimage"},"image":{"@id":"https:\/\/radio-newyork.com\/?p=3728#primaryimage"},"thumbnailUrl":"https:\/\/radio-newyork.com\/wp-content\/uploads\/2026\/09\/IMG_5268.jpg","datePublished":"2026-09-02T10:31:52+00:00","dateModified":"2026-09-02T10:31:53+00:00","breadcrumb":{"@id":"https:\/\/radio-newyork.com\/?p=3728#breadcrumb"},"inLanguage":"en-US","potentialAction":[{"@type":"ReadAction","target":["https:\/\/radio-newyork.com\/?p=3728"]}]},{"@type":"ImageObject","inLanguage":"en-US","@id":"https:\/\/radio-newyork.com\/?p=3728#primaryimage","url":"https:\/\/radio-newyork.com\/wp-content\/uploads\/2026\/09\/IMG_5268.jpg","contentUrl":"https:\/\/radio-newyork.com\/wp-content\/uploads\/2026\/09\/IMG_5268.jpg","width":815,"height":1019},{"@type":"BreadcrumbList","@id":"https:\/\/radio-newyork.com\/?p=3728#breadcrumb","itemListElement":[{"@type":"ListItem","position":1,"name":"Home","item":"https:\/\/radio-newyork.com\/"},{"@type":"ListItem","position":2,"name":"ADNAN HAJDER \u2013 JO\u0160 JEDNA LIJEPA PRI\u010cA NA\u0160E DIJASPORE U AMERICI"}]},{"@type":"WebSite","@id":"https:\/\/radio-newyork.com\/#website","url":"https:\/\/radio-newyork.com\/","name":"Radio New York","description":"Radio New York \u2014 Most Amerike i domovine","publisher":{"@id":"https:\/\/radio-newyork.com\/#organization"},"potentialAction":[{"@type":"SearchAction","target":{"@type":"EntryPoint","urlTemplate":"https:\/\/radio-newyork.com\/?s={search_term_string}"},"query-input":{"@type":"PropertyValueSpecification","valueRequired":true,"valueName":"search_term_string"}}],"inLanguage":"en-US"},{"@type":"Organization","@id":"https:\/\/radio-newyork.com\/#organization","name":"Radio New York","url":"https:\/\/radio-newyork.com\/","logo":{"@type":"ImageObject","inLanguage":"en-US","@id":"https:\/\/radio-newyork.com\/#\/schema\/logo\/image\/","url":"https:\/\/radio-newyork.com\/wp-content\/uploads\/2021\/12\/262517255_4571047313011643_1786418142376364479_n.jpg","contentUrl":"https:\/\/radio-newyork.com\/wp-content\/uploads\/2021\/12\/262517255_4571047313011643_1786418142376364479_n.jpg","width":212,"height":210,"caption":"Radio New York"},"image":{"@id":"https:\/\/radio-newyork.com\/#\/schema\/logo\/image\/"}},{"@type":"Person","@id":"https:\/\/radio-newyork.com\/#\/schema\/person\/e2f4dbf5b60fd9ac004d77b9e1b59559","name":"Ismet Rastoder","image":{"@type":"ImageObject","inLanguage":"en-US","@id":"https:\/\/radio-newyork.com\/#\/schema\/person\/image\/","url":"https:\/\/secure.gravatar.com\/avatar\/800e8dd1eac3e728e825b7d5c16c80b067c4a0557a2ce54986c89f6008f454bb?s=96&d=mm&r=g","contentUrl":"https:\/\/secure.gravatar.com\/avatar\/800e8dd1eac3e728e825b7d5c16c80b067c4a0557a2ce54986c89f6008f454bb?s=96&d=mm&r=g","caption":"Ismet Rastoder"},"description":"Ismet Rastoder je urednik i osniva\u010d portala Radio New York \u2014 medijskog prostora posve\u0107enog dijaspori, dru\u0161tvenoj istini i stvarnim \u017eivotnim pitanjima Balkana i Amerike. Poznat po direktnom stilu, hrabrim komentarima i beskompromisnoj borbi protiv nepravde, Rastoder donosi glas zajednice koja se \u010desto ne \u010duje, ali itekako postoji. Vi\u0161e od dvije decenije aktivan je u zajednici i medijima, gdje kroz analize, autorske kolumne i dru\u0161tveni anga\u017eman povezuje iskustvo \u017eivota u Americi sa realno\u0161\u0107u Balkana. Njegove pri\u010de otvaraju va\u017ene teme \u2014 od identiteta i politike, do kulture, dijaspore i dru\u0161tvenih transformacija. Prepoznat je kao glas dijaspore koji govori ono \u0161to mnogi misle, ali rijetko ko ka\u017ee.","sameAs":["http:\/\/radio-newyork.com"],"url":"https:\/\/radio-newyork.com\/?author=2"}]}},"_links":{"self":[{"href":"https:\/\/radio-newyork.com\/index.php?rest_route=\/wp\/v2\/posts\/3728","targetHints":{"allow":["GET"]}}],"collection":[{"href":"https:\/\/radio-newyork.com\/index.php?rest_route=\/wp\/v2\/posts"}],"about":[{"href":"https:\/\/radio-newyork.com\/index.php?rest_route=\/wp\/v2\/types\/post"}],"author":[{"embeddable":true,"href":"https:\/\/radio-newyork.com\/index.php?rest_route=\/wp\/v2\/users\/2"}],"replies":[{"embeddable":true,"href":"https:\/\/radio-newyork.com\/index.php?rest_route=%2Fwp%2Fv2%2Fcomments&post=3728"}],"version-history":[{"count":1,"href":"https:\/\/radio-newyork.com\/index.php?rest_route=\/wp\/v2\/posts\/3728\/revisions"}],"predecessor-version":[{"id":3730,"href":"https:\/\/radio-newyork.com\/index.php?rest_route=\/wp\/v2\/posts\/3728\/revisions\/3730"}],"wp:featuredmedia":[{"embeddable":true,"href":"https:\/\/radio-newyork.com\/index.php?rest_route=\/wp\/v2\/media\/3729"}],"wp:attachment":[{"href":"https:\/\/radio-newyork.com\/index.php?rest_route=%2Fwp%2Fv2%2Fmedia&parent=3728"}],"wp:term":[{"taxonomy":"category","embeddable":true,"href":"https:\/\/radio-newyork.com\/index.php?rest_route=%2Fwp%2Fv2%2Fcategories&post=3728"},{"taxonomy":"post_tag","embeddable":true,"href":"https:\/\/radio-newyork.com\/index.php?rest_route=%2Fwp%2Fv2%2Ftags&post=3728"}],"curies":[{"name":"wp","href":"https:\/\/api.w.org\/{rel}","templated":true}]}}