{"id":3723,"date":"2026-09-01T11:02:28","date_gmt":"2026-09-01T11:02:28","guid":{"rendered":"https:\/\/radio-newyork.com\/?p=3723"},"modified":"2026-09-01T11:02:29","modified_gmt":"2026-09-01T11:02:29","slug":"danas-77-rodendan-slavi-richard-gere-glumac-kojem-su-sarm-elegancija-i-nevjerojatna-kemija-s-filmskim-partnericama-obiljezili-desetljeca-hollywooda","status":"publish","type":"post","link":"https:\/\/radio-newyork.com\/?p=3723","title":{"rendered":"Danas 77. rodendan slavi Richard Gere &#8211; glumac kojem su \u0161arm, elegancija i nevjerojatna kemija s filmskim partnericama obilje\u017eili desetlje\u0107a Hollywooda."},"content":{"rendered":"\n<figure class=\"wp-block-image size-large\"><img loading=\"lazy\" decoding=\"async\" width=\"1024\" height=\"996\" src=\"https:\/\/radio-newyork.com\/wp-content\/uploads\/2026\/09\/Screenshot-2026-09-01-at-6.57.17-AM-1024x996.png\" alt=\"\" class=\"wp-image-3724\" srcset=\"https:\/\/radio-newyork.com\/wp-content\/uploads\/2026\/09\/Screenshot-2026-09-01-at-6.57.17-AM-1024x996.png 1024w, https:\/\/radio-newyork.com\/wp-content\/uploads\/2026\/09\/Screenshot-2026-09-01-at-6.57.17-AM-300x292.png 300w, https:\/\/radio-newyork.com\/wp-content\/uploads\/2026\/09\/Screenshot-2026-09-01-at-6.57.17-AM-767x746.png 767w, https:\/\/radio-newyork.com\/wp-content\/uploads\/2026\/09\/Screenshot-2026-09-01-at-6.57.17-AM-1536x1494.png 1536w, https:\/\/radio-newyork.com\/wp-content\/uploads\/2026\/09\/Screenshot-2026-09-01-at-6.57.17-AM.png 1680w\" sizes=\"auto, (max-width: 1024px) 100vw, 1024px\" \/><\/figure>\n\n\n\n<p class=\"wp-block-paragraph\">Ameri\u010dki glumac Ri\u010dard Gir va\u017ei za jednog od najpoznatijih svjetskih glumaca, ali i za jednog od najve\u0107ih filmskih \u0161armera. Zauzima bitno mjesto u srcima mnogih \u017eena, koje ga smatraju prosto neodoljivim. \u010cesto je glumio u romanti\u010dnim komedijama, ali i u ozbiljnim trilerima. Privatno se nikada nije libio da javno iznese svoje politi\u010dke stavove i zbog toga je imao velikih problema. Naime, tokom dodjele nagrade Oskar (1993) javno je kritikovao kinesku vladu i njen odnos prema Tibetu. Ka\u017enjen je sa dvadeset godina zabrane prisustva dodjeli ove presti\u017ene nagrade. Gir je izjavio 2017. godine da njegova karijera uveliko ispa\u0161ta zbog njegovih politi\u010dkih stavova jer je kinesko tr\u017ei\u0161te zapravo drugo najve\u0107e filmsko tr\u017ei\u0161te na svijetu. Gir se ina\u010de \u017eenio tri puta. Njegova prva supruga je ameri\u010dka manekenka Sindi Kraford (1991-1995). Bio je u braku i sa glumicom Keri Lauel (2002-2016), sa kojom je dobio sina Homera, koji je tako\u0111e krenuo stopama svojih roditelja i koji gradi uspje\u0161nu gluma\u010dku karijeru.<\/p>\n\n\n\n<p class=\"wp-block-paragraph\">&#8220;Meditiram svaki dan. Kontinuitet u toj aktivnosti je ne\u0161to \u0161to mi je potrebno i \u0161to \u017eelim. To je ve\u017ebanje strpljenja i posve\u0107enosti sopstvenom umu. Ve\u0107inu nas niko ne podsti\u010de da to radimo. Samo imamo povr\u0161an odnos sa svijetom&#8221;, rekao je Gir.<\/p>\n\n\n\n<p class=\"wp-block-paragraph\">Ri\u010dard Tifani Gir ro\u0111en je u Filadelfiji u dr\u017eavi Pensilvaniji (SAD). Filmsku karijeru je zapo\u010deo sporednom ulogom u manje poznatom televizijskom filmu Chelsea D.H.O. (1973) reditelja D\u017eona Trenta. Uslijedili su filmovi Strogo poverljiv izvje\u0161taj (1975), I bilo je vrijeme ratno (1976), Bra\u0107a po krvi (1978) i Jenki (1979).<\/p>\n\n\n\n<p class=\"wp-block-paragraph\">Zapa\u017eenu ulogu je odigrao u kriminalisti\u010dkoj drami Tra\u017ee\u0107i gospodina Gudbara (1977) reditelja i scenariste Ri\u010darda Bruksa, u kojoj glavnu ulogu igra Dajen Kiton. Mladi glumac je pokazao prosto eruptivnu energiju, kao i zavidan talenat.<\/p>\n\n\n\n<p class=\"wp-block-paragraph\">Dobio je pohvale za ulogu u romanti\u010dnoj drami Bo\u017eanstveni dani (1978) reditelja i scenariste Terensa Malika.<\/p>\n\n\n\n<p class=\"wp-block-paragraph\">Svjetsku slavu je stekao zahvaljuju\u0107i ulogama u filmovima Ameri\u010dki \u017eigolo (1980) reditelja Pola \u0160redera i Oficir i d\u017eentlmen (1982) reditelja Tejlora Hakforda. Pokazao je veliki \u0161arm, te stekao veliku naklonost nje\u017enijeg pola. Kontraveznom ulogom \u017eigola je na neki na\u010din popularizovao poslovnog mu\u0161karca, takozvanog japija, koji strogo dr\u017ei do svog fizi\u010dkog izgleda. Sa rediteljem \u0160rederom je ina\u010de sara\u0111ivao mnogo godina kasnije u filmu O, Kanada (2024).<\/p>\n\n\n\n<p class=\"wp-block-paragraph\">Odigrao je glavnu ulogu u neonoar romanti\u010dnom trileru Do posljednjeg daha (1983) reditelja D\u017eima Mekbrajda. Rije\u010d je ina\u010de o rimejku istoimenog francuskog filma Do posljednjeg daha (1960) reditelja \u017dana-Luka Godara, u kojem glavnu ulogu igra \u017dan-Pol Belmondo.<\/p>\n\n\n\n<p class=\"wp-block-paragraph\">Upitan za ulogu u ovom rimejku, Gir je rekao: \u201cU osnovi njega je muzika, muzika koja se ispoljava kroz njegovo raspolo\u017eenje. On koristi energiju i emocije svega \u0161to ga okru\u017euje za vlastite ciljeve. Kod njega nema osje\u0107aja krivice. On odbija krivicu, odbija o\u010daj. On preokre\u0107e o\u010daj. On je neobi\u010dna vrsta lika, nije osoba koju biste doveli ku\u0107i da je upozna s majkom i ocem. Krao bi stvari, ne do\u017eivljava imovinu kao ne\u0161to li\u010dno. Ima mentalitet odmetnika kakav ve\u0107 neko vrijeme nismo vidjeli\u201d.<\/p>\n\n\n\n<p class=\"wp-block-paragraph\">Sara\u0111ivao je sa rediteljem Frensisom Fordom Kopolom u muzi\u010dkoj kriminalisti\u010dkoj drami Klub bandita (1984), koja je ipak postigla razo\u010daravaju\u0107e rezultate na bioskopskim blagajnama i nai\u0161la na podijeljeno mi\u0161ljene kritike.<\/p>\n\n\n\n<p class=\"wp-block-paragraph\">Veoma zanimljivu saradnju je ostvario i sa drugim poznatim rediteljima, kao \u0161to su Majk Fid\u017eis i D\u017eon Avnet. Sa Fid\u017eisom je snimio Unutra\u0161nji poslovi (1990) i Gospodin D\u017eouns (1993), dok je sa Avnetom snimio Crveni ugao (1997) i Tri Hrista (2017).<\/p>\n\n\n\n<p class=\"wp-block-paragraph\">&#8220;Oduvijek sam tvrdio da su glumci najbolji kada prona\u0111u uloge koje su u skladu sa emocijama kroz koje trenutno prolaze&#8221;, rekao je glumac.<\/p>\n\n\n\n<p class=\"wp-block-paragraph\">Zaigrao je pored tada manje poznate glumice D\u017eulije Roberts u romanti\u010dnoj komediji Zgodna \u017eena (1990) reditelja Gerija Mar\u0161ala. Dvoje atraktivnih glumaca su imali odli\u010dnu hemiju i dobro su zabavili publiku. Film je na kraju postao jedan od najve\u0107ih bioskopskih hitova te decenije i u\u010dvrstio Girov zvjezdani status, dok je mlada Roberts gotovo preko no\u0107i postala jedna od najtra\u017eenijih glumica u Holivudu. Ekipa ovog filma se ponovo okupila u tako\u0111e luckastoj romanti\u010dnoj komediji Odbjegla mlada (1999) i naravno nije izostao uspjeh kod publike.<\/p>\n\n\n\n<p class=\"wp-block-paragraph\">\u201cZgodna \u017eena je ne\u0161to \u0161to nikada ne bih uradio. Isto va\u017ei i za Oficira i d\u017eentlmena. Ti scenariji me uop\u0161te nisu zanimali. I u jednom i u drugom slu\u010daju ista osoba mi je prakti\u010dno razvaljivala vrata, D\u017eefri Kacenberg, prvo u Paramountu, a zatim u Dizniju. On je bio jedan od mojih prvih prijatelja ovdje i to je i danas. U vrijeme Zgodne \u017eene neko vrijeme sam bio pomalo van svega. Svjesno sam jednostavno rekao: \u2018Odlazim da radim neke druge stvari\u2019, i upropastio sam svoju karijeru do te mjere da ljudi vi\u0161e nisu govorili: \u2018Hajde da anga\u017eujemo Gira da to uradi.\u2019 Morao sam malo da se pomu\u010dim da ponovo po\u010dnem dobijati scenarije. Na primjer, bila je veoma te\u0161ka odluka za mene da prihvatim Unutra\u0161nje poslove, jer je to potencijalno mogao biti potpuni proma\u0161aj. Ispostavilo se, me\u0111utim, da je to jedan od mojih omiljenih filmova i jedno od mojih najboljih iskustava\u201d, rekao je Gir.<\/p>\n\n\n\n<p class=\"wp-block-paragraph\">Na vrhuncu popularnosti pristao je da glumi u ratnoj drami Rapsodija u avgustu (1991) reditelja Akire Kurosave. Uprkos mnogim drugim unosnim ponudama odlu\u010dio je da sara\u0111uje sa \u010duvenim japanskim rediteljem.<\/p>\n\n\n\n<p class=\"wp-block-paragraph\">Zaigrao je i u romanti\u010dnoj drami Somersbi (1993) reditelja D\u017eona Amiela, koja je inspirisana francuskim filmom Povratak Martina Gera (1982) reditelja Danijela Vinja, u kojem je glavnu ulogu odigrao \u017derar Depardje.<\/p>\n\n\n\n<p class=\"wp-block-paragraph\">Zaigrao je i u filmovima Po\u010dasni konzul (1983), Kralj David (1985), Mo\u0107 (1986) reditelja Sidnija Lumeta, Bez milosti (1986), Daleko od ku\u0107e (1988), Kona\u010dna analiza (1992), A muzika i dalje svira (1993), Raskr\u0161\u0107e (1994), Prvi vitez (1995), Iskonski strah (1996), \u0160akal (1997), Jesen u Njujorku (2000) i Dr. T i sve njegove \u017eene (2000) reditelja Roberta Altmana.<\/p>\n\n\n\n<p class=\"wp-block-paragraph\">&#8220;Jo\u0161 uvijek sam onaj tip koji je prao auto svog oca. Ne osje\u0107am se kao neka vrsta rijetkog stvorenja&#8221;, rekao je glumac.<\/p>\n\n\n\n<p class=\"wp-block-paragraph\">Pristao je da zaigra u natprirodnom hororu Motmanovo proro\u010danstvo (2002) reditelja Marka Pelingtona, koji je nai\u0161ao po podjeljeno mi\u0161elje publike, ali koji je vremenom stekao kultni status.<\/p>\n\n\n\n<p class=\"wp-block-paragraph\">Upitan za ovaj film, rekao je: \u201cEmocionalni dio pri\u010de bio je veoma sna\u017ean. Na po\u010detku je moj lik na savr\u0161enom poslu, ima prelijepu suprugu, razgovaraju o djeci, kupuju ku\u0107u, sve je sjajno, a onda se, bukvalno usred smijeha, dogodi saobra\u0107ajna nesre\u0107a i nje vi\u0161e nema. A kada na sve to dodate metafizi\u010dku pri\u010du \u2018Postoji li ne\u0161to tamo?\u2019, onda dobijete ne\u0161to \u0161to ima veliku snagu\u201d.<\/p>\n\n\n\n<p class=\"wp-block-paragraph\">Odigrao je jednu od glavnih uloga u erotskom trileru Nevjerna (2002) reditelja Adrijana Lajna, koji je baziran na francuskom filmu Nevjerna \u017eena (1969) reditelja Kloda \u0160abrola.<\/p>\n\n\n\n<p class=\"wp-block-paragraph\">Nastavio je brzim tempom i kombinovao razli\u010dite \u017eanrove, od romanti\u010dnih komedija do politi\u010dkih trilera. Odigrao je jednu od glavnih uloga u mjuziklu \u010cikago (2003) reditelja Roba Mar\u0161ala, koji je zabilje\u017eio veliki uspjeh kod kritike i publike. Osvojio je nagradu Zlatni globus.<\/p>\n\n\n\n<p class=\"wp-block-paragraph\">Odli\u010dnu saradnju je ostvario sa \u0161vedskim rediteljem Laseom Halstremom u filmovima Podvala (2006) i Ha\u010diko: Pri\u010da o psu (2009). Pas Ha\u010diko je ina\u010de prvi put predstavljen publici u japanskom filmu Pri\u010da o Ha\u010diku (1987) reditelja Seid\u017eira Kojame. Treba dodati i njegovu saradnju sa manje poznatim rediteljem Orenom Movermanom u filmovima Zaboravljeni (2014) i Ve\u010dera (2017).<\/p>\n\n\n\n<p class=\"wp-block-paragraph\">Upitan za dramu Ha\u010diko: Pri\u010da o psu, Gir je rekao: &#8220;\u010citanje scenarija me odmah osvojilo. Bilo je vrlo emotivno i napeto, iako nikada prije nisam \u010duo za tu pri\u010du. Moja prva pomisao je bila: &#8216;Ne znam \u017eelim li glumiti u ovome, ali svakako \u017eelim snimati i pomo\u0107i u tome'&#8221;.<\/p>\n\n\n\n<p class=\"wp-block-paragraph\">Igrao je i u kriminalisti\u010dkoj drami Zakon ulice (2009) reditelja Entonia Fukue.<\/p>\n\n\n\n<p class=\"wp-block-paragraph\">Upitan za ovaj film, rekao je: \u201cPro\u010ditao sam scenario i pomislio: \u2018Ovo je zaista neobi\u010dno. Te tri me\u0111usobno povezane kratke pri\u010de zapravo ne dolaze u dodir jedna s drugom. Ali one nekako, poput muzike, kontrapunktno uti\u010du jedna na drugu i dopunjuju se, na neki tajanstven na\u010din\u2019\u201d.<\/p>\n\n\n\n<p class=\"wp-block-paragraph\">Odli\u010dnu ulogu je odigrao u kriminalisti\u010dkoj drami Arbitra\u017ea (2012) reditelja i scenariste Nikolasa Jareckog. Nominovan je za nagradu Zlatni globus.<\/p>\n\n\n\n<p class=\"wp-block-paragraph\">Zaigrao je i u filmovima Jeste li za ples? (2004), Rije\u010d po rije\u010d (2005), Jato (2007), Nema me (2007), Lov u Bosni (2007), No\u0107i u Rodanteu (2008), Amelija (2009), Dvojnik (2011), Film 43 (2013), Henri i ja (2014), Marigold hotel 2 (2015), Dobrotvor (2015), Norman (2016), Ne daj bo\u017ee brak (2023), \u010ce\u017enja (2024). Gledali smo ga i u televizijskim serijama Majka, otac, sin (2019) i Agencija (2024-2025).<\/p>\n\n\n\n<p class=\"wp-block-paragraph\">\u010cestitamo Giru 77. ro\u0111endan i \u017eelimo sve najbolje.<\/p>\n\n\n\n<p class=\"wp-block-paragraph\">Radio NewYork<\/p>\n\n\n\n<figure class=\"wp-block-image size-large\"><img loading=\"lazy\" decoding=\"async\" width=\"852\" height=\"1024\" src=\"https:\/\/radio-newyork.com\/wp-content\/uploads\/2026\/09\/Screenshot-2026-09-01-at-6.58.04-AM-852x1024.png\" alt=\"\" class=\"wp-image-3725\" srcset=\"https:\/\/radio-newyork.com\/wp-content\/uploads\/2026\/09\/Screenshot-2026-09-01-at-6.58.04-AM-852x1024.png 852w, https:\/\/radio-newyork.com\/wp-content\/uploads\/2026\/09\/Screenshot-2026-09-01-at-6.58.04-AM-250x300.png 250w, https:\/\/radio-newyork.com\/wp-content\/uploads\/2026\/09\/Screenshot-2026-09-01-at-6.58.04-AM-767x922.png 767w, https:\/\/radio-newyork.com\/wp-content\/uploads\/2026\/09\/Screenshot-2026-09-01-at-6.58.04-AM-1278x1536.png 1278w, https:\/\/radio-newyork.com\/wp-content\/uploads\/2026\/09\/Screenshot-2026-09-01-at-6.58.04-AM.png 1668w\" sizes=\"auto, (max-width: 852px) 100vw, 852px\" \/><\/figure>\n\n\n\n<p class=\"wp-block-paragraph\"><\/p>\n","protected":false},"excerpt":{"rendered":"<p>Ameri\u010dki glumac Ri\u010dard Gir va\u017ei za jednog od najpoznatijih svjetskih glumaca, ali i za jednog od najve\u0107ih filmskih \u0161armera. Zauzima bitno mjesto u srcima mnogih \u017eena, koje ga smatraju prosto neodoljivim. \u010cesto je glumio u romanti\u010dnim komedijama, ali i u ozbiljnim trilerima. Privatno se nikada nije libio da javno iznese svoje politi\u010dke stavove i zbog [&hellip;]<\/p>\n","protected":false},"author":2,"featured_media":3724,"comment_status":"open","ping_status":"open","sticky":false,"template":"","format":"standard","meta":{"footnotes":""},"categories":[1],"tags":[],"class_list":["post-3723","post","type-post","status-publish","format-standard","has-post-thumbnail","hentry","category-uncategorized"],"acf":[],"yoast_head":"<!-- This site is optimized with the Yoast SEO plugin v26.2 - https:\/\/yoast.com\/wordpress\/plugins\/seo\/ -->\n<title>Danas 77. rodendan slavi Richard Gere - glumac kojem su \u0161arm, elegancija i nevjerojatna kemija s filmskim partnericama obilje\u017eili desetlje\u0107a Hollywooda. - Radio New York<\/title>\n<meta name=\"robots\" content=\"index, follow, max-snippet:-1, max-image-preview:large, max-video-preview:-1\" \/>\n<link rel=\"canonical\" href=\"https:\/\/radio-newyork.com\/?p=3723\" \/>\n<meta property=\"og:locale\" content=\"en_US\" \/>\n<meta property=\"og:type\" content=\"article\" \/>\n<meta property=\"og:title\" content=\"Danas 77. rodendan slavi Richard Gere - glumac kojem su \u0161arm, elegancija i nevjerojatna kemija s filmskim partnericama obilje\u017eili desetlje\u0107a Hollywooda. - Radio New York\" \/>\n<meta property=\"og:description\" content=\"Ameri\u010dki glumac Ri\u010dard Gir va\u017ei za jednog od najpoznatijih svjetskih glumaca, ali i za jednog od najve\u0107ih filmskih \u0161armera. Zauzima bitno mjesto u srcima mnogih \u017eena, koje ga smatraju prosto neodoljivim. \u010cesto je glumio u romanti\u010dnim komedijama, ali i u ozbiljnim trilerima. Privatno se nikada nije libio da javno iznese svoje politi\u010dke stavove i zbog [&hellip;]\" \/>\n<meta property=\"og:url\" content=\"https:\/\/radio-newyork.com\/?p=3723\" \/>\n<meta property=\"og:site_name\" content=\"Radio New York\" \/>\n<meta property=\"article:published_time\" content=\"2026-09-01T11:02:28+00:00\" \/>\n<meta property=\"article:modified_time\" content=\"2026-09-01T11:02:29+00:00\" \/>\n<meta property=\"og:image\" content=\"https:\/\/radio-newyork.com\/wp-content\/uploads\/2026\/09\/Screenshot-2026-09-01-at-6.57.17-AM-767x746.png\" \/>\n\t<meta property=\"og:image:width\" content=\"767\" \/>\n\t<meta property=\"og:image:height\" content=\"746\" \/>\n\t<meta property=\"og:image:type\" content=\"image\/png\" \/>\n<meta name=\"author\" content=\"Ismet Rastoder\" \/>\n<meta name=\"twitter:card\" content=\"summary_large_image\" \/>\n<meta name=\"twitter:label1\" content=\"Written by\" \/>\n\t<meta name=\"twitter:data1\" content=\"Ismet Rastoder\" \/>\n\t<meta name=\"twitter:label2\" content=\"Est. reading time\" \/>\n\t<meta name=\"twitter:data2\" content=\"7 minutes\" \/>\n<script type=\"application\/ld+json\" class=\"yoast-schema-graph\">{\"@context\":\"https:\/\/schema.org\",\"@graph\":[{\"@type\":\"Article\",\"@id\":\"https:\/\/radio-newyork.com\/?p=3723#article\",\"isPartOf\":{\"@id\":\"https:\/\/radio-newyork.com\/?p=3723\"},\"author\":{\"name\":\"Ismet Rastoder\",\"@id\":\"https:\/\/radio-newyork.com\/#\/schema\/person\/e2f4dbf5b60fd9ac004d77b9e1b59559\"},\"headline\":\"Danas 77. rodendan slavi Richard Gere &#8211; glumac kojem su \u0161arm, elegancija i nevjerojatna kemija s filmskim partnericama obilje\u017eili desetlje\u0107a Hollywooda.\",\"datePublished\":\"2026-09-01T11:02:28+00:00\",\"dateModified\":\"2026-09-01T11:02:29+00:00\",\"mainEntityOfPage\":{\"@id\":\"https:\/\/radio-newyork.com\/?p=3723\"},\"wordCount\":1478,\"commentCount\":0,\"publisher\":{\"@id\":\"https:\/\/radio-newyork.com\/#organization\"},\"image\":{\"@id\":\"https:\/\/radio-newyork.com\/?p=3723#primaryimage\"},\"thumbnailUrl\":\"https:\/\/radio-newyork.com\/wp-content\/uploads\/2026\/09\/Screenshot-2026-09-01-at-6.57.17-AM.png\",\"inLanguage\":\"en-US\",\"potentialAction\":[{\"@type\":\"CommentAction\",\"name\":\"Comment\",\"target\":[\"https:\/\/radio-newyork.com\/?p=3723#respond\"]}]},{\"@type\":\"WebPage\",\"@id\":\"https:\/\/radio-newyork.com\/?p=3723\",\"url\":\"https:\/\/radio-newyork.com\/?p=3723\",\"name\":\"Danas 77. rodendan slavi Richard Gere - glumac kojem su \u0161arm, elegancija i nevjerojatna kemija s filmskim partnericama obilje\u017eili desetlje\u0107a Hollywooda. - Radio New York\",\"isPartOf\":{\"@id\":\"https:\/\/radio-newyork.com\/#website\"},\"primaryImageOfPage\":{\"@id\":\"https:\/\/radio-newyork.com\/?p=3723#primaryimage\"},\"image\":{\"@id\":\"https:\/\/radio-newyork.com\/?p=3723#primaryimage\"},\"thumbnailUrl\":\"https:\/\/radio-newyork.com\/wp-content\/uploads\/2026\/09\/Screenshot-2026-09-01-at-6.57.17-AM.png\",\"datePublished\":\"2026-09-01T11:02:28+00:00\",\"dateModified\":\"2026-09-01T11:02:29+00:00\",\"breadcrumb\":{\"@id\":\"https:\/\/radio-newyork.com\/?p=3723#breadcrumb\"},\"inLanguage\":\"en-US\",\"potentialAction\":[{\"@type\":\"ReadAction\",\"target\":[\"https:\/\/radio-newyork.com\/?p=3723\"]}]},{\"@type\":\"ImageObject\",\"inLanguage\":\"en-US\",\"@id\":\"https:\/\/radio-newyork.com\/?p=3723#primaryimage\",\"url\":\"https:\/\/radio-newyork.com\/wp-content\/uploads\/2026\/09\/Screenshot-2026-09-01-at-6.57.17-AM.png\",\"contentUrl\":\"https:\/\/radio-newyork.com\/wp-content\/uploads\/2026\/09\/Screenshot-2026-09-01-at-6.57.17-AM.png\",\"width\":1680,\"height\":1634},{\"@type\":\"BreadcrumbList\",\"@id\":\"https:\/\/radio-newyork.com\/?p=3723#breadcrumb\",\"itemListElement\":[{\"@type\":\"ListItem\",\"position\":1,\"name\":\"Home\",\"item\":\"https:\/\/radio-newyork.com\/\"},{\"@type\":\"ListItem\",\"position\":2,\"name\":\"Danas 77. rodendan slavi Richard Gere &#8211; glumac kojem su \u0161arm, elegancija i nevjerojatna kemija s filmskim partnericama obilje\u017eili desetlje\u0107a Hollywooda.\"}]},{\"@type\":\"WebSite\",\"@id\":\"https:\/\/radio-newyork.com\/#website\",\"url\":\"https:\/\/radio-newyork.com\/\",\"name\":\"Radio New York\",\"description\":\"Radio New York \u2014 Most Amerike i domovine\",\"publisher\":{\"@id\":\"https:\/\/radio-newyork.com\/#organization\"},\"potentialAction\":[{\"@type\":\"SearchAction\",\"target\":{\"@type\":\"EntryPoint\",\"urlTemplate\":\"https:\/\/radio-newyork.com\/?s={search_term_string}\"},\"query-input\":{\"@type\":\"PropertyValueSpecification\",\"valueRequired\":true,\"valueName\":\"search_term_string\"}}],\"inLanguage\":\"en-US\"},{\"@type\":\"Organization\",\"@id\":\"https:\/\/radio-newyork.com\/#organization\",\"name\":\"Radio New York\",\"url\":\"https:\/\/radio-newyork.com\/\",\"logo\":{\"@type\":\"ImageObject\",\"inLanguage\":\"en-US\",\"@id\":\"https:\/\/radio-newyork.com\/#\/schema\/logo\/image\/\",\"url\":\"https:\/\/radio-newyork.com\/wp-content\/uploads\/2021\/12\/262517255_4571047313011643_1786418142376364479_n.jpg\",\"contentUrl\":\"https:\/\/radio-newyork.com\/wp-content\/uploads\/2021\/12\/262517255_4571047313011643_1786418142376364479_n.jpg\",\"width\":212,\"height\":210,\"caption\":\"Radio New York\"},\"image\":{\"@id\":\"https:\/\/radio-newyork.com\/#\/schema\/logo\/image\/\"}},{\"@type\":\"Person\",\"@id\":\"https:\/\/radio-newyork.com\/#\/schema\/person\/e2f4dbf5b60fd9ac004d77b9e1b59559\",\"name\":\"Ismet Rastoder\",\"image\":{\"@type\":\"ImageObject\",\"inLanguage\":\"en-US\",\"@id\":\"https:\/\/radio-newyork.com\/#\/schema\/person\/image\/\",\"url\":\"https:\/\/secure.gravatar.com\/avatar\/800e8dd1eac3e728e825b7d5c16c80b067c4a0557a2ce54986c89f6008f454bb?s=96&d=mm&r=g\",\"contentUrl\":\"https:\/\/secure.gravatar.com\/avatar\/800e8dd1eac3e728e825b7d5c16c80b067c4a0557a2ce54986c89f6008f454bb?s=96&d=mm&r=g\",\"caption\":\"Ismet Rastoder\"},\"description\":\"Ismet Rastoder je urednik i osniva\u010d portala Radio New York \u2014 medijskog prostora posve\u0107enog dijaspori, dru\u0161tvenoj istini i stvarnim \u017eivotnim pitanjima Balkana i Amerike. Poznat po direktnom stilu, hrabrim komentarima i beskompromisnoj borbi protiv nepravde, Rastoder donosi glas zajednice koja se \u010desto ne \u010duje, ali itekako postoji. Vi\u0161e od dvije decenije aktivan je u zajednici i medijima, gdje kroz analize, autorske kolumne i dru\u0161tveni anga\u017eman povezuje iskustvo \u017eivota u Americi sa realno\u0161\u0107u Balkana. Njegove pri\u010de otvaraju va\u017ene teme \u2014 od identiteta i politike, do kulture, dijaspore i dru\u0161tvenih transformacija. Prepoznat je kao glas dijaspore koji govori ono \u0161to mnogi misle, ali rijetko ko ka\u017ee.\",\"sameAs\":[\"http:\/\/radio-newyork.com\"],\"url\":\"https:\/\/radio-newyork.com\/?author=2\"}]}<\/script>\n<!-- \/ Yoast SEO plugin. -->","yoast_head_json":{"title":"Danas 77. rodendan slavi Richard Gere - glumac kojem su \u0161arm, elegancija i nevjerojatna kemija s filmskim partnericama obilje\u017eili desetlje\u0107a Hollywooda. - Radio New York","robots":{"index":"index","follow":"follow","max-snippet":"max-snippet:-1","max-image-preview":"max-image-preview:large","max-video-preview":"max-video-preview:-1"},"canonical":"https:\/\/radio-newyork.com\/?p=3723","og_locale":"en_US","og_type":"article","og_title":"Danas 77. rodendan slavi Richard Gere - glumac kojem su \u0161arm, elegancija i nevjerojatna kemija s filmskim partnericama obilje\u017eili desetlje\u0107a Hollywooda. - Radio New York","og_description":"Ameri\u010dki glumac Ri\u010dard Gir va\u017ei za jednog od najpoznatijih svjetskih glumaca, ali i za jednog od najve\u0107ih filmskih \u0161armera. Zauzima bitno mjesto u srcima mnogih \u017eena, koje ga smatraju prosto neodoljivim. \u010cesto je glumio u romanti\u010dnim komedijama, ali i u ozbiljnim trilerima. Privatno se nikada nije libio da javno iznese svoje politi\u010dke stavove i zbog [&hellip;]","og_url":"https:\/\/radio-newyork.com\/?p=3723","og_site_name":"Radio New York","article_published_time":"2026-09-01T11:02:28+00:00","article_modified_time":"2026-09-01T11:02:29+00:00","og_image":[{"width":767,"height":746,"url":"https:\/\/radio-newyork.com\/wp-content\/uploads\/2026\/09\/Screenshot-2026-09-01-at-6.57.17-AM-767x746.png","type":"image\/png"}],"author":"Ismet Rastoder","twitter_card":"summary_large_image","twitter_misc":{"Written by":"Ismet Rastoder","Est. reading time":"7 minutes"},"schema":{"@context":"https:\/\/schema.org","@graph":[{"@type":"Article","@id":"https:\/\/radio-newyork.com\/?p=3723#article","isPartOf":{"@id":"https:\/\/radio-newyork.com\/?p=3723"},"author":{"name":"Ismet Rastoder","@id":"https:\/\/radio-newyork.com\/#\/schema\/person\/e2f4dbf5b60fd9ac004d77b9e1b59559"},"headline":"Danas 77. rodendan slavi Richard Gere &#8211; glumac kojem su \u0161arm, elegancija i nevjerojatna kemija s filmskim partnericama obilje\u017eili desetlje\u0107a Hollywooda.","datePublished":"2026-09-01T11:02:28+00:00","dateModified":"2026-09-01T11:02:29+00:00","mainEntityOfPage":{"@id":"https:\/\/radio-newyork.com\/?p=3723"},"wordCount":1478,"commentCount":0,"publisher":{"@id":"https:\/\/radio-newyork.com\/#organization"},"image":{"@id":"https:\/\/radio-newyork.com\/?p=3723#primaryimage"},"thumbnailUrl":"https:\/\/radio-newyork.com\/wp-content\/uploads\/2026\/09\/Screenshot-2026-09-01-at-6.57.17-AM.png","inLanguage":"en-US","potentialAction":[{"@type":"CommentAction","name":"Comment","target":["https:\/\/radio-newyork.com\/?p=3723#respond"]}]},{"@type":"WebPage","@id":"https:\/\/radio-newyork.com\/?p=3723","url":"https:\/\/radio-newyork.com\/?p=3723","name":"Danas 77. rodendan slavi Richard Gere - glumac kojem su \u0161arm, elegancija i nevjerojatna kemija s filmskim partnericama obilje\u017eili desetlje\u0107a Hollywooda. - Radio New York","isPartOf":{"@id":"https:\/\/radio-newyork.com\/#website"},"primaryImageOfPage":{"@id":"https:\/\/radio-newyork.com\/?p=3723#primaryimage"},"image":{"@id":"https:\/\/radio-newyork.com\/?p=3723#primaryimage"},"thumbnailUrl":"https:\/\/radio-newyork.com\/wp-content\/uploads\/2026\/09\/Screenshot-2026-09-01-at-6.57.17-AM.png","datePublished":"2026-09-01T11:02:28+00:00","dateModified":"2026-09-01T11:02:29+00:00","breadcrumb":{"@id":"https:\/\/radio-newyork.com\/?p=3723#breadcrumb"},"inLanguage":"en-US","potentialAction":[{"@type":"ReadAction","target":["https:\/\/radio-newyork.com\/?p=3723"]}]},{"@type":"ImageObject","inLanguage":"en-US","@id":"https:\/\/radio-newyork.com\/?p=3723#primaryimage","url":"https:\/\/radio-newyork.com\/wp-content\/uploads\/2026\/09\/Screenshot-2026-09-01-at-6.57.17-AM.png","contentUrl":"https:\/\/radio-newyork.com\/wp-content\/uploads\/2026\/09\/Screenshot-2026-09-01-at-6.57.17-AM.png","width":1680,"height":1634},{"@type":"BreadcrumbList","@id":"https:\/\/radio-newyork.com\/?p=3723#breadcrumb","itemListElement":[{"@type":"ListItem","position":1,"name":"Home","item":"https:\/\/radio-newyork.com\/"},{"@type":"ListItem","position":2,"name":"Danas 77. rodendan slavi Richard Gere &#8211; glumac kojem su \u0161arm, elegancija i nevjerojatna kemija s filmskim partnericama obilje\u017eili desetlje\u0107a Hollywooda."}]},{"@type":"WebSite","@id":"https:\/\/radio-newyork.com\/#website","url":"https:\/\/radio-newyork.com\/","name":"Radio New York","description":"Radio New York \u2014 Most Amerike i domovine","publisher":{"@id":"https:\/\/radio-newyork.com\/#organization"},"potentialAction":[{"@type":"SearchAction","target":{"@type":"EntryPoint","urlTemplate":"https:\/\/radio-newyork.com\/?s={search_term_string}"},"query-input":{"@type":"PropertyValueSpecification","valueRequired":true,"valueName":"search_term_string"}}],"inLanguage":"en-US"},{"@type":"Organization","@id":"https:\/\/radio-newyork.com\/#organization","name":"Radio New York","url":"https:\/\/radio-newyork.com\/","logo":{"@type":"ImageObject","inLanguage":"en-US","@id":"https:\/\/radio-newyork.com\/#\/schema\/logo\/image\/","url":"https:\/\/radio-newyork.com\/wp-content\/uploads\/2021\/12\/262517255_4571047313011643_1786418142376364479_n.jpg","contentUrl":"https:\/\/radio-newyork.com\/wp-content\/uploads\/2021\/12\/262517255_4571047313011643_1786418142376364479_n.jpg","width":212,"height":210,"caption":"Radio New York"},"image":{"@id":"https:\/\/radio-newyork.com\/#\/schema\/logo\/image\/"}},{"@type":"Person","@id":"https:\/\/radio-newyork.com\/#\/schema\/person\/e2f4dbf5b60fd9ac004d77b9e1b59559","name":"Ismet Rastoder","image":{"@type":"ImageObject","inLanguage":"en-US","@id":"https:\/\/radio-newyork.com\/#\/schema\/person\/image\/","url":"https:\/\/secure.gravatar.com\/avatar\/800e8dd1eac3e728e825b7d5c16c80b067c4a0557a2ce54986c89f6008f454bb?s=96&d=mm&r=g","contentUrl":"https:\/\/secure.gravatar.com\/avatar\/800e8dd1eac3e728e825b7d5c16c80b067c4a0557a2ce54986c89f6008f454bb?s=96&d=mm&r=g","caption":"Ismet Rastoder"},"description":"Ismet Rastoder je urednik i osniva\u010d portala Radio New York \u2014 medijskog prostora posve\u0107enog dijaspori, dru\u0161tvenoj istini i stvarnim \u017eivotnim pitanjima Balkana i Amerike. Poznat po direktnom stilu, hrabrim komentarima i beskompromisnoj borbi protiv nepravde, Rastoder donosi glas zajednice koja se \u010desto ne \u010duje, ali itekako postoji. Vi\u0161e od dvije decenije aktivan je u zajednici i medijima, gdje kroz analize, autorske kolumne i dru\u0161tveni anga\u017eman povezuje iskustvo \u017eivota u Americi sa realno\u0161\u0107u Balkana. Njegove pri\u010de otvaraju va\u017ene teme \u2014 od identiteta i politike, do kulture, dijaspore i dru\u0161tvenih transformacija. Prepoznat je kao glas dijaspore koji govori ono \u0161to mnogi misle, ali rijetko ko ka\u017ee.","sameAs":["http:\/\/radio-newyork.com"],"url":"https:\/\/radio-newyork.com\/?author=2"}]}},"_links":{"self":[{"href":"https:\/\/radio-newyork.com\/index.php?rest_route=\/wp\/v2\/posts\/3723","targetHints":{"allow":["GET"]}}],"collection":[{"href":"https:\/\/radio-newyork.com\/index.php?rest_route=\/wp\/v2\/posts"}],"about":[{"href":"https:\/\/radio-newyork.com\/index.php?rest_route=\/wp\/v2\/types\/post"}],"author":[{"embeddable":true,"href":"https:\/\/radio-newyork.com\/index.php?rest_route=\/wp\/v2\/users\/2"}],"replies":[{"embeddable":true,"href":"https:\/\/radio-newyork.com\/index.php?rest_route=%2Fwp%2Fv2%2Fcomments&post=3723"}],"version-history":[{"count":1,"href":"https:\/\/radio-newyork.com\/index.php?rest_route=\/wp\/v2\/posts\/3723\/revisions"}],"predecessor-version":[{"id":3726,"href":"https:\/\/radio-newyork.com\/index.php?rest_route=\/wp\/v2\/posts\/3723\/revisions\/3726"}],"wp:featuredmedia":[{"embeddable":true,"href":"https:\/\/radio-newyork.com\/index.php?rest_route=\/wp\/v2\/media\/3724"}],"wp:attachment":[{"href":"https:\/\/radio-newyork.com\/index.php?rest_route=%2Fwp%2Fv2%2Fmedia&parent=3723"}],"wp:term":[{"taxonomy":"category","embeddable":true,"href":"https:\/\/radio-newyork.com\/index.php?rest_route=%2Fwp%2Fv2%2Fcategories&post=3723"},{"taxonomy":"post_tag","embeddable":true,"href":"https:\/\/radio-newyork.com\/index.php?rest_route=%2Fwp%2Fv2%2Ftags&post=3723"}],"curies":[{"name":"wp","href":"https:\/\/api.w.org\/{rel}","templated":true}]}}