{"id":3251,"date":"2026-05-03T14:38:49","date_gmt":"2026-05-03T14:38:49","guid":{"rendered":"https:\/\/radio-newyork.com\/?p=3251"},"modified":"2026-05-03T14:38:49","modified_gmt":"2026-05-03T14:38:49","slug":"new-york-nije-zaboravio-dijaspora-obiljezila-dan-armije-rbih-i-presudni-2-maj-poruka-koja-odjekuje-daleko-od-bosne","status":"publish","type":"post","link":"https:\/\/radio-newyork.com\/?p=3251","title":{"rendered":"NEW YORK NIJE ZABORAVIO: Dijaspora obilje\u017eila Dan Armije RBiH i presudni 2. maj \u2013 poruka koja odjekuje daleko od Bosne"},"content":{"rendered":"\n<figure class=\"wp-block-image size-large\"><img loading=\"lazy\" decoding=\"async\" width=\"1024\" height=\"768\" src=\"https:\/\/radio-newyork.com\/wp-content\/uploads\/2026\/05\/684963306_2449220422187451_229806339945974325_n-1024x768.jpg\" alt=\"\" class=\"wp-image-3252\" srcset=\"https:\/\/radio-newyork.com\/wp-content\/uploads\/2026\/05\/684963306_2449220422187451_229806339945974325_n-1024x768.jpg 1024w, https:\/\/radio-newyork.com\/wp-content\/uploads\/2026\/05\/684963306_2449220422187451_229806339945974325_n-300x225.jpg 300w, https:\/\/radio-newyork.com\/wp-content\/uploads\/2026\/05\/684963306_2449220422187451_229806339945974325_n-768x576.jpg 768w, https:\/\/radio-newyork.com\/wp-content\/uploads\/2026\/05\/684963306_2449220422187451_229806339945974325_n-1536x1152.jpg 1536w, https:\/\/radio-newyork.com\/wp-content\/uploads\/2026\/05\/684963306_2449220422187451_229806339945974325_n.jpg 2048w\" sizes=\"auto, (max-width: 1024px) 100vw, 1024px\" \/><\/figure>\n\n\n\n<h2 class=\"wp-block-heading\">U NEW YORKU OBILJE\u017dEN DAN ARMIJE RBiH I SJE\u0106ANJE NA 2. MAJ \u2013 PRESUDNE DANE ODBRANE SARAJEVA I DR\u017dAVE<\/h2>\n\n\n\n<p>U New York, u njujor\u0161koj Astoriji, protekle subote uprili\u010deno je tradicionalno obilje\u017eavanje Dana Armije Republike Bosne i Hercegovine, uz podsje\u0107anje na klju\u010dne doga\u0111aje iz maja 1992. godine \u2013 dane koji su bili presudni za odbranu Sarajeva i o\u010duvanje dr\u017eave Bosne i Hercegovine.<\/p>\n\n\n\n<p>Doga\u0111aj, koji se u kontinuitetu organizuje ve\u0107 decenijama, okupio je veterane Armije i MUP-a RBiH, predstavnike zajednice, kao i brojne gra\u0111ane i po\u0161tovaoce domovine. Centralna sala bila je simboli\u010dno ure\u0111ena zastavama Bosne i Hercegovine, Sjedinjenih Ameri\u010dkih Dr\u017eava, te obilje\u017ejima Armije i MUP-a RBiH, \u010dime je dodatno nagla\u0161ena veza izme\u0111u domovine i dijaspore.<\/p>\n\n\n\n<p>Sve\u010dani program otvoren je intoniranjem himni SAD-a i Bosne i Hercegovine, nakon \u010dega je uslijedio jedan od najupe\u010datljivijih trenutaka ve\u010deri \u2013 defile mladih u\u010desnika koji su nosili zastave svih korpusa Armije RBiH, uz izvo\u0111enje pjesme \u201eJedna si jedina\u201c. Ovaj segment izazvao je sna\u017ene emocije me\u0111u prisutnima i jo\u0161 jednom potvrdio va\u017enost preno\u0161enja historijskog pam\u0107enja na mla\u0111e generacije.<\/p>\n\n\n\n<p>Program je vodila Adila Todi\u0107, a prisutnima su se obratili imam BHICNY Emir ef. Dedi\u0107, predsjednik Udru\u017eenja veterana Armije RBiH u New Yorku Admir Ekme\u0161\u010di\u0107, te veteran Patriotske lige Azem Dervi\u0161evi\u0107 \u2013 Zenga, koji je za ovu priliku doputovao iz Bostona.<\/p>\n\n\n\n<p>U svojim obra\u0107anjima istaknuta je klju\u010dna uloga ovakvih manifestacija u o\u010duvanju istine i edukaciji mladih, uz naglasak da se historija mora u\u010diti iz \u017eivih svjedo\u010denja onih koji su je stvarali. Posebno je apostrofiran zna\u010daj borbi iz maja 1992. godine, koje su ozna\u010dene kao prelomni trenutak u odbrani Sarajeva i dr\u017eave Bosne i Hercegovine.<\/p>\n\n\n\n<p>Kulturno-umjetni\u010dki program dodatno je obogatio sadr\u017eaj ve\u010deri. Hor \u201eBosanske ru\u017ee\u201c izveo je nekoliko kasida, dok su \u010dlanovi KUD-a \u201eHalaturka\u201c, pod koreografijom Samira Handanovi\u0107a, izveli folklorne igre koje su nagra\u0111ene sna\u017enim aplauzom publike. Handanovi\u0107 je ujedno izveo i recital posve\u0107en Srebrenici, unose\u0107i sna\u017enu emotivnu dimenziju u program.<\/p>\n\n\n\n<p>U okviru manifestacije uprili\u010dena je i promocija knji\u017eevnih djela autora Senahida Halilovi\u0107a, koji je predstavio svoj novi roman \u201eGlas mojih mrtvih\u201c. Rije\u010d je o djelu koje prati sudbinu glavnog junaka Asima Trake, ro\u0111enog u Su\u0107esci kod Srebrenice, koji kroz ratne strahote i \u201eput smrti\u201c uspijeva do\u0107i do slobodne teritorije i nastaviti \u017eivot na podru\u010dju Tuzlanskog kantona.<\/p>\n\n\n\n<p>Pored toga, predstavljeno je i dopunjeno izdanje romana \u201eArgentarija\u2013Domavia\u2013Srebrenica\u201c, a veliki broj prisutnih iskoristio je priliku da obezbijedi primjerke knjiga sa posvetom autora.<\/p>\n\n\n\n<p>Muzi\u010dki dio ve\u010deri donio je posebnu atmosferu, uz nastup Ameline Hamza koja je interpretacijom sevdalinki, uz pratnju orkestra u sastavu Ernad \u201eBubo\u201c Handanovi\u0107, Zejadin Mehovi\u0107 i Edin \u201eEdo\u201c Blambi\u0107, odu\u0161evila prisutne. Program su dodatno upotpunili Haris i Jasmin Koljenovi\u0107 izvo\u0111enjem kasida, dok je Haris svojim nastupom i svirkom kola uspio podi\u0107i publiku na noge, stvaraju\u0107i ambijent zajedni\u0161tva i radosti.<\/p>\n\n\n\n<p>Na kraju ve\u010deri upu\u0107ene su \u010destitke organizatorima \u2013 Odboru veterana Armije i MUP-a RBiH u New Yorku \u2013 koji ve\u0107 godinama istrajno rade na o\u010duvanju kulture sje\u0107anja i preno\u0161enju historijskih vrijednosti na nove generacije.<\/p>\n\n\n\n<p>Ovakvi doga\u0111aji potvr\u0111uju da dijaspora, i daleko od domovine, ostaje sna\u017eno vezana za svoje korijene, \u010duvaju\u0107i istinu, identitet i sje\u0107anje na \u010dasnu borbu za slobodu Bosne i Hercegovine.<\/p>\n\n\n\n<p> Radio New York<\/p>\n\n\n\n<figure class=\"wp-block-image size-large\"><img loading=\"lazy\" decoding=\"async\" width=\"1024\" height=\"768\" src=\"https:\/\/radio-newyork.com\/wp-content\/uploads\/2026\/05\/689902257_2449220495520777_1737342715858287198_n-1024x768.jpg\" alt=\"\" class=\"wp-image-3253\" srcset=\"https:\/\/radio-newyork.com\/wp-content\/uploads\/2026\/05\/689902257_2449220495520777_1737342715858287198_n-1024x768.jpg 1024w, https:\/\/radio-newyork.com\/wp-content\/uploads\/2026\/05\/689902257_2449220495520777_1737342715858287198_n-300x225.jpg 300w, https:\/\/radio-newyork.com\/wp-content\/uploads\/2026\/05\/689902257_2449220495520777_1737342715858287198_n-768x576.jpg 768w, https:\/\/radio-newyork.com\/wp-content\/uploads\/2026\/05\/689902257_2449220495520777_1737342715858287198_n-1536x1152.jpg 1536w, https:\/\/radio-newyork.com\/wp-content\/uploads\/2026\/05\/689902257_2449220495520777_1737342715858287198_n.jpg 2048w\" sizes=\"auto, (max-width: 1024px) 100vw, 1024px\" \/><\/figure>\n\n\n\n<hr class=\"wp-block-separator has-alpha-channel-opacity\"\/>\n\n\n\n<figure class=\"wp-block-image size-large\"><img loading=\"lazy\" decoding=\"async\" width=\"1024\" height=\"768\" src=\"https:\/\/radio-newyork.com\/wp-content\/uploads\/2026\/05\/687039215_2449219535520873_4229735452349447456_n-1024x768.jpg\" alt=\"\" class=\"wp-image-3254\" srcset=\"https:\/\/radio-newyork.com\/wp-content\/uploads\/2026\/05\/687039215_2449219535520873_4229735452349447456_n-1024x768.jpg 1024w, https:\/\/radio-newyork.com\/wp-content\/uploads\/2026\/05\/687039215_2449219535520873_4229735452349447456_n-300x225.jpg 300w, https:\/\/radio-newyork.com\/wp-content\/uploads\/2026\/05\/687039215_2449219535520873_4229735452349447456_n-768x576.jpg 768w, https:\/\/radio-newyork.com\/wp-content\/uploads\/2026\/05\/687039215_2449219535520873_4229735452349447456_n-1536x1152.jpg 1536w, https:\/\/radio-newyork.com\/wp-content\/uploads\/2026\/05\/687039215_2449219535520873_4229735452349447456_n.jpg 2048w\" sizes=\"auto, (max-width: 1024px) 100vw, 1024px\" \/><\/figure>\n\n\n\n<figure class=\"wp-block-image size-large\"><img loading=\"lazy\" decoding=\"async\" width=\"1024\" height=\"768\" src=\"https:\/\/radio-newyork.com\/wp-content\/uploads\/2026\/05\/687396498_2449220578854102_5658619731425576518_n-1024x768.jpg\" alt=\"\" class=\"wp-image-3255\" srcset=\"https:\/\/radio-newyork.com\/wp-content\/uploads\/2026\/05\/687396498_2449220578854102_5658619731425576518_n-1024x768.jpg 1024w, https:\/\/radio-newyork.com\/wp-content\/uploads\/2026\/05\/687396498_2449220578854102_5658619731425576518_n-300x225.jpg 300w, https:\/\/radio-newyork.com\/wp-content\/uploads\/2026\/05\/687396498_2449220578854102_5658619731425576518_n-768x576.jpg 768w, https:\/\/radio-newyork.com\/wp-content\/uploads\/2026\/05\/687396498_2449220578854102_5658619731425576518_n-1536x1152.jpg 1536w, https:\/\/radio-newyork.com\/wp-content\/uploads\/2026\/05\/687396498_2449220578854102_5658619731425576518_n.jpg 2048w\" sizes=\"auto, (max-width: 1024px) 100vw, 1024px\" \/><\/figure>\n\n\n\n<figure class=\"wp-block-image size-large\"><img loading=\"lazy\" decoding=\"async\" width=\"1024\" height=\"768\" src=\"https:\/\/radio-newyork.com\/wp-content\/uploads\/2026\/05\/682883030_2449219955520831_5895630445646052786_n-1024x768.jpg\" alt=\"\" class=\"wp-image-3256\" srcset=\"https:\/\/radio-newyork.com\/wp-content\/uploads\/2026\/05\/682883030_2449219955520831_5895630445646052786_n-1024x768.jpg 1024w, https:\/\/radio-newyork.com\/wp-content\/uploads\/2026\/05\/682883030_2449219955520831_5895630445646052786_n-300x225.jpg 300w, https:\/\/radio-newyork.com\/wp-content\/uploads\/2026\/05\/682883030_2449219955520831_5895630445646052786_n-768x576.jpg 768w, https:\/\/radio-newyork.com\/wp-content\/uploads\/2026\/05\/682883030_2449219955520831_5895630445646052786_n-1536x1152.jpg 1536w, https:\/\/radio-newyork.com\/wp-content\/uploads\/2026\/05\/682883030_2449219955520831_5895630445646052786_n.jpg 2048w\" sizes=\"auto, (max-width: 1024px) 100vw, 1024px\" \/><\/figure>\n\n\n\n<figure class=\"wp-block-image size-large\"><img loading=\"lazy\" decoding=\"async\" width=\"1024\" height=\"768\" src=\"https:\/\/radio-newyork.com\/wp-content\/uploads\/2026\/05\/682886548_2449220205520806_5721973106259798660_n-1024x768.jpg\" alt=\"\" class=\"wp-image-3257\" srcset=\"https:\/\/radio-newyork.com\/wp-content\/uploads\/2026\/05\/682886548_2449220205520806_5721973106259798660_n-1024x768.jpg 1024w, https:\/\/radio-newyork.com\/wp-content\/uploads\/2026\/05\/682886548_2449220205520806_5721973106259798660_n-300x225.jpg 300w, https:\/\/radio-newyork.com\/wp-content\/uploads\/2026\/05\/682886548_2449220205520806_5721973106259798660_n-768x576.jpg 768w, https:\/\/radio-newyork.com\/wp-content\/uploads\/2026\/05\/682886548_2449220205520806_5721973106259798660_n-1536x1152.jpg 1536w, https:\/\/radio-newyork.com\/wp-content\/uploads\/2026\/05\/682886548_2449220205520806_5721973106259798660_n.jpg 2048w\" sizes=\"auto, (max-width: 1024px) 100vw, 1024px\" \/><\/figure>\n\n\n\n<figure class=\"wp-block-image size-large\"><img loading=\"lazy\" decoding=\"async\" width=\"768\" height=\"1024\" src=\"https:\/\/radio-newyork.com\/wp-content\/uploads\/2026\/05\/686995659_2449219745520852_7063435220939804729_n-768x1024.jpg\" alt=\"\" class=\"wp-image-3259\" srcset=\"https:\/\/radio-newyork.com\/wp-content\/uploads\/2026\/05\/686995659_2449219745520852_7063435220939804729_n-768x1024.jpg 768w, https:\/\/radio-newyork.com\/wp-content\/uploads\/2026\/05\/686995659_2449219745520852_7063435220939804729_n-225x300.jpg 225w, https:\/\/radio-newyork.com\/wp-content\/uploads\/2026\/05\/686995659_2449219745520852_7063435220939804729_n-1152x1536.jpg 1152w, https:\/\/radio-newyork.com\/wp-content\/uploads\/2026\/05\/686995659_2449219745520852_7063435220939804729_n.jpg 1536w\" sizes=\"auto, (max-width: 768px) 100vw, 768px\" \/><\/figure>\n\n\n\n<figure class=\"wp-block-image size-large\"><img loading=\"lazy\" decoding=\"async\" width=\"1024\" height=\"768\" src=\"https:\/\/radio-newyork.com\/wp-content\/uploads\/2026\/05\/686512431_2449220195520807_982066303075591879_n-1024x768.jpg\" alt=\"\" class=\"wp-image-3260\" srcset=\"https:\/\/radio-newyork.com\/wp-content\/uploads\/2026\/05\/686512431_2449220195520807_982066303075591879_n-1024x768.jpg 1024w, https:\/\/radio-newyork.com\/wp-content\/uploads\/2026\/05\/686512431_2449220195520807_982066303075591879_n-300x225.jpg 300w, https:\/\/radio-newyork.com\/wp-content\/uploads\/2026\/05\/686512431_2449220195520807_982066303075591879_n-768x576.jpg 768w, https:\/\/radio-newyork.com\/wp-content\/uploads\/2026\/05\/686512431_2449220195520807_982066303075591879_n-1536x1152.jpg 1536w, https:\/\/radio-newyork.com\/wp-content\/uploads\/2026\/05\/686512431_2449220195520807_982066303075591879_n.jpg 2048w\" sizes=\"auto, (max-width: 1024px) 100vw, 1024px\" \/><\/figure>\n\n\n\n<figure class=\"wp-block-image size-large\"><img loading=\"lazy\" decoding=\"async\" width=\"1024\" height=\"768\" src=\"https:\/\/radio-newyork.com\/wp-content\/uploads\/2026\/05\/687037127_2449220525520774_358820238186762273_n-1024x768.jpg\" alt=\"\" class=\"wp-image-3261\" srcset=\"https:\/\/radio-newyork.com\/wp-content\/uploads\/2026\/05\/687037127_2449220525520774_358820238186762273_n-1024x768.jpg 1024w, https:\/\/radio-newyork.com\/wp-content\/uploads\/2026\/05\/687037127_2449220525520774_358820238186762273_n-300x225.jpg 300w, https:\/\/radio-newyork.com\/wp-content\/uploads\/2026\/05\/687037127_2449220525520774_358820238186762273_n-768x576.jpg 768w, https:\/\/radio-newyork.com\/wp-content\/uploads\/2026\/05\/687037127_2449220525520774_358820238186762273_n-1536x1152.jpg 1536w, https:\/\/radio-newyork.com\/wp-content\/uploads\/2026\/05\/687037127_2449220525520774_358820238186762273_n.jpg 2048w\" sizes=\"auto, (max-width: 1024px) 100vw, 1024px\" \/><\/figure>\n\n\n\n<figure class=\"wp-block-image size-large\"><img loading=\"lazy\" decoding=\"async\" width=\"1024\" height=\"768\" src=\"https:\/\/radio-newyork.com\/wp-content\/uploads\/2026\/05\/686963533_2449219798854180_6146779995795563736_n-1024x768.jpg\" alt=\"\" class=\"wp-image-3262\" srcset=\"https:\/\/radio-newyork.com\/wp-content\/uploads\/2026\/05\/686963533_2449219798854180_6146779995795563736_n-1024x768.jpg 1024w, https:\/\/radio-newyork.com\/wp-content\/uploads\/2026\/05\/686963533_2449219798854180_6146779995795563736_n-300x225.jpg 300w, https:\/\/radio-newyork.com\/wp-content\/uploads\/2026\/05\/686963533_2449219798854180_6146779995795563736_n-768x576.jpg 768w, https:\/\/radio-newyork.com\/wp-content\/uploads\/2026\/05\/686963533_2449219798854180_6146779995795563736_n-1536x1152.jpg 1536w, https:\/\/radio-newyork.com\/wp-content\/uploads\/2026\/05\/686963533_2449219798854180_6146779995795563736_n.jpg 2048w\" sizes=\"auto, (max-width: 1024px) 100vw, 1024px\" \/><\/figure>\n\n\n\n<figure class=\"wp-block-image size-large\"><img loading=\"lazy\" decoding=\"async\" width=\"1024\" height=\"768\" src=\"https:\/\/radio-newyork.com\/wp-content\/uploads\/2026\/05\/688343040_2449219855520841_4224160473336741858_n-1024x768.jpg\" alt=\"\" class=\"wp-image-3263\" srcset=\"https:\/\/radio-newyork.com\/wp-content\/uploads\/2026\/05\/688343040_2449219855520841_4224160473336741858_n-1024x768.jpg 1024w, https:\/\/radio-newyork.com\/wp-content\/uploads\/2026\/05\/688343040_2449219855520841_4224160473336741858_n-300x225.jpg 300w, https:\/\/radio-newyork.com\/wp-content\/uploads\/2026\/05\/688343040_2449219855520841_4224160473336741858_n-768x576.jpg 768w, https:\/\/radio-newyork.com\/wp-content\/uploads\/2026\/05\/688343040_2449219855520841_4224160473336741858_n-1536x1152.jpg 1536w, https:\/\/radio-newyork.com\/wp-content\/uploads\/2026\/05\/688343040_2449219855520841_4224160473336741858_n.jpg 2048w\" sizes=\"auto, (max-width: 1024px) 100vw, 1024px\" \/><\/figure>\n\n\n\n<figure class=\"wp-block-image size-large\"><img loading=\"lazy\" decoding=\"async\" width=\"1024\" height=\"768\" src=\"https:\/\/radio-newyork.com\/wp-content\/uploads\/2026\/05\/689902484_2449219878854172_2746386396174041275_n-1024x768.jpg\" alt=\"\" class=\"wp-image-3264\" srcset=\"https:\/\/radio-newyork.com\/wp-content\/uploads\/2026\/05\/689902484_2449219878854172_2746386396174041275_n-1024x768.jpg 1024w, https:\/\/radio-newyork.com\/wp-content\/uploads\/2026\/05\/689902484_2449219878854172_2746386396174041275_n-300x225.jpg 300w, https:\/\/radio-newyork.com\/wp-content\/uploads\/2026\/05\/689902484_2449219878854172_2746386396174041275_n-768x576.jpg 768w, https:\/\/radio-newyork.com\/wp-content\/uploads\/2026\/05\/689902484_2449219878854172_2746386396174041275_n-1536x1152.jpg 1536w, https:\/\/radio-newyork.com\/wp-content\/uploads\/2026\/05\/689902484_2449219878854172_2746386396174041275_n.jpg 2048w\" sizes=\"auto, (max-width: 1024px) 100vw, 1024px\" \/><\/figure>\n\n\n\n<figure class=\"wp-block-image size-large\"><img loading=\"lazy\" decoding=\"async\" width=\"1024\" height=\"768\" src=\"https:\/\/radio-newyork.com\/wp-content\/uploads\/2026\/05\/687332315_2449220308854129_5553781715713988057_n-1024x768.jpg\" alt=\"\" class=\"wp-image-3265\" srcset=\"https:\/\/radio-newyork.com\/wp-content\/uploads\/2026\/05\/687332315_2449220308854129_5553781715713988057_n-1024x768.jpg 1024w, https:\/\/radio-newyork.com\/wp-content\/uploads\/2026\/05\/687332315_2449220308854129_5553781715713988057_n-300x225.jpg 300w, https:\/\/radio-newyork.com\/wp-content\/uploads\/2026\/05\/687332315_2449220308854129_5553781715713988057_n-768x576.jpg 768w, https:\/\/radio-newyork.com\/wp-content\/uploads\/2026\/05\/687332315_2449220308854129_5553781715713988057_n-1536x1152.jpg 1536w, https:\/\/radio-newyork.com\/wp-content\/uploads\/2026\/05\/687332315_2449220308854129_5553781715713988057_n.jpg 2048w\" sizes=\"auto, (max-width: 1024px) 100vw, 1024px\" \/><\/figure>\n\n\n\n<figure class=\"wp-block-image size-large\"><img loading=\"lazy\" decoding=\"async\" width=\"1024\" height=\"768\" src=\"https:\/\/radio-newyork.com\/wp-content\/uploads\/2026\/05\/687023748_2449219658854194_6635166947232387854_n-1024x768.jpg\" alt=\"\" class=\"wp-image-3266\" srcset=\"https:\/\/radio-newyork.com\/wp-content\/uploads\/2026\/05\/687023748_2449219658854194_6635166947232387854_n-1024x768.jpg 1024w, https:\/\/radio-newyork.com\/wp-content\/uploads\/2026\/05\/687023748_2449219658854194_6635166947232387854_n-300x225.jpg 300w, https:\/\/radio-newyork.com\/wp-content\/uploads\/2026\/05\/687023748_2449219658854194_6635166947232387854_n-768x576.jpg 768w, https:\/\/radio-newyork.com\/wp-content\/uploads\/2026\/05\/687023748_2449219658854194_6635166947232387854_n-1536x1152.jpg 1536w, https:\/\/radio-newyork.com\/wp-content\/uploads\/2026\/05\/687023748_2449219658854194_6635166947232387854_n.jpg 2048w\" sizes=\"auto, (max-width: 1024px) 100vw, 1024px\" \/><\/figure>\n","protected":false},"excerpt":{"rendered":"<p>U NEW YORKU OBILJE\u017dEN DAN ARMIJE RBiH I SJE\u0106ANJE NA 2. MAJ \u2013 PRESUDNE DANE ODBRANE SARAJEVA I DR\u017dAVE U New York, u njujor\u0161koj Astoriji, protekle subote uprili\u010deno je tradicionalno obilje\u017eavanje Dana Armije Republike Bosne i Hercegovine, uz podsje\u0107anje na klju\u010dne doga\u0111aje iz maja 1992. godine \u2013 dane koji su bili presudni za odbranu Sarajeva [&hellip;]<\/p>\n","protected":false},"author":2,"featured_media":3252,"comment_status":"open","ping_status":"open","sticky":false,"template":"","format":"standard","meta":{"footnotes":""},"categories":[1],"tags":[],"class_list":["post-3251","post","type-post","status-publish","format-standard","has-post-thumbnail","hentry","category-uncategorized"],"acf":[],"yoast_head":"<!-- This site is optimized with the Yoast SEO plugin v26.2 - https:\/\/yoast.com\/wordpress\/plugins\/seo\/ -->\n<title>NEW YORK NIJE ZABORAVIO: Dijaspora obilje\u017eila Dan Armije RBiH i presudni 2. maj \u2013 poruka koja odjekuje daleko od Bosne - Radio New York<\/title>\n<meta name=\"robots\" content=\"index, follow, max-snippet:-1, max-image-preview:large, max-video-preview:-1\" \/>\n<link rel=\"canonical\" href=\"https:\/\/radio-newyork.com\/?p=3251\" \/>\n<meta property=\"og:locale\" content=\"en_US\" \/>\n<meta property=\"og:type\" content=\"article\" \/>\n<meta property=\"og:title\" content=\"NEW YORK NIJE ZABORAVIO: Dijaspora obilje\u017eila Dan Armije RBiH i presudni 2. maj \u2013 poruka koja odjekuje daleko od Bosne - Radio New York\" \/>\n<meta property=\"og:description\" content=\"U NEW YORKU OBILJE\u017dEN DAN ARMIJE RBiH I SJE\u0106ANJE NA 2. MAJ \u2013 PRESUDNE DANE ODBRANE SARAJEVA I DR\u017dAVE U New York, u njujor\u0161koj Astoriji, protekle subote uprili\u010deno je tradicionalno obilje\u017eavanje Dana Armije Republike Bosne i Hercegovine, uz podsje\u0107anje na klju\u010dne doga\u0111aje iz maja 1992. godine \u2013 dane koji su bili presudni za odbranu Sarajeva [&hellip;]\" \/>\n<meta property=\"og:url\" content=\"https:\/\/radio-newyork.com\/?p=3251\" \/>\n<meta property=\"og:site_name\" content=\"Radio New York\" \/>\n<meta property=\"article:published_time\" content=\"2026-05-03T14:38:49+00:00\" \/>\n<meta property=\"og:image\" content=\"https:\/\/radio-newyork.com\/wp-content\/uploads\/2026\/05\/684963306_2449220422187451_229806339945974325_n.jpg\" \/>\n\t<meta property=\"og:image:width\" content=\"2048\" \/>\n\t<meta property=\"og:image:height\" content=\"1536\" \/>\n\t<meta property=\"og:image:type\" content=\"image\/jpeg\" \/>\n<meta name=\"author\" content=\"Ismet Rastoder\" \/>\n<meta name=\"twitter:card\" content=\"summary_large_image\" \/>\n<meta name=\"twitter:label1\" content=\"Written by\" \/>\n\t<meta name=\"twitter:data1\" content=\"Ismet Rastoder\" \/>\n\t<meta name=\"twitter:label2\" content=\"Est. reading time\" \/>\n\t<meta name=\"twitter:data2\" content=\"3 minutes\" \/>\n<script type=\"application\/ld+json\" class=\"yoast-schema-graph\">{\"@context\":\"https:\/\/schema.org\",\"@graph\":[{\"@type\":\"Article\",\"@id\":\"https:\/\/radio-newyork.com\/?p=3251#article\",\"isPartOf\":{\"@id\":\"https:\/\/radio-newyork.com\/?p=3251\"},\"author\":{\"name\":\"Ismet Rastoder\",\"@id\":\"https:\/\/radio-newyork.com\/#\/schema\/person\/e2f4dbf5b60fd9ac004d77b9e1b59559\"},\"headline\":\"NEW YORK NIJE ZABORAVIO: Dijaspora obilje\u017eila Dan Armije RBiH i presudni 2. maj \u2013 poruka koja odjekuje daleko od Bosne\",\"datePublished\":\"2026-05-03T14:38:49+00:00\",\"mainEntityOfPage\":{\"@id\":\"https:\/\/radio-newyork.com\/?p=3251\"},\"wordCount\":602,\"commentCount\":0,\"publisher\":{\"@id\":\"https:\/\/radio-newyork.com\/#organization\"},\"image\":{\"@id\":\"https:\/\/radio-newyork.com\/?p=3251#primaryimage\"},\"thumbnailUrl\":\"https:\/\/radio-newyork.com\/wp-content\/uploads\/2026\/05\/684963306_2449220422187451_229806339945974325_n.jpg\",\"inLanguage\":\"en-US\",\"potentialAction\":[{\"@type\":\"CommentAction\",\"name\":\"Comment\",\"target\":[\"https:\/\/radio-newyork.com\/?p=3251#respond\"]}]},{\"@type\":\"WebPage\",\"@id\":\"https:\/\/radio-newyork.com\/?p=3251\",\"url\":\"https:\/\/radio-newyork.com\/?p=3251\",\"name\":\"NEW YORK NIJE ZABORAVIO: Dijaspora obilje\u017eila Dan Armije RBiH i presudni 2. maj \u2013 poruka koja odjekuje daleko od Bosne - Radio New York\",\"isPartOf\":{\"@id\":\"https:\/\/radio-newyork.com\/#website\"},\"primaryImageOfPage\":{\"@id\":\"https:\/\/radio-newyork.com\/?p=3251#primaryimage\"},\"image\":{\"@id\":\"https:\/\/radio-newyork.com\/?p=3251#primaryimage\"},\"thumbnailUrl\":\"https:\/\/radio-newyork.com\/wp-content\/uploads\/2026\/05\/684963306_2449220422187451_229806339945974325_n.jpg\",\"datePublished\":\"2026-05-03T14:38:49+00:00\",\"breadcrumb\":{\"@id\":\"https:\/\/radio-newyork.com\/?p=3251#breadcrumb\"},\"inLanguage\":\"en-US\",\"potentialAction\":[{\"@type\":\"ReadAction\",\"target\":[\"https:\/\/radio-newyork.com\/?p=3251\"]}]},{\"@type\":\"ImageObject\",\"inLanguage\":\"en-US\",\"@id\":\"https:\/\/radio-newyork.com\/?p=3251#primaryimage\",\"url\":\"https:\/\/radio-newyork.com\/wp-content\/uploads\/2026\/05\/684963306_2449220422187451_229806339945974325_n.jpg\",\"contentUrl\":\"https:\/\/radio-newyork.com\/wp-content\/uploads\/2026\/05\/684963306_2449220422187451_229806339945974325_n.jpg\",\"width\":2048,\"height\":1536},{\"@type\":\"BreadcrumbList\",\"@id\":\"https:\/\/radio-newyork.com\/?p=3251#breadcrumb\",\"itemListElement\":[{\"@type\":\"ListItem\",\"position\":1,\"name\":\"Home\",\"item\":\"https:\/\/radio-newyork.com\/\"},{\"@type\":\"ListItem\",\"position\":2,\"name\":\"NEW YORK NIJE ZABORAVIO: Dijaspora obilje\u017eila Dan Armije RBiH i presudni 2. maj \u2013 poruka koja odjekuje daleko od Bosne\"}]},{\"@type\":\"WebSite\",\"@id\":\"https:\/\/radio-newyork.com\/#website\",\"url\":\"https:\/\/radio-newyork.com\/\",\"name\":\"Radio New York\",\"description\":\"Radio New York \u2014 Most Amerike i domovine\",\"publisher\":{\"@id\":\"https:\/\/radio-newyork.com\/#organization\"},\"potentialAction\":[{\"@type\":\"SearchAction\",\"target\":{\"@type\":\"EntryPoint\",\"urlTemplate\":\"https:\/\/radio-newyork.com\/?s={search_term_string}\"},\"query-input\":{\"@type\":\"PropertyValueSpecification\",\"valueRequired\":true,\"valueName\":\"search_term_string\"}}],\"inLanguage\":\"en-US\"},{\"@type\":\"Organization\",\"@id\":\"https:\/\/radio-newyork.com\/#organization\",\"name\":\"Radio New York\",\"url\":\"https:\/\/radio-newyork.com\/\",\"logo\":{\"@type\":\"ImageObject\",\"inLanguage\":\"en-US\",\"@id\":\"https:\/\/radio-newyork.com\/#\/schema\/logo\/image\/\",\"url\":\"https:\/\/radio-newyork.com\/wp-content\/uploads\/2021\/12\/262517255_4571047313011643_1786418142376364479_n.jpg\",\"contentUrl\":\"https:\/\/radio-newyork.com\/wp-content\/uploads\/2021\/12\/262517255_4571047313011643_1786418142376364479_n.jpg\",\"width\":212,\"height\":210,\"caption\":\"Radio New York\"},\"image\":{\"@id\":\"https:\/\/radio-newyork.com\/#\/schema\/logo\/image\/\"}},{\"@type\":\"Person\",\"@id\":\"https:\/\/radio-newyork.com\/#\/schema\/person\/e2f4dbf5b60fd9ac004d77b9e1b59559\",\"name\":\"Ismet Rastoder\",\"image\":{\"@type\":\"ImageObject\",\"inLanguage\":\"en-US\",\"@id\":\"https:\/\/radio-newyork.com\/#\/schema\/person\/image\/\",\"url\":\"https:\/\/secure.gravatar.com\/avatar\/800e8dd1eac3e728e825b7d5c16c80b067c4a0557a2ce54986c89f6008f454bb?s=96&d=mm&r=g\",\"contentUrl\":\"https:\/\/secure.gravatar.com\/avatar\/800e8dd1eac3e728e825b7d5c16c80b067c4a0557a2ce54986c89f6008f454bb?s=96&d=mm&r=g\",\"caption\":\"Ismet Rastoder\"},\"description\":\"Ismet Rastoder je urednik i osniva\u010d portala Radio New York \u2014 medijskog prostora posve\u0107enog dijaspori, dru\u0161tvenoj istini i stvarnim \u017eivotnim pitanjima Balkana i Amerike. Poznat po direktnom stilu, hrabrim komentarima i beskompromisnoj borbi protiv nepravde, Rastoder donosi glas zajednice koja se \u010desto ne \u010duje, ali itekako postoji. Vi\u0161e od dvije decenije aktivan je u zajednici i medijima, gdje kroz analize, autorske kolumne i dru\u0161tveni anga\u017eman povezuje iskustvo \u017eivota u Americi sa realno\u0161\u0107u Balkana. Njegove pri\u010de otvaraju va\u017ene teme \u2014 od identiteta i politike, do kulture, dijaspore i dru\u0161tvenih transformacija. Prepoznat je kao glas dijaspore koji govori ono \u0161to mnogi misle, ali rijetko ko ka\u017ee.\",\"sameAs\":[\"http:\/\/radio-newyork.com\"],\"url\":\"https:\/\/radio-newyork.com\/?author=2\"}]}<\/script>\n<!-- \/ Yoast SEO plugin. -->","yoast_head_json":{"title":"NEW YORK NIJE ZABORAVIO: Dijaspora obilje\u017eila Dan Armije RBiH i presudni 2. maj \u2013 poruka koja odjekuje daleko od Bosne - Radio New York","robots":{"index":"index","follow":"follow","max-snippet":"max-snippet:-1","max-image-preview":"max-image-preview:large","max-video-preview":"max-video-preview:-1"},"canonical":"https:\/\/radio-newyork.com\/?p=3251","og_locale":"en_US","og_type":"article","og_title":"NEW YORK NIJE ZABORAVIO: Dijaspora obilje\u017eila Dan Armije RBiH i presudni 2. maj \u2013 poruka koja odjekuje daleko od Bosne - Radio New York","og_description":"U NEW YORKU OBILJE\u017dEN DAN ARMIJE RBiH I SJE\u0106ANJE NA 2. MAJ \u2013 PRESUDNE DANE ODBRANE SARAJEVA I DR\u017dAVE U New York, u njujor\u0161koj Astoriji, protekle subote uprili\u010deno je tradicionalno obilje\u017eavanje Dana Armije Republike Bosne i Hercegovine, uz podsje\u0107anje na klju\u010dne doga\u0111aje iz maja 1992. godine \u2013 dane koji su bili presudni za odbranu Sarajeva [&hellip;]","og_url":"https:\/\/radio-newyork.com\/?p=3251","og_site_name":"Radio New York","article_published_time":"2026-05-03T14:38:49+00:00","og_image":[{"width":2048,"height":1536,"url":"https:\/\/radio-newyork.com\/wp-content\/uploads\/2026\/05\/684963306_2449220422187451_229806339945974325_n.jpg","type":"image\/jpeg"}],"author":"Ismet Rastoder","twitter_card":"summary_large_image","twitter_misc":{"Written by":"Ismet Rastoder","Est. reading time":"3 minutes"},"schema":{"@context":"https:\/\/schema.org","@graph":[{"@type":"Article","@id":"https:\/\/radio-newyork.com\/?p=3251#article","isPartOf":{"@id":"https:\/\/radio-newyork.com\/?p=3251"},"author":{"name":"Ismet Rastoder","@id":"https:\/\/radio-newyork.com\/#\/schema\/person\/e2f4dbf5b60fd9ac004d77b9e1b59559"},"headline":"NEW YORK NIJE ZABORAVIO: Dijaspora obilje\u017eila Dan Armije RBiH i presudni 2. maj \u2013 poruka koja odjekuje daleko od Bosne","datePublished":"2026-05-03T14:38:49+00:00","mainEntityOfPage":{"@id":"https:\/\/radio-newyork.com\/?p=3251"},"wordCount":602,"commentCount":0,"publisher":{"@id":"https:\/\/radio-newyork.com\/#organization"},"image":{"@id":"https:\/\/radio-newyork.com\/?p=3251#primaryimage"},"thumbnailUrl":"https:\/\/radio-newyork.com\/wp-content\/uploads\/2026\/05\/684963306_2449220422187451_229806339945974325_n.jpg","inLanguage":"en-US","potentialAction":[{"@type":"CommentAction","name":"Comment","target":["https:\/\/radio-newyork.com\/?p=3251#respond"]}]},{"@type":"WebPage","@id":"https:\/\/radio-newyork.com\/?p=3251","url":"https:\/\/radio-newyork.com\/?p=3251","name":"NEW YORK NIJE ZABORAVIO: Dijaspora obilje\u017eila Dan Armije RBiH i presudni 2. maj \u2013 poruka koja odjekuje daleko od Bosne - Radio New York","isPartOf":{"@id":"https:\/\/radio-newyork.com\/#website"},"primaryImageOfPage":{"@id":"https:\/\/radio-newyork.com\/?p=3251#primaryimage"},"image":{"@id":"https:\/\/radio-newyork.com\/?p=3251#primaryimage"},"thumbnailUrl":"https:\/\/radio-newyork.com\/wp-content\/uploads\/2026\/05\/684963306_2449220422187451_229806339945974325_n.jpg","datePublished":"2026-05-03T14:38:49+00:00","breadcrumb":{"@id":"https:\/\/radio-newyork.com\/?p=3251#breadcrumb"},"inLanguage":"en-US","potentialAction":[{"@type":"ReadAction","target":["https:\/\/radio-newyork.com\/?p=3251"]}]},{"@type":"ImageObject","inLanguage":"en-US","@id":"https:\/\/radio-newyork.com\/?p=3251#primaryimage","url":"https:\/\/radio-newyork.com\/wp-content\/uploads\/2026\/05\/684963306_2449220422187451_229806339945974325_n.jpg","contentUrl":"https:\/\/radio-newyork.com\/wp-content\/uploads\/2026\/05\/684963306_2449220422187451_229806339945974325_n.jpg","width":2048,"height":1536},{"@type":"BreadcrumbList","@id":"https:\/\/radio-newyork.com\/?p=3251#breadcrumb","itemListElement":[{"@type":"ListItem","position":1,"name":"Home","item":"https:\/\/radio-newyork.com\/"},{"@type":"ListItem","position":2,"name":"NEW YORK NIJE ZABORAVIO: Dijaspora obilje\u017eila Dan Armije RBiH i presudni 2. maj \u2013 poruka koja odjekuje daleko od Bosne"}]},{"@type":"WebSite","@id":"https:\/\/radio-newyork.com\/#website","url":"https:\/\/radio-newyork.com\/","name":"Radio New York","description":"Radio New York \u2014 Most Amerike i domovine","publisher":{"@id":"https:\/\/radio-newyork.com\/#organization"},"potentialAction":[{"@type":"SearchAction","target":{"@type":"EntryPoint","urlTemplate":"https:\/\/radio-newyork.com\/?s={search_term_string}"},"query-input":{"@type":"PropertyValueSpecification","valueRequired":true,"valueName":"search_term_string"}}],"inLanguage":"en-US"},{"@type":"Organization","@id":"https:\/\/radio-newyork.com\/#organization","name":"Radio New York","url":"https:\/\/radio-newyork.com\/","logo":{"@type":"ImageObject","inLanguage":"en-US","@id":"https:\/\/radio-newyork.com\/#\/schema\/logo\/image\/","url":"https:\/\/radio-newyork.com\/wp-content\/uploads\/2021\/12\/262517255_4571047313011643_1786418142376364479_n.jpg","contentUrl":"https:\/\/radio-newyork.com\/wp-content\/uploads\/2021\/12\/262517255_4571047313011643_1786418142376364479_n.jpg","width":212,"height":210,"caption":"Radio New York"},"image":{"@id":"https:\/\/radio-newyork.com\/#\/schema\/logo\/image\/"}},{"@type":"Person","@id":"https:\/\/radio-newyork.com\/#\/schema\/person\/e2f4dbf5b60fd9ac004d77b9e1b59559","name":"Ismet Rastoder","image":{"@type":"ImageObject","inLanguage":"en-US","@id":"https:\/\/radio-newyork.com\/#\/schema\/person\/image\/","url":"https:\/\/secure.gravatar.com\/avatar\/800e8dd1eac3e728e825b7d5c16c80b067c4a0557a2ce54986c89f6008f454bb?s=96&d=mm&r=g","contentUrl":"https:\/\/secure.gravatar.com\/avatar\/800e8dd1eac3e728e825b7d5c16c80b067c4a0557a2ce54986c89f6008f454bb?s=96&d=mm&r=g","caption":"Ismet Rastoder"},"description":"Ismet Rastoder je urednik i osniva\u010d portala Radio New York \u2014 medijskog prostora posve\u0107enog dijaspori, dru\u0161tvenoj istini i stvarnim \u017eivotnim pitanjima Balkana i Amerike. Poznat po direktnom stilu, hrabrim komentarima i beskompromisnoj borbi protiv nepravde, Rastoder donosi glas zajednice koja se \u010desto ne \u010duje, ali itekako postoji. Vi\u0161e od dvije decenije aktivan je u zajednici i medijima, gdje kroz analize, autorske kolumne i dru\u0161tveni anga\u017eman povezuje iskustvo \u017eivota u Americi sa realno\u0161\u0107u Balkana. Njegove pri\u010de otvaraju va\u017ene teme \u2014 od identiteta i politike, do kulture, dijaspore i dru\u0161tvenih transformacija. Prepoznat je kao glas dijaspore koji govori ono \u0161to mnogi misle, ali rijetko ko ka\u017ee.","sameAs":["http:\/\/radio-newyork.com"],"url":"https:\/\/radio-newyork.com\/?author=2"}]}},"_links":{"self":[{"href":"https:\/\/radio-newyork.com\/index.php?rest_route=\/wp\/v2\/posts\/3251","targetHints":{"allow":["GET"]}}],"collection":[{"href":"https:\/\/radio-newyork.com\/index.php?rest_route=\/wp\/v2\/posts"}],"about":[{"href":"https:\/\/radio-newyork.com\/index.php?rest_route=\/wp\/v2\/types\/post"}],"author":[{"embeddable":true,"href":"https:\/\/radio-newyork.com\/index.php?rest_route=\/wp\/v2\/users\/2"}],"replies":[{"embeddable":true,"href":"https:\/\/radio-newyork.com\/index.php?rest_route=%2Fwp%2Fv2%2Fcomments&post=3251"}],"version-history":[{"count":1,"href":"https:\/\/radio-newyork.com\/index.php?rest_route=\/wp\/v2\/posts\/3251\/revisions"}],"predecessor-version":[{"id":3267,"href":"https:\/\/radio-newyork.com\/index.php?rest_route=\/wp\/v2\/posts\/3251\/revisions\/3267"}],"wp:featuredmedia":[{"embeddable":true,"href":"https:\/\/radio-newyork.com\/index.php?rest_route=\/wp\/v2\/media\/3252"}],"wp:attachment":[{"href":"https:\/\/radio-newyork.com\/index.php?rest_route=%2Fwp%2Fv2%2Fmedia&parent=3251"}],"wp:term":[{"taxonomy":"category","embeddable":true,"href":"https:\/\/radio-newyork.com\/index.php?rest_route=%2Fwp%2Fv2%2Fcategories&post=3251"},{"taxonomy":"post_tag","embeddable":true,"href":"https:\/\/radio-newyork.com\/index.php?rest_route=%2Fwp%2Fv2%2Ftags&post=3251"}],"curies":[{"name":"wp","href":"https:\/\/api.w.org\/{rel}","templated":true}]}}