{"id":3246,"date":"2026-04-30T02:57:10","date_gmt":"2026-04-30T02:57:10","guid":{"rendered":"https:\/\/radio-newyork.com\/?p=3246"},"modified":"2026-04-30T02:57:18","modified_gmt":"2026-04-30T02:57:18","slug":"bursac-dobar-bosnjak-je-izgleda-samo-folklorni-bosnjak-kad-se-bavi-politikom-postaje-ekstremista","status":"publish","type":"post","link":"https:\/\/radio-newyork.com\/?p=3246","title":{"rendered":"Bursa\u0107: Dobar Bo\u0161njak je izgleda samo folklorni Bo\u0161njak-kad se bavi politikom postaje &#8220;ekstremista&#8221;"},"content":{"rendered":"\n<figure class=\"wp-block-image size-full\"><img loading=\"lazy\" decoding=\"async\" width=\"481\" height=\"332\" src=\"https:\/\/radio-newyork.com\/wp-content\/uploads\/2026\/04\/Screenshot-2026-04-29-at-10.52.03-PM.png\" alt=\"\" class=\"wp-image-3247\" srcset=\"https:\/\/radio-newyork.com\/wp-content\/uploads\/2026\/04\/Screenshot-2026-04-29-at-10.52.03-PM.png 481w, https:\/\/radio-newyork.com\/wp-content\/uploads\/2026\/04\/Screenshot-2026-04-29-at-10.52.03-PM-300x207.png 300w\" sizes=\"auto, (max-width: 481px) 100vw, 481px\" \/><\/figure>\n\n\n\n<h4 class=\"wp-block-heading\">Postoji jedan neispisani ugovor koji se nudi Bo\u0161njacima u ovoj regiji. Mo\u017ee\u0161 biti folklorni Bo\u0161njak i tada si svugdje dobrodo\u0161ao. Mo\u017ee\u0161 nositi fes na kulturnoj manifestaciji. Mo\u017ee\u0161 kuhati bosanski lonac na nekom festivalu raznolikosti. Mo\u017ee\u0161 biti egzoti\u010dan, topao, gostoljubiv, duhovit. Mo\u017ee\u0161 imati svoju d\u017eamiju, svog muftiju, svoju baklavu.<\/h4>\n\n\n\n<p>Dok si ukras, dok si ambijent, dok si folklor, svi te vole kao infantila u porodici. Svi te citiraju kad govore o toleranciji. Ali \u010dim sjedne\u0161 za isti politi\u010dki sto, \u010dim podigne\u0161 ruku i ka\u017ee\u0161- i ja ovdje odlu\u010dujem -ne\u0161to se dogodi. Odjednom vi\u0161e nisi &#8220;dobri Bo\u0161njak&#8221;. Odjednom si problem. Odjednom si, i tu dolazimo do njihove omiljene rije\u010di, ekstremista. Pa jo\u0161 i islamski.&#8221;<\/p>\n\n\n\n<p>Jedan hrvatski desni\u010dar na X-u to je napisao mirno, gotovo dobronamjerno, kao da dijeli kakvu kletu \u017eivotnu mudrost: &#8220;Hrvatima u pravilu ne smeta islam kao religija. Smeta im politi\u010dki balinluk koji ga \u010desto prati.&#8221;<\/p>\n\n\n\n<p>Pro\u010ditajte jo\u0161 jednom. Polako.<\/p>\n\n\n\n<p>Tu je sve u jednoj re\u010denici. Cijela arhitektura do\u017eivljaja Bi\u0161njaka i islama. U toj jednoj re\u010denici, bez maske, bez diplomatskog premaza izre\u010dena je su\u0161tina jednog politi\u010dkog projekta koji traje decenijama i kod kom\u0161ija i kod susjeda i koji se, ma koliko puta bio raskrinkan, uvijek vrati u novom pakovanju s istom sadr\u017einom.<\/p>\n\n\n\n<p><strong>Kad<\/strong> <strong>je<\/strong> <strong>Bo\u0161njak<\/strong> <strong>OK?<\/strong><\/p>\n\n\n\n<p>Islam je u redu. D\u017eamija je u redu. Bo\u0161njaci su OK. Muftija koji govori o su\u017eivotu-i to je pohvalno, ide u prospekt. Islamska zajednica koja ove godine slavi 110 godina institucionalnog priznavanja u Hrvatskoj \u2014 divno, europski, model za druge. Milina. Muftija Aziz ef. Hasanovi\u0107 ka\u017ee da je Hrvatska europski model su\u017eivota i nitko tome ne prigovara.<\/p>\n\n\n\n<p>Jer sve je to kultura. Sve je to ba\u0161tina. Sve je to ono \u0161to se stavlja u okvir i vje\u0161a na zid. Tako i treba.<\/p>\n\n\n\n<p>Ali&#8230;<\/p>\n\n\n\n<p>Problem nastaje kad Bo\u0161njak iza\u0111e iz okvira folklornosti manjine.<\/p>\n\n\n\n<p>Postoji jedan neispisani ugovor koji se nudi Bo\u0161njacima u ovoj regiji. Ponuda je jasna, samo je nitko ne izgovara naglas. Mo\u017ee\u0161 biti folklorni Bo\u0161njak i tada si dobrodo\u0161ao. Mo\u017ee\u0161 nositi fes na kulturnoj manifestaciji. Mo\u017ee\u0161 kuhati bosanski lonac na nekom festivalu raznolikosti. Mo\u017ee\u0161 biti egzoti\u010dan, topao, gostoljubiv, duhovit. Mo\u017ee\u0161 imati svoju d\u017eamiju, svog muftiju, svoju baklavu. Mo\u017ee\u0161 biti dio bogate kulturne ba\u0161tine regije &#8211; onaj &#8221; orjentalni za\u010din&#8221; kako ga zovu bez kojeg jelo nije jelo. Dok si sve to-dok si ukras, dok si ambijent, dok si folklor -svi te vole kao infantila u porodici. Svi te citiraju kad govore o toleranciji. Svi te stavljaju na razglednice.<\/p>\n\n\n\n<p><strong>Kad<\/strong> <strong>folklor<\/strong> <strong>postaje<\/strong> <strong>&#8220;ekstremizam&#8221;<\/strong><\/p>\n\n\n\n<p>Ali \u010dim sjedne\u0161 za sto -\u010dim podigne\u0161 ruku i ka\u017ee\u0161- i ja ovdje odlu\u010dujem -ne\u0161to se dogodi. Ne\u0161to nevidljivo, ali opipljivo kao armirano-betonski zid. Odjednom vi\u0161e nisi folklorni Bo\u0161njak. Odjednom si problem. Odjednom si, i tu dolazimo do omiljene rije\u010di, ekstremist. Pa jo\u0161 i islamski.<\/p>\n\n\n\n<p>Nije se promijenilo ni\u0161ta u tebi. Promijenilo se samo to \u0161to si prestao biti dekoracija i po\u010deo biti politi\u010dki sudionik.<\/p>\n\n\n\n<p>Pro\u0161log vikenda u Zagrebu se desilo ne\u0161to \u0161to bi, da je ijedna institucija u ovoj regiji ozbiljna, moralo imati ozbiljne posljedice. Ultrakonzervativna udru\u017eenja Vigilare i Ordo Iuris, uz blagoslov ameri\u010dkog Heritage Foundationa, organizirali su skup pod nazivom TradFest. Na njemu je jedan \u010dovjek s Tu\u0111manovog sveu\u010dili\u0161ta -\u0161to samo po sebi zaslu\u017euje posebnu kolumnu- predstavio kartu podjele Bosne i Hercegovine. Tre\u0107i entitet. Hrvatska republika. Sve lijepo ucrtano, sve lijepo prezentirano, u srcu europske prijestolnice, uz kavu i simultano prevo\u0111enje.<\/p>\n\n\n\n<p>BiH je, zaklju\u010dili su, &#8220;neuspjela dr\u017eava.&#8221;<\/p>\n\n\n\n<p><strong>Kutija<\/strong> <strong>za<\/strong> <strong>folklor<\/strong><\/p>\n\n\n\n<p>I dok je dio hrvatske javnosti to osudio, dotle je Marina Pende\u0161, zastupnica HDZ-a u Domu naroda Parlamentarne skup\u0161tine BiH, stala pred kamere i rekla ne\u0161to \u0161to bi moralo odjeknuti puno glasnije nego \u0161to je odjeknulo:<\/p>\n\n\n\n<p>&#8220;Meni se ba\u0161 svi\u0111a ona mapa koja je prikazana.&#8221;<\/p>\n\n\n\n<p>Ona mapa. Ona mapa na kojoj se Bosna sije\u010de, dijeli, reorganizira. Ona mapa na kojoj Bo\u0161njaci dobivaju svoju &#8220;republiku&#8221; \u2014 uredno ogra\u0111enu, lijepo obilje\u017eenu, s imenom koje zvu\u010di kao kategorija, a ne kao narod. Bo\u0161nja\u010dko-muslimanska republika. Ne Bosna i Hercegovina. Ne dr\u017eava tri naroda. Nego geto-kutija s natpisom, u kojoj folklorni Bo\u0161njak kona\u010dno mo\u017ee biti koliko ho\u0107e folkloran jer vi\u0161e ne izlazi iz kutije i ne smeta &#8220;nikome za stolom&#8221;.<\/p>\n\n\n\n<p>Pende\u0161 je dodala da je konferencija odr\u017eana u Zagrebu jer se bojala da u Sarajevu ne bi bila odobrena. U institucijama \u010dija je ona izabrana zastupnica. Zastupnica naroda koji \u017eivi u toj dr\u017eavi, onoj istoj koja je, eto, &#8220;neuspjela&#8221;.<\/p>\n\n\n\n<p>Sad zamislite obrnutu situaciju. Zamislite bo\u0161nja\u010dkog zastupnika koji odlazi u Ankaru, tamo organizira konferenciju o &#8220;neuspjeloj hrvatskoj politici u BiH&#8221; i vra\u0107a se s mapom govore\u0107i \u2014 ba\u0161 mi se svi\u0111a. Zamislite naslovnice. Zamislite reakcije. Zamislite koji bi se svi visoki predstavnici i koja bi se sve europska kancelarija oglasili do popodneva.<\/p>\n\n\n\n<p>Ali to bi bio ekstremizam.<\/p>\n\n\n\n<p>Pende\u0161 je samo, navodno, zabrinuta zastupnica.<\/p>\n\n\n\n<p>I tu se vra\u0107amo na onaj tweet s po\u010detka. Na onu re\u010denicu koja zvu\u010di kobiva umjereno. &#8220;Ne smeta nama islam. Smeta nam politi\u010dki balinluk.&#8221;<\/p>\n\n\n\n<p>Balinluk. Turska posu\u0111enica koju su prona\u0161li upravo za ovu prigodu. Dakle, ne &#8220;politika&#8221;, ne &#8220;utjecaj&#8221;, ne &#8220;zastupljenost&#8221; nego balinluk. Previ\u0161e vas je. Preglasni ste. Previsoko ste stigli.<\/p>\n\n\n\n<p>Ali da razumijemo ne smeta vam religija. Ne smeta vam d\u017eamija. Ne smeta vam ni Bajram ni Ramazan ni teravija. Ne smeta vam \u010dak ni 110 godina institucionalnog islama u Hrvatskoj, za koji ste glasali i koji slavite kao dokaz vlastite civiliziranosti.<\/p>\n\n\n\n<p><strong>Bo\u0161njak<\/strong> <strong>in<\/strong> <strong>fabula!<\/strong><\/p>\n\n\n\n<p>Smeta vam Bo\u0161njak koji iz te d\u017eamije iza\u0111e i krene prema instituciji s namjerom da u njoj participira i odlu\u010duje.<\/p>\n\n\n\n<p>Dok je u d\u017eamiji, naime, pobo\u017ean je. Duhovit. Tradicija. \u010cak i simpati\u010dan, na distanci.<\/p>\n\n\n\n<p>\u010cim iza\u0111e i krene prema institucionalnoj vlasti postaje prijetnja. Postaje &#8220;politi\u010dki islamiziran&#8221;. Postaje oli\u010denje balinluka. Postaje ekstremizam.<\/p>\n\n\n\n<p>Nije se promijenio \u010dovjek. Promijenila se destinacija i odrednica onoga \u0161ta smije i pogotovo \u0161ta ne smije.<\/p>\n\n\n\n<p>Nije ovo pri\u010da samo o hrvatskoj politici. Nije ovo napad na sve Hrvate u BiH \u010diji su legitimni politi\u010dki interesi stvarni. Pende\u0161 je u pravu da je etni\u010dko \u010di\u0161\u0107enje nad Hrvatima dokumentirana historijska \u010dinjenica. Ali etni\u010dko \u010di\u0161\u0107enje nije argument za novu kartu. Etni\u010dko \u010di\u0161\u0107enje je argument za pravdu, za povratak, za procesuiranje, ne za ucrtavanje novih entiteta koji bi Bo\u0161njake institucionalno zatvorili iza granica koje su za njih osmislili drugi.<\/p>\n\n\n\n<p>Ono \u0161to TradFest radi, zakljz\u010dimo, nije odgovor na historijsku nepravdu. To je njena zloupotreba kao alata. Alata u projektu gdje folklorni Bo\u0161njak ostaje dobrodo\u0161ao u svom entitetu, iza svoje granice, s mapom koju su mu nacrtali u Tu\u0111manovoj dvorani, a svaki Bo\u0161njak koji tu mapu odbije postaje, naravno, ekstremist.<\/p>\n\n\n\n<p>Islamska zajednica u Hrvatskoj proslavila je 110 godina. Lijepo. Stvarno lijepo. Su\u017eivot je mogu\u0107, i postoji, i vrijedi ga \u010duvati. Ali su\u017eivot koji vrijedi nije onaj u kojem smije\u0161 biti prisutan sve dok ne postane\u0161 politi\u010dki subjekt. Nije onaj u kojem te cijene kao muzejski eksponat, a ne kao ravnopravnog, politi\u010dki ravnopravnog sugra\u0111anina. Nije onaj u kojem ima\u0161 slobodu biti folokloran koliko god ho\u0107e\u0161 sve dok ne poku\u0161a\u0161 biti slobodan na na\u010din koji nekome smeta.<\/p>\n\n\n\n<p>Onaj desni\u010dar na X-u mislio je da je rekao ne\u0161to umjereno. Ne\u0161to s \u010dime \u0107e se slo\u017eiti i prosje\u010dan centrist koji ne \u017eeli biti ozna\u010den kao ne\u0161to lo\u0161e.<\/p>\n\n\n\n<p>Ali rekao je to\u010dno ono \u0161to misli.<\/p>\n\n\n\n<p>Dobar Bo\u0161njak je folklorni Bo\u0161njak. \u010cim postane politi\u010dki osvije\u0161tena i akrivna jedinka, postaje &#8220;ekstremist&#8221;. I dok god to ostaje neizre\u010deno naglas, dok god prolazi kao &#8220;umjerenost&#8221; i &#8220;analiza&#8221; i &#8220;zabrinutost za demokraciju&#8221; ni\u0161ta se od ovoga ne\u0107e promijeniti. Jedino \u0161to se mijenja jest pakovanje. Sadr\u017eina je uvijek ista: Islam je ok. Vi Bo\u0161njaci koji se bavite politikom niste. Sramno! Plemum.ba<\/p>\n\n\n\n<p><a href=\"https:\/\/plenum.ba\/korisnik\/dragan-bursac\"><\/a><\/p>\n\n\n\n<p><a href=\"https:\/\/plenum.ba\/korisnik\/dragan-bursac\"><\/a><\/p>\n\n\n\n<figure class=\"wp-block-image\"><a href=\"https:\/\/plenum.ba\/korisnik\/dragan-bursac\"><img decoding=\"async\" src=\"https:\/\/plenum.ba\/cdn-cgi\/image\/width=240,quality=85,fit=scale-down,format=auto\/https:\/\/plenum-files-production.s3.eu-central-1.amazonaws.com\/blob1754930763546\" alt=\"publisher\"\/><\/a><\/figure>\n\n\n\n<p><a href=\"https:\/\/plenum.ba\/korisnik\/dragan-bursac\"><\/a><a href=\"https:\/\/plenum.ba\/korisnik\/dragan-bursac\"><\/a><\/p>\n","protected":false},"excerpt":{"rendered":"<p>Postoji jedan neispisani ugovor koji se nudi Bo\u0161njacima u ovoj regiji. Mo\u017ee\u0161 biti folklorni Bo\u0161njak i tada si svugdje dobrodo\u0161ao. Mo\u017ee\u0161 nositi fes na kulturnoj manifestaciji. Mo\u017ee\u0161 kuhati bosanski lonac na nekom festivalu raznolikosti. Mo\u017ee\u0161 biti egzoti\u010dan, topao, gostoljubiv, duhovit. Mo\u017ee\u0161 imati svoju d\u017eamiju, svog muftiju, svoju baklavu. Dok si ukras, dok si ambijent, dok [&hellip;]<\/p>\n","protected":false},"author":2,"featured_media":3247,"comment_status":"open","ping_status":"open","sticky":false,"template":"","format":"standard","meta":{"footnotes":""},"categories":[1],"tags":[],"class_list":["post-3246","post","type-post","status-publish","format-standard","has-post-thumbnail","hentry","category-uncategorized"],"acf":[],"yoast_head":"<!-- This site is optimized with the Yoast SEO plugin v26.2 - https:\/\/yoast.com\/wordpress\/plugins\/seo\/ -->\n<title>Bursa\u0107: Dobar Bo\u0161njak je izgleda samo folklorni Bo\u0161njak-kad se bavi politikom postaje &quot;ekstremista&quot; - Radio New York<\/title>\n<meta name=\"robots\" content=\"index, follow, max-snippet:-1, max-image-preview:large, max-video-preview:-1\" \/>\n<link rel=\"canonical\" href=\"https:\/\/radio-newyork.com\/?p=3246\" \/>\n<meta property=\"og:locale\" content=\"en_US\" \/>\n<meta property=\"og:type\" content=\"article\" \/>\n<meta property=\"og:title\" content=\"Bursa\u0107: Dobar Bo\u0161njak je izgleda samo folklorni Bo\u0161njak-kad se bavi politikom postaje &quot;ekstremista&quot; - Radio New York\" \/>\n<meta property=\"og:description\" content=\"Postoji jedan neispisani ugovor koji se nudi Bo\u0161njacima u ovoj regiji. Mo\u017ee\u0161 biti folklorni Bo\u0161njak i tada si svugdje dobrodo\u0161ao. Mo\u017ee\u0161 nositi fes na kulturnoj manifestaciji. Mo\u017ee\u0161 kuhati bosanski lonac na nekom festivalu raznolikosti. Mo\u017ee\u0161 biti egzoti\u010dan, topao, gostoljubiv, duhovit. Mo\u017ee\u0161 imati svoju d\u017eamiju, svog muftiju, svoju baklavu. Dok si ukras, dok si ambijent, dok [&hellip;]\" \/>\n<meta property=\"og:url\" content=\"https:\/\/radio-newyork.com\/?p=3246\" \/>\n<meta property=\"og:site_name\" content=\"Radio New York\" \/>\n<meta property=\"article:published_time\" content=\"2026-04-30T02:57:10+00:00\" \/>\n<meta property=\"article:modified_time\" content=\"2026-04-30T02:57:18+00:00\" \/>\n<meta property=\"og:image\" content=\"https:\/\/radio-newyork.com\/wp-content\/uploads\/2026\/04\/Screenshot-2026-04-29-at-10.52.03-PM.png\" \/>\n\t<meta property=\"og:image:width\" content=\"481\" \/>\n\t<meta property=\"og:image:height\" content=\"332\" \/>\n\t<meta property=\"og:image:type\" content=\"image\/png\" \/>\n<meta name=\"author\" content=\"Ismet Rastoder\" \/>\n<meta name=\"twitter:card\" content=\"summary_large_image\" \/>\n<meta name=\"twitter:label1\" content=\"Written by\" \/>\n\t<meta name=\"twitter:data1\" content=\"Ismet Rastoder\" \/>\n\t<meta name=\"twitter:label2\" content=\"Est. reading time\" \/>\n\t<meta name=\"twitter:data2\" content=\"6 minutes\" \/>\n<script type=\"application\/ld+json\" class=\"yoast-schema-graph\">{\"@context\":\"https:\/\/schema.org\",\"@graph\":[{\"@type\":\"Article\",\"@id\":\"https:\/\/radio-newyork.com\/?p=3246#article\",\"isPartOf\":{\"@id\":\"https:\/\/radio-newyork.com\/?p=3246\"},\"author\":{\"name\":\"Ismet Rastoder\",\"@id\":\"https:\/\/radio-newyork.com\/#\/schema\/person\/e2f4dbf5b60fd9ac004d77b9e1b59559\"},\"headline\":\"Bursa\u0107: Dobar Bo\u0161njak je izgleda samo folklorni Bo\u0161njak-kad se bavi politikom postaje &#8220;ekstremista&#8221;\",\"datePublished\":\"2026-04-30T02:57:10+00:00\",\"dateModified\":\"2026-04-30T02:57:18+00:00\",\"mainEntityOfPage\":{\"@id\":\"https:\/\/radio-newyork.com\/?p=3246\"},\"wordCount\":1401,\"commentCount\":0,\"publisher\":{\"@id\":\"https:\/\/radio-newyork.com\/#organization\"},\"image\":{\"@id\":\"https:\/\/radio-newyork.com\/?p=3246#primaryimage\"},\"thumbnailUrl\":\"https:\/\/radio-newyork.com\/wp-content\/uploads\/2026\/04\/Screenshot-2026-04-29-at-10.52.03-PM.png\",\"inLanguage\":\"en-US\",\"potentialAction\":[{\"@type\":\"CommentAction\",\"name\":\"Comment\",\"target\":[\"https:\/\/radio-newyork.com\/?p=3246#respond\"]}]},{\"@type\":\"WebPage\",\"@id\":\"https:\/\/radio-newyork.com\/?p=3246\",\"url\":\"https:\/\/radio-newyork.com\/?p=3246\",\"name\":\"Bursa\u0107: Dobar Bo\u0161njak je izgleda samo folklorni Bo\u0161njak-kad se bavi politikom postaje \\\"ekstremista\\\" - Radio New York\",\"isPartOf\":{\"@id\":\"https:\/\/radio-newyork.com\/#website\"},\"primaryImageOfPage\":{\"@id\":\"https:\/\/radio-newyork.com\/?p=3246#primaryimage\"},\"image\":{\"@id\":\"https:\/\/radio-newyork.com\/?p=3246#primaryimage\"},\"thumbnailUrl\":\"https:\/\/radio-newyork.com\/wp-content\/uploads\/2026\/04\/Screenshot-2026-04-29-at-10.52.03-PM.png\",\"datePublished\":\"2026-04-30T02:57:10+00:00\",\"dateModified\":\"2026-04-30T02:57:18+00:00\",\"breadcrumb\":{\"@id\":\"https:\/\/radio-newyork.com\/?p=3246#breadcrumb\"},\"inLanguage\":\"en-US\",\"potentialAction\":[{\"@type\":\"ReadAction\",\"target\":[\"https:\/\/radio-newyork.com\/?p=3246\"]}]},{\"@type\":\"ImageObject\",\"inLanguage\":\"en-US\",\"@id\":\"https:\/\/radio-newyork.com\/?p=3246#primaryimage\",\"url\":\"https:\/\/radio-newyork.com\/wp-content\/uploads\/2026\/04\/Screenshot-2026-04-29-at-10.52.03-PM.png\",\"contentUrl\":\"https:\/\/radio-newyork.com\/wp-content\/uploads\/2026\/04\/Screenshot-2026-04-29-at-10.52.03-PM.png\",\"width\":481,\"height\":332},{\"@type\":\"BreadcrumbList\",\"@id\":\"https:\/\/radio-newyork.com\/?p=3246#breadcrumb\",\"itemListElement\":[{\"@type\":\"ListItem\",\"position\":1,\"name\":\"Home\",\"item\":\"https:\/\/radio-newyork.com\/\"},{\"@type\":\"ListItem\",\"position\":2,\"name\":\"Bursa\u0107: Dobar Bo\u0161njak je izgleda samo folklorni Bo\u0161njak-kad se bavi politikom postaje &#8220;ekstremista&#8221;\"}]},{\"@type\":\"WebSite\",\"@id\":\"https:\/\/radio-newyork.com\/#website\",\"url\":\"https:\/\/radio-newyork.com\/\",\"name\":\"Radio New York\",\"description\":\"Radio New York \u2014 Most Amerike i domovine\",\"publisher\":{\"@id\":\"https:\/\/radio-newyork.com\/#organization\"},\"potentialAction\":[{\"@type\":\"SearchAction\",\"target\":{\"@type\":\"EntryPoint\",\"urlTemplate\":\"https:\/\/radio-newyork.com\/?s={search_term_string}\"},\"query-input\":{\"@type\":\"PropertyValueSpecification\",\"valueRequired\":true,\"valueName\":\"search_term_string\"}}],\"inLanguage\":\"en-US\"},{\"@type\":\"Organization\",\"@id\":\"https:\/\/radio-newyork.com\/#organization\",\"name\":\"Radio New York\",\"url\":\"https:\/\/radio-newyork.com\/\",\"logo\":{\"@type\":\"ImageObject\",\"inLanguage\":\"en-US\",\"@id\":\"https:\/\/radio-newyork.com\/#\/schema\/logo\/image\/\",\"url\":\"https:\/\/radio-newyork.com\/wp-content\/uploads\/2021\/12\/262517255_4571047313011643_1786418142376364479_n.jpg\",\"contentUrl\":\"https:\/\/radio-newyork.com\/wp-content\/uploads\/2021\/12\/262517255_4571047313011643_1786418142376364479_n.jpg\",\"width\":212,\"height\":210,\"caption\":\"Radio New York\"},\"image\":{\"@id\":\"https:\/\/radio-newyork.com\/#\/schema\/logo\/image\/\"}},{\"@type\":\"Person\",\"@id\":\"https:\/\/radio-newyork.com\/#\/schema\/person\/e2f4dbf5b60fd9ac004d77b9e1b59559\",\"name\":\"Ismet Rastoder\",\"image\":{\"@type\":\"ImageObject\",\"inLanguage\":\"en-US\",\"@id\":\"https:\/\/radio-newyork.com\/#\/schema\/person\/image\/\",\"url\":\"https:\/\/secure.gravatar.com\/avatar\/800e8dd1eac3e728e825b7d5c16c80b067c4a0557a2ce54986c89f6008f454bb?s=96&d=mm&r=g\",\"contentUrl\":\"https:\/\/secure.gravatar.com\/avatar\/800e8dd1eac3e728e825b7d5c16c80b067c4a0557a2ce54986c89f6008f454bb?s=96&d=mm&r=g\",\"caption\":\"Ismet Rastoder\"},\"description\":\"Ismet Rastoder je urednik i osniva\u010d portala Radio New York \u2014 medijskog prostora posve\u0107enog dijaspori, dru\u0161tvenoj istini i stvarnim \u017eivotnim pitanjima Balkana i Amerike. Poznat po direktnom stilu, hrabrim komentarima i beskompromisnoj borbi protiv nepravde, Rastoder donosi glas zajednice koja se \u010desto ne \u010duje, ali itekako postoji. Vi\u0161e od dvije decenije aktivan je u zajednici i medijima, gdje kroz analize, autorske kolumne i dru\u0161tveni anga\u017eman povezuje iskustvo \u017eivota u Americi sa realno\u0161\u0107u Balkana. Njegove pri\u010de otvaraju va\u017ene teme \u2014 od identiteta i politike, do kulture, dijaspore i dru\u0161tvenih transformacija. Prepoznat je kao glas dijaspore koji govori ono \u0161to mnogi misle, ali rijetko ko ka\u017ee.\",\"sameAs\":[\"http:\/\/radio-newyork.com\"],\"url\":\"https:\/\/radio-newyork.com\/?author=2\"}]}<\/script>\n<!-- \/ Yoast SEO plugin. -->","yoast_head_json":{"title":"Bursa\u0107: Dobar Bo\u0161njak je izgleda samo folklorni Bo\u0161njak-kad se bavi politikom postaje \"ekstremista\" - Radio New York","robots":{"index":"index","follow":"follow","max-snippet":"max-snippet:-1","max-image-preview":"max-image-preview:large","max-video-preview":"max-video-preview:-1"},"canonical":"https:\/\/radio-newyork.com\/?p=3246","og_locale":"en_US","og_type":"article","og_title":"Bursa\u0107: Dobar Bo\u0161njak je izgleda samo folklorni Bo\u0161njak-kad se bavi politikom postaje \"ekstremista\" - Radio New York","og_description":"Postoji jedan neispisani ugovor koji se nudi Bo\u0161njacima u ovoj regiji. Mo\u017ee\u0161 biti folklorni Bo\u0161njak i tada si svugdje dobrodo\u0161ao. Mo\u017ee\u0161 nositi fes na kulturnoj manifestaciji. Mo\u017ee\u0161 kuhati bosanski lonac na nekom festivalu raznolikosti. Mo\u017ee\u0161 biti egzoti\u010dan, topao, gostoljubiv, duhovit. Mo\u017ee\u0161 imati svoju d\u017eamiju, svog muftiju, svoju baklavu. Dok si ukras, dok si ambijent, dok [&hellip;]","og_url":"https:\/\/radio-newyork.com\/?p=3246","og_site_name":"Radio New York","article_published_time":"2026-04-30T02:57:10+00:00","article_modified_time":"2026-04-30T02:57:18+00:00","og_image":[{"width":481,"height":332,"url":"https:\/\/radio-newyork.com\/wp-content\/uploads\/2026\/04\/Screenshot-2026-04-29-at-10.52.03-PM.png","type":"image\/png"}],"author":"Ismet Rastoder","twitter_card":"summary_large_image","twitter_misc":{"Written by":"Ismet Rastoder","Est. reading time":"6 minutes"},"schema":{"@context":"https:\/\/schema.org","@graph":[{"@type":"Article","@id":"https:\/\/radio-newyork.com\/?p=3246#article","isPartOf":{"@id":"https:\/\/radio-newyork.com\/?p=3246"},"author":{"name":"Ismet Rastoder","@id":"https:\/\/radio-newyork.com\/#\/schema\/person\/e2f4dbf5b60fd9ac004d77b9e1b59559"},"headline":"Bursa\u0107: Dobar Bo\u0161njak je izgleda samo folklorni Bo\u0161njak-kad se bavi politikom postaje &#8220;ekstremista&#8221;","datePublished":"2026-04-30T02:57:10+00:00","dateModified":"2026-04-30T02:57:18+00:00","mainEntityOfPage":{"@id":"https:\/\/radio-newyork.com\/?p=3246"},"wordCount":1401,"commentCount":0,"publisher":{"@id":"https:\/\/radio-newyork.com\/#organization"},"image":{"@id":"https:\/\/radio-newyork.com\/?p=3246#primaryimage"},"thumbnailUrl":"https:\/\/radio-newyork.com\/wp-content\/uploads\/2026\/04\/Screenshot-2026-04-29-at-10.52.03-PM.png","inLanguage":"en-US","potentialAction":[{"@type":"CommentAction","name":"Comment","target":["https:\/\/radio-newyork.com\/?p=3246#respond"]}]},{"@type":"WebPage","@id":"https:\/\/radio-newyork.com\/?p=3246","url":"https:\/\/radio-newyork.com\/?p=3246","name":"Bursa\u0107: Dobar Bo\u0161njak je izgleda samo folklorni Bo\u0161njak-kad se bavi politikom postaje \"ekstremista\" - Radio New York","isPartOf":{"@id":"https:\/\/radio-newyork.com\/#website"},"primaryImageOfPage":{"@id":"https:\/\/radio-newyork.com\/?p=3246#primaryimage"},"image":{"@id":"https:\/\/radio-newyork.com\/?p=3246#primaryimage"},"thumbnailUrl":"https:\/\/radio-newyork.com\/wp-content\/uploads\/2026\/04\/Screenshot-2026-04-29-at-10.52.03-PM.png","datePublished":"2026-04-30T02:57:10+00:00","dateModified":"2026-04-30T02:57:18+00:00","breadcrumb":{"@id":"https:\/\/radio-newyork.com\/?p=3246#breadcrumb"},"inLanguage":"en-US","potentialAction":[{"@type":"ReadAction","target":["https:\/\/radio-newyork.com\/?p=3246"]}]},{"@type":"ImageObject","inLanguage":"en-US","@id":"https:\/\/radio-newyork.com\/?p=3246#primaryimage","url":"https:\/\/radio-newyork.com\/wp-content\/uploads\/2026\/04\/Screenshot-2026-04-29-at-10.52.03-PM.png","contentUrl":"https:\/\/radio-newyork.com\/wp-content\/uploads\/2026\/04\/Screenshot-2026-04-29-at-10.52.03-PM.png","width":481,"height":332},{"@type":"BreadcrumbList","@id":"https:\/\/radio-newyork.com\/?p=3246#breadcrumb","itemListElement":[{"@type":"ListItem","position":1,"name":"Home","item":"https:\/\/radio-newyork.com\/"},{"@type":"ListItem","position":2,"name":"Bursa\u0107: Dobar Bo\u0161njak je izgleda samo folklorni Bo\u0161njak-kad se bavi politikom postaje &#8220;ekstremista&#8221;"}]},{"@type":"WebSite","@id":"https:\/\/radio-newyork.com\/#website","url":"https:\/\/radio-newyork.com\/","name":"Radio New York","description":"Radio New York \u2014 Most Amerike i domovine","publisher":{"@id":"https:\/\/radio-newyork.com\/#organization"},"potentialAction":[{"@type":"SearchAction","target":{"@type":"EntryPoint","urlTemplate":"https:\/\/radio-newyork.com\/?s={search_term_string}"},"query-input":{"@type":"PropertyValueSpecification","valueRequired":true,"valueName":"search_term_string"}}],"inLanguage":"en-US"},{"@type":"Organization","@id":"https:\/\/radio-newyork.com\/#organization","name":"Radio New York","url":"https:\/\/radio-newyork.com\/","logo":{"@type":"ImageObject","inLanguage":"en-US","@id":"https:\/\/radio-newyork.com\/#\/schema\/logo\/image\/","url":"https:\/\/radio-newyork.com\/wp-content\/uploads\/2021\/12\/262517255_4571047313011643_1786418142376364479_n.jpg","contentUrl":"https:\/\/radio-newyork.com\/wp-content\/uploads\/2021\/12\/262517255_4571047313011643_1786418142376364479_n.jpg","width":212,"height":210,"caption":"Radio New York"},"image":{"@id":"https:\/\/radio-newyork.com\/#\/schema\/logo\/image\/"}},{"@type":"Person","@id":"https:\/\/radio-newyork.com\/#\/schema\/person\/e2f4dbf5b60fd9ac004d77b9e1b59559","name":"Ismet Rastoder","image":{"@type":"ImageObject","inLanguage":"en-US","@id":"https:\/\/radio-newyork.com\/#\/schema\/person\/image\/","url":"https:\/\/secure.gravatar.com\/avatar\/800e8dd1eac3e728e825b7d5c16c80b067c4a0557a2ce54986c89f6008f454bb?s=96&d=mm&r=g","contentUrl":"https:\/\/secure.gravatar.com\/avatar\/800e8dd1eac3e728e825b7d5c16c80b067c4a0557a2ce54986c89f6008f454bb?s=96&d=mm&r=g","caption":"Ismet Rastoder"},"description":"Ismet Rastoder je urednik i osniva\u010d portala Radio New York \u2014 medijskog prostora posve\u0107enog dijaspori, dru\u0161tvenoj istini i stvarnim \u017eivotnim pitanjima Balkana i Amerike. Poznat po direktnom stilu, hrabrim komentarima i beskompromisnoj borbi protiv nepravde, Rastoder donosi glas zajednice koja se \u010desto ne \u010duje, ali itekako postoji. Vi\u0161e od dvije decenije aktivan je u zajednici i medijima, gdje kroz analize, autorske kolumne i dru\u0161tveni anga\u017eman povezuje iskustvo \u017eivota u Americi sa realno\u0161\u0107u Balkana. Njegove pri\u010de otvaraju va\u017ene teme \u2014 od identiteta i politike, do kulture, dijaspore i dru\u0161tvenih transformacija. Prepoznat je kao glas dijaspore koji govori ono \u0161to mnogi misle, ali rijetko ko ka\u017ee.","sameAs":["http:\/\/radio-newyork.com"],"url":"https:\/\/radio-newyork.com\/?author=2"}]}},"_links":{"self":[{"href":"https:\/\/radio-newyork.com\/index.php?rest_route=\/wp\/v2\/posts\/3246","targetHints":{"allow":["GET"]}}],"collection":[{"href":"https:\/\/radio-newyork.com\/index.php?rest_route=\/wp\/v2\/posts"}],"about":[{"href":"https:\/\/radio-newyork.com\/index.php?rest_route=\/wp\/v2\/types\/post"}],"author":[{"embeddable":true,"href":"https:\/\/radio-newyork.com\/index.php?rest_route=\/wp\/v2\/users\/2"}],"replies":[{"embeddable":true,"href":"https:\/\/radio-newyork.com\/index.php?rest_route=%2Fwp%2Fv2%2Fcomments&post=3246"}],"version-history":[{"count":1,"href":"https:\/\/radio-newyork.com\/index.php?rest_route=\/wp\/v2\/posts\/3246\/revisions"}],"predecessor-version":[{"id":3248,"href":"https:\/\/radio-newyork.com\/index.php?rest_route=\/wp\/v2\/posts\/3246\/revisions\/3248"}],"wp:featuredmedia":[{"embeddable":true,"href":"https:\/\/radio-newyork.com\/index.php?rest_route=\/wp\/v2\/media\/3247"}],"wp:attachment":[{"href":"https:\/\/radio-newyork.com\/index.php?rest_route=%2Fwp%2Fv2%2Fmedia&parent=3246"}],"wp:term":[{"taxonomy":"category","embeddable":true,"href":"https:\/\/radio-newyork.com\/index.php?rest_route=%2Fwp%2Fv2%2Fcategories&post=3246"},{"taxonomy":"post_tag","embeddable":true,"href":"https:\/\/radio-newyork.com\/index.php?rest_route=%2Fwp%2Fv2%2Ftags&post=3246"}],"curies":[{"name":"wp","href":"https:\/\/api.w.org\/{rel}","templated":true}]}}