{"id":3242,"date":"2026-04-28T14:48:06","date_gmt":"2026-04-28T14:48:06","guid":{"rendered":"https:\/\/radio-newyork.com\/?p=3242"},"modified":"2026-04-28T14:48:13","modified_gmt":"2026-04-28T14:48:13","slug":"fk-sandzak-ispisao-historiju-ponos-dijaspore-iz-new-yorka","status":"publish","type":"post","link":"https:\/\/radio-newyork.com\/?p=3242","title":{"rendered":"FK SAND\u017dAK ISPISAO HISTORIJU \u2014 PONOS DIJASPORE IZ NEW YORKA"},"content":{"rendered":"\n<figure class=\"wp-block-image size-large\"><img loading=\"lazy\" decoding=\"async\" width=\"791\" height=\"1024\" src=\"https:\/\/radio-newyork.com\/wp-content\/uploads\/2026\/04\/IMG_9212-791x1024.jpg\" alt=\"\" class=\"wp-image-3243\" srcset=\"https:\/\/radio-newyork.com\/wp-content\/uploads\/2026\/04\/IMG_9212-791x1024.jpg 791w, https:\/\/radio-newyork.com\/wp-content\/uploads\/2026\/04\/IMG_9212-232x300.jpg 232w, https:\/\/radio-newyork.com\/wp-content\/uploads\/2026\/04\/IMG_9212-768x994.jpg 768w, https:\/\/radio-newyork.com\/wp-content\/uploads\/2026\/04\/IMG_9212.jpg 1064w\" sizes=\"auto, (max-width: 791px) 100vw, 791px\" \/><figcaption class=\"wp-element-caption\">Screenshot<\/figcaption><\/figure>\n\n\n\n<p><strong>New York, 26. april 2026. \u2014 Radio New York<\/strong><\/p>\n\n\n\n<p>U vremenu kada se uspjeh \u010desto mjeri rije\u010dima, a ne djelima, fudbalski klub Sand\u017eak iz New Yorka odlu\u010dio je da odgovori \u2014 rezultatima. I to na na\u010din koji ulazi u historiju.<\/p>\n\n\n\n<p>Osvajanjem prvog mjesta u <strong>Cosmopolitan Soccer League<\/strong>, jednoj od najstarijih i najrespektabilnijih liga u Sjedinjenim Ameri\u010dkim Dr\u017eavama, FK Sand\u017eak je ostvario podvig koji nadilazi sport. Prema dostupnim podacima i toku sezone, klub je dominirao ligom bez poraza, ostavljaju\u0107i iza sebe konkurenciju i potvr\u0111uju\u0107i da se radi o generaciji koja ne pristaje na prosjek.<\/p>\n\n\n\n<p>Ovaj rezultat dobija dodatnu te\u017einu kada se posmatra u \u0161irem kontekstu: rije\u010d je o <strong>najve\u0107em uspjehu jednog bo\u0161nja\u010dkog kluba u dijaspori do sada<\/strong>. U gradu koji okuplja najbolje iz cijelog svijeta, FK Sand\u017eak je uspio da izgradi identitet, stabilnost i pobjedni\u010dki mentalitet koji se rijetko vi\u0111a.<\/p>\n\n\n\n<p>U temelju ovog uspjeha nalazi se kontinuiran rad, disciplina i jasno vo\u0111ena vizija. Posebne zasluge pripadaju menad\u017eeru <strong>Kemal Hot<\/strong>, \u010dija je posve\u0107enost i organizacija doprinijela stvaranju tima koji funkcioni\u0161e kao jedinstvena cjelina \u2014 kako na terenu, tako i van njega. Upravo ta sinergija izme\u0111u stru\u010dnog vo\u0111enja, igra\u010da i podr\u0161ke zajednice bila je klju\u010dna u sezoni bez slabih ta\u010daka.<\/p>\n\n\n\n<p>FK Sand\u017eak danas nije samo sportski kolektiv. On predstavlja simbol zajedni\u0161tva, upornosti i pripadnosti. U njemu se ogleda snaga dijaspore \u2014 ljudi koji, iako daleko od svog zavi\u010daja, ne odustaju od vrijednosti koje nose sa sobom.<\/p>\n\n\n\n<p>Ovaj historijski rezultat \u0161alje jasnu poruku mla\u0111im generacijama: uspjeh nije rezervisan za odabrane, ve\u0107 za one koji su spremni da rade, vjeruju i istraju. Upravo u tome le\u017ei najve\u0107a vrijednost ovog trijumfa.<\/p>\n\n\n\n<p>Radio New York upu\u0107uje iskrene \u010destitke igra\u010dima, stru\u010dnom \u0161tabu i svim ljudima koji stoje iza FK Sand\u017eak. Njihov uspjeh nije samo sportski \u2014 to je uspjeh jedne ideje, jedne zajednice i jedne budu\u0107nosti koja se gradi radom.<\/p>\n\n\n\n<p>U narednom periodu, o\u010dekivanja \u0107e biti ve\u0107a, ali i povjerenje koje su stekli daje za pravo vjerovati da je ovo tek po\u010detak jedne velike pri\u010de.<\/p>\n\n\n\n<p><strong>Radio New York<\/strong> \u0107e, kao i do sada, nastaviti da prati i podr\u017eava uspjehe koji nas povezuju i podsje\u0107aju ko smo \u2014 bez obzira gdje se nalazimo.<\/p>\n\n\n\n<p><strong>FK Sand\u017eak New York je \u0161ampion!<\/strong><\/p>\n\n\n\n<p>Fudbalski klub <strong>FC Sand\u017eak NYC<\/strong> osvojio je <strong>prvenstvo Cosmopolitan Soccer League \u2013 Division 1<\/strong>, i to na impresivan na\u010din:<\/p>\n\n\n\n<ul class=\"wp-block-list\">\n<li>\ud83c\udfc6 <strong>\u0160ampioni lige<\/strong><\/li>\n\n\n\n<li>\ud83d\udee1\ufe0f <strong>Bez poraza (unbeaten)<\/strong><\/li>\n\n\n\n<li>\ud83d\udcca <strong>15 utakmica \u2013 15 pobjeda<\/strong><\/li>\n\n\n\n<li>\u26bd Gol razlika: <strong>53:12<\/strong><\/li>\n<\/ul>\n\n\n\n<p>Prema dostupnim podacima i objavama kluba, titula je potvr\u0111ena kao <strong>dominantna i ubjedljiva<\/strong>, bez ijednog kiksa tokom sezone .<\/p>\n\n\n\n<p>Tako\u0111e, ova liga \u2013 Cosmopolitan Soccer League \u2013 jedna je od najstarijih i najja\u010dih amatersko-poluprofesionalnih liga u Njujorku, sa dugom tradicijom jo\u0161 od 1923. godine .<\/p>\n\n\n\n<figure class=\"wp-block-image size-large\"><img loading=\"lazy\" decoding=\"async\" width=\"814\" height=\"1024\" src=\"https:\/\/radio-newyork.com\/wp-content\/uploads\/2026\/04\/IMG_9213-814x1024.jpg\" alt=\"\" class=\"wp-image-3244\" srcset=\"https:\/\/radio-newyork.com\/wp-content\/uploads\/2026\/04\/IMG_9213-814x1024.jpg 814w, https:\/\/radio-newyork.com\/wp-content\/uploads\/2026\/04\/IMG_9213-238x300.jpg 238w, https:\/\/radio-newyork.com\/wp-content\/uploads\/2026\/04\/IMG_9213-768x966.jpg 768w, https:\/\/radio-newyork.com\/wp-content\/uploads\/2026\/04\/IMG_9213.jpg 1049w\" sizes=\"auto, (max-width: 814px) 100vw, 814px\" \/><figcaption class=\"wp-element-caption\">Screenshot<\/figcaption><\/figure>\n\n\n\n<p><\/p>\n","protected":false},"excerpt":{"rendered":"<p>New York, 26. april 2026. \u2014 Radio New York U vremenu kada se uspjeh \u010desto mjeri rije\u010dima, a ne djelima, fudbalski klub Sand\u017eak iz New Yorka odlu\u010dio je da odgovori \u2014 rezultatima. I to na na\u010din koji ulazi u historiju. Osvajanjem prvog mjesta u Cosmopolitan Soccer League, jednoj od najstarijih i najrespektabilnijih liga u Sjedinjenim [&hellip;]<\/p>\n","protected":false},"author":2,"featured_media":3243,"comment_status":"open","ping_status":"open","sticky":false,"template":"","format":"standard","meta":{"footnotes":""},"categories":[1],"tags":[],"class_list":["post-3242","post","type-post","status-publish","format-standard","has-post-thumbnail","hentry","category-uncategorized"],"acf":[],"yoast_head":"<!-- This site is optimized with the Yoast SEO plugin v26.2 - https:\/\/yoast.com\/wordpress\/plugins\/seo\/ -->\n<title>FK SAND\u017dAK ISPISAO HISTORIJU \u2014 PONOS DIJASPORE IZ NEW YORKA - Radio New York<\/title>\n<meta name=\"robots\" content=\"index, follow, max-snippet:-1, max-image-preview:large, max-video-preview:-1\" \/>\n<link rel=\"canonical\" href=\"https:\/\/radio-newyork.com\/?p=3242\" \/>\n<meta property=\"og:locale\" content=\"en_US\" \/>\n<meta property=\"og:type\" content=\"article\" \/>\n<meta property=\"og:title\" content=\"FK SAND\u017dAK ISPISAO HISTORIJU \u2014 PONOS DIJASPORE IZ NEW YORKA - Radio New York\" \/>\n<meta property=\"og:description\" content=\"New York, 26. april 2026. \u2014 Radio New York U vremenu kada se uspjeh \u010desto mjeri rije\u010dima, a ne djelima, fudbalski klub Sand\u017eak iz New Yorka odlu\u010dio je da odgovori \u2014 rezultatima. I to na na\u010din koji ulazi u historiju. Osvajanjem prvog mjesta u Cosmopolitan Soccer League, jednoj od najstarijih i najrespektabilnijih liga u Sjedinjenim [&hellip;]\" \/>\n<meta property=\"og:url\" content=\"https:\/\/radio-newyork.com\/?p=3242\" \/>\n<meta property=\"og:site_name\" content=\"Radio New York\" \/>\n<meta property=\"article:published_time\" content=\"2026-04-28T14:48:06+00:00\" \/>\n<meta property=\"article:modified_time\" content=\"2026-04-28T14:48:13+00:00\" \/>\n<meta property=\"og:image\" content=\"https:\/\/radio-newyork.com\/wp-content\/uploads\/2026\/04\/IMG_9212.jpg\" \/>\n\t<meta property=\"og:image:width\" content=\"1064\" \/>\n\t<meta property=\"og:image:height\" content=\"1377\" \/>\n\t<meta property=\"og:image:type\" content=\"image\/jpeg\" \/>\n<meta name=\"author\" content=\"Ismet Rastoder\" \/>\n<meta name=\"twitter:card\" content=\"summary_large_image\" \/>\n<meta name=\"twitter:label1\" content=\"Written by\" \/>\n\t<meta name=\"twitter:data1\" content=\"Ismet Rastoder\" \/>\n\t<meta name=\"twitter:label2\" content=\"Est. reading time\" \/>\n\t<meta name=\"twitter:data2\" content=\"3 minutes\" \/>\n<script type=\"application\/ld+json\" class=\"yoast-schema-graph\">{\"@context\":\"https:\/\/schema.org\",\"@graph\":[{\"@type\":\"Article\",\"@id\":\"https:\/\/radio-newyork.com\/?p=3242#article\",\"isPartOf\":{\"@id\":\"https:\/\/radio-newyork.com\/?p=3242\"},\"author\":{\"name\":\"Ismet Rastoder\",\"@id\":\"https:\/\/radio-newyork.com\/#\/schema\/person\/e2f4dbf5b60fd9ac004d77b9e1b59559\"},\"headline\":\"FK SAND\u017dAK ISPISAO HISTORIJU \u2014 PONOS DIJASPORE IZ NEW YORKA\",\"datePublished\":\"2026-04-28T14:48:06+00:00\",\"dateModified\":\"2026-04-28T14:48:13+00:00\",\"mainEntityOfPage\":{\"@id\":\"https:\/\/radio-newyork.com\/?p=3242\"},\"wordCount\":481,\"commentCount\":0,\"publisher\":{\"@id\":\"https:\/\/radio-newyork.com\/#organization\"},\"image\":{\"@id\":\"https:\/\/radio-newyork.com\/?p=3242#primaryimage\"},\"thumbnailUrl\":\"https:\/\/radio-newyork.com\/wp-content\/uploads\/2026\/04\/IMG_9212.jpg\",\"inLanguage\":\"en-US\",\"potentialAction\":[{\"@type\":\"CommentAction\",\"name\":\"Comment\",\"target\":[\"https:\/\/radio-newyork.com\/?p=3242#respond\"]}]},{\"@type\":\"WebPage\",\"@id\":\"https:\/\/radio-newyork.com\/?p=3242\",\"url\":\"https:\/\/radio-newyork.com\/?p=3242\",\"name\":\"FK SAND\u017dAK ISPISAO HISTORIJU \u2014 PONOS DIJASPORE IZ NEW YORKA - Radio New York\",\"isPartOf\":{\"@id\":\"https:\/\/radio-newyork.com\/#website\"},\"primaryImageOfPage\":{\"@id\":\"https:\/\/radio-newyork.com\/?p=3242#primaryimage\"},\"image\":{\"@id\":\"https:\/\/radio-newyork.com\/?p=3242#primaryimage\"},\"thumbnailUrl\":\"https:\/\/radio-newyork.com\/wp-content\/uploads\/2026\/04\/IMG_9212.jpg\",\"datePublished\":\"2026-04-28T14:48:06+00:00\",\"dateModified\":\"2026-04-28T14:48:13+00:00\",\"breadcrumb\":{\"@id\":\"https:\/\/radio-newyork.com\/?p=3242#breadcrumb\"},\"inLanguage\":\"en-US\",\"potentialAction\":[{\"@type\":\"ReadAction\",\"target\":[\"https:\/\/radio-newyork.com\/?p=3242\"]}]},{\"@type\":\"ImageObject\",\"inLanguage\":\"en-US\",\"@id\":\"https:\/\/radio-newyork.com\/?p=3242#primaryimage\",\"url\":\"https:\/\/radio-newyork.com\/wp-content\/uploads\/2026\/04\/IMG_9212.jpg\",\"contentUrl\":\"https:\/\/radio-newyork.com\/wp-content\/uploads\/2026\/04\/IMG_9212.jpg\",\"width\":1064,\"height\":1377,\"caption\":\"Screenshot\"},{\"@type\":\"BreadcrumbList\",\"@id\":\"https:\/\/radio-newyork.com\/?p=3242#breadcrumb\",\"itemListElement\":[{\"@type\":\"ListItem\",\"position\":1,\"name\":\"Home\",\"item\":\"https:\/\/radio-newyork.com\/\"},{\"@type\":\"ListItem\",\"position\":2,\"name\":\"FK SAND\u017dAK ISPISAO HISTORIJU \u2014 PONOS DIJASPORE IZ NEW YORKA\"}]},{\"@type\":\"WebSite\",\"@id\":\"https:\/\/radio-newyork.com\/#website\",\"url\":\"https:\/\/radio-newyork.com\/\",\"name\":\"Radio New York\",\"description\":\"Radio New York \u2014 Most Amerike i domovine\",\"publisher\":{\"@id\":\"https:\/\/radio-newyork.com\/#organization\"},\"potentialAction\":[{\"@type\":\"SearchAction\",\"target\":{\"@type\":\"EntryPoint\",\"urlTemplate\":\"https:\/\/radio-newyork.com\/?s={search_term_string}\"},\"query-input\":{\"@type\":\"PropertyValueSpecification\",\"valueRequired\":true,\"valueName\":\"search_term_string\"}}],\"inLanguage\":\"en-US\"},{\"@type\":\"Organization\",\"@id\":\"https:\/\/radio-newyork.com\/#organization\",\"name\":\"Radio New York\",\"url\":\"https:\/\/radio-newyork.com\/\",\"logo\":{\"@type\":\"ImageObject\",\"inLanguage\":\"en-US\",\"@id\":\"https:\/\/radio-newyork.com\/#\/schema\/logo\/image\/\",\"url\":\"https:\/\/radio-newyork.com\/wp-content\/uploads\/2021\/12\/262517255_4571047313011643_1786418142376364479_n.jpg\",\"contentUrl\":\"https:\/\/radio-newyork.com\/wp-content\/uploads\/2021\/12\/262517255_4571047313011643_1786418142376364479_n.jpg\",\"width\":212,\"height\":210,\"caption\":\"Radio New York\"},\"image\":{\"@id\":\"https:\/\/radio-newyork.com\/#\/schema\/logo\/image\/\"}},{\"@type\":\"Person\",\"@id\":\"https:\/\/radio-newyork.com\/#\/schema\/person\/e2f4dbf5b60fd9ac004d77b9e1b59559\",\"name\":\"Ismet Rastoder\",\"image\":{\"@type\":\"ImageObject\",\"inLanguage\":\"en-US\",\"@id\":\"https:\/\/radio-newyork.com\/#\/schema\/person\/image\/\",\"url\":\"https:\/\/secure.gravatar.com\/avatar\/800e8dd1eac3e728e825b7d5c16c80b067c4a0557a2ce54986c89f6008f454bb?s=96&d=mm&r=g\",\"contentUrl\":\"https:\/\/secure.gravatar.com\/avatar\/800e8dd1eac3e728e825b7d5c16c80b067c4a0557a2ce54986c89f6008f454bb?s=96&d=mm&r=g\",\"caption\":\"Ismet Rastoder\"},\"description\":\"Ismet Rastoder je urednik i osniva\u010d portala Radio New York \u2014 medijskog prostora posve\u0107enog dijaspori, dru\u0161tvenoj istini i stvarnim \u017eivotnim pitanjima Balkana i Amerike. Poznat po direktnom stilu, hrabrim komentarima i beskompromisnoj borbi protiv nepravde, Rastoder donosi glas zajednice koja se \u010desto ne \u010duje, ali itekako postoji. Vi\u0161e od dvije decenije aktivan je u zajednici i medijima, gdje kroz analize, autorske kolumne i dru\u0161tveni anga\u017eman povezuje iskustvo \u017eivota u Americi sa realno\u0161\u0107u Balkana. Njegove pri\u010de otvaraju va\u017ene teme \u2014 od identiteta i politike, do kulture, dijaspore i dru\u0161tvenih transformacija. Prepoznat je kao glas dijaspore koji govori ono \u0161to mnogi misle, ali rijetko ko ka\u017ee.\",\"sameAs\":[\"http:\/\/radio-newyork.com\"],\"url\":\"https:\/\/radio-newyork.com\/?author=2\"}]}<\/script>\n<!-- \/ Yoast SEO plugin. -->","yoast_head_json":{"title":"FK SAND\u017dAK ISPISAO HISTORIJU \u2014 PONOS DIJASPORE IZ NEW YORKA - Radio New York","robots":{"index":"index","follow":"follow","max-snippet":"max-snippet:-1","max-image-preview":"max-image-preview:large","max-video-preview":"max-video-preview:-1"},"canonical":"https:\/\/radio-newyork.com\/?p=3242","og_locale":"en_US","og_type":"article","og_title":"FK SAND\u017dAK ISPISAO HISTORIJU \u2014 PONOS DIJASPORE IZ NEW YORKA - Radio New York","og_description":"New York, 26. april 2026. \u2014 Radio New York U vremenu kada se uspjeh \u010desto mjeri rije\u010dima, a ne djelima, fudbalski klub Sand\u017eak iz New Yorka odlu\u010dio je da odgovori \u2014 rezultatima. I to na na\u010din koji ulazi u historiju. Osvajanjem prvog mjesta u Cosmopolitan Soccer League, jednoj od najstarijih i najrespektabilnijih liga u Sjedinjenim [&hellip;]","og_url":"https:\/\/radio-newyork.com\/?p=3242","og_site_name":"Radio New York","article_published_time":"2026-04-28T14:48:06+00:00","article_modified_time":"2026-04-28T14:48:13+00:00","og_image":[{"width":1064,"height":1377,"url":"https:\/\/radio-newyork.com\/wp-content\/uploads\/2026\/04\/IMG_9212.jpg","type":"image\/jpeg"}],"author":"Ismet Rastoder","twitter_card":"summary_large_image","twitter_misc":{"Written by":"Ismet Rastoder","Est. reading time":"3 minutes"},"schema":{"@context":"https:\/\/schema.org","@graph":[{"@type":"Article","@id":"https:\/\/radio-newyork.com\/?p=3242#article","isPartOf":{"@id":"https:\/\/radio-newyork.com\/?p=3242"},"author":{"name":"Ismet Rastoder","@id":"https:\/\/radio-newyork.com\/#\/schema\/person\/e2f4dbf5b60fd9ac004d77b9e1b59559"},"headline":"FK SAND\u017dAK ISPISAO HISTORIJU \u2014 PONOS DIJASPORE IZ NEW YORKA","datePublished":"2026-04-28T14:48:06+00:00","dateModified":"2026-04-28T14:48:13+00:00","mainEntityOfPage":{"@id":"https:\/\/radio-newyork.com\/?p=3242"},"wordCount":481,"commentCount":0,"publisher":{"@id":"https:\/\/radio-newyork.com\/#organization"},"image":{"@id":"https:\/\/radio-newyork.com\/?p=3242#primaryimage"},"thumbnailUrl":"https:\/\/radio-newyork.com\/wp-content\/uploads\/2026\/04\/IMG_9212.jpg","inLanguage":"en-US","potentialAction":[{"@type":"CommentAction","name":"Comment","target":["https:\/\/radio-newyork.com\/?p=3242#respond"]}]},{"@type":"WebPage","@id":"https:\/\/radio-newyork.com\/?p=3242","url":"https:\/\/radio-newyork.com\/?p=3242","name":"FK SAND\u017dAK ISPISAO HISTORIJU \u2014 PONOS DIJASPORE IZ NEW YORKA - Radio New York","isPartOf":{"@id":"https:\/\/radio-newyork.com\/#website"},"primaryImageOfPage":{"@id":"https:\/\/radio-newyork.com\/?p=3242#primaryimage"},"image":{"@id":"https:\/\/radio-newyork.com\/?p=3242#primaryimage"},"thumbnailUrl":"https:\/\/radio-newyork.com\/wp-content\/uploads\/2026\/04\/IMG_9212.jpg","datePublished":"2026-04-28T14:48:06+00:00","dateModified":"2026-04-28T14:48:13+00:00","breadcrumb":{"@id":"https:\/\/radio-newyork.com\/?p=3242#breadcrumb"},"inLanguage":"en-US","potentialAction":[{"@type":"ReadAction","target":["https:\/\/radio-newyork.com\/?p=3242"]}]},{"@type":"ImageObject","inLanguage":"en-US","@id":"https:\/\/radio-newyork.com\/?p=3242#primaryimage","url":"https:\/\/radio-newyork.com\/wp-content\/uploads\/2026\/04\/IMG_9212.jpg","contentUrl":"https:\/\/radio-newyork.com\/wp-content\/uploads\/2026\/04\/IMG_9212.jpg","width":1064,"height":1377,"caption":"Screenshot"},{"@type":"BreadcrumbList","@id":"https:\/\/radio-newyork.com\/?p=3242#breadcrumb","itemListElement":[{"@type":"ListItem","position":1,"name":"Home","item":"https:\/\/radio-newyork.com\/"},{"@type":"ListItem","position":2,"name":"FK SAND\u017dAK ISPISAO HISTORIJU \u2014 PONOS DIJASPORE IZ NEW YORKA"}]},{"@type":"WebSite","@id":"https:\/\/radio-newyork.com\/#website","url":"https:\/\/radio-newyork.com\/","name":"Radio New York","description":"Radio New York \u2014 Most Amerike i domovine","publisher":{"@id":"https:\/\/radio-newyork.com\/#organization"},"potentialAction":[{"@type":"SearchAction","target":{"@type":"EntryPoint","urlTemplate":"https:\/\/radio-newyork.com\/?s={search_term_string}"},"query-input":{"@type":"PropertyValueSpecification","valueRequired":true,"valueName":"search_term_string"}}],"inLanguage":"en-US"},{"@type":"Organization","@id":"https:\/\/radio-newyork.com\/#organization","name":"Radio New York","url":"https:\/\/radio-newyork.com\/","logo":{"@type":"ImageObject","inLanguage":"en-US","@id":"https:\/\/radio-newyork.com\/#\/schema\/logo\/image\/","url":"https:\/\/radio-newyork.com\/wp-content\/uploads\/2021\/12\/262517255_4571047313011643_1786418142376364479_n.jpg","contentUrl":"https:\/\/radio-newyork.com\/wp-content\/uploads\/2021\/12\/262517255_4571047313011643_1786418142376364479_n.jpg","width":212,"height":210,"caption":"Radio New York"},"image":{"@id":"https:\/\/radio-newyork.com\/#\/schema\/logo\/image\/"}},{"@type":"Person","@id":"https:\/\/radio-newyork.com\/#\/schema\/person\/e2f4dbf5b60fd9ac004d77b9e1b59559","name":"Ismet Rastoder","image":{"@type":"ImageObject","inLanguage":"en-US","@id":"https:\/\/radio-newyork.com\/#\/schema\/person\/image\/","url":"https:\/\/secure.gravatar.com\/avatar\/800e8dd1eac3e728e825b7d5c16c80b067c4a0557a2ce54986c89f6008f454bb?s=96&d=mm&r=g","contentUrl":"https:\/\/secure.gravatar.com\/avatar\/800e8dd1eac3e728e825b7d5c16c80b067c4a0557a2ce54986c89f6008f454bb?s=96&d=mm&r=g","caption":"Ismet Rastoder"},"description":"Ismet Rastoder je urednik i osniva\u010d portala Radio New York \u2014 medijskog prostora posve\u0107enog dijaspori, dru\u0161tvenoj istini i stvarnim \u017eivotnim pitanjima Balkana i Amerike. Poznat po direktnom stilu, hrabrim komentarima i beskompromisnoj borbi protiv nepravde, Rastoder donosi glas zajednice koja se \u010desto ne \u010duje, ali itekako postoji. Vi\u0161e od dvije decenije aktivan je u zajednici i medijima, gdje kroz analize, autorske kolumne i dru\u0161tveni anga\u017eman povezuje iskustvo \u017eivota u Americi sa realno\u0161\u0107u Balkana. Njegove pri\u010de otvaraju va\u017ene teme \u2014 od identiteta i politike, do kulture, dijaspore i dru\u0161tvenih transformacija. Prepoznat je kao glas dijaspore koji govori ono \u0161to mnogi misle, ali rijetko ko ka\u017ee.","sameAs":["http:\/\/radio-newyork.com"],"url":"https:\/\/radio-newyork.com\/?author=2"}]}},"_links":{"self":[{"href":"https:\/\/radio-newyork.com\/index.php?rest_route=\/wp\/v2\/posts\/3242","targetHints":{"allow":["GET"]}}],"collection":[{"href":"https:\/\/radio-newyork.com\/index.php?rest_route=\/wp\/v2\/posts"}],"about":[{"href":"https:\/\/radio-newyork.com\/index.php?rest_route=\/wp\/v2\/types\/post"}],"author":[{"embeddable":true,"href":"https:\/\/radio-newyork.com\/index.php?rest_route=\/wp\/v2\/users\/2"}],"replies":[{"embeddable":true,"href":"https:\/\/radio-newyork.com\/index.php?rest_route=%2Fwp%2Fv2%2Fcomments&post=3242"}],"version-history":[{"count":1,"href":"https:\/\/radio-newyork.com\/index.php?rest_route=\/wp\/v2\/posts\/3242\/revisions"}],"predecessor-version":[{"id":3245,"href":"https:\/\/radio-newyork.com\/index.php?rest_route=\/wp\/v2\/posts\/3242\/revisions\/3245"}],"wp:featuredmedia":[{"embeddable":true,"href":"https:\/\/radio-newyork.com\/index.php?rest_route=\/wp\/v2\/media\/3243"}],"wp:attachment":[{"href":"https:\/\/radio-newyork.com\/index.php?rest_route=%2Fwp%2Fv2%2Fmedia&parent=3242"}],"wp:term":[{"taxonomy":"category","embeddable":true,"href":"https:\/\/radio-newyork.com\/index.php?rest_route=%2Fwp%2Fv2%2Fcategories&post=3242"},{"taxonomy":"post_tag","embeddable":true,"href":"https:\/\/radio-newyork.com\/index.php?rest_route=%2Fwp%2Fv2%2Ftags&post=3242"}],"curies":[{"name":"wp","href":"https:\/\/api.w.org\/{rel}","templated":true}]}}