{"id":3216,"date":"2026-03-15T21:40:13","date_gmt":"2026-03-15T21:40:13","guid":{"rendered":"https:\/\/radio-newyork.com\/?p=3216"},"modified":"2026-03-15T21:40:22","modified_gmt":"2026-03-15T21:40:22","slug":"iran-od-mossadegha-do-danasnjeg-rata","status":"publish","type":"post","link":"https:\/\/radio-newyork.com\/?p=3216","title":{"rendered":"Iran: Od Mossadegha do dana\u0161njeg rata"},"content":{"rendered":"\n<figure class=\"wp-block-image size-full\"><img loading=\"lazy\" decoding=\"async\" width=\"809\" height=\"540\" src=\"https:\/\/radio-newyork.com\/wp-content\/uploads\/2026\/03\/Screenshot-2026-03-15-at-5.31.32-PM.png\" alt=\"\" class=\"wp-image-3217\" srcset=\"https:\/\/radio-newyork.com\/wp-content\/uploads\/2026\/03\/Screenshot-2026-03-15-at-5.31.32-PM.png 809w, https:\/\/radio-newyork.com\/wp-content\/uploads\/2026\/03\/Screenshot-2026-03-15-at-5.31.32-PM-300x200.png 300w, https:\/\/radio-newyork.com\/wp-content\/uploads\/2026\/03\/Screenshot-2026-03-15-at-5.31.32-PM-768x513.png 768w\" sizes=\"auto, (max-width: 809px) 100vw, 809px\" \/><\/figure>\n\n\n\n<p><em>Sudbina iranskog premijera Mossadegha i doga\u0111aji iz 1953. podsje\u0107aju kako se u dr\u017eavama sa unutra\u0161njim podjelama \u010desto prelamaju interesi velikih sila \u2013 pouka koja ni danas nije izgubila politi\u010dku te\u017einu<\/em>.<\/p>\n\n\n\n<p>U ovom nezahvalnom vremenu, a i zbog svoje prirodne odbojnosti prema ratovima, sve rje\u0111e gledam televiziju, zapravo, \u010de\u0161\u0107e je moja supruga ta koja je jednostavno isklju\u010di. Slike razaranja i beskrajni niz tuma\u010denja, analiza i politi\u010dkih opravdanja \u010dovjeka prije ili kasnije umore i ostave bez rije\u010di.<\/p>\n\n\n\n<p>Umjesto te buke sa ekrana, sve \u010de\u0161\u0107e se vra\u0107am onome \u0161to mi je oduvijek bilo bli\u017ee, mirnije i prirodnije.<\/p>\n\n\n\n<h2 class=\"wp-block-heading\">Knjiga kao bijeg od buke rata<\/h2>\n\n\n\n<p><em>Iz svoje skromne biblioteke ovih dana ponovo sam izvukao knjigu \u201cSvi \u0161ahovi ljudi\u201d (All the Shah\u2019s Men) ameri\u010dkog novinara i dugogodi\u0161njeg dopisnika New York Timesa Stephena Kinzer-a. To je pri\u010da o doga\u0111aju iz 1953. godine, ameri\u010dko-britanskom dr\u017eavnom udaru u Iranu i o politi\u010dkim odlukama \u010dije posljedice, na ovaj ili onaj na\u010din, osje\u0107amo i danas u nestabilnostima Bliskog istoka.<\/em><\/p>\n\n\n\n<figure class=\"wp-block-image\"><img decoding=\"async\" src=\"https:\/\/i.ibb.co\/DPC5F2qr\/svi-sahovi-ljudi.jpg\" alt=\"svi sahovi ljudi\"\/><\/figure>\n\n\n\n<p>AutorD\u017eavid Kahari<\/p>\n\n\n\n<p> <em>Kinzer o tome ne pi\u0161e kao akademski istori\u010dar, ve\u0107 kao novinar koji poku\u0161ava razumjeti kako jedna politi\u010dka odluka mo\u017ee promijeniti tok istorije \u010ditavog regiona. Njegova pri\u010da po\u010dinje sa iranskim premijerom Mohamedom Mossadeghom i nacionalizacijom nafte, a zavr\u0161ava pitanjem koje i danas lebdi nad me\u0111unarodnom politikom: koliko kratkoro\u010dne geopoliti\u010dke pobjede velikih sila mogu stvoriti dugoro\u010dne krize koje kasnije vi\u0161e niko ne mo\u017ee lako kontrolisati.<\/em><\/p>\n\n\n\n<p><em>\u010citaju\u0107i ponovo tu knjigu, poku\u0161avam njene stranice uklopiti u kontekst dana\u0161njih zbivanja. Jer istorija rijetko nestaje; ona se \u010desto vra\u0107a u novim oblicima. Ovaj tekst zato nije poku\u0161aj da preuzmem ulogu istori\u010dara, ve\u0107 prije razmi\u0161ljanje jednog \u010ditaoca koji vjeruje da se mnogi dana\u0161nji sukobi ne mogu razumjeti bez pogleda unazad. Ponekad je upravo pro\u0161lost najti\u0161i, ali i najpouzdaniji vodi\u010d kroz sada\u0161njost.<\/em><\/p>\n\n\n\n<h2 class=\"wp-block-heading\">Mossadegh i borba za nacionalni suverenitet<\/h2>\n\n\n\n<p>Mnogi doga\u0111aji u istoriji traju du\u017ee od svog vremena. Oni nijesu samo epizoda u knjigama istorije, ve\u0107 rana koja ostaje otvorena kroz generacije. Za Bliski istok, a posebno za Iran, jedan od takvih doga\u0111aja desio se 1953. godine, kada je sru\u0161ena vlada premijera Mohameda Mossadegha.<\/p>\n\n\n\n<p>Mossadegh nije bio revolucionar u klasi\u010dnom smislu te rije\u010di. Bio je pravnik, aristokrata i uvjereni pobornik ustavne monarhije. Njegova politi\u010dka karijera bila je duboko ukorijenjena u ideji parlamentarne vlasti i nacionalnog dostojanstva. Nakon dugog politi\u010dkog rada i sna\u017ene podr\u0161ke u iranskom parlamentu, Med\u017elisu, izabran je za premijera 1951. Njegov izbor nije bio rezultat vojnog pu\u010da niti dvorskih intriga, ve\u0107 politi\u010dkog procesa koji je u Iranu tada imao sna\u017enu podr\u0161ku javnosti.<\/p>\n\n\n\n<p>Ve\u0107 na po\u010detku mandata postalo je jasno da Mossadegh namjerava povu\u0107i potez koji \u0107e promijeniti odnose snaga u regionu. Nacionalizovao je iransku naftnu industriju, do tada pod kontrolom britanske kompanije Anglo-Iranian Oil Company. Za Iran je to bilo pitanje suvereniteta. Za Veliku Britaniju gubitak jednog od najva\u017enijih energetskih izvora.<\/p>\n\n\n\n<p>U jeku tog spora Mossadegh je 1951. otputovao u Njujork kako bi pred Savjetom bezbjednosti Ujedinjenih nacija branio pravo Irana na sopstvene resurse. Njegov govor u Ujedinjenim nacijama ostao je zapam\u0107en kao jedno od najzna\u010dajnijih izlaganja nekog lidera zemlje u razvoju u poslijeratnom svijetu. Smirenim tonom, pravni\u010dkom argumentacijom i sna\u017enim osje\u0107ajem nacionalnog dostojanstva, Mossadegh je objasnio da Iran ne tra\u017ei ni\u0161ta vi\u0161e od onoga \u0161to pripada svakoj suverenoj dr\u017eavi, pravo da upravlja sopstvenim prirodnim bogatstvima.<\/p>\n\n\n\n<p>U tom trenutku mnogi su u njemu vidjeli simbol novog talasa politi\u010dkog bu\u0111enja u dr\u017eavama koje su izlazile iz kolonijalnog poretka.<\/p>\n\n\n\n<h2 class=\"wp-block-heading\">Dr\u017eavni udar koji je promijenio Bliski istok<\/h2>\n\n\n\n<p>Ali ono \u0161to je za Iran bilo pitanje dostojanstva, za Britaniju je bilo pitanje interesa, a za Sjedinjene Ameri\u010dke Dr\u017eave pitanje hladnoratovske geopolitike.<\/p>\n\n\n\n<p>Dvije godine kasnije, 1953, CIA i britanski MI6 organizovali su operaciju poznatu kao \u201cAjax\u201d. Kombinacijom propagande, politi\u010dkog pritiska i manipulacije ulicom, Mossadegh je sru\u0161en, a \u0161ah Mohamed Reza Pahlavi vra\u0107en na vlast sa znatno ve\u0107im ovla\u0161\u0107enjima.<\/p>\n\n\n\n<p>U tom trenutku \u010dinilo se da je kriza rije\u0161ena. Zapad je osigurao pristup nafti, a Iran je ostao u zapadnoj sferi uticaja.<\/p>\n\n\n\n<p>Ali istorija rijetko zavr\u0161ava tamo gdje politi\u010dari misle da su stavili ta\u010dku.<\/p>\n\n\n\n<p>Sljede\u0107ih dvadeset pet godina Iran je \u017eivio pod autoritarnom modernizacijom \u0161aha. Zemlja je ekonomski rasla, gradili su se putevi, univerziteti i industrija, ali je politi\u010dki prostor bio su\u017een. Tajnu policiju SAVAK mnogi Iranci pamte kao simbol represije, a politi\u010dka opozicija je gu\u0161ena.<\/p>\n\n\n\n<p>U takvom ambijentu po\u010dela je da se formira nova opozicija. Ona nije dolazila iz liberalnih krugova koji su podr\u017eavali Mossadegha, ve\u0107 iz religijskog i tradicionalnog sloja dru\u0161tva. Jedan od njihovih glasova bio je i ajatolah Ruholah Homeini.<\/p>\n\n\n\n<p>Ironija istorije je u tome \u0161to je ru\u0161enje jednog sekularnog, nacionalnog i demokratskog projekta otvorilo prostor za ne\u0161to sasvim druga\u010dije. Kada je 1979. godine izbila Islamska revolucija, Iran nije dobio liberalnu demokratiju o kojoj su mnogi sanjali po\u010detkom pedesetih. Dobio je islamsku republiku.<\/p>\n\n\n\n<h2 class=\"wp-block-heading\">Godina koja traje<\/h2>\n\n\n\n<p>Od tog trenutka odnosi izme\u0111u Irana i Zapada ulaze u trajni konflikt. Kriza sa ameri\u010dkom ambasadom, decenije sankcija, regionalni sukobi i politi\u010dko neprijateljstvo postali su dio svakodnevice me\u0111unarodne politike.<\/p>\n\n\n\n<p>Dana\u0161nji ratovi i napetosti na Bliskom istoku imaju mnogo uzroka: regionalne rivalitete, religijske podjele i geopoliti\u010dke interese velikih sila. Ali kada se prati lanac doga\u0111aja unazad, jedan od klju\u010dnih trenutaka nalazi se upravo u 1953. godini.<\/p>\n\n\n\n<p>Tada je uni\u0161ten poku\u0161aj da Iran prona\u0111e put izme\u0111u tradicije i modernog dru\u0161tva kroz demokratske institucije. Umjesto toga otvoren je ciklus nepovjerenja, revolucije i sukoba koji traje ve\u0107 vi\u0161e od sedam decenija.<\/p>\n\n\n\n<p>Istorija nas \u010desto u\u010di jednostavnoj lekciji: kratkoro\u010dne pobjede velikih sila ponekad stvaraju dugoro\u010dne probleme koje vi\u0161e niko ne mo\u017ee kontrolisati.<\/p>\n\n\n\n<p>Kada danas gledamo ratove i krize na Bliskom istoku, vrijedi se sjetiti da je jedna od najva\u017enijih prekretnica tog regiona po\u010dela ne na bojnom polju, ve\u0107 u jednoj politi\u010dkoj odluci donesenoj prije vi\u0161e od sedamdeset godina. I upravo zato 1953. godina jo\u0161 uvijek traje.<\/p>\n\n\n\n<h2 class=\"wp-block-heading\">Lekcija istorije za male dr\u017eave<\/h2>\n\n\n\n<p>Mo\u017eda \u0107e neko re\u0107i da su Iran pedesetih godina pro\u0161log vijeka i dana\u0161nja Crna Gora dvije potpuno razli\u010dite pri\u010de. I naravno da jesu. Istorija se nikada ne ponavlja na isti na\u010din, niti se politi\u010dke drame odvijaju pod istim nebom i u istim okolnostima. Svaka zemlja ima svoje vrijeme, svoje slabosti i svoje isku\u0161enja, pa i kada doga\u0111aji li\u010de jedni na druge, njihovi uzroci i posljedice uvijek nose pe\u010dat prostora i epohe.<\/p>\n\n\n\n<p>Ali jedna pouka ostaje gotovo univerzalna: male dr\u017eave \u010desto postaju prostor u kojem se prelamaju interesi ve\u0107ih sila, naro\u010dito onda kada su unutra\u0161nje podjele duboke, a politi\u010dke institucije slabe.<\/p>\n\n\n\n<p>U takvim okolnostima sudbina dr\u017eave ponekad zavisi manje od velikih istorijskih planova, a mnogo vi\u0161e od sposobnosti dru\u0161tva da o\u010duva politi\u010dku stabilnost, me\u0111usobno povjerenje i svijest o sopstvenom suverenitetu.<\/p>\n\n\n\n<p>Zato pri\u010da o Mossadeghu nije samo epizoda iz istorije Irana. Ona je podsjetnik koliko politi\u010dke odluke mogu imati dug \u017eivot i posljedice koje nad\u017eive generacije koje su ih donijele.<\/p>\n\n\n\n<p>Mo\u017eda ba\u0161 zato vrijedi sa posebnom pa\u017enjom posmatrati i ono \u0161to se danas de\u0161ava u Crnoj Gori. Nedavne promjene zakona usvojene u Skup\u0161tini, bez \u0161ireg dru\u0161tvenog i politi\u010dkog konsenzusa, ponovo otvaraju stare podjele i produbljuju nepovjerenje me\u0111u politi\u010dkim akterima. Kada vlast, oslanjaju\u0107i se samo na tanku parlamentarnu ve\u0107inu, gura odluke koje mijenjaju osjetljive temelje sistema, dru\u0161tvo se ne smiruje, ono se polako uvodi u novu fazu politi\u010dkih sukoba.<\/p>\n\n\n\n<p>A istorija nas, na\u017ealost, u\u010di da takvi sukobi rijetko imaju brz kraj.<\/p>\n\n\n\n<p>Zato lekcija iz 1953. godine nije samo pri\u010da o Iranu. Njene pouke mo\u017eemo prepoznati i iz na\u0161ih sopstvenih istorijskih uglova, \u010desto posmatranih kroz prizmu nacionalnih osje\u0107aja i vjerskih uvjerenja. Ona nas podsje\u0107a da politi\u010dka stabilnost i dru\u0161tveni konsenzus nijesu slabost jedne dr\u017eave, ve\u0107 njen najva\u017eniji oblik snage.<\/p>\n\n\n\n<p>Jer kada politika izgubi sposobnost dogovora, tada istorija polako preuzima rije\u010d. A kada ona po\u010dne da govori, \u010desto pi\u0161e poglavlja koja niko nije planirao, i koja se kasnije te\u0161ko zatvaraju.<\/p>\n\n\n\n<figure class=\"wp-block-image size-full\"><img loading=\"lazy\" decoding=\"async\" width=\"687\" height=\"459\" src=\"https:\/\/radio-newyork.com\/wp-content\/uploads\/2026\/03\/Screenshot-2026-03-15-at-5.39.18-PM.png\" alt=\"\" class=\"wp-image-3218\" srcset=\"https:\/\/radio-newyork.com\/wp-content\/uploads\/2026\/03\/Screenshot-2026-03-15-at-5.39.18-PM.png 687w, https:\/\/radio-newyork.com\/wp-content\/uploads\/2026\/03\/Screenshot-2026-03-15-at-5.39.18-PM-300x200.png 300w\" sizes=\"auto, (max-width: 687px) 100vw, 687px\" \/><\/figure>\n","protected":false},"excerpt":{"rendered":"<p>Sudbina iranskog premijera Mossadegha i doga\u0111aji iz 1953. podsje\u0107aju kako se u dr\u017eavama sa unutra\u0161njim podjelama \u010desto prelamaju interesi velikih sila \u2013 pouka koja ni danas nije izgubila politi\u010dku te\u017einu. U ovom nezahvalnom vremenu, a i zbog svoje prirodne odbojnosti prema ratovima, sve rje\u0111e gledam televiziju, zapravo, \u010de\u0161\u0107e je moja supruga ta koja je jednostavno [&hellip;]<\/p>\n","protected":false},"author":2,"featured_media":3217,"comment_status":"open","ping_status":"open","sticky":false,"template":"","format":"standard","meta":{"footnotes":""},"categories":[1],"tags":[],"class_list":["post-3216","post","type-post","status-publish","format-standard","has-post-thumbnail","hentry","category-uncategorized"],"acf":[],"yoast_head":"<!-- This site is optimized with the Yoast SEO plugin v26.2 - https:\/\/yoast.com\/wordpress\/plugins\/seo\/ -->\n<title>Iran: Od Mossadegha do dana\u0161njeg rata - Radio New York<\/title>\n<meta name=\"robots\" content=\"index, follow, max-snippet:-1, max-image-preview:large, max-video-preview:-1\" \/>\n<link rel=\"canonical\" href=\"https:\/\/radio-newyork.com\/?p=3216\" \/>\n<meta property=\"og:locale\" content=\"en_US\" \/>\n<meta property=\"og:type\" content=\"article\" \/>\n<meta property=\"og:title\" content=\"Iran: Od Mossadegha do dana\u0161njeg rata - Radio New York\" \/>\n<meta property=\"og:description\" content=\"Sudbina iranskog premijera Mossadegha i doga\u0111aji iz 1953. podsje\u0107aju kako se u dr\u017eavama sa unutra\u0161njim podjelama \u010desto prelamaju interesi velikih sila \u2013 pouka koja ni danas nije izgubila politi\u010dku te\u017einu. U ovom nezahvalnom vremenu, a i zbog svoje prirodne odbojnosti prema ratovima, sve rje\u0111e gledam televiziju, zapravo, \u010de\u0161\u0107e je moja supruga ta koja je jednostavno [&hellip;]\" \/>\n<meta property=\"og:url\" content=\"https:\/\/radio-newyork.com\/?p=3216\" \/>\n<meta property=\"og:site_name\" content=\"Radio New York\" \/>\n<meta property=\"article:published_time\" content=\"2026-03-15T21:40:13+00:00\" \/>\n<meta property=\"article:modified_time\" content=\"2026-03-15T21:40:22+00:00\" \/>\n<meta property=\"og:image\" content=\"https:\/\/radio-newyork.com\/wp-content\/uploads\/2026\/03\/Screenshot-2026-03-15-at-5.31.32-PM.png\" \/>\n\t<meta property=\"og:image:width\" content=\"809\" \/>\n\t<meta property=\"og:image:height\" content=\"540\" \/>\n\t<meta property=\"og:image:type\" content=\"image\/png\" \/>\n<meta name=\"author\" content=\"Ismet Rastoder\" \/>\n<meta name=\"twitter:card\" content=\"summary_large_image\" \/>\n<meta name=\"twitter:label1\" content=\"Written by\" \/>\n\t<meta name=\"twitter:data1\" content=\"Ismet Rastoder\" \/>\n\t<meta name=\"twitter:label2\" content=\"Est. reading time\" \/>\n\t<meta name=\"twitter:data2\" content=\"7 minutes\" \/>\n<script type=\"application\/ld+json\" class=\"yoast-schema-graph\">{\"@context\":\"https:\/\/schema.org\",\"@graph\":[{\"@type\":\"Article\",\"@id\":\"https:\/\/radio-newyork.com\/?p=3216#article\",\"isPartOf\":{\"@id\":\"https:\/\/radio-newyork.com\/?p=3216\"},\"author\":{\"name\":\"Ismet Rastoder\",\"@id\":\"https:\/\/radio-newyork.com\/#\/schema\/person\/e2f4dbf5b60fd9ac004d77b9e1b59559\"},\"headline\":\"Iran: Od Mossadegha do dana\u0161njeg rata\",\"datePublished\":\"2026-03-15T21:40:13+00:00\",\"dateModified\":\"2026-03-15T21:40:22+00:00\",\"mainEntityOfPage\":{\"@id\":\"https:\/\/radio-newyork.com\/?p=3216\"},\"wordCount\":1433,\"commentCount\":0,\"publisher\":{\"@id\":\"https:\/\/radio-newyork.com\/#organization\"},\"image\":{\"@id\":\"https:\/\/radio-newyork.com\/?p=3216#primaryimage\"},\"thumbnailUrl\":\"https:\/\/radio-newyork.com\/wp-content\/uploads\/2026\/03\/Screenshot-2026-03-15-at-5.31.32-PM.png\",\"inLanguage\":\"en-US\",\"potentialAction\":[{\"@type\":\"CommentAction\",\"name\":\"Comment\",\"target\":[\"https:\/\/radio-newyork.com\/?p=3216#respond\"]}]},{\"@type\":\"WebPage\",\"@id\":\"https:\/\/radio-newyork.com\/?p=3216\",\"url\":\"https:\/\/radio-newyork.com\/?p=3216\",\"name\":\"Iran: Od Mossadegha do dana\u0161njeg rata - Radio New York\",\"isPartOf\":{\"@id\":\"https:\/\/radio-newyork.com\/#website\"},\"primaryImageOfPage\":{\"@id\":\"https:\/\/radio-newyork.com\/?p=3216#primaryimage\"},\"image\":{\"@id\":\"https:\/\/radio-newyork.com\/?p=3216#primaryimage\"},\"thumbnailUrl\":\"https:\/\/radio-newyork.com\/wp-content\/uploads\/2026\/03\/Screenshot-2026-03-15-at-5.31.32-PM.png\",\"datePublished\":\"2026-03-15T21:40:13+00:00\",\"dateModified\":\"2026-03-15T21:40:22+00:00\",\"breadcrumb\":{\"@id\":\"https:\/\/radio-newyork.com\/?p=3216#breadcrumb\"},\"inLanguage\":\"en-US\",\"potentialAction\":[{\"@type\":\"ReadAction\",\"target\":[\"https:\/\/radio-newyork.com\/?p=3216\"]}]},{\"@type\":\"ImageObject\",\"inLanguage\":\"en-US\",\"@id\":\"https:\/\/radio-newyork.com\/?p=3216#primaryimage\",\"url\":\"https:\/\/radio-newyork.com\/wp-content\/uploads\/2026\/03\/Screenshot-2026-03-15-at-5.31.32-PM.png\",\"contentUrl\":\"https:\/\/radio-newyork.com\/wp-content\/uploads\/2026\/03\/Screenshot-2026-03-15-at-5.31.32-PM.png\",\"width\":809,\"height\":540},{\"@type\":\"BreadcrumbList\",\"@id\":\"https:\/\/radio-newyork.com\/?p=3216#breadcrumb\",\"itemListElement\":[{\"@type\":\"ListItem\",\"position\":1,\"name\":\"Home\",\"item\":\"https:\/\/radio-newyork.com\/\"},{\"@type\":\"ListItem\",\"position\":2,\"name\":\"Iran: Od Mossadegha do dana\u0161njeg rata\"}]},{\"@type\":\"WebSite\",\"@id\":\"https:\/\/radio-newyork.com\/#website\",\"url\":\"https:\/\/radio-newyork.com\/\",\"name\":\"Radio New York\",\"description\":\"Radio New York \u2014 Most Amerike i domovine\",\"publisher\":{\"@id\":\"https:\/\/radio-newyork.com\/#organization\"},\"potentialAction\":[{\"@type\":\"SearchAction\",\"target\":{\"@type\":\"EntryPoint\",\"urlTemplate\":\"https:\/\/radio-newyork.com\/?s={search_term_string}\"},\"query-input\":{\"@type\":\"PropertyValueSpecification\",\"valueRequired\":true,\"valueName\":\"search_term_string\"}}],\"inLanguage\":\"en-US\"},{\"@type\":\"Organization\",\"@id\":\"https:\/\/radio-newyork.com\/#organization\",\"name\":\"Radio New York\",\"url\":\"https:\/\/radio-newyork.com\/\",\"logo\":{\"@type\":\"ImageObject\",\"inLanguage\":\"en-US\",\"@id\":\"https:\/\/radio-newyork.com\/#\/schema\/logo\/image\/\",\"url\":\"https:\/\/radio-newyork.com\/wp-content\/uploads\/2021\/12\/262517255_4571047313011643_1786418142376364479_n.jpg\",\"contentUrl\":\"https:\/\/radio-newyork.com\/wp-content\/uploads\/2021\/12\/262517255_4571047313011643_1786418142376364479_n.jpg\",\"width\":212,\"height\":210,\"caption\":\"Radio New York\"},\"image\":{\"@id\":\"https:\/\/radio-newyork.com\/#\/schema\/logo\/image\/\"}},{\"@type\":\"Person\",\"@id\":\"https:\/\/radio-newyork.com\/#\/schema\/person\/e2f4dbf5b60fd9ac004d77b9e1b59559\",\"name\":\"Ismet Rastoder\",\"image\":{\"@type\":\"ImageObject\",\"inLanguage\":\"en-US\",\"@id\":\"https:\/\/radio-newyork.com\/#\/schema\/person\/image\/\",\"url\":\"https:\/\/secure.gravatar.com\/avatar\/800e8dd1eac3e728e825b7d5c16c80b067c4a0557a2ce54986c89f6008f454bb?s=96&d=mm&r=g\",\"contentUrl\":\"https:\/\/secure.gravatar.com\/avatar\/800e8dd1eac3e728e825b7d5c16c80b067c4a0557a2ce54986c89f6008f454bb?s=96&d=mm&r=g\",\"caption\":\"Ismet Rastoder\"},\"description\":\"Ismet Rastoder je urednik i osniva\u010d portala Radio New York \u2014 medijskog prostora posve\u0107enog dijaspori, dru\u0161tvenoj istini i stvarnim \u017eivotnim pitanjima Balkana i Amerike. Poznat po direktnom stilu, hrabrim komentarima i beskompromisnoj borbi protiv nepravde, Rastoder donosi glas zajednice koja se \u010desto ne \u010duje, ali itekako postoji. Vi\u0161e od dvije decenije aktivan je u zajednici i medijima, gdje kroz analize, autorske kolumne i dru\u0161tveni anga\u017eman povezuje iskustvo \u017eivota u Americi sa realno\u0161\u0107u Balkana. Njegove pri\u010de otvaraju va\u017ene teme \u2014 od identiteta i politike, do kulture, dijaspore i dru\u0161tvenih transformacija. Prepoznat je kao glas dijaspore koji govori ono \u0161to mnogi misle, ali rijetko ko ka\u017ee.\",\"sameAs\":[\"http:\/\/radio-newyork.com\"],\"url\":\"https:\/\/radio-newyork.com\/?author=2\"}]}<\/script>\n<!-- \/ Yoast SEO plugin. -->","yoast_head_json":{"title":"Iran: Od Mossadegha do dana\u0161njeg rata - Radio New York","robots":{"index":"index","follow":"follow","max-snippet":"max-snippet:-1","max-image-preview":"max-image-preview:large","max-video-preview":"max-video-preview:-1"},"canonical":"https:\/\/radio-newyork.com\/?p=3216","og_locale":"en_US","og_type":"article","og_title":"Iran: Od Mossadegha do dana\u0161njeg rata - Radio New York","og_description":"Sudbina iranskog premijera Mossadegha i doga\u0111aji iz 1953. podsje\u0107aju kako se u dr\u017eavama sa unutra\u0161njim podjelama \u010desto prelamaju interesi velikih sila \u2013 pouka koja ni danas nije izgubila politi\u010dku te\u017einu. U ovom nezahvalnom vremenu, a i zbog svoje prirodne odbojnosti prema ratovima, sve rje\u0111e gledam televiziju, zapravo, \u010de\u0161\u0107e je moja supruga ta koja je jednostavno [&hellip;]","og_url":"https:\/\/radio-newyork.com\/?p=3216","og_site_name":"Radio New York","article_published_time":"2026-03-15T21:40:13+00:00","article_modified_time":"2026-03-15T21:40:22+00:00","og_image":[{"width":809,"height":540,"url":"https:\/\/radio-newyork.com\/wp-content\/uploads\/2026\/03\/Screenshot-2026-03-15-at-5.31.32-PM.png","type":"image\/png"}],"author":"Ismet Rastoder","twitter_card":"summary_large_image","twitter_misc":{"Written by":"Ismet Rastoder","Est. reading time":"7 minutes"},"schema":{"@context":"https:\/\/schema.org","@graph":[{"@type":"Article","@id":"https:\/\/radio-newyork.com\/?p=3216#article","isPartOf":{"@id":"https:\/\/radio-newyork.com\/?p=3216"},"author":{"name":"Ismet Rastoder","@id":"https:\/\/radio-newyork.com\/#\/schema\/person\/e2f4dbf5b60fd9ac004d77b9e1b59559"},"headline":"Iran: Od Mossadegha do dana\u0161njeg rata","datePublished":"2026-03-15T21:40:13+00:00","dateModified":"2026-03-15T21:40:22+00:00","mainEntityOfPage":{"@id":"https:\/\/radio-newyork.com\/?p=3216"},"wordCount":1433,"commentCount":0,"publisher":{"@id":"https:\/\/radio-newyork.com\/#organization"},"image":{"@id":"https:\/\/radio-newyork.com\/?p=3216#primaryimage"},"thumbnailUrl":"https:\/\/radio-newyork.com\/wp-content\/uploads\/2026\/03\/Screenshot-2026-03-15-at-5.31.32-PM.png","inLanguage":"en-US","potentialAction":[{"@type":"CommentAction","name":"Comment","target":["https:\/\/radio-newyork.com\/?p=3216#respond"]}]},{"@type":"WebPage","@id":"https:\/\/radio-newyork.com\/?p=3216","url":"https:\/\/radio-newyork.com\/?p=3216","name":"Iran: Od Mossadegha do dana\u0161njeg rata - Radio New York","isPartOf":{"@id":"https:\/\/radio-newyork.com\/#website"},"primaryImageOfPage":{"@id":"https:\/\/radio-newyork.com\/?p=3216#primaryimage"},"image":{"@id":"https:\/\/radio-newyork.com\/?p=3216#primaryimage"},"thumbnailUrl":"https:\/\/radio-newyork.com\/wp-content\/uploads\/2026\/03\/Screenshot-2026-03-15-at-5.31.32-PM.png","datePublished":"2026-03-15T21:40:13+00:00","dateModified":"2026-03-15T21:40:22+00:00","breadcrumb":{"@id":"https:\/\/radio-newyork.com\/?p=3216#breadcrumb"},"inLanguage":"en-US","potentialAction":[{"@type":"ReadAction","target":["https:\/\/radio-newyork.com\/?p=3216"]}]},{"@type":"ImageObject","inLanguage":"en-US","@id":"https:\/\/radio-newyork.com\/?p=3216#primaryimage","url":"https:\/\/radio-newyork.com\/wp-content\/uploads\/2026\/03\/Screenshot-2026-03-15-at-5.31.32-PM.png","contentUrl":"https:\/\/radio-newyork.com\/wp-content\/uploads\/2026\/03\/Screenshot-2026-03-15-at-5.31.32-PM.png","width":809,"height":540},{"@type":"BreadcrumbList","@id":"https:\/\/radio-newyork.com\/?p=3216#breadcrumb","itemListElement":[{"@type":"ListItem","position":1,"name":"Home","item":"https:\/\/radio-newyork.com\/"},{"@type":"ListItem","position":2,"name":"Iran: Od Mossadegha do dana\u0161njeg rata"}]},{"@type":"WebSite","@id":"https:\/\/radio-newyork.com\/#website","url":"https:\/\/radio-newyork.com\/","name":"Radio New York","description":"Radio New York \u2014 Most Amerike i domovine","publisher":{"@id":"https:\/\/radio-newyork.com\/#organization"},"potentialAction":[{"@type":"SearchAction","target":{"@type":"EntryPoint","urlTemplate":"https:\/\/radio-newyork.com\/?s={search_term_string}"},"query-input":{"@type":"PropertyValueSpecification","valueRequired":true,"valueName":"search_term_string"}}],"inLanguage":"en-US"},{"@type":"Organization","@id":"https:\/\/radio-newyork.com\/#organization","name":"Radio New York","url":"https:\/\/radio-newyork.com\/","logo":{"@type":"ImageObject","inLanguage":"en-US","@id":"https:\/\/radio-newyork.com\/#\/schema\/logo\/image\/","url":"https:\/\/radio-newyork.com\/wp-content\/uploads\/2021\/12\/262517255_4571047313011643_1786418142376364479_n.jpg","contentUrl":"https:\/\/radio-newyork.com\/wp-content\/uploads\/2021\/12\/262517255_4571047313011643_1786418142376364479_n.jpg","width":212,"height":210,"caption":"Radio New York"},"image":{"@id":"https:\/\/radio-newyork.com\/#\/schema\/logo\/image\/"}},{"@type":"Person","@id":"https:\/\/radio-newyork.com\/#\/schema\/person\/e2f4dbf5b60fd9ac004d77b9e1b59559","name":"Ismet Rastoder","image":{"@type":"ImageObject","inLanguage":"en-US","@id":"https:\/\/radio-newyork.com\/#\/schema\/person\/image\/","url":"https:\/\/secure.gravatar.com\/avatar\/800e8dd1eac3e728e825b7d5c16c80b067c4a0557a2ce54986c89f6008f454bb?s=96&d=mm&r=g","contentUrl":"https:\/\/secure.gravatar.com\/avatar\/800e8dd1eac3e728e825b7d5c16c80b067c4a0557a2ce54986c89f6008f454bb?s=96&d=mm&r=g","caption":"Ismet Rastoder"},"description":"Ismet Rastoder je urednik i osniva\u010d portala Radio New York \u2014 medijskog prostora posve\u0107enog dijaspori, dru\u0161tvenoj istini i stvarnim \u017eivotnim pitanjima Balkana i Amerike. Poznat po direktnom stilu, hrabrim komentarima i beskompromisnoj borbi protiv nepravde, Rastoder donosi glas zajednice koja se \u010desto ne \u010duje, ali itekako postoji. Vi\u0161e od dvije decenije aktivan je u zajednici i medijima, gdje kroz analize, autorske kolumne i dru\u0161tveni anga\u017eman povezuje iskustvo \u017eivota u Americi sa realno\u0161\u0107u Balkana. Njegove pri\u010de otvaraju va\u017ene teme \u2014 od identiteta i politike, do kulture, dijaspore i dru\u0161tvenih transformacija. Prepoznat je kao glas dijaspore koji govori ono \u0161to mnogi misle, ali rijetko ko ka\u017ee.","sameAs":["http:\/\/radio-newyork.com"],"url":"https:\/\/radio-newyork.com\/?author=2"}]}},"_links":{"self":[{"href":"https:\/\/radio-newyork.com\/index.php?rest_route=\/wp\/v2\/posts\/3216","targetHints":{"allow":["GET"]}}],"collection":[{"href":"https:\/\/radio-newyork.com\/index.php?rest_route=\/wp\/v2\/posts"}],"about":[{"href":"https:\/\/radio-newyork.com\/index.php?rest_route=\/wp\/v2\/types\/post"}],"author":[{"embeddable":true,"href":"https:\/\/radio-newyork.com\/index.php?rest_route=\/wp\/v2\/users\/2"}],"replies":[{"embeddable":true,"href":"https:\/\/radio-newyork.com\/index.php?rest_route=%2Fwp%2Fv2%2Fcomments&post=3216"}],"version-history":[{"count":1,"href":"https:\/\/radio-newyork.com\/index.php?rest_route=\/wp\/v2\/posts\/3216\/revisions"}],"predecessor-version":[{"id":3219,"href":"https:\/\/radio-newyork.com\/index.php?rest_route=\/wp\/v2\/posts\/3216\/revisions\/3219"}],"wp:featuredmedia":[{"embeddable":true,"href":"https:\/\/radio-newyork.com\/index.php?rest_route=\/wp\/v2\/media\/3217"}],"wp:attachment":[{"href":"https:\/\/radio-newyork.com\/index.php?rest_route=%2Fwp%2Fv2%2Fmedia&parent=3216"}],"wp:term":[{"taxonomy":"category","embeddable":true,"href":"https:\/\/radio-newyork.com\/index.php?rest_route=%2Fwp%2Fv2%2Fcategories&post=3216"},{"taxonomy":"post_tag","embeddable":true,"href":"https:\/\/radio-newyork.com\/index.php?rest_route=%2Fwp%2Fv2%2Ftags&post=3216"}],"curies":[{"name":"wp","href":"https:\/\/api.w.org\/{rel}","templated":true}]}}