{"id":3145,"date":"2026-01-17T01:06:55","date_gmt":"2026-01-17T01:06:55","guid":{"rendered":"https:\/\/radio-newyork.com\/?p=3145"},"modified":"2026-01-17T01:06:56","modified_gmt":"2026-01-17T01:06:56","slug":"aida-sarkinovic-ekskluzivno-za-radio-new-york","status":"publish","type":"post","link":"https:\/\/radio-newyork.com\/?p=3145","title":{"rendered":"Aida \u0160arkinovi\u0107  EKSKLUZIVNO ZA RADIO NEW YORK"},"content":{"rendered":"\n<figure class=\"wp-block-image size-large\"><img loading=\"lazy\" decoding=\"async\" width=\"1024\" height=\"683\" src=\"https:\/\/radio-newyork.com\/wp-content\/uploads\/2026\/01\/CF0E9D38-35CB-42D1-8B2C-5C6DFE7ECC24-1024x683.png\" alt=\"\" class=\"wp-image-3146\" srcset=\"https:\/\/radio-newyork.com\/wp-content\/uploads\/2026\/01\/CF0E9D38-35CB-42D1-8B2C-5C6DFE7ECC24-1024x683.png 1024w, https:\/\/radio-newyork.com\/wp-content\/uploads\/2026\/01\/CF0E9D38-35CB-42D1-8B2C-5C6DFE7ECC24-300x200.png 300w, https:\/\/radio-newyork.com\/wp-content\/uploads\/2026\/01\/CF0E9D38-35CB-42D1-8B2C-5C6DFE7ECC24-768x512.png 768w, https:\/\/radio-newyork.com\/wp-content\/uploads\/2026\/01\/CF0E9D38-35CB-42D1-8B2C-5C6DFE7ECC24.png 1536w\" sizes=\"auto, (max-width: 1024px) 100vw, 1024px\" \/><\/figure>\n\n\n\n<h2 class=\"wp-block-heading\"><strong>Intervju sa Aidom \u0160arkinovi\u0107 o inicijativi preimenovanja 12th Street u Astoriji u Ali Pasha \u0160abanagi\u0107 Way<\/strong><\/h2>\n\n\n\n<hr class=\"wp-block-separator has-alpha-channel-opacity\"\/>\n\n\n\n<h3 class=\"wp-block-heading\"><strong>Radio New York:<\/strong><\/h3>\n\n\n\n<p>Gospo\u0111o \u0160arkinovi\u0107, u javnosti se dosta govori o ovoj inicijativi, ali \u010dini se da se malo zna o njenom nastanku. Odakle je sve po\u010delo?<\/p>\n\n\n\n<h3 class=\"wp-block-heading\"><strong>Aida \u0160arkinovi\u0107:<\/strong><\/h3>\n\n\n\n<p>Kao i sve \u0161to je vrijedno, po\u010delo je tiho \u2013 idejom. Ta ideja je potekla od mene, kao dio mog dugogodi\u0161njeg anga\u017emana u zajednici. Ovo nije projekat od ju\u010de. Ovo je rezultat vi\u0161e od 25 godina rada, povezivanja ljudi, ulaska u institucije, gra\u0111enja povjerenja i prisustva u javnom \u017eivotu dijaspore u New Yorku.<\/p>\n\n\n\n<hr class=\"wp-block-separator has-alpha-channel-opacity\"\/>\n\n\n\n<h3 class=\"wp-block-heading\"><strong>Radio New York:<\/strong><\/h3>\n\n\n\n<p>Za\u0161to ba\u0161 12th Street i za\u0161to ba\u0161 sada?<\/p>\n\n\n\n<h3 class=\"wp-block-heading\"><strong>Aida \u0160arkinovi\u0107:<\/strong><\/h3>\n\n\n\n<p>Jer je to ulica na\u0161e d\u017eamije \u2013 prve i centralne institucije okupljanja na\u0161e zajednice. Mnogi ljudi koji nisu iz Astorije ne znaju koliko je ta d\u017eamija bila va\u017ena. Ona je bila i ostala mjesto identiteta, susreta, dijaloga i dostojanstva. Tokom godina dolazili su zvani\u010dnici iz Crne Gore, Kosova, Srbije, Hrvatske i regiona. Dakle, to je mjesto na kojem se na\u0161 narod ve\u0107 decenijama \u201cvidi\u201d.<\/p>\n\n\n\n<hr class=\"wp-block-separator has-alpha-channel-opacity\"\/>\n\n\n\n<h3 class=\"wp-block-heading\"><strong>Radio New York:<\/strong><\/h3>\n\n\n\n<p>Kako je ideja pre\u0161la iz intimne misli u formalni proces pred gradom?<\/p>\n\n\n\n<h3 class=\"wp-block-heading\"><strong>Aida \u0160arkinovi\u0107:<\/strong><\/h3>\n\n\n\n<p>To je ono \u0161to javnost ne vidi, a \u0161to je najte\u017ee. Ja sam inicirala proces, napisala prva zvani\u010dna pisma i otvorila temu u zajednici. Nakon toga se uklju\u010dila Zara Kandi\u0107. Njena uloga je bila klju\u010dna u administrativnom dijelu \u2013 komunikacija sa Community Board-om, gradskim institucijama, logistika i ubrzanje procedure. Bez toga ni\u0161ta ne bi bilo mogu\u0107e. Ideja i institucija moraju na\u0107i put jedno drugom.<\/p>\n\n\n\n<hr class=\"wp-block-separator has-alpha-channel-opacity\"\/>\n\n\n\n<h3 class=\"wp-block-heading\"><strong>Radio New York:<\/strong><\/h3>\n\n\n\n<p>Da li je zajednica u\u010destvovala u ovom procesu?<\/p>\n\n\n\n<h3 class=\"wp-block-heading\"><strong>Aida \u0160arkinovi\u0107:<\/strong><\/h3>\n\n\n\n<p>Naravno. Peticije, potpisi, razgovori \u2013 sve je to bilo zajedni\u010dki. I to je va\u017eno naglasiti: ovo je inicijativa koja ima autora, ali rezultat pripada svima. U dijaspori se \u010desto govori da treba \u201cda smo zajedno\u201d, ali kad do\u0111e konkretan posao, vrlo je malo ljudi koji preuzmu odgovornost. Ovdje smo imali rijedak spoj \u2013 ideju, stru\u010dnost, volju i zajednicu.<\/p>\n\n\n\n<hr class=\"wp-block-separator has-alpha-channel-opacity\"\/>\n\n\n\n<h3 class=\"wp-block-heading\"><strong>Radio New York:<\/strong><\/h3>\n\n\n\n<p>U Va\u0161em saop\u0161tenju posebno su nagla\u0161ene \u017eene. Za\u0161to?<\/p>\n\n\n\n<h3 class=\"wp-block-heading\"><strong>Aida \u0160arkinovi\u0107:<\/strong><\/h3>\n\n\n\n<p>Zato \u0161to \u017eene u dijaspori \u010desto obavljaju tri posla: \u010duvaju porodicu, dr\u017ee zajednicu i jo\u0161 rade na terenu. U ovom slu\u010daju \u017eene su vodile inicijativu, vodile proces, i zavr\u0161ile posao. To je nova faza dijaspore i to treba re\u0107i jasno.<\/p>\n\n\n\n<hr class=\"wp-block-separator has-alpha-channel-opacity\"\/>\n\n\n\n<h3 class=\"wp-block-heading\"><strong>Radio New York:<\/strong><\/h3>\n\n\n\n<p>Kako je izabrano ime Ali-pa\u0161e \u0160abanagi\u0107a?<\/p>\n\n\n\n<h3 class=\"wp-block-heading\"><strong>Aida \u0160arkinovi\u0107:<\/strong><\/h3>\n\n\n\n<p>Mnogo pa\u017eljivo. Ali-pa\u0161a je historijska figura Plava i Gusinja u Crnoj Gori, simbol \u010dasti, otpora i dostojanstva. Njegovo ime nosi te\u017einu vremena i kontinuiteta. Ova ulica je most \u2013 od domovine, preko oti\u0161log naroda, do New Yorka.<\/p>\n\n\n\n<hr class=\"wp-block-separator has-alpha-channel-opacity\"\/>\n\n\n\n<h3 class=\"wp-block-heading\"><strong>Radio New York:<\/strong><\/h3>\n\n\n\n<p>Dozvolite jedno direktno pitanje:<br><strong>Da li ste svjesni historijskog doga\u0111aja koji ste pokrenuli i realizovali?<\/strong><\/p>\n\n\n\n<h3 class=\"wp-block-heading\"><strong>Aida \u0160arkinovi\u0107:<\/strong><\/h3>\n\n\n\n<p>Jesam, ali mislim da \u0107e prava svijest do\u0107i tek poslije. Nama u dijaspori nije lako da razumijemo da smo dio historije, jer mi stalno \u017eivimo izme\u0111u nostalgije i budu\u0107nosti. Ali \u010dinjenica da \u0107e u New Yorku postojati ulica sa imenom Ali-pa\u0161e \u0160abanagi\u0107a zna\u010di da se na\u0161 narod upisao u mapu grada. To je najve\u0107i test \u2013 jer narodi koji se upi\u0161u u gradove ostaju.<\/p>\n\n\n\n<hr class=\"wp-block-separator has-alpha-channel-opacity\"\/>\n\n\n\n<h3 class=\"wp-block-heading\"><strong>Radio New York:<\/strong><\/h3>\n\n\n\n<p>Kada \u0107e javnost mo\u0107i prisustvovati otkrivanju uli\u010dne table?<\/p>\n\n\n\n<h3 class=\"wp-block-heading\"><strong>Aida \u0160arkinovi\u0107:<\/strong><\/h3>\n\n\n\n<p>Sve\u010danost \u0107e biti odr\u017eana u subotu, 21. februara, uz iftar i uz prisustvo zajednice i, nadamo se, predstavnika grada i javnog \u017eivota.<\/p>\n\n\n\n<hr class=\"wp-block-separator has-alpha-channel-opacity\"\/>\n\n\n\n<h3 class=\"wp-block-heading\"><strong>Radio New York:<\/strong><\/h3>\n\n\n\n<p>Va\u0161a zavr\u0161na misao?<\/p>\n\n\n\n<h3 class=\"wp-block-heading\"><strong>Aida \u0160arkinovi\u0107:<\/strong><\/h3>\n\n\n\n<p>Da se zna istina. Ideja je potekla od mene, proces je bio zajedni\u010dki, rezultat pripada svima. Ali Pasha \u0160abanagi\u0107 Way nije samo naziv ulice \u2013 to je dokaz da zajednica koja zna ko je, zna i kako da ostane zapisana.<\/p>\n\n\n\n<hr class=\"wp-block-separator has-alpha-channel-opacity\"\/>\n\n\n\n<h3 class=\"wp-block-heading\"><strong>Radio New York \u2014 Glas dijaspore:<\/strong><\/h3>\n\n\n\n<p>Ekskluzivno razgovarali smo sa Aidom \u0160arkinovi\u0107, \u017eenom \u010dija je ideja postala institucionalni proces i historijski gest u srcu New Yorka.<\/p>\n","protected":false},"excerpt":{"rendered":"<p>Intervju sa Aidom \u0160arkinovi\u0107 o inicijativi preimenovanja 12th Street u Astoriji u Ali Pasha \u0160abanagi\u0107 Way Radio New York: Gospo\u0111o \u0160arkinovi\u0107, u javnosti se dosta govori o ovoj inicijativi, ali \u010dini se da se malo zna o njenom nastanku. Odakle je sve po\u010delo? Aida \u0160arkinovi\u0107: Kao i sve \u0161to je vrijedno, po\u010delo je tiho \u2013 [&hellip;]<\/p>\n","protected":false},"author":2,"featured_media":3146,"comment_status":"open","ping_status":"open","sticky":false,"template":"","format":"standard","meta":{"footnotes":""},"categories":[1],"tags":[],"class_list":["post-3145","post","type-post","status-publish","format-standard","has-post-thumbnail","hentry","category-uncategorized"],"acf":[],"yoast_head":"<!-- This site is optimized with the Yoast SEO plugin v26.2 - https:\/\/yoast.com\/wordpress\/plugins\/seo\/ -->\n<title>Aida \u0160arkinovi\u0107 EKSKLUZIVNO ZA RADIO NEW YORK - Radio New York<\/title>\n<meta name=\"robots\" content=\"index, follow, max-snippet:-1, max-image-preview:large, max-video-preview:-1\" \/>\n<link rel=\"canonical\" href=\"https:\/\/radio-newyork.com\/?p=3145\" \/>\n<meta property=\"og:locale\" content=\"en_US\" \/>\n<meta property=\"og:type\" content=\"article\" \/>\n<meta property=\"og:title\" content=\"Aida \u0160arkinovi\u0107 EKSKLUZIVNO ZA RADIO NEW YORK - Radio New York\" \/>\n<meta property=\"og:description\" content=\"Intervju sa Aidom \u0160arkinovi\u0107 o inicijativi preimenovanja 12th Street u Astoriji u Ali Pasha \u0160abanagi\u0107 Way Radio New York: Gospo\u0111o \u0160arkinovi\u0107, u javnosti se dosta govori o ovoj inicijativi, ali \u010dini se da se malo zna o njenom nastanku. Odakle je sve po\u010delo? Aida \u0160arkinovi\u0107: Kao i sve \u0161to je vrijedno, po\u010delo je tiho \u2013 [&hellip;]\" \/>\n<meta property=\"og:url\" content=\"https:\/\/radio-newyork.com\/?p=3145\" \/>\n<meta property=\"og:site_name\" content=\"Radio New York\" \/>\n<meta property=\"article:published_time\" content=\"2026-01-17T01:06:55+00:00\" \/>\n<meta property=\"article:modified_time\" content=\"2026-01-17T01:06:56+00:00\" \/>\n<meta property=\"og:image\" content=\"https:\/\/radio-newyork.com\/wp-content\/uploads\/2026\/01\/CF0E9D38-35CB-42D1-8B2C-5C6DFE7ECC24-1024x683.png\" \/>\n\t<meta property=\"og:image:width\" content=\"1024\" \/>\n\t<meta property=\"og:image:height\" content=\"683\" \/>\n\t<meta property=\"og:image:type\" content=\"image\/png\" \/>\n<meta name=\"author\" content=\"Ismet Rastoder\" \/>\n<meta name=\"twitter:card\" content=\"summary_large_image\" \/>\n<meta name=\"twitter:label1\" content=\"Written by\" \/>\n\t<meta name=\"twitter:data1\" content=\"Ismet Rastoder\" \/>\n\t<meta name=\"twitter:label2\" content=\"Est. reading time\" \/>\n\t<meta name=\"twitter:data2\" content=\"4 minutes\" \/>\n<script type=\"application\/ld+json\" class=\"yoast-schema-graph\">{\"@context\":\"https:\/\/schema.org\",\"@graph\":[{\"@type\":\"Article\",\"@id\":\"https:\/\/radio-newyork.com\/?p=3145#article\",\"isPartOf\":{\"@id\":\"https:\/\/radio-newyork.com\/?p=3145\"},\"author\":{\"name\":\"Ismet Rastoder\",\"@id\":\"https:\/\/radio-newyork.com\/#\/schema\/person\/e2f4dbf5b60fd9ac004d77b9e1b59559\"},\"headline\":\"Aida \u0160arkinovi\u0107 EKSKLUZIVNO ZA RADIO NEW YORK\",\"datePublished\":\"2026-01-17T01:06:55+00:00\",\"dateModified\":\"2026-01-17T01:06:56+00:00\",\"mainEntityOfPage\":{\"@id\":\"https:\/\/radio-newyork.com\/?p=3145\"},\"wordCount\":676,\"commentCount\":0,\"publisher\":{\"@id\":\"https:\/\/radio-newyork.com\/#organization\"},\"image\":{\"@id\":\"https:\/\/radio-newyork.com\/?p=3145#primaryimage\"},\"thumbnailUrl\":\"https:\/\/radio-newyork.com\/wp-content\/uploads\/2026\/01\/CF0E9D38-35CB-42D1-8B2C-5C6DFE7ECC24.png\",\"inLanguage\":\"en-US\",\"potentialAction\":[{\"@type\":\"CommentAction\",\"name\":\"Comment\",\"target\":[\"https:\/\/radio-newyork.com\/?p=3145#respond\"]}]},{\"@type\":\"WebPage\",\"@id\":\"https:\/\/radio-newyork.com\/?p=3145\",\"url\":\"https:\/\/radio-newyork.com\/?p=3145\",\"name\":\"Aida \u0160arkinovi\u0107 EKSKLUZIVNO ZA RADIO NEW YORK - Radio New York\",\"isPartOf\":{\"@id\":\"https:\/\/radio-newyork.com\/#website\"},\"primaryImageOfPage\":{\"@id\":\"https:\/\/radio-newyork.com\/?p=3145#primaryimage\"},\"image\":{\"@id\":\"https:\/\/radio-newyork.com\/?p=3145#primaryimage\"},\"thumbnailUrl\":\"https:\/\/radio-newyork.com\/wp-content\/uploads\/2026\/01\/CF0E9D38-35CB-42D1-8B2C-5C6DFE7ECC24.png\",\"datePublished\":\"2026-01-17T01:06:55+00:00\",\"dateModified\":\"2026-01-17T01:06:56+00:00\",\"breadcrumb\":{\"@id\":\"https:\/\/radio-newyork.com\/?p=3145#breadcrumb\"},\"inLanguage\":\"en-US\",\"potentialAction\":[{\"@type\":\"ReadAction\",\"target\":[\"https:\/\/radio-newyork.com\/?p=3145\"]}]},{\"@type\":\"ImageObject\",\"inLanguage\":\"en-US\",\"@id\":\"https:\/\/radio-newyork.com\/?p=3145#primaryimage\",\"url\":\"https:\/\/radio-newyork.com\/wp-content\/uploads\/2026\/01\/CF0E9D38-35CB-42D1-8B2C-5C6DFE7ECC24.png\",\"contentUrl\":\"https:\/\/radio-newyork.com\/wp-content\/uploads\/2026\/01\/CF0E9D38-35CB-42D1-8B2C-5C6DFE7ECC24.png\",\"width\":1536,\"height\":1024},{\"@type\":\"BreadcrumbList\",\"@id\":\"https:\/\/radio-newyork.com\/?p=3145#breadcrumb\",\"itemListElement\":[{\"@type\":\"ListItem\",\"position\":1,\"name\":\"Home\",\"item\":\"https:\/\/radio-newyork.com\/\"},{\"@type\":\"ListItem\",\"position\":2,\"name\":\"Aida \u0160arkinovi\u0107 EKSKLUZIVNO ZA RADIO NEW YORK\"}]},{\"@type\":\"WebSite\",\"@id\":\"https:\/\/radio-newyork.com\/#website\",\"url\":\"https:\/\/radio-newyork.com\/\",\"name\":\"Radio New York\",\"description\":\"Radio New York \u2014 Most Amerike i domovine\",\"publisher\":{\"@id\":\"https:\/\/radio-newyork.com\/#organization\"},\"potentialAction\":[{\"@type\":\"SearchAction\",\"target\":{\"@type\":\"EntryPoint\",\"urlTemplate\":\"https:\/\/radio-newyork.com\/?s={search_term_string}\"},\"query-input\":{\"@type\":\"PropertyValueSpecification\",\"valueRequired\":true,\"valueName\":\"search_term_string\"}}],\"inLanguage\":\"en-US\"},{\"@type\":\"Organization\",\"@id\":\"https:\/\/radio-newyork.com\/#organization\",\"name\":\"Radio New York\",\"url\":\"https:\/\/radio-newyork.com\/\",\"logo\":{\"@type\":\"ImageObject\",\"inLanguage\":\"en-US\",\"@id\":\"https:\/\/radio-newyork.com\/#\/schema\/logo\/image\/\",\"url\":\"https:\/\/radio-newyork.com\/wp-content\/uploads\/2021\/12\/262517255_4571047313011643_1786418142376364479_n.jpg\",\"contentUrl\":\"https:\/\/radio-newyork.com\/wp-content\/uploads\/2021\/12\/262517255_4571047313011643_1786418142376364479_n.jpg\",\"width\":212,\"height\":210,\"caption\":\"Radio New York\"},\"image\":{\"@id\":\"https:\/\/radio-newyork.com\/#\/schema\/logo\/image\/\"}},{\"@type\":\"Person\",\"@id\":\"https:\/\/radio-newyork.com\/#\/schema\/person\/e2f4dbf5b60fd9ac004d77b9e1b59559\",\"name\":\"Ismet Rastoder\",\"image\":{\"@type\":\"ImageObject\",\"inLanguage\":\"en-US\",\"@id\":\"https:\/\/radio-newyork.com\/#\/schema\/person\/image\/\",\"url\":\"https:\/\/secure.gravatar.com\/avatar\/800e8dd1eac3e728e825b7d5c16c80b067c4a0557a2ce54986c89f6008f454bb?s=96&d=mm&r=g\",\"contentUrl\":\"https:\/\/secure.gravatar.com\/avatar\/800e8dd1eac3e728e825b7d5c16c80b067c4a0557a2ce54986c89f6008f454bb?s=96&d=mm&r=g\",\"caption\":\"Ismet Rastoder\"},\"description\":\"Ismet Rastoder je urednik i osniva\u010d portala Radio New York \u2014 medijskog prostora posve\u0107enog dijaspori, dru\u0161tvenoj istini i stvarnim \u017eivotnim pitanjima Balkana i Amerike. Poznat po direktnom stilu, hrabrim komentarima i beskompromisnoj borbi protiv nepravde, Rastoder donosi glas zajednice koja se \u010desto ne \u010duje, ali itekako postoji. Vi\u0161e od dvije decenije aktivan je u zajednici i medijima, gdje kroz analize, autorske kolumne i dru\u0161tveni anga\u017eman povezuje iskustvo \u017eivota u Americi sa realno\u0161\u0107u Balkana. Njegove pri\u010de otvaraju va\u017ene teme \u2014 od identiteta i politike, do kulture, dijaspore i dru\u0161tvenih transformacija. Prepoznat je kao glas dijaspore koji govori ono \u0161to mnogi misle, ali rijetko ko ka\u017ee.\",\"sameAs\":[\"http:\/\/radio-newyork.com\"],\"url\":\"https:\/\/radio-newyork.com\/?author=2\"}]}<\/script>\n<!-- \/ Yoast SEO plugin. -->","yoast_head_json":{"title":"Aida \u0160arkinovi\u0107 EKSKLUZIVNO ZA RADIO NEW YORK - Radio New York","robots":{"index":"index","follow":"follow","max-snippet":"max-snippet:-1","max-image-preview":"max-image-preview:large","max-video-preview":"max-video-preview:-1"},"canonical":"https:\/\/radio-newyork.com\/?p=3145","og_locale":"en_US","og_type":"article","og_title":"Aida \u0160arkinovi\u0107 EKSKLUZIVNO ZA RADIO NEW YORK - Radio New York","og_description":"Intervju sa Aidom \u0160arkinovi\u0107 o inicijativi preimenovanja 12th Street u Astoriji u Ali Pasha \u0160abanagi\u0107 Way Radio New York: Gospo\u0111o \u0160arkinovi\u0107, u javnosti se dosta govori o ovoj inicijativi, ali \u010dini se da se malo zna o njenom nastanku. Odakle je sve po\u010delo? Aida \u0160arkinovi\u0107: Kao i sve \u0161to je vrijedno, po\u010delo je tiho \u2013 [&hellip;]","og_url":"https:\/\/radio-newyork.com\/?p=3145","og_site_name":"Radio New York","article_published_time":"2026-01-17T01:06:55+00:00","article_modified_time":"2026-01-17T01:06:56+00:00","og_image":[{"width":1024,"height":683,"url":"https:\/\/radio-newyork.com\/wp-content\/uploads\/2026\/01\/CF0E9D38-35CB-42D1-8B2C-5C6DFE7ECC24-1024x683.png","type":"image\/png"}],"author":"Ismet Rastoder","twitter_card":"summary_large_image","twitter_misc":{"Written by":"Ismet Rastoder","Est. reading time":"4 minutes"},"schema":{"@context":"https:\/\/schema.org","@graph":[{"@type":"Article","@id":"https:\/\/radio-newyork.com\/?p=3145#article","isPartOf":{"@id":"https:\/\/radio-newyork.com\/?p=3145"},"author":{"name":"Ismet Rastoder","@id":"https:\/\/radio-newyork.com\/#\/schema\/person\/e2f4dbf5b60fd9ac004d77b9e1b59559"},"headline":"Aida \u0160arkinovi\u0107 EKSKLUZIVNO ZA RADIO NEW YORK","datePublished":"2026-01-17T01:06:55+00:00","dateModified":"2026-01-17T01:06:56+00:00","mainEntityOfPage":{"@id":"https:\/\/radio-newyork.com\/?p=3145"},"wordCount":676,"commentCount":0,"publisher":{"@id":"https:\/\/radio-newyork.com\/#organization"},"image":{"@id":"https:\/\/radio-newyork.com\/?p=3145#primaryimage"},"thumbnailUrl":"https:\/\/radio-newyork.com\/wp-content\/uploads\/2026\/01\/CF0E9D38-35CB-42D1-8B2C-5C6DFE7ECC24.png","inLanguage":"en-US","potentialAction":[{"@type":"CommentAction","name":"Comment","target":["https:\/\/radio-newyork.com\/?p=3145#respond"]}]},{"@type":"WebPage","@id":"https:\/\/radio-newyork.com\/?p=3145","url":"https:\/\/radio-newyork.com\/?p=3145","name":"Aida \u0160arkinovi\u0107 EKSKLUZIVNO ZA RADIO NEW YORK - Radio New York","isPartOf":{"@id":"https:\/\/radio-newyork.com\/#website"},"primaryImageOfPage":{"@id":"https:\/\/radio-newyork.com\/?p=3145#primaryimage"},"image":{"@id":"https:\/\/radio-newyork.com\/?p=3145#primaryimage"},"thumbnailUrl":"https:\/\/radio-newyork.com\/wp-content\/uploads\/2026\/01\/CF0E9D38-35CB-42D1-8B2C-5C6DFE7ECC24.png","datePublished":"2026-01-17T01:06:55+00:00","dateModified":"2026-01-17T01:06:56+00:00","breadcrumb":{"@id":"https:\/\/radio-newyork.com\/?p=3145#breadcrumb"},"inLanguage":"en-US","potentialAction":[{"@type":"ReadAction","target":["https:\/\/radio-newyork.com\/?p=3145"]}]},{"@type":"ImageObject","inLanguage":"en-US","@id":"https:\/\/radio-newyork.com\/?p=3145#primaryimage","url":"https:\/\/radio-newyork.com\/wp-content\/uploads\/2026\/01\/CF0E9D38-35CB-42D1-8B2C-5C6DFE7ECC24.png","contentUrl":"https:\/\/radio-newyork.com\/wp-content\/uploads\/2026\/01\/CF0E9D38-35CB-42D1-8B2C-5C6DFE7ECC24.png","width":1536,"height":1024},{"@type":"BreadcrumbList","@id":"https:\/\/radio-newyork.com\/?p=3145#breadcrumb","itemListElement":[{"@type":"ListItem","position":1,"name":"Home","item":"https:\/\/radio-newyork.com\/"},{"@type":"ListItem","position":2,"name":"Aida \u0160arkinovi\u0107 EKSKLUZIVNO ZA RADIO NEW YORK"}]},{"@type":"WebSite","@id":"https:\/\/radio-newyork.com\/#website","url":"https:\/\/radio-newyork.com\/","name":"Radio New York","description":"Radio New York \u2014 Most Amerike i domovine","publisher":{"@id":"https:\/\/radio-newyork.com\/#organization"},"potentialAction":[{"@type":"SearchAction","target":{"@type":"EntryPoint","urlTemplate":"https:\/\/radio-newyork.com\/?s={search_term_string}"},"query-input":{"@type":"PropertyValueSpecification","valueRequired":true,"valueName":"search_term_string"}}],"inLanguage":"en-US"},{"@type":"Organization","@id":"https:\/\/radio-newyork.com\/#organization","name":"Radio New York","url":"https:\/\/radio-newyork.com\/","logo":{"@type":"ImageObject","inLanguage":"en-US","@id":"https:\/\/radio-newyork.com\/#\/schema\/logo\/image\/","url":"https:\/\/radio-newyork.com\/wp-content\/uploads\/2021\/12\/262517255_4571047313011643_1786418142376364479_n.jpg","contentUrl":"https:\/\/radio-newyork.com\/wp-content\/uploads\/2021\/12\/262517255_4571047313011643_1786418142376364479_n.jpg","width":212,"height":210,"caption":"Radio New York"},"image":{"@id":"https:\/\/radio-newyork.com\/#\/schema\/logo\/image\/"}},{"@type":"Person","@id":"https:\/\/radio-newyork.com\/#\/schema\/person\/e2f4dbf5b60fd9ac004d77b9e1b59559","name":"Ismet Rastoder","image":{"@type":"ImageObject","inLanguage":"en-US","@id":"https:\/\/radio-newyork.com\/#\/schema\/person\/image\/","url":"https:\/\/secure.gravatar.com\/avatar\/800e8dd1eac3e728e825b7d5c16c80b067c4a0557a2ce54986c89f6008f454bb?s=96&d=mm&r=g","contentUrl":"https:\/\/secure.gravatar.com\/avatar\/800e8dd1eac3e728e825b7d5c16c80b067c4a0557a2ce54986c89f6008f454bb?s=96&d=mm&r=g","caption":"Ismet Rastoder"},"description":"Ismet Rastoder je urednik i osniva\u010d portala Radio New York \u2014 medijskog prostora posve\u0107enog dijaspori, dru\u0161tvenoj istini i stvarnim \u017eivotnim pitanjima Balkana i Amerike. Poznat po direktnom stilu, hrabrim komentarima i beskompromisnoj borbi protiv nepravde, Rastoder donosi glas zajednice koja se \u010desto ne \u010duje, ali itekako postoji. Vi\u0161e od dvije decenije aktivan je u zajednici i medijima, gdje kroz analize, autorske kolumne i dru\u0161tveni anga\u017eman povezuje iskustvo \u017eivota u Americi sa realno\u0161\u0107u Balkana. Njegove pri\u010de otvaraju va\u017ene teme \u2014 od identiteta i politike, do kulture, dijaspore i dru\u0161tvenih transformacija. Prepoznat je kao glas dijaspore koji govori ono \u0161to mnogi misle, ali rijetko ko ka\u017ee.","sameAs":["http:\/\/radio-newyork.com"],"url":"https:\/\/radio-newyork.com\/?author=2"}]}},"_links":{"self":[{"href":"https:\/\/radio-newyork.com\/index.php?rest_route=\/wp\/v2\/posts\/3145","targetHints":{"allow":["GET"]}}],"collection":[{"href":"https:\/\/radio-newyork.com\/index.php?rest_route=\/wp\/v2\/posts"}],"about":[{"href":"https:\/\/radio-newyork.com\/index.php?rest_route=\/wp\/v2\/types\/post"}],"author":[{"embeddable":true,"href":"https:\/\/radio-newyork.com\/index.php?rest_route=\/wp\/v2\/users\/2"}],"replies":[{"embeddable":true,"href":"https:\/\/radio-newyork.com\/index.php?rest_route=%2Fwp%2Fv2%2Fcomments&post=3145"}],"version-history":[{"count":1,"href":"https:\/\/radio-newyork.com\/index.php?rest_route=\/wp\/v2\/posts\/3145\/revisions"}],"predecessor-version":[{"id":3147,"href":"https:\/\/radio-newyork.com\/index.php?rest_route=\/wp\/v2\/posts\/3145\/revisions\/3147"}],"wp:featuredmedia":[{"embeddable":true,"href":"https:\/\/radio-newyork.com\/index.php?rest_route=\/wp\/v2\/media\/3146"}],"wp:attachment":[{"href":"https:\/\/radio-newyork.com\/index.php?rest_route=%2Fwp%2Fv2%2Fmedia&parent=3145"}],"wp:term":[{"taxonomy":"category","embeddable":true,"href":"https:\/\/radio-newyork.com\/index.php?rest_route=%2Fwp%2Fv2%2Fcategories&post=3145"},{"taxonomy":"post_tag","embeddable":true,"href":"https:\/\/radio-newyork.com\/index.php?rest_route=%2Fwp%2Fv2%2Ftags&post=3145"}],"curies":[{"name":"wp","href":"https:\/\/api.w.org\/{rel}","templated":true}]}}