{"id":3138,"date":"2026-01-16T22:23:41","date_gmt":"2026-01-16T22:23:41","guid":{"rendered":"https:\/\/radio-newyork.com\/?p=3138"},"modified":"2026-01-16T22:23:41","modified_gmt":"2026-01-16T22:23:41","slug":"historija-se-pise-u-astoriji","status":"publish","type":"post","link":"https:\/\/radio-newyork.com\/?p=3138","title":{"rendered":"HISTORIJA SE PI\u0160E U ASTORIJI"},"content":{"rendered":"\n<p><strong>ALI PASHA \u0160ABANAGI\u0106 WAY \u2014 OD PLAVA DO NEW YORKA<\/strong><\/p>\n\n\n\n<h1 class=\"wp-block-heading\"><\/h1>\n\n\n\n<figure class=\"wp-block-image size-full\"><img loading=\"lazy\" decoding=\"async\" width=\"578\" height=\"788\" src=\"https:\/\/radio-newyork.com\/wp-content\/uploads\/2026\/01\/Screenshot-2026-01-16-at-5.22.38-PM.png\" alt=\"\" class=\"wp-image-3142\" srcset=\"https:\/\/radio-newyork.com\/wp-content\/uploads\/2026\/01\/Screenshot-2026-01-16-at-5.22.38-PM.png 578w, https:\/\/radio-newyork.com\/wp-content\/uploads\/2026\/01\/Screenshot-2026-01-16-at-5.22.38-PM-220x300.png 220w\" sizes=\"auto, (max-width: 578px) 100vw, 578px\" \/><\/figure>\n\n\n\n<p><strong>ALI PASHA \u0160ABANAGI\u0106 WAY \u2014 OD PLAVA DO NEW YORKA<\/strong><\/p>\n\n\n\n<p>Historija se ne pi\u0161e samo u knjigama. Niti samo u dr\u017eavnim institucijama. Ponekad se historija pi\u0161e na ulicama najve\u0107ih svjetskih gradova. Ovih dana, u New Yorku, u Astoriji \u2013 ispisuje se nova stranica bo\u0161nja\u010dke historije.<\/p>\n\n\n\n<p><strong>12th Street u Astoriji nosi\u0107e ime:<\/strong><br><strong>ALI PASHA \u0160ABANAGI\u0106 WAY<\/strong><\/p>\n\n\n\n<p>To ime nije slu\u010dajno. To ime je zavjet. To ime je poruka.<\/p>\n\n\n\n<p>Jer Ali-pa\u0161a \u0160abanagi\u0107 nije bio samo vojnik, strateg i lider, ve\u0107 i simbol otpora, \u010dasti i dostojanstva. Simbol Plava i Gusinja u Crnoj Gori. Simbol naroda koji je znao da brani svoje i da stoji uspravno.<\/p>\n\n\n\n<hr class=\"wp-block-separator has-alpha-channel-opacity\"\/>\n\n\n\n<h1 class=\"wp-block-heading\"><strong>KO JE BIO ALI-PA\u0160A \u0160ABANAGI\u0106<\/strong> <em>(mini biografija)<\/em><\/h1>\n\n\n\n<p>Ali-pa\u0161a \u0160abanagi\u0107 (1836\u20131888) bio je jedan od najistaknutijih vojnih vo\u0111a i plemenskih prvaka Plava i Gusinja u drugoj polovini 19. vijeka. Istakao se u periodu kada se sudbina naroda nije rje\u0161avala u parlamentima, ve\u0107 na bojnom polju i u \u010dasti rije\u010di.<\/p>\n\n\n\n<p>Njegovo ime naj\u010de\u0161\u0107e se vezuje za istorijske doga\u0111aje oko Plavsko-gusinjske oblasti u vrijeme Berlinskog kongresa (1878) i poku\u0161aja da se ova teritorija preda Crnoj Gori. Ali-pa\u0161a je sa svojim ljudima stao u odbranu kraja, vjere i identiteta, \u010dime je ostavio dubok trag u kolektivnom pam\u0107enju naroda.<\/p>\n\n\n\n<p>Zbog toga njegovo ime nije samo ime jednog \u010dovjeka, ve\u0107 simbol jedne epohe, jedne borbe i jedne moralne vertikale.<\/p>\n\n\n\n<p>Danas, vijek i po kasnije, taj simbol prelazi okean.<\/p>\n\n\n\n<hr class=\"wp-block-separator has-alpha-channel-opacity\"\/>\n\n\n\n<h1 class=\"wp-block-heading\"><strong>DIJASPORA KAO NOVI NOSILAC HISTORIJE<\/strong><\/h1>\n\n\n\n<p>Amerika je zemlja demokracije onda kada narod zna ko je, \u0161ta je i kada ne pristaje da bude zaboravljen. U Astoriji bo\u0161nja\u010dko ime stoji uspravno i ponosno \u2013 u kamenu, u tabli, u gradu koji identitete ne bri\u0161e nego ucrtava.<\/p>\n\n\n\n<p>Ovo je dokaz da dijaspora vi\u0161e nije samo nostalgija. Ona je institucija, subjekt i politi\u010dka sila. Ona gradi \u0161kole, organizacije, fondacije, d\u017eamije, kulturne centre i me\u0111unarodne veze.<\/p>\n\n\n\n<p>Ovo je poruka da Bo\u0161njak, gdje god da \u017eivi, nije bezimen i nije nevidljiv.<\/p>\n\n\n\n<hr class=\"wp-block-separator has-alpha-channel-opacity\"\/>\n\n\n\n<h1 class=\"wp-block-heading\"><strong>ZA\u0160TO ASTORIA? \u2014 KONTEKST ZAJEDNICE U NEW YORKU<\/strong><\/h1>\n\n\n\n<p>Astoria i \u0161iri Queens postali su tokom posljednjih decenija jedno od najzna\u010dajnijih mjesta okupljanja bo\u0161nja\u010dke, sand\u017ea\u010dke  zajednice u dijaspori. Ovdje su pristizale porodice iz Plava i Gusinja, Ro\u017eaja, Bijelog Polja, Berana, Bara, Ulcinja,Petnjice,Novog Pazara, Tutina i drugih mjesta regiona \u2013 nose\u0107i svoje obi\u010daje, jezik, vjeru i identitet.<\/p>\n\n\n\n<p>Kroz vrijeme, zajednica je po\u010dela da raste i da se institucionalno oblikuje:<\/p>\n\n\n\n<p>\u2013 d\u017eamije i mesd\u017eidi<br>\u2013 sportska i kulturna dru\u0161tva<br>\u2013 humanitarne organizacije<br>\u2013 \u0161kolski programi za djecu<br>\u2013 jezi\u010dke radionice<br>\u2013 medijski i digitalni sadr\u017eaji<br>\u2013 i naravno \u2013 me\u0111usobna solidarnost<\/p>\n\n\n\n<p>Astoria je postala jedna vrsta <strong>male avlije naroda preko Atlantika<\/strong>, mjesto gdje je nostalgija postala infrastruktura, a identitet postao projekat budu\u0107nosti.<\/p>\n\n\n\n<p>Zato nije slu\u010dajno \u0161to upravo Astoria prva pi\u0161e ovakvu historiju.<\/p>\n\n\n\n<hr class=\"wp-block-separator has-alpha-channel-opacity\"\/>\n\n\n\n<h1 class=\"wp-block-heading\"><strong>AMERIKA KAO PROSTOR PRIZNANJA<\/strong><\/h1>\n\n\n\n<p>Za narod koji je navikao da ga preglasavaju i da ga prepravljaju u tu\u0111im historijama, priznanje u New Yorku nije mala stvar. Jer u ovom gradu se pi\u0161u historije naroda. U ovom gradu se imena i identiteti upisuju u javni prostor \u2013 i time postaju trajni.<\/p>\n\n\n\n<p>Izgradnja <strong>nove \u0161kole<\/strong> u Astoriji i proces preimenovanja ulice jo\u0161 su jedan dokaz da znanje i identitet ne mogu biti pora\u017eeni.<\/p>\n\n\n\n<p>Posebno mjesto u ovoj inicijativi pripada \u017eenama zajednice \u2013 Zari Kandi\u0107 i Aidi \u0160arkinovi\u0107 \u2013 koje su pokazale da naj\u010dvr\u0161\u0107e temelje identiteta ne grade ni dr\u017eave ni armije, nego majke, sestre, supruge, u\u010diteljice i aktivistkinje.<\/p>\n\n\n\n<hr class=\"wp-block-separator has-alpha-channel-opacity\"\/>\n\n\n\n<h1 class=\"wp-block-heading\"><strong>Ulica kao simbol<\/strong><\/h1>\n\n\n\n<p>Ova ulica nije samo tabla.<br>Ona je zavjet.<br>Ona je most.<br>Ona je podsjetnik djeci koja \u0107e odrastati ovdje \u2013 da znaju ko su i odakle dolaze.<\/p>\n\n\n\n<p>Ona je dokaz da narod koji se upi\u0161e u mapu New Yorka \u2013 ostaje.<\/p>\n\n\n\n<hr class=\"wp-block-separator has-alpha-channel-opacity\"\/>\n\n\n\n<h1 class=\"wp-block-heading\"><strong>Tek po\u010detak<\/strong><\/h1>\n\n\n\n<p>Ali ve\u0107 sada je jasno da je ovim gestom dijaspora u New Yorku u\u0161la u novu fazu: iz emocije u instituciju, iz sje\u0107anja u historiju.<\/p>\n\n\n\n<p><strong>ALI PASHA \u0160ABANAGI\u0106 WAY<\/strong><br>Ime koje se ne bri\u0161e.<br>Historija koja se ne zaboravlja.<\/p>\n\n\n\n<p>S po\u0161tovanjem,<br><strong>Ismet Rastoder \u2013 Radio New York<\/strong><\/p>\n\n\n\n<figure class=\"wp-block-image size-large\"><img loading=\"lazy\" decoding=\"async\" width=\"747\" height=\"1024\" src=\"https:\/\/radio-newyork.com\/wp-content\/uploads\/2026\/01\/IMG_5456-747x1024.jpg\" alt=\"\" class=\"wp-image-3140\" srcset=\"https:\/\/radio-newyork.com\/wp-content\/uploads\/2026\/01\/IMG_5456-747x1024.jpg 747w, https:\/\/radio-newyork.com\/wp-content\/uploads\/2026\/01\/IMG_5456-219x300.jpg 219w, https:\/\/radio-newyork.com\/wp-content\/uploads\/2026\/01\/IMG_5456-768x1053.jpg 768w, https:\/\/radio-newyork.com\/wp-content\/uploads\/2026\/01\/IMG_5456-1121x1536.jpg 1121w, https:\/\/radio-newyork.com\/wp-content\/uploads\/2026\/01\/IMG_5456.jpg 1290w\" sizes=\"auto, (max-width: 747px) 100vw, 747px\" \/><\/figure>\n\n\n\n<figure class=\"wp-block-image size-large\"><img loading=\"lazy\" decoding=\"async\" width=\"1024\" height=\"1022\" src=\"https:\/\/radio-newyork.com\/wp-content\/uploads\/2026\/01\/IMG_5457-1024x1022.jpg\" alt=\"\" class=\"wp-image-3139\" srcset=\"https:\/\/radio-newyork.com\/wp-content\/uploads\/2026\/01\/IMG_5457-1024x1022.jpg 1024w, https:\/\/radio-newyork.com\/wp-content\/uploads\/2026\/01\/IMG_5457-300x300.jpg 300w, https:\/\/radio-newyork.com\/wp-content\/uploads\/2026\/01\/IMG_5457-150x150.jpg 150w, https:\/\/radio-newyork.com\/wp-content\/uploads\/2026\/01\/IMG_5457-768x766.jpg 768w, https:\/\/radio-newyork.com\/wp-content\/uploads\/2026\/01\/IMG_5457-500x500.jpg 500w, https:\/\/radio-newyork.com\/wp-content\/uploads\/2026\/01\/IMG_5457.jpg 1289w\" sizes=\"auto, (max-width: 1024px) 100vw, 1024px\" \/><\/figure>\n\n\n\n<figure class=\"wp-block-image size-large\"><img loading=\"lazy\" decoding=\"async\" width=\"702\" height=\"1024\" src=\"https:\/\/radio-newyork.com\/wp-content\/uploads\/2026\/01\/IMG_5454-702x1024.jpg\" alt=\"\" class=\"wp-image-3141\" srcset=\"https:\/\/radio-newyork.com\/wp-content\/uploads\/2026\/01\/IMG_5454-702x1024.jpg 702w, https:\/\/radio-newyork.com\/wp-content\/uploads\/2026\/01\/IMG_5454-206x300.jpg 206w, https:\/\/radio-newyork.com\/wp-content\/uploads\/2026\/01\/IMG_5454-768x1121.jpg 768w, https:\/\/radio-newyork.com\/wp-content\/uploads\/2026\/01\/IMG_5454-1052x1536.jpg 1052w, https:\/\/radio-newyork.com\/wp-content\/uploads\/2026\/01\/IMG_5454.jpg 1290w\" sizes=\"auto, (max-width: 702px) 100vw, 702px\" \/><\/figure>\n\n\n\n<p><\/p>\n","protected":false},"excerpt":{"rendered":"<p>ALI PASHA \u0160ABANAGI\u0106 WAY \u2014 OD PLAVA DO NEW YORKA ALI PASHA \u0160ABANAGI\u0106 WAY \u2014 OD PLAVA DO NEW YORKA Historija se ne pi\u0161e samo u knjigama. Niti samo u dr\u017eavnim institucijama. Ponekad se historija pi\u0161e na ulicama najve\u0107ih svjetskih gradova. Ovih dana, u New Yorku, u Astoriji \u2013 ispisuje se nova stranica bo\u0161nja\u010dke historije. [&hellip;]<\/p>\n","protected":false},"author":2,"featured_media":3142,"comment_status":"open","ping_status":"open","sticky":false,"template":"","format":"standard","meta":{"footnotes":""},"categories":[1],"tags":[],"class_list":["post-3138","post","type-post","status-publish","format-standard","has-post-thumbnail","hentry","category-uncategorized"],"acf":[],"yoast_head":"<!-- This site is optimized with the Yoast SEO plugin v26.2 - https:\/\/yoast.com\/wordpress\/plugins\/seo\/ -->\n<title>HISTORIJA SE PI\u0160E U ASTORIJI - Radio New York<\/title>\n<meta name=\"robots\" content=\"index, follow, max-snippet:-1, max-image-preview:large, max-video-preview:-1\" \/>\n<link rel=\"canonical\" href=\"https:\/\/radio-newyork.com\/?p=3138\" \/>\n<meta property=\"og:locale\" content=\"en_US\" \/>\n<meta property=\"og:type\" content=\"article\" \/>\n<meta property=\"og:title\" content=\"HISTORIJA SE PI\u0160E U ASTORIJI - Radio New York\" \/>\n<meta property=\"og:description\" content=\"ALI PASHA \u0160ABANAGI\u0106 WAY \u2014 OD PLAVA DO NEW YORKA ALI PASHA \u0160ABANAGI\u0106 WAY \u2014 OD PLAVA DO NEW YORKA Historija se ne pi\u0161e samo u knjigama. Niti samo u dr\u017eavnim institucijama. Ponekad se historija pi\u0161e na ulicama najve\u0107ih svjetskih gradova. Ovih dana, u New Yorku, u Astoriji \u2013 ispisuje se nova stranica bo\u0161nja\u010dke historije. [&hellip;]\" \/>\n<meta property=\"og:url\" content=\"https:\/\/radio-newyork.com\/?p=3138\" \/>\n<meta property=\"og:site_name\" content=\"Radio New York\" \/>\n<meta property=\"article:published_time\" content=\"2026-01-16T22:23:41+00:00\" \/>\n<meta property=\"og:image\" content=\"https:\/\/radio-newyork.com\/wp-content\/uploads\/2026\/01\/Screenshot-2026-01-16-at-5.22.38-PM.png\" \/>\n\t<meta property=\"og:image:width\" content=\"578\" \/>\n\t<meta property=\"og:image:height\" content=\"788\" \/>\n\t<meta property=\"og:image:type\" content=\"image\/png\" \/>\n<meta name=\"author\" content=\"Ismet Rastoder\" \/>\n<meta name=\"twitter:card\" content=\"summary_large_image\" \/>\n<meta name=\"twitter:label1\" content=\"Written by\" \/>\n\t<meta name=\"twitter:data1\" content=\"Ismet Rastoder\" \/>\n\t<meta name=\"twitter:label2\" content=\"Est. reading time\" \/>\n\t<meta name=\"twitter:data2\" content=\"4 minutes\" \/>\n<script type=\"application\/ld+json\" class=\"yoast-schema-graph\">{\"@context\":\"https:\/\/schema.org\",\"@graph\":[{\"@type\":\"Article\",\"@id\":\"https:\/\/radio-newyork.com\/?p=3138#article\",\"isPartOf\":{\"@id\":\"https:\/\/radio-newyork.com\/?p=3138\"},\"author\":{\"name\":\"Ismet Rastoder\",\"@id\":\"https:\/\/radio-newyork.com\/#\/schema\/person\/e2f4dbf5b60fd9ac004d77b9e1b59559\"},\"headline\":\"HISTORIJA SE PI\u0160E U ASTORIJI\",\"datePublished\":\"2026-01-16T22:23:41+00:00\",\"mainEntityOfPage\":{\"@id\":\"https:\/\/radio-newyork.com\/?p=3138\"},\"wordCount\":694,\"commentCount\":0,\"publisher\":{\"@id\":\"https:\/\/radio-newyork.com\/#organization\"},\"image\":{\"@id\":\"https:\/\/radio-newyork.com\/?p=3138#primaryimage\"},\"thumbnailUrl\":\"https:\/\/radio-newyork.com\/wp-content\/uploads\/2026\/01\/Screenshot-2026-01-16-at-5.22.38-PM.png\",\"inLanguage\":\"en-US\",\"potentialAction\":[{\"@type\":\"CommentAction\",\"name\":\"Comment\",\"target\":[\"https:\/\/radio-newyork.com\/?p=3138#respond\"]}]},{\"@type\":\"WebPage\",\"@id\":\"https:\/\/radio-newyork.com\/?p=3138\",\"url\":\"https:\/\/radio-newyork.com\/?p=3138\",\"name\":\"HISTORIJA SE PI\u0160E U ASTORIJI - Radio New York\",\"isPartOf\":{\"@id\":\"https:\/\/radio-newyork.com\/#website\"},\"primaryImageOfPage\":{\"@id\":\"https:\/\/radio-newyork.com\/?p=3138#primaryimage\"},\"image\":{\"@id\":\"https:\/\/radio-newyork.com\/?p=3138#primaryimage\"},\"thumbnailUrl\":\"https:\/\/radio-newyork.com\/wp-content\/uploads\/2026\/01\/Screenshot-2026-01-16-at-5.22.38-PM.png\",\"datePublished\":\"2026-01-16T22:23:41+00:00\",\"breadcrumb\":{\"@id\":\"https:\/\/radio-newyork.com\/?p=3138#breadcrumb\"},\"inLanguage\":\"en-US\",\"potentialAction\":[{\"@type\":\"ReadAction\",\"target\":[\"https:\/\/radio-newyork.com\/?p=3138\"]}]},{\"@type\":\"ImageObject\",\"inLanguage\":\"en-US\",\"@id\":\"https:\/\/radio-newyork.com\/?p=3138#primaryimage\",\"url\":\"https:\/\/radio-newyork.com\/wp-content\/uploads\/2026\/01\/Screenshot-2026-01-16-at-5.22.38-PM.png\",\"contentUrl\":\"https:\/\/radio-newyork.com\/wp-content\/uploads\/2026\/01\/Screenshot-2026-01-16-at-5.22.38-PM.png\",\"width\":578,\"height\":788},{\"@type\":\"BreadcrumbList\",\"@id\":\"https:\/\/radio-newyork.com\/?p=3138#breadcrumb\",\"itemListElement\":[{\"@type\":\"ListItem\",\"position\":1,\"name\":\"Home\",\"item\":\"https:\/\/radio-newyork.com\/\"},{\"@type\":\"ListItem\",\"position\":2,\"name\":\"HISTORIJA SE PI\u0160E U ASTORIJI\"}]},{\"@type\":\"WebSite\",\"@id\":\"https:\/\/radio-newyork.com\/#website\",\"url\":\"https:\/\/radio-newyork.com\/\",\"name\":\"Radio New York\",\"description\":\"Radio New York \u2014 Most Amerike i domovine\",\"publisher\":{\"@id\":\"https:\/\/radio-newyork.com\/#organization\"},\"potentialAction\":[{\"@type\":\"SearchAction\",\"target\":{\"@type\":\"EntryPoint\",\"urlTemplate\":\"https:\/\/radio-newyork.com\/?s={search_term_string}\"},\"query-input\":{\"@type\":\"PropertyValueSpecification\",\"valueRequired\":true,\"valueName\":\"search_term_string\"}}],\"inLanguage\":\"en-US\"},{\"@type\":\"Organization\",\"@id\":\"https:\/\/radio-newyork.com\/#organization\",\"name\":\"Radio New York\",\"url\":\"https:\/\/radio-newyork.com\/\",\"logo\":{\"@type\":\"ImageObject\",\"inLanguage\":\"en-US\",\"@id\":\"https:\/\/radio-newyork.com\/#\/schema\/logo\/image\/\",\"url\":\"https:\/\/radio-newyork.com\/wp-content\/uploads\/2021\/12\/262517255_4571047313011643_1786418142376364479_n.jpg\",\"contentUrl\":\"https:\/\/radio-newyork.com\/wp-content\/uploads\/2021\/12\/262517255_4571047313011643_1786418142376364479_n.jpg\",\"width\":212,\"height\":210,\"caption\":\"Radio New York\"},\"image\":{\"@id\":\"https:\/\/radio-newyork.com\/#\/schema\/logo\/image\/\"}},{\"@type\":\"Person\",\"@id\":\"https:\/\/radio-newyork.com\/#\/schema\/person\/e2f4dbf5b60fd9ac004d77b9e1b59559\",\"name\":\"Ismet Rastoder\",\"image\":{\"@type\":\"ImageObject\",\"inLanguage\":\"en-US\",\"@id\":\"https:\/\/radio-newyork.com\/#\/schema\/person\/image\/\",\"url\":\"https:\/\/secure.gravatar.com\/avatar\/800e8dd1eac3e728e825b7d5c16c80b067c4a0557a2ce54986c89f6008f454bb?s=96&d=mm&r=g\",\"contentUrl\":\"https:\/\/secure.gravatar.com\/avatar\/800e8dd1eac3e728e825b7d5c16c80b067c4a0557a2ce54986c89f6008f454bb?s=96&d=mm&r=g\",\"caption\":\"Ismet Rastoder\"},\"description\":\"Ismet Rastoder je urednik i osniva\u010d portala Radio New York \u2014 medijskog prostora posve\u0107enog dijaspori, dru\u0161tvenoj istini i stvarnim \u017eivotnim pitanjima Balkana i Amerike. Poznat po direktnom stilu, hrabrim komentarima i beskompromisnoj borbi protiv nepravde, Rastoder donosi glas zajednice koja se \u010desto ne \u010duje, ali itekako postoji. Vi\u0161e od dvije decenije aktivan je u zajednici i medijima, gdje kroz analize, autorske kolumne i dru\u0161tveni anga\u017eman povezuje iskustvo \u017eivota u Americi sa realno\u0161\u0107u Balkana. Njegove pri\u010de otvaraju va\u017ene teme \u2014 od identiteta i politike, do kulture, dijaspore i dru\u0161tvenih transformacija. Prepoznat je kao glas dijaspore koji govori ono \u0161to mnogi misle, ali rijetko ko ka\u017ee.\",\"sameAs\":[\"http:\/\/radio-newyork.com\"],\"url\":\"https:\/\/radio-newyork.com\/?author=2\"}]}<\/script>\n<!-- \/ Yoast SEO plugin. -->","yoast_head_json":{"title":"HISTORIJA SE PI\u0160E U ASTORIJI - Radio New York","robots":{"index":"index","follow":"follow","max-snippet":"max-snippet:-1","max-image-preview":"max-image-preview:large","max-video-preview":"max-video-preview:-1"},"canonical":"https:\/\/radio-newyork.com\/?p=3138","og_locale":"en_US","og_type":"article","og_title":"HISTORIJA SE PI\u0160E U ASTORIJI - Radio New York","og_description":"ALI PASHA \u0160ABANAGI\u0106 WAY \u2014 OD PLAVA DO NEW YORKA ALI PASHA \u0160ABANAGI\u0106 WAY \u2014 OD PLAVA DO NEW YORKA Historija se ne pi\u0161e samo u knjigama. Niti samo u dr\u017eavnim institucijama. Ponekad se historija pi\u0161e na ulicama najve\u0107ih svjetskih gradova. Ovih dana, u New Yorku, u Astoriji \u2013 ispisuje se nova stranica bo\u0161nja\u010dke historije. [&hellip;]","og_url":"https:\/\/radio-newyork.com\/?p=3138","og_site_name":"Radio New York","article_published_time":"2026-01-16T22:23:41+00:00","og_image":[{"width":578,"height":788,"url":"https:\/\/radio-newyork.com\/wp-content\/uploads\/2026\/01\/Screenshot-2026-01-16-at-5.22.38-PM.png","type":"image\/png"}],"author":"Ismet Rastoder","twitter_card":"summary_large_image","twitter_misc":{"Written by":"Ismet Rastoder","Est. reading time":"4 minutes"},"schema":{"@context":"https:\/\/schema.org","@graph":[{"@type":"Article","@id":"https:\/\/radio-newyork.com\/?p=3138#article","isPartOf":{"@id":"https:\/\/radio-newyork.com\/?p=3138"},"author":{"name":"Ismet Rastoder","@id":"https:\/\/radio-newyork.com\/#\/schema\/person\/e2f4dbf5b60fd9ac004d77b9e1b59559"},"headline":"HISTORIJA SE PI\u0160E U ASTORIJI","datePublished":"2026-01-16T22:23:41+00:00","mainEntityOfPage":{"@id":"https:\/\/radio-newyork.com\/?p=3138"},"wordCount":694,"commentCount":0,"publisher":{"@id":"https:\/\/radio-newyork.com\/#organization"},"image":{"@id":"https:\/\/radio-newyork.com\/?p=3138#primaryimage"},"thumbnailUrl":"https:\/\/radio-newyork.com\/wp-content\/uploads\/2026\/01\/Screenshot-2026-01-16-at-5.22.38-PM.png","inLanguage":"en-US","potentialAction":[{"@type":"CommentAction","name":"Comment","target":["https:\/\/radio-newyork.com\/?p=3138#respond"]}]},{"@type":"WebPage","@id":"https:\/\/radio-newyork.com\/?p=3138","url":"https:\/\/radio-newyork.com\/?p=3138","name":"HISTORIJA SE PI\u0160E U ASTORIJI - Radio New York","isPartOf":{"@id":"https:\/\/radio-newyork.com\/#website"},"primaryImageOfPage":{"@id":"https:\/\/radio-newyork.com\/?p=3138#primaryimage"},"image":{"@id":"https:\/\/radio-newyork.com\/?p=3138#primaryimage"},"thumbnailUrl":"https:\/\/radio-newyork.com\/wp-content\/uploads\/2026\/01\/Screenshot-2026-01-16-at-5.22.38-PM.png","datePublished":"2026-01-16T22:23:41+00:00","breadcrumb":{"@id":"https:\/\/radio-newyork.com\/?p=3138#breadcrumb"},"inLanguage":"en-US","potentialAction":[{"@type":"ReadAction","target":["https:\/\/radio-newyork.com\/?p=3138"]}]},{"@type":"ImageObject","inLanguage":"en-US","@id":"https:\/\/radio-newyork.com\/?p=3138#primaryimage","url":"https:\/\/radio-newyork.com\/wp-content\/uploads\/2026\/01\/Screenshot-2026-01-16-at-5.22.38-PM.png","contentUrl":"https:\/\/radio-newyork.com\/wp-content\/uploads\/2026\/01\/Screenshot-2026-01-16-at-5.22.38-PM.png","width":578,"height":788},{"@type":"BreadcrumbList","@id":"https:\/\/radio-newyork.com\/?p=3138#breadcrumb","itemListElement":[{"@type":"ListItem","position":1,"name":"Home","item":"https:\/\/radio-newyork.com\/"},{"@type":"ListItem","position":2,"name":"HISTORIJA SE PI\u0160E U ASTORIJI"}]},{"@type":"WebSite","@id":"https:\/\/radio-newyork.com\/#website","url":"https:\/\/radio-newyork.com\/","name":"Radio New York","description":"Radio New York \u2014 Most Amerike i domovine","publisher":{"@id":"https:\/\/radio-newyork.com\/#organization"},"potentialAction":[{"@type":"SearchAction","target":{"@type":"EntryPoint","urlTemplate":"https:\/\/radio-newyork.com\/?s={search_term_string}"},"query-input":{"@type":"PropertyValueSpecification","valueRequired":true,"valueName":"search_term_string"}}],"inLanguage":"en-US"},{"@type":"Organization","@id":"https:\/\/radio-newyork.com\/#organization","name":"Radio New York","url":"https:\/\/radio-newyork.com\/","logo":{"@type":"ImageObject","inLanguage":"en-US","@id":"https:\/\/radio-newyork.com\/#\/schema\/logo\/image\/","url":"https:\/\/radio-newyork.com\/wp-content\/uploads\/2021\/12\/262517255_4571047313011643_1786418142376364479_n.jpg","contentUrl":"https:\/\/radio-newyork.com\/wp-content\/uploads\/2021\/12\/262517255_4571047313011643_1786418142376364479_n.jpg","width":212,"height":210,"caption":"Radio New York"},"image":{"@id":"https:\/\/radio-newyork.com\/#\/schema\/logo\/image\/"}},{"@type":"Person","@id":"https:\/\/radio-newyork.com\/#\/schema\/person\/e2f4dbf5b60fd9ac004d77b9e1b59559","name":"Ismet Rastoder","image":{"@type":"ImageObject","inLanguage":"en-US","@id":"https:\/\/radio-newyork.com\/#\/schema\/person\/image\/","url":"https:\/\/secure.gravatar.com\/avatar\/800e8dd1eac3e728e825b7d5c16c80b067c4a0557a2ce54986c89f6008f454bb?s=96&d=mm&r=g","contentUrl":"https:\/\/secure.gravatar.com\/avatar\/800e8dd1eac3e728e825b7d5c16c80b067c4a0557a2ce54986c89f6008f454bb?s=96&d=mm&r=g","caption":"Ismet Rastoder"},"description":"Ismet Rastoder je urednik i osniva\u010d portala Radio New York \u2014 medijskog prostora posve\u0107enog dijaspori, dru\u0161tvenoj istini i stvarnim \u017eivotnim pitanjima Balkana i Amerike. Poznat po direktnom stilu, hrabrim komentarima i beskompromisnoj borbi protiv nepravde, Rastoder donosi glas zajednice koja se \u010desto ne \u010duje, ali itekako postoji. Vi\u0161e od dvije decenije aktivan je u zajednici i medijima, gdje kroz analize, autorske kolumne i dru\u0161tveni anga\u017eman povezuje iskustvo \u017eivota u Americi sa realno\u0161\u0107u Balkana. Njegove pri\u010de otvaraju va\u017ene teme \u2014 od identiteta i politike, do kulture, dijaspore i dru\u0161tvenih transformacija. Prepoznat je kao glas dijaspore koji govori ono \u0161to mnogi misle, ali rijetko ko ka\u017ee.","sameAs":["http:\/\/radio-newyork.com"],"url":"https:\/\/radio-newyork.com\/?author=2"}]}},"_links":{"self":[{"href":"https:\/\/radio-newyork.com\/index.php?rest_route=\/wp\/v2\/posts\/3138","targetHints":{"allow":["GET"]}}],"collection":[{"href":"https:\/\/radio-newyork.com\/index.php?rest_route=\/wp\/v2\/posts"}],"about":[{"href":"https:\/\/radio-newyork.com\/index.php?rest_route=\/wp\/v2\/types\/post"}],"author":[{"embeddable":true,"href":"https:\/\/radio-newyork.com\/index.php?rest_route=\/wp\/v2\/users\/2"}],"replies":[{"embeddable":true,"href":"https:\/\/radio-newyork.com\/index.php?rest_route=%2Fwp%2Fv2%2Fcomments&post=3138"}],"version-history":[{"count":1,"href":"https:\/\/radio-newyork.com\/index.php?rest_route=\/wp\/v2\/posts\/3138\/revisions"}],"predecessor-version":[{"id":3144,"href":"https:\/\/radio-newyork.com\/index.php?rest_route=\/wp\/v2\/posts\/3138\/revisions\/3144"}],"wp:featuredmedia":[{"embeddable":true,"href":"https:\/\/radio-newyork.com\/index.php?rest_route=\/wp\/v2\/media\/3142"}],"wp:attachment":[{"href":"https:\/\/radio-newyork.com\/index.php?rest_route=%2Fwp%2Fv2%2Fmedia&parent=3138"}],"wp:term":[{"taxonomy":"category","embeddable":true,"href":"https:\/\/radio-newyork.com\/index.php?rest_route=%2Fwp%2Fv2%2Fcategories&post=3138"},{"taxonomy":"post_tag","embeddable":true,"href":"https:\/\/radio-newyork.com\/index.php?rest_route=%2Fwp%2Fv2%2Ftags&post=3138"}],"curies":[{"name":"wp","href":"https:\/\/api.w.org\/{rel}","templated":true}]}}