{"id":3135,"date":"2026-01-14T22:42:47","date_gmt":"2026-01-14T22:42:47","guid":{"rendered":"https:\/\/radio-newyork.com\/?p=3135"},"modified":"2026-01-14T22:42:47","modified_gmt":"2026-01-14T22:42:47","slug":"trump-upozorava-na-potpuni-haos-ako-vrhovni-sud-sad-ponisti-njegove-globalne-carine","status":"publish","type":"post","link":"https:\/\/radio-newyork.com\/?p=3135","title":{"rendered":"Trump upozorava na potpuni haos ako Vrhovni sud SAD poni\u0161ti njegove globalne carine"},"content":{"rendered":"\n<figure class=\"wp-block-image size-full\"><img loading=\"lazy\" decoding=\"async\" width=\"750\" height=\"375\" src=\"https:\/\/radio-newyork.com\/wp-content\/uploads\/2026\/01\/Trump-29-jan-750x375-1.jpg\" alt=\"\" class=\"wp-image-3136\" srcset=\"https:\/\/radio-newyork.com\/wp-content\/uploads\/2026\/01\/Trump-29-jan-750x375-1.jpg 750w, https:\/\/radio-newyork.com\/wp-content\/uploads\/2026\/01\/Trump-29-jan-750x375-1-300x150.jpg 300w\" sizes=\"auto, (max-width: 750px) 100vw, 750px\" \/><\/figure>\n\n\n\n<p>Predsednik Sjedinjenih Ameri\u010dkih Dr\u017eava Donald Trump je izjavio da \u0107e nastati potpuna katastrofa ako Vrhovni sud SAD poni\u0161ti njegove globalne trgovinske carine.<\/p>\n\n\n\n<p>U dugoj objavi na dru\u0161tvenim mre\u017eama, ameri\u010dki predsednik je napisao da \u0107e biti katastrofalno ako sud presudi protiv carina, prenosi Guardian uz ocenu da odluka, predstavlja klju\u010dni pravni test njegove kontroverzne ekonomske strategije i mo\u0107i.<\/p>\n\n\n\n<p>Tramp je rekao da bi bilo te\u0161ko da se poni\u0161te carine jer bi kompanije i zemlje mogle da tra\u017ee povra\u0107aj sredstava, isti\u010du\u0107i da bi &#8220;trebalo mnogo godina da se utvrdi o kojim iznosima se radi, i ko, kada i gde treba da plati&#8221;.<\/p>\n\n\n\n<p>&#8220;Bila bi potpuna zbrka i gotovo nemogu\u0107e za na\u0161u zemlju da plati&#8221;, dodao je on.<\/p>\n\n\n\n<p>U novembru je Vrhovni sud izrazio sumnju u pravnu osnovu Trump-ovih \u0161irokih globalnih carina, kada su sudije ispitivale ovla\u0161\u0107enja predsednika za njihovo uvo\u0111enje.<\/p>\n\n\n\n<p>Carine koje je Trump najavio u aprilu pro\u0161le godine osporavaju mala preduze\u0107a i 12 saveznih dr\u017eava, tvrde\u0107i da je prekora\u010dio ovla\u0161\u0107enja.<\/p>\n\n\n\n<p>Pre nego \u0161to je slu\u010daj stigao do Vrhovnog suda, dva ni\u017ea suda utvrdila su da Trump nema ovla\u0161\u0107enje da uvodi globalne carine.<\/p>\n\n\n\n<p><strong>Kako su uvedene?<\/strong><\/p>\n\n\n\n<p>Carine su uvedene nizom izvr\u0161nih naredbi, pozivaju\u0107i se na Zakon o me\u0111unarodnim ekonomskim ovla\u0161\u0107enjima u vanrednim situacijama (IEEPA) iz 1977. godine, koji predsedniku u odre\u0111enim situacijama omogu\u0107ava regulisanje ili zabranu me\u0111unarodnih transakcija u vreme nacionalne vanredne situacije.<\/p>\n\n\n\n<p>Koalicija od 12 saveznih dr\u017eava &#8211; Arizona, Kolorado, Konnektikat, Delaver, Ilinois, Mejn, Minesota, Nevada, Novi Meksiko, Njujork, Oregon i Vermont i mala preduze\u0107a tu\u017eili su Trampovu administraciju kako bi blokirali carine.<\/p>\n\n\n\n<p>Na ro\u010di\u0161tu u novembru, Vrhovni sud nije puno raspravljao o mogu\u0107im povra\u0107ajima, ali je sudija Ejmi Koni Baret, koju je Trump imenovao, napomenula da bi poni\u0161tavanje ve\u0107 napla\u0107enih carina moglo da izazove &#8220;potpuni haos&#8221;.<\/p>\n\n\n\n<p>Trump je, tako\u0111e, najavio da \u0107e svaka zemlja koja posluje sa Iranom da pla\u0107a carinu od 25 odsto na trgovinu sa SAD.<\/p>\n\n\n\n<p>&#8220;Sa trenutnim dejstvom, svaka zemlja koja posluje sa Islamskom Republikom Iran pla\u0107a\u0107e carinu od 25 odsto na svu trgovinu sa Sjedinjenim Ameri\u010dkim Dr\u017eavama&#8221;, naveo je Trump u objavi na dru\u0161tvenim mre\u017eama.<\/p>\n\n\n\n<p>&#8220;Ova naredba je kona\u010dna i nepromenljiva&#8221;, dodao je Trump.<\/p>\n\n\n\n<p>Glavne destinacije za izvoz iranske robe su Kina, Ujedinjeni Arapski Emirati i Indija, navodi Guardian.<\/p>\n","protected":false},"excerpt":{"rendered":"<p>Predsednik Sjedinjenih Ameri\u010dkih Dr\u017eava Donald Trump je izjavio da \u0107e nastati potpuna katastrofa ako Vrhovni sud SAD poni\u0161ti njegove globalne trgovinske carine. U dugoj objavi na dru\u0161tvenim mre\u017eama, ameri\u010dki predsednik je napisao da \u0107e biti katastrofalno ako sud presudi protiv carina, prenosi Guardian uz ocenu da odluka, predstavlja klju\u010dni pravni test njegove kontroverzne ekonomske strategije [&hellip;]<\/p>\n","protected":false},"author":2,"featured_media":3136,"comment_status":"open","ping_status":"open","sticky":false,"template":"","format":"standard","meta":{"footnotes":""},"categories":[1],"tags":[],"class_list":["post-3135","post","type-post","status-publish","format-standard","has-post-thumbnail","hentry","category-uncategorized"],"acf":[],"yoast_head":"<!-- This site is optimized with the Yoast SEO plugin v26.2 - https:\/\/yoast.com\/wordpress\/plugins\/seo\/ -->\n<title>Trump upozorava na potpuni haos ako Vrhovni sud SAD poni\u0161ti njegove globalne carine - Radio New York<\/title>\n<meta name=\"robots\" content=\"index, follow, max-snippet:-1, max-image-preview:large, max-video-preview:-1\" \/>\n<link rel=\"canonical\" href=\"https:\/\/radio-newyork.com\/?p=3135\" \/>\n<meta property=\"og:locale\" content=\"en_US\" \/>\n<meta property=\"og:type\" content=\"article\" \/>\n<meta property=\"og:title\" content=\"Trump upozorava na potpuni haos ako Vrhovni sud SAD poni\u0161ti njegove globalne carine - Radio New York\" \/>\n<meta property=\"og:description\" content=\"Predsednik Sjedinjenih Ameri\u010dkih Dr\u017eava Donald Trump je izjavio da \u0107e nastati potpuna katastrofa ako Vrhovni sud SAD poni\u0161ti njegove globalne trgovinske carine. U dugoj objavi na dru\u0161tvenim mre\u017eama, ameri\u010dki predsednik je napisao da \u0107e biti katastrofalno ako sud presudi protiv carina, prenosi Guardian uz ocenu da odluka, predstavlja klju\u010dni pravni test njegove kontroverzne ekonomske strategije [&hellip;]\" \/>\n<meta property=\"og:url\" content=\"https:\/\/radio-newyork.com\/?p=3135\" \/>\n<meta property=\"og:site_name\" content=\"Radio New York\" \/>\n<meta property=\"article:published_time\" content=\"2026-01-14T22:42:47+00:00\" \/>\n<meta property=\"og:image\" content=\"https:\/\/radio-newyork.com\/wp-content\/uploads\/2026\/01\/Trump-29-jan-750x375-1.jpg\" \/>\n\t<meta property=\"og:image:width\" content=\"750\" \/>\n\t<meta property=\"og:image:height\" content=\"375\" \/>\n\t<meta property=\"og:image:type\" content=\"image\/jpeg\" \/>\n<meta name=\"author\" content=\"Ismet Rastoder\" \/>\n<meta name=\"twitter:card\" content=\"summary_large_image\" \/>\n<meta name=\"twitter:label1\" content=\"Written by\" \/>\n\t<meta name=\"twitter:data1\" content=\"Ismet Rastoder\" \/>\n\t<meta name=\"twitter:label2\" content=\"Est. reading time\" \/>\n\t<meta name=\"twitter:data2\" content=\"2 minutes\" \/>\n<script type=\"application\/ld+json\" class=\"yoast-schema-graph\">{\"@context\":\"https:\/\/schema.org\",\"@graph\":[{\"@type\":\"Article\",\"@id\":\"https:\/\/radio-newyork.com\/?p=3135#article\",\"isPartOf\":{\"@id\":\"https:\/\/radio-newyork.com\/?p=3135\"},\"author\":{\"name\":\"Ismet Rastoder\",\"@id\":\"https:\/\/radio-newyork.com\/#\/schema\/person\/e2f4dbf5b60fd9ac004d77b9e1b59559\"},\"headline\":\"Trump upozorava na potpuni haos ako Vrhovni sud SAD poni\u0161ti njegove globalne carine\",\"datePublished\":\"2026-01-14T22:42:47+00:00\",\"mainEntityOfPage\":{\"@id\":\"https:\/\/radio-newyork.com\/?p=3135\"},\"wordCount\":424,\"commentCount\":0,\"publisher\":{\"@id\":\"https:\/\/radio-newyork.com\/#organization\"},\"image\":{\"@id\":\"https:\/\/radio-newyork.com\/?p=3135#primaryimage\"},\"thumbnailUrl\":\"https:\/\/radio-newyork.com\/wp-content\/uploads\/2026\/01\/Trump-29-jan-750x375-1.jpg\",\"inLanguage\":\"en-US\",\"potentialAction\":[{\"@type\":\"CommentAction\",\"name\":\"Comment\",\"target\":[\"https:\/\/radio-newyork.com\/?p=3135#respond\"]}]},{\"@type\":\"WebPage\",\"@id\":\"https:\/\/radio-newyork.com\/?p=3135\",\"url\":\"https:\/\/radio-newyork.com\/?p=3135\",\"name\":\"Trump upozorava na potpuni haos ako Vrhovni sud SAD poni\u0161ti njegove globalne carine - Radio New York\",\"isPartOf\":{\"@id\":\"https:\/\/radio-newyork.com\/#website\"},\"primaryImageOfPage\":{\"@id\":\"https:\/\/radio-newyork.com\/?p=3135#primaryimage\"},\"image\":{\"@id\":\"https:\/\/radio-newyork.com\/?p=3135#primaryimage\"},\"thumbnailUrl\":\"https:\/\/radio-newyork.com\/wp-content\/uploads\/2026\/01\/Trump-29-jan-750x375-1.jpg\",\"datePublished\":\"2026-01-14T22:42:47+00:00\",\"breadcrumb\":{\"@id\":\"https:\/\/radio-newyork.com\/?p=3135#breadcrumb\"},\"inLanguage\":\"en-US\",\"potentialAction\":[{\"@type\":\"ReadAction\",\"target\":[\"https:\/\/radio-newyork.com\/?p=3135\"]}]},{\"@type\":\"ImageObject\",\"inLanguage\":\"en-US\",\"@id\":\"https:\/\/radio-newyork.com\/?p=3135#primaryimage\",\"url\":\"https:\/\/radio-newyork.com\/wp-content\/uploads\/2026\/01\/Trump-29-jan-750x375-1.jpg\",\"contentUrl\":\"https:\/\/radio-newyork.com\/wp-content\/uploads\/2026\/01\/Trump-29-jan-750x375-1.jpg\",\"width\":750,\"height\":375},{\"@type\":\"BreadcrumbList\",\"@id\":\"https:\/\/radio-newyork.com\/?p=3135#breadcrumb\",\"itemListElement\":[{\"@type\":\"ListItem\",\"position\":1,\"name\":\"Home\",\"item\":\"https:\/\/radio-newyork.com\/\"},{\"@type\":\"ListItem\",\"position\":2,\"name\":\"Trump upozorava na potpuni haos ako Vrhovni sud SAD poni\u0161ti njegove globalne carine\"}]},{\"@type\":\"WebSite\",\"@id\":\"https:\/\/radio-newyork.com\/#website\",\"url\":\"https:\/\/radio-newyork.com\/\",\"name\":\"Radio New York\",\"description\":\"Radio New York \u2014 Most Amerike i domovine\",\"publisher\":{\"@id\":\"https:\/\/radio-newyork.com\/#organization\"},\"potentialAction\":[{\"@type\":\"SearchAction\",\"target\":{\"@type\":\"EntryPoint\",\"urlTemplate\":\"https:\/\/radio-newyork.com\/?s={search_term_string}\"},\"query-input\":{\"@type\":\"PropertyValueSpecification\",\"valueRequired\":true,\"valueName\":\"search_term_string\"}}],\"inLanguage\":\"en-US\"},{\"@type\":\"Organization\",\"@id\":\"https:\/\/radio-newyork.com\/#organization\",\"name\":\"Radio New York\",\"url\":\"https:\/\/radio-newyork.com\/\",\"logo\":{\"@type\":\"ImageObject\",\"inLanguage\":\"en-US\",\"@id\":\"https:\/\/radio-newyork.com\/#\/schema\/logo\/image\/\",\"url\":\"https:\/\/radio-newyork.com\/wp-content\/uploads\/2021\/12\/262517255_4571047313011643_1786418142376364479_n.jpg\",\"contentUrl\":\"https:\/\/radio-newyork.com\/wp-content\/uploads\/2021\/12\/262517255_4571047313011643_1786418142376364479_n.jpg\",\"width\":212,\"height\":210,\"caption\":\"Radio New York\"},\"image\":{\"@id\":\"https:\/\/radio-newyork.com\/#\/schema\/logo\/image\/\"}},{\"@type\":\"Person\",\"@id\":\"https:\/\/radio-newyork.com\/#\/schema\/person\/e2f4dbf5b60fd9ac004d77b9e1b59559\",\"name\":\"Ismet Rastoder\",\"image\":{\"@type\":\"ImageObject\",\"inLanguage\":\"en-US\",\"@id\":\"https:\/\/radio-newyork.com\/#\/schema\/person\/image\/\",\"url\":\"https:\/\/secure.gravatar.com\/avatar\/800e8dd1eac3e728e825b7d5c16c80b067c4a0557a2ce54986c89f6008f454bb?s=96&d=mm&r=g\",\"contentUrl\":\"https:\/\/secure.gravatar.com\/avatar\/800e8dd1eac3e728e825b7d5c16c80b067c4a0557a2ce54986c89f6008f454bb?s=96&d=mm&r=g\",\"caption\":\"Ismet Rastoder\"},\"description\":\"Ismet Rastoder je urednik i osniva\u010d portala Radio New York \u2014 medijskog prostora posve\u0107enog dijaspori, dru\u0161tvenoj istini i stvarnim \u017eivotnim pitanjima Balkana i Amerike. Poznat po direktnom stilu, hrabrim komentarima i beskompromisnoj borbi protiv nepravde, Rastoder donosi glas zajednice koja se \u010desto ne \u010duje, ali itekako postoji. Vi\u0161e od dvije decenije aktivan je u zajednici i medijima, gdje kroz analize, autorske kolumne i dru\u0161tveni anga\u017eman povezuje iskustvo \u017eivota u Americi sa realno\u0161\u0107u Balkana. Njegove pri\u010de otvaraju va\u017ene teme \u2014 od identiteta i politike, do kulture, dijaspore i dru\u0161tvenih transformacija. Prepoznat je kao glas dijaspore koji govori ono \u0161to mnogi misle, ali rijetko ko ka\u017ee.\",\"sameAs\":[\"http:\/\/radio-newyork.com\"],\"url\":\"https:\/\/radio-newyork.com\/?author=2\"}]}<\/script>\n<!-- \/ Yoast SEO plugin. -->","yoast_head_json":{"title":"Trump upozorava na potpuni haos ako Vrhovni sud SAD poni\u0161ti njegove globalne carine - Radio New York","robots":{"index":"index","follow":"follow","max-snippet":"max-snippet:-1","max-image-preview":"max-image-preview:large","max-video-preview":"max-video-preview:-1"},"canonical":"https:\/\/radio-newyork.com\/?p=3135","og_locale":"en_US","og_type":"article","og_title":"Trump upozorava na potpuni haos ako Vrhovni sud SAD poni\u0161ti njegove globalne carine - Radio New York","og_description":"Predsednik Sjedinjenih Ameri\u010dkih Dr\u017eava Donald Trump je izjavio da \u0107e nastati potpuna katastrofa ako Vrhovni sud SAD poni\u0161ti njegove globalne trgovinske carine. U dugoj objavi na dru\u0161tvenim mre\u017eama, ameri\u010dki predsednik je napisao da \u0107e biti katastrofalno ako sud presudi protiv carina, prenosi Guardian uz ocenu da odluka, predstavlja klju\u010dni pravni test njegove kontroverzne ekonomske strategije [&hellip;]","og_url":"https:\/\/radio-newyork.com\/?p=3135","og_site_name":"Radio New York","article_published_time":"2026-01-14T22:42:47+00:00","og_image":[{"width":750,"height":375,"url":"https:\/\/radio-newyork.com\/wp-content\/uploads\/2026\/01\/Trump-29-jan-750x375-1.jpg","type":"image\/jpeg"}],"author":"Ismet Rastoder","twitter_card":"summary_large_image","twitter_misc":{"Written by":"Ismet Rastoder","Est. reading time":"2 minutes"},"schema":{"@context":"https:\/\/schema.org","@graph":[{"@type":"Article","@id":"https:\/\/radio-newyork.com\/?p=3135#article","isPartOf":{"@id":"https:\/\/radio-newyork.com\/?p=3135"},"author":{"name":"Ismet Rastoder","@id":"https:\/\/radio-newyork.com\/#\/schema\/person\/e2f4dbf5b60fd9ac004d77b9e1b59559"},"headline":"Trump upozorava na potpuni haos ako Vrhovni sud SAD poni\u0161ti njegove globalne carine","datePublished":"2026-01-14T22:42:47+00:00","mainEntityOfPage":{"@id":"https:\/\/radio-newyork.com\/?p=3135"},"wordCount":424,"commentCount":0,"publisher":{"@id":"https:\/\/radio-newyork.com\/#organization"},"image":{"@id":"https:\/\/radio-newyork.com\/?p=3135#primaryimage"},"thumbnailUrl":"https:\/\/radio-newyork.com\/wp-content\/uploads\/2026\/01\/Trump-29-jan-750x375-1.jpg","inLanguage":"en-US","potentialAction":[{"@type":"CommentAction","name":"Comment","target":["https:\/\/radio-newyork.com\/?p=3135#respond"]}]},{"@type":"WebPage","@id":"https:\/\/radio-newyork.com\/?p=3135","url":"https:\/\/radio-newyork.com\/?p=3135","name":"Trump upozorava na potpuni haos ako Vrhovni sud SAD poni\u0161ti njegove globalne carine - Radio New York","isPartOf":{"@id":"https:\/\/radio-newyork.com\/#website"},"primaryImageOfPage":{"@id":"https:\/\/radio-newyork.com\/?p=3135#primaryimage"},"image":{"@id":"https:\/\/radio-newyork.com\/?p=3135#primaryimage"},"thumbnailUrl":"https:\/\/radio-newyork.com\/wp-content\/uploads\/2026\/01\/Trump-29-jan-750x375-1.jpg","datePublished":"2026-01-14T22:42:47+00:00","breadcrumb":{"@id":"https:\/\/radio-newyork.com\/?p=3135#breadcrumb"},"inLanguage":"en-US","potentialAction":[{"@type":"ReadAction","target":["https:\/\/radio-newyork.com\/?p=3135"]}]},{"@type":"ImageObject","inLanguage":"en-US","@id":"https:\/\/radio-newyork.com\/?p=3135#primaryimage","url":"https:\/\/radio-newyork.com\/wp-content\/uploads\/2026\/01\/Trump-29-jan-750x375-1.jpg","contentUrl":"https:\/\/radio-newyork.com\/wp-content\/uploads\/2026\/01\/Trump-29-jan-750x375-1.jpg","width":750,"height":375},{"@type":"BreadcrumbList","@id":"https:\/\/radio-newyork.com\/?p=3135#breadcrumb","itemListElement":[{"@type":"ListItem","position":1,"name":"Home","item":"https:\/\/radio-newyork.com\/"},{"@type":"ListItem","position":2,"name":"Trump upozorava na potpuni haos ako Vrhovni sud SAD poni\u0161ti njegove globalne carine"}]},{"@type":"WebSite","@id":"https:\/\/radio-newyork.com\/#website","url":"https:\/\/radio-newyork.com\/","name":"Radio New York","description":"Radio New York \u2014 Most Amerike i domovine","publisher":{"@id":"https:\/\/radio-newyork.com\/#organization"},"potentialAction":[{"@type":"SearchAction","target":{"@type":"EntryPoint","urlTemplate":"https:\/\/radio-newyork.com\/?s={search_term_string}"},"query-input":{"@type":"PropertyValueSpecification","valueRequired":true,"valueName":"search_term_string"}}],"inLanguage":"en-US"},{"@type":"Organization","@id":"https:\/\/radio-newyork.com\/#organization","name":"Radio New York","url":"https:\/\/radio-newyork.com\/","logo":{"@type":"ImageObject","inLanguage":"en-US","@id":"https:\/\/radio-newyork.com\/#\/schema\/logo\/image\/","url":"https:\/\/radio-newyork.com\/wp-content\/uploads\/2021\/12\/262517255_4571047313011643_1786418142376364479_n.jpg","contentUrl":"https:\/\/radio-newyork.com\/wp-content\/uploads\/2021\/12\/262517255_4571047313011643_1786418142376364479_n.jpg","width":212,"height":210,"caption":"Radio New York"},"image":{"@id":"https:\/\/radio-newyork.com\/#\/schema\/logo\/image\/"}},{"@type":"Person","@id":"https:\/\/radio-newyork.com\/#\/schema\/person\/e2f4dbf5b60fd9ac004d77b9e1b59559","name":"Ismet Rastoder","image":{"@type":"ImageObject","inLanguage":"en-US","@id":"https:\/\/radio-newyork.com\/#\/schema\/person\/image\/","url":"https:\/\/secure.gravatar.com\/avatar\/800e8dd1eac3e728e825b7d5c16c80b067c4a0557a2ce54986c89f6008f454bb?s=96&d=mm&r=g","contentUrl":"https:\/\/secure.gravatar.com\/avatar\/800e8dd1eac3e728e825b7d5c16c80b067c4a0557a2ce54986c89f6008f454bb?s=96&d=mm&r=g","caption":"Ismet Rastoder"},"description":"Ismet Rastoder je urednik i osniva\u010d portala Radio New York \u2014 medijskog prostora posve\u0107enog dijaspori, dru\u0161tvenoj istini i stvarnim \u017eivotnim pitanjima Balkana i Amerike. Poznat po direktnom stilu, hrabrim komentarima i beskompromisnoj borbi protiv nepravde, Rastoder donosi glas zajednice koja se \u010desto ne \u010duje, ali itekako postoji. Vi\u0161e od dvije decenije aktivan je u zajednici i medijima, gdje kroz analize, autorske kolumne i dru\u0161tveni anga\u017eman povezuje iskustvo \u017eivota u Americi sa realno\u0161\u0107u Balkana. Njegove pri\u010de otvaraju va\u017ene teme \u2014 od identiteta i politike, do kulture, dijaspore i dru\u0161tvenih transformacija. Prepoznat je kao glas dijaspore koji govori ono \u0161to mnogi misle, ali rijetko ko ka\u017ee.","sameAs":["http:\/\/radio-newyork.com"],"url":"https:\/\/radio-newyork.com\/?author=2"}]}},"_links":{"self":[{"href":"https:\/\/radio-newyork.com\/index.php?rest_route=\/wp\/v2\/posts\/3135","targetHints":{"allow":["GET"]}}],"collection":[{"href":"https:\/\/radio-newyork.com\/index.php?rest_route=\/wp\/v2\/posts"}],"about":[{"href":"https:\/\/radio-newyork.com\/index.php?rest_route=\/wp\/v2\/types\/post"}],"author":[{"embeddable":true,"href":"https:\/\/radio-newyork.com\/index.php?rest_route=\/wp\/v2\/users\/2"}],"replies":[{"embeddable":true,"href":"https:\/\/radio-newyork.com\/index.php?rest_route=%2Fwp%2Fv2%2Fcomments&post=3135"}],"version-history":[{"count":1,"href":"https:\/\/radio-newyork.com\/index.php?rest_route=\/wp\/v2\/posts\/3135\/revisions"}],"predecessor-version":[{"id":3137,"href":"https:\/\/radio-newyork.com\/index.php?rest_route=\/wp\/v2\/posts\/3135\/revisions\/3137"}],"wp:featuredmedia":[{"embeddable":true,"href":"https:\/\/radio-newyork.com\/index.php?rest_route=\/wp\/v2\/media\/3136"}],"wp:attachment":[{"href":"https:\/\/radio-newyork.com\/index.php?rest_route=%2Fwp%2Fv2%2Fmedia&parent=3135"}],"wp:term":[{"taxonomy":"category","embeddable":true,"href":"https:\/\/radio-newyork.com\/index.php?rest_route=%2Fwp%2Fv2%2Fcategories&post=3135"},{"taxonomy":"post_tag","embeddable":true,"href":"https:\/\/radio-newyork.com\/index.php?rest_route=%2Fwp%2Fv2%2Ftags&post=3135"}],"curies":[{"name":"wp","href":"https:\/\/api.w.org\/{rel}","templated":true}]}}