{"id":3132,"date":"2026-01-14T22:36:44","date_gmt":"2026-01-14T22:36:44","guid":{"rendered":"https:\/\/radio-newyork.com\/?p=3132"},"modified":"2026-01-14T22:36:44","modified_gmt":"2026-01-14T22:36:44","slug":"amerika-obustavlja-izdavanje-imigrantskih-viza-za-gradane-bosne-i-hercegovine","status":"publish","type":"post","link":"https:\/\/radio-newyork.com\/?p=3132","title":{"rendered":"Amerika obustavlja izdavanje imigrantskih viza za gra\u0111ane Bosne i Hercegovine"},"content":{"rendered":"\n<p>Pauza u izdavanju imigrantskih viza stupa na snagu 21. januara<\/p>\n\n\n\n<figure class=\"wp-block-image size-large\"><img loading=\"lazy\" decoding=\"async\" width=\"1024\" height=\"568\" src=\"https:\/\/radio-newyork.com\/wp-content\/uploads\/2026\/01\/174a55cc-5ae8-449a-9d67-51afd172f06a-1024x568.jpg\" alt=\"\" class=\"wp-image-3133\" srcset=\"https:\/\/radio-newyork.com\/wp-content\/uploads\/2026\/01\/174a55cc-5ae8-449a-9d67-51afd172f06a-1024x568.jpg 1024w, https:\/\/radio-newyork.com\/wp-content\/uploads\/2026\/01\/174a55cc-5ae8-449a-9d67-51afd172f06a-300x167.jpg 300w, https:\/\/radio-newyork.com\/wp-content\/uploads\/2026\/01\/174a55cc-5ae8-449a-9d67-51afd172f06a-768x426.jpg 768w, https:\/\/radio-newyork.com\/wp-content\/uploads\/2026\/01\/174a55cc-5ae8-449a-9d67-51afd172f06a.jpg 1200w\" sizes=\"auto, (max-width: 1024px) 100vw, 1024px\" \/><\/figure>\n\n\n\n<p>Sjedinjene Ameri\u010dke Dr\u017eave obustavljaju obradu imigrantskih viza za ukupno 75 zemalja, uklju\u010duju\u0107i i dr\u017eave Zapadnog Balkana, u nastojanju da poo\u0161tre kontrolu nad podnosiocima zahtjeva za koje se smatra da bi mogli postati teret za javni sistem socijalne pomo\u0107i, prenosi Anadolija.<br><br>Me\u0111u obuhva\u0107enim zemljama nalaze se i dr\u017eave Zapadnog Balkana i to Bosna i Hercegovina, Kosovo, Crna Gora, Sjeverna Makedonija i Albanija.<\/p>\n\n\n\n<p>Prema memorandumu State Departmenta, koji je objavio Fox News, konzularnim slu\u017ebenicima se nala\u017ee da, u skladu s postoje\u0107im zakonima, odbijaju izdavanje viza dok ministarstvo ponovo ne procijeni procedure provjere i sigurnosnog nadzora.<\/p>\n\n\n\n<p>Obustava \u0107e po\u010deti 21. januara i trajat \u0107e na neodre\u0111eno vrijeme, sve dok State Department ne zavr\u0161i novu procjenu procesa izdavanja viza.<\/p>\n\n\n\n<p>Na potpunoj listi zemalja nalaze se: Afganistan, Albanija, Al\u017eir, Antigva i Barbuda, Armenija, Azerbejd\u017ean, Bahami, Banglade\u0161, Barbados, Bjelorusija, Belize, Butan, Bosna i Hercegovina, Brazil, Mjanmar, Kambod\u017ea, Kamerun, Zelenortska Ostrva, Kolumbija, Obala Slonova\u010de, Kuba, Demokratska Republika Kongo, Dominika, Egipat, Eritreja, Etiopija, Fid\u017ei, Gambija, Gruzija, Gana, Grenada, Gvatemala, Gvineja, Haiti, Iran, Irak, Jamajka, Jordan, Kazahstan, Kosovo, Kuvajt, Kirgistan, Laos, Liban, Liberija, Libija, Sjeverna Makedonija, Moldavija, Mongolija, Crna Gora, Maroko, Nepal, Nikaragva, Nigerija, Pakistan, Republika Kongo, Rusija, Ruanda, Sveti Kristofor i Nevis, Sveta Lucija, Sveti Vincent i Grenadini, Senegal, Sijera Leone, Somalija, Ju\u017eni Sudan, Sudan, Sirija, Tanzanija, Tajland, Togo, Tunis, Uganda, Urugvaj, Uzbekistan i Jemen.<\/p>\n\n\n\n<p><\/p>\n","protected":false},"excerpt":{"rendered":"<p>Pauza u izdavanju imigrantskih viza stupa na snagu 21. januara Sjedinjene Ameri\u010dke Dr\u017eave obustavljaju obradu imigrantskih viza za ukupno 75 zemalja, uklju\u010duju\u0107i i dr\u017eave Zapadnog Balkana, u nastojanju da poo\u0161tre kontrolu nad podnosiocima zahtjeva za koje se smatra da bi mogli postati teret za javni sistem socijalne pomo\u0107i, prenosi Anadolija. Me\u0111u obuhva\u0107enim zemljama nalaze se [&hellip;]<\/p>\n","protected":false},"author":2,"featured_media":3133,"comment_status":"open","ping_status":"open","sticky":false,"template":"","format":"standard","meta":{"footnotes":""},"categories":[1],"tags":[],"class_list":["post-3132","post","type-post","status-publish","format-standard","has-post-thumbnail","hentry","category-uncategorized"],"acf":[],"yoast_head":"<!-- This site is optimized with the Yoast SEO plugin v26.2 - https:\/\/yoast.com\/wordpress\/plugins\/seo\/ -->\n<title>Amerika obustavlja izdavanje imigrantskih viza za gra\u0111ane Bosne i Hercegovine - Radio New York<\/title>\n<meta name=\"robots\" content=\"index, follow, max-snippet:-1, max-image-preview:large, max-video-preview:-1\" \/>\n<link rel=\"canonical\" href=\"https:\/\/radio-newyork.com\/?p=3132\" \/>\n<meta property=\"og:locale\" content=\"en_US\" \/>\n<meta property=\"og:type\" content=\"article\" \/>\n<meta property=\"og:title\" content=\"Amerika obustavlja izdavanje imigrantskih viza za gra\u0111ane Bosne i Hercegovine - Radio New York\" \/>\n<meta property=\"og:description\" content=\"Pauza u izdavanju imigrantskih viza stupa na snagu 21. januara Sjedinjene Ameri\u010dke Dr\u017eave obustavljaju obradu imigrantskih viza za ukupno 75 zemalja, uklju\u010duju\u0107i i dr\u017eave Zapadnog Balkana, u nastojanju da poo\u0161tre kontrolu nad podnosiocima zahtjeva za koje se smatra da bi mogli postati teret za javni sistem socijalne pomo\u0107i, prenosi Anadolija. Me\u0111u obuhva\u0107enim zemljama nalaze se [&hellip;]\" \/>\n<meta property=\"og:url\" content=\"https:\/\/radio-newyork.com\/?p=3132\" \/>\n<meta property=\"og:site_name\" content=\"Radio New York\" \/>\n<meta property=\"article:published_time\" content=\"2026-01-14T22:36:44+00:00\" \/>\n<meta property=\"og:image\" content=\"https:\/\/radio-newyork.com\/wp-content\/uploads\/2026\/01\/174a55cc-5ae8-449a-9d67-51afd172f06a.jpg\" \/>\n\t<meta property=\"og:image:width\" content=\"1200\" \/>\n\t<meta property=\"og:image:height\" content=\"666\" \/>\n\t<meta property=\"og:image:type\" content=\"image\/jpeg\" \/>\n<meta name=\"author\" content=\"Ismet Rastoder\" \/>\n<meta name=\"twitter:card\" content=\"summary_large_image\" \/>\n<meta name=\"twitter:label1\" content=\"Written by\" \/>\n\t<meta name=\"twitter:data1\" content=\"Ismet Rastoder\" \/>\n\t<meta name=\"twitter:label2\" content=\"Est. reading time\" \/>\n\t<meta name=\"twitter:data2\" content=\"1 minute\" \/>\n<script type=\"application\/ld+json\" class=\"yoast-schema-graph\">{\"@context\":\"https:\/\/schema.org\",\"@graph\":[{\"@type\":\"Article\",\"@id\":\"https:\/\/radio-newyork.com\/?p=3132#article\",\"isPartOf\":{\"@id\":\"https:\/\/radio-newyork.com\/?p=3132\"},\"author\":{\"name\":\"Ismet Rastoder\",\"@id\":\"https:\/\/radio-newyork.com\/#\/schema\/person\/e2f4dbf5b60fd9ac004d77b9e1b59559\"},\"headline\":\"Amerika obustavlja izdavanje imigrantskih viza za gra\u0111ane Bosne i Hercegovine\",\"datePublished\":\"2026-01-14T22:36:44+00:00\",\"mainEntityOfPage\":{\"@id\":\"https:\/\/radio-newyork.com\/?p=3132\"},\"wordCount\":257,\"commentCount\":0,\"publisher\":{\"@id\":\"https:\/\/radio-newyork.com\/#organization\"},\"image\":{\"@id\":\"https:\/\/radio-newyork.com\/?p=3132#primaryimage\"},\"thumbnailUrl\":\"https:\/\/radio-newyork.com\/wp-content\/uploads\/2026\/01\/174a55cc-5ae8-449a-9d67-51afd172f06a.jpg\",\"inLanguage\":\"en-US\",\"potentialAction\":[{\"@type\":\"CommentAction\",\"name\":\"Comment\",\"target\":[\"https:\/\/radio-newyork.com\/?p=3132#respond\"]}]},{\"@type\":\"WebPage\",\"@id\":\"https:\/\/radio-newyork.com\/?p=3132\",\"url\":\"https:\/\/radio-newyork.com\/?p=3132\",\"name\":\"Amerika obustavlja izdavanje imigrantskih viza za gra\u0111ane Bosne i Hercegovine - Radio New York\",\"isPartOf\":{\"@id\":\"https:\/\/radio-newyork.com\/#website\"},\"primaryImageOfPage\":{\"@id\":\"https:\/\/radio-newyork.com\/?p=3132#primaryimage\"},\"image\":{\"@id\":\"https:\/\/radio-newyork.com\/?p=3132#primaryimage\"},\"thumbnailUrl\":\"https:\/\/radio-newyork.com\/wp-content\/uploads\/2026\/01\/174a55cc-5ae8-449a-9d67-51afd172f06a.jpg\",\"datePublished\":\"2026-01-14T22:36:44+00:00\",\"breadcrumb\":{\"@id\":\"https:\/\/radio-newyork.com\/?p=3132#breadcrumb\"},\"inLanguage\":\"en-US\",\"potentialAction\":[{\"@type\":\"ReadAction\",\"target\":[\"https:\/\/radio-newyork.com\/?p=3132\"]}]},{\"@type\":\"ImageObject\",\"inLanguage\":\"en-US\",\"@id\":\"https:\/\/radio-newyork.com\/?p=3132#primaryimage\",\"url\":\"https:\/\/radio-newyork.com\/wp-content\/uploads\/2026\/01\/174a55cc-5ae8-449a-9d67-51afd172f06a.jpg\",\"contentUrl\":\"https:\/\/radio-newyork.com\/wp-content\/uploads\/2026\/01\/174a55cc-5ae8-449a-9d67-51afd172f06a.jpg\",\"width\":1200,\"height\":666},{\"@type\":\"BreadcrumbList\",\"@id\":\"https:\/\/radio-newyork.com\/?p=3132#breadcrumb\",\"itemListElement\":[{\"@type\":\"ListItem\",\"position\":1,\"name\":\"Home\",\"item\":\"https:\/\/radio-newyork.com\/\"},{\"@type\":\"ListItem\",\"position\":2,\"name\":\"Amerika obustavlja izdavanje imigrantskih viza za gra\u0111ane Bosne i Hercegovine\"}]},{\"@type\":\"WebSite\",\"@id\":\"https:\/\/radio-newyork.com\/#website\",\"url\":\"https:\/\/radio-newyork.com\/\",\"name\":\"Radio New York\",\"description\":\"Radio New York \u2014 Most Amerike i domovine\",\"publisher\":{\"@id\":\"https:\/\/radio-newyork.com\/#organization\"},\"potentialAction\":[{\"@type\":\"SearchAction\",\"target\":{\"@type\":\"EntryPoint\",\"urlTemplate\":\"https:\/\/radio-newyork.com\/?s={search_term_string}\"},\"query-input\":{\"@type\":\"PropertyValueSpecification\",\"valueRequired\":true,\"valueName\":\"search_term_string\"}}],\"inLanguage\":\"en-US\"},{\"@type\":\"Organization\",\"@id\":\"https:\/\/radio-newyork.com\/#organization\",\"name\":\"Radio New York\",\"url\":\"https:\/\/radio-newyork.com\/\",\"logo\":{\"@type\":\"ImageObject\",\"inLanguage\":\"en-US\",\"@id\":\"https:\/\/radio-newyork.com\/#\/schema\/logo\/image\/\",\"url\":\"https:\/\/radio-newyork.com\/wp-content\/uploads\/2021\/12\/262517255_4571047313011643_1786418142376364479_n.jpg\",\"contentUrl\":\"https:\/\/radio-newyork.com\/wp-content\/uploads\/2021\/12\/262517255_4571047313011643_1786418142376364479_n.jpg\",\"width\":212,\"height\":210,\"caption\":\"Radio New York\"},\"image\":{\"@id\":\"https:\/\/radio-newyork.com\/#\/schema\/logo\/image\/\"}},{\"@type\":\"Person\",\"@id\":\"https:\/\/radio-newyork.com\/#\/schema\/person\/e2f4dbf5b60fd9ac004d77b9e1b59559\",\"name\":\"Ismet Rastoder\",\"image\":{\"@type\":\"ImageObject\",\"inLanguage\":\"en-US\",\"@id\":\"https:\/\/radio-newyork.com\/#\/schema\/person\/image\/\",\"url\":\"https:\/\/secure.gravatar.com\/avatar\/800e8dd1eac3e728e825b7d5c16c80b067c4a0557a2ce54986c89f6008f454bb?s=96&d=mm&r=g\",\"contentUrl\":\"https:\/\/secure.gravatar.com\/avatar\/800e8dd1eac3e728e825b7d5c16c80b067c4a0557a2ce54986c89f6008f454bb?s=96&d=mm&r=g\",\"caption\":\"Ismet Rastoder\"},\"description\":\"Ismet Rastoder je urednik i osniva\u010d portala Radio New York \u2014 medijskog prostora posve\u0107enog dijaspori, dru\u0161tvenoj istini i stvarnim \u017eivotnim pitanjima Balkana i Amerike. Poznat po direktnom stilu, hrabrim komentarima i beskompromisnoj borbi protiv nepravde, Rastoder donosi glas zajednice koja se \u010desto ne \u010duje, ali itekako postoji. Vi\u0161e od dvije decenije aktivan je u zajednici i medijima, gdje kroz analize, autorske kolumne i dru\u0161tveni anga\u017eman povezuje iskustvo \u017eivota u Americi sa realno\u0161\u0107u Balkana. Njegove pri\u010de otvaraju va\u017ene teme \u2014 od identiteta i politike, do kulture, dijaspore i dru\u0161tvenih transformacija. Prepoznat je kao glas dijaspore koji govori ono \u0161to mnogi misle, ali rijetko ko ka\u017ee.\",\"sameAs\":[\"http:\/\/radio-newyork.com\"],\"url\":\"https:\/\/radio-newyork.com\/?author=2\"}]}<\/script>\n<!-- \/ Yoast SEO plugin. -->","yoast_head_json":{"title":"Amerika obustavlja izdavanje imigrantskih viza za gra\u0111ane Bosne i Hercegovine - Radio New York","robots":{"index":"index","follow":"follow","max-snippet":"max-snippet:-1","max-image-preview":"max-image-preview:large","max-video-preview":"max-video-preview:-1"},"canonical":"https:\/\/radio-newyork.com\/?p=3132","og_locale":"en_US","og_type":"article","og_title":"Amerika obustavlja izdavanje imigrantskih viza za gra\u0111ane Bosne i Hercegovine - Radio New York","og_description":"Pauza u izdavanju imigrantskih viza stupa na snagu 21. januara Sjedinjene Ameri\u010dke Dr\u017eave obustavljaju obradu imigrantskih viza za ukupno 75 zemalja, uklju\u010duju\u0107i i dr\u017eave Zapadnog Balkana, u nastojanju da poo\u0161tre kontrolu nad podnosiocima zahtjeva za koje se smatra da bi mogli postati teret za javni sistem socijalne pomo\u0107i, prenosi Anadolija. Me\u0111u obuhva\u0107enim zemljama nalaze se [&hellip;]","og_url":"https:\/\/radio-newyork.com\/?p=3132","og_site_name":"Radio New York","article_published_time":"2026-01-14T22:36:44+00:00","og_image":[{"width":1200,"height":666,"url":"https:\/\/radio-newyork.com\/wp-content\/uploads\/2026\/01\/174a55cc-5ae8-449a-9d67-51afd172f06a.jpg","type":"image\/jpeg"}],"author":"Ismet Rastoder","twitter_card":"summary_large_image","twitter_misc":{"Written by":"Ismet Rastoder","Est. reading time":"1 minute"},"schema":{"@context":"https:\/\/schema.org","@graph":[{"@type":"Article","@id":"https:\/\/radio-newyork.com\/?p=3132#article","isPartOf":{"@id":"https:\/\/radio-newyork.com\/?p=3132"},"author":{"name":"Ismet Rastoder","@id":"https:\/\/radio-newyork.com\/#\/schema\/person\/e2f4dbf5b60fd9ac004d77b9e1b59559"},"headline":"Amerika obustavlja izdavanje imigrantskih viza za gra\u0111ane Bosne i Hercegovine","datePublished":"2026-01-14T22:36:44+00:00","mainEntityOfPage":{"@id":"https:\/\/radio-newyork.com\/?p=3132"},"wordCount":257,"commentCount":0,"publisher":{"@id":"https:\/\/radio-newyork.com\/#organization"},"image":{"@id":"https:\/\/radio-newyork.com\/?p=3132#primaryimage"},"thumbnailUrl":"https:\/\/radio-newyork.com\/wp-content\/uploads\/2026\/01\/174a55cc-5ae8-449a-9d67-51afd172f06a.jpg","inLanguage":"en-US","potentialAction":[{"@type":"CommentAction","name":"Comment","target":["https:\/\/radio-newyork.com\/?p=3132#respond"]}]},{"@type":"WebPage","@id":"https:\/\/radio-newyork.com\/?p=3132","url":"https:\/\/radio-newyork.com\/?p=3132","name":"Amerika obustavlja izdavanje imigrantskih viza za gra\u0111ane Bosne i Hercegovine - Radio New York","isPartOf":{"@id":"https:\/\/radio-newyork.com\/#website"},"primaryImageOfPage":{"@id":"https:\/\/radio-newyork.com\/?p=3132#primaryimage"},"image":{"@id":"https:\/\/radio-newyork.com\/?p=3132#primaryimage"},"thumbnailUrl":"https:\/\/radio-newyork.com\/wp-content\/uploads\/2026\/01\/174a55cc-5ae8-449a-9d67-51afd172f06a.jpg","datePublished":"2026-01-14T22:36:44+00:00","breadcrumb":{"@id":"https:\/\/radio-newyork.com\/?p=3132#breadcrumb"},"inLanguage":"en-US","potentialAction":[{"@type":"ReadAction","target":["https:\/\/radio-newyork.com\/?p=3132"]}]},{"@type":"ImageObject","inLanguage":"en-US","@id":"https:\/\/radio-newyork.com\/?p=3132#primaryimage","url":"https:\/\/radio-newyork.com\/wp-content\/uploads\/2026\/01\/174a55cc-5ae8-449a-9d67-51afd172f06a.jpg","contentUrl":"https:\/\/radio-newyork.com\/wp-content\/uploads\/2026\/01\/174a55cc-5ae8-449a-9d67-51afd172f06a.jpg","width":1200,"height":666},{"@type":"BreadcrumbList","@id":"https:\/\/radio-newyork.com\/?p=3132#breadcrumb","itemListElement":[{"@type":"ListItem","position":1,"name":"Home","item":"https:\/\/radio-newyork.com\/"},{"@type":"ListItem","position":2,"name":"Amerika obustavlja izdavanje imigrantskih viza za gra\u0111ane Bosne i Hercegovine"}]},{"@type":"WebSite","@id":"https:\/\/radio-newyork.com\/#website","url":"https:\/\/radio-newyork.com\/","name":"Radio New York","description":"Radio New York \u2014 Most Amerike i domovine","publisher":{"@id":"https:\/\/radio-newyork.com\/#organization"},"potentialAction":[{"@type":"SearchAction","target":{"@type":"EntryPoint","urlTemplate":"https:\/\/radio-newyork.com\/?s={search_term_string}"},"query-input":{"@type":"PropertyValueSpecification","valueRequired":true,"valueName":"search_term_string"}}],"inLanguage":"en-US"},{"@type":"Organization","@id":"https:\/\/radio-newyork.com\/#organization","name":"Radio New York","url":"https:\/\/radio-newyork.com\/","logo":{"@type":"ImageObject","inLanguage":"en-US","@id":"https:\/\/radio-newyork.com\/#\/schema\/logo\/image\/","url":"https:\/\/radio-newyork.com\/wp-content\/uploads\/2021\/12\/262517255_4571047313011643_1786418142376364479_n.jpg","contentUrl":"https:\/\/radio-newyork.com\/wp-content\/uploads\/2021\/12\/262517255_4571047313011643_1786418142376364479_n.jpg","width":212,"height":210,"caption":"Radio New York"},"image":{"@id":"https:\/\/radio-newyork.com\/#\/schema\/logo\/image\/"}},{"@type":"Person","@id":"https:\/\/radio-newyork.com\/#\/schema\/person\/e2f4dbf5b60fd9ac004d77b9e1b59559","name":"Ismet Rastoder","image":{"@type":"ImageObject","inLanguage":"en-US","@id":"https:\/\/radio-newyork.com\/#\/schema\/person\/image\/","url":"https:\/\/secure.gravatar.com\/avatar\/800e8dd1eac3e728e825b7d5c16c80b067c4a0557a2ce54986c89f6008f454bb?s=96&d=mm&r=g","contentUrl":"https:\/\/secure.gravatar.com\/avatar\/800e8dd1eac3e728e825b7d5c16c80b067c4a0557a2ce54986c89f6008f454bb?s=96&d=mm&r=g","caption":"Ismet Rastoder"},"description":"Ismet Rastoder je urednik i osniva\u010d portala Radio New York \u2014 medijskog prostora posve\u0107enog dijaspori, dru\u0161tvenoj istini i stvarnim \u017eivotnim pitanjima Balkana i Amerike. Poznat po direktnom stilu, hrabrim komentarima i beskompromisnoj borbi protiv nepravde, Rastoder donosi glas zajednice koja se \u010desto ne \u010duje, ali itekako postoji. Vi\u0161e od dvije decenije aktivan je u zajednici i medijima, gdje kroz analize, autorske kolumne i dru\u0161tveni anga\u017eman povezuje iskustvo \u017eivota u Americi sa realno\u0161\u0107u Balkana. Njegove pri\u010de otvaraju va\u017ene teme \u2014 od identiteta i politike, do kulture, dijaspore i dru\u0161tvenih transformacija. Prepoznat je kao glas dijaspore koji govori ono \u0161to mnogi misle, ali rijetko ko ka\u017ee.","sameAs":["http:\/\/radio-newyork.com"],"url":"https:\/\/radio-newyork.com\/?author=2"}]}},"_links":{"self":[{"href":"https:\/\/radio-newyork.com\/index.php?rest_route=\/wp\/v2\/posts\/3132","targetHints":{"allow":["GET"]}}],"collection":[{"href":"https:\/\/radio-newyork.com\/index.php?rest_route=\/wp\/v2\/posts"}],"about":[{"href":"https:\/\/radio-newyork.com\/index.php?rest_route=\/wp\/v2\/types\/post"}],"author":[{"embeddable":true,"href":"https:\/\/radio-newyork.com\/index.php?rest_route=\/wp\/v2\/users\/2"}],"replies":[{"embeddable":true,"href":"https:\/\/radio-newyork.com\/index.php?rest_route=%2Fwp%2Fv2%2Fcomments&post=3132"}],"version-history":[{"count":1,"href":"https:\/\/radio-newyork.com\/index.php?rest_route=\/wp\/v2\/posts\/3132\/revisions"}],"predecessor-version":[{"id":3134,"href":"https:\/\/radio-newyork.com\/index.php?rest_route=\/wp\/v2\/posts\/3132\/revisions\/3134"}],"wp:featuredmedia":[{"embeddable":true,"href":"https:\/\/radio-newyork.com\/index.php?rest_route=\/wp\/v2\/media\/3133"}],"wp:attachment":[{"href":"https:\/\/radio-newyork.com\/index.php?rest_route=%2Fwp%2Fv2%2Fmedia&parent=3132"}],"wp:term":[{"taxonomy":"category","embeddable":true,"href":"https:\/\/radio-newyork.com\/index.php?rest_route=%2Fwp%2Fv2%2Fcategories&post=3132"},{"taxonomy":"post_tag","embeddable":true,"href":"https:\/\/radio-newyork.com\/index.php?rest_route=%2Fwp%2Fv2%2Ftags&post=3132"}],"curies":[{"name":"wp","href":"https:\/\/api.w.org\/{rel}","templated":true}]}}