{"id":3116,"date":"2026-01-13T22:03:30","date_gmt":"2026-01-13T22:03:30","guid":{"rendered":"https:\/\/radio-newyork.com\/?p=3116"},"modified":"2026-01-13T22:03:38","modified_gmt":"2026-01-13T22:03:38","slug":"pionir-taekwon-do-jugoslavije-ismet-rastoder-vi-dan","status":"publish","type":"post","link":"https:\/\/radio-newyork.com\/?p=3116","title":{"rendered":"Pionir Taekwon-do Jugoslavije  ISMET RASTODER (VI DAN)"},"content":{"rendered":"\n<figure class=\"wp-block-image size-large\"><img loading=\"lazy\" decoding=\"async\" width=\"732\" height=\"1024\" src=\"https:\/\/radio-newyork.com\/wp-content\/uploads\/2026\/01\/IMG_3955-732x1024.jpg\" alt=\"\" class=\"wp-image-3117\" srcset=\"https:\/\/radio-newyork.com\/wp-content\/uploads\/2026\/01\/IMG_3955-732x1024.jpg 732w, https:\/\/radio-newyork.com\/wp-content\/uploads\/2026\/01\/IMG_3955-215x300.jpg 215w, https:\/\/radio-newyork.com\/wp-content\/uploads\/2026\/01\/IMG_3955-768x1074.jpg 768w, https:\/\/radio-newyork.com\/wp-content\/uploads\/2026\/01\/IMG_3955.jpg 984w\" sizes=\"auto, (max-width: 732px) 100vw, 732px\" \/><\/figure>\n\n\n\n<p>Ismet Rastoder (VI DAN) ro\u0111en je 1959. godine u Andrijevici, Crna Gora. Osnovno \u0161kolovanje zavr\u0161io je u Kola\u0161inu, a srednje i visoko obrazovanje u Sarajevu, gdje je diplomirao na Pravnom fakultetu. Grad na Miljacki obilje\u017eio je njegov \u017eivotni i sportski put: u njemu je postao sportista, trener, organizator, selektor i jedan od najva\u017enijih pionira Taekwon-doa na prostoru biv\u0161e Jugoslavije i Bosne i Hercegovine.<\/p>\n\n\n\n<figure class=\"wp-block-image size-full\"><img loading=\"lazy\" decoding=\"async\" width=\"667\" height=\"908\" src=\"https:\/\/radio-newyork.com\/wp-content\/uploads\/2026\/01\/IMG_6609.jpeg\" alt=\"\" class=\"wp-image-3118\" srcset=\"https:\/\/radio-newyork.com\/wp-content\/uploads\/2026\/01\/IMG_6609.jpeg 667w, https:\/\/radio-newyork.com\/wp-content\/uploads\/2026\/01\/IMG_6609-220x300.jpeg 220w\" sizes=\"auto, (max-width: 667px) 100vw, 667px\" \/><\/figure>\n\n\n\n<figure class=\"wp-block-image size-full\"><img loading=\"lazy\" decoding=\"async\" width=\"960\" height=\"753\" src=\"https:\/\/radio-newyork.com\/wp-content\/uploads\/2026\/01\/IMG_6608.jpg\" alt=\"\" class=\"wp-image-3119\" srcset=\"https:\/\/radio-newyork.com\/wp-content\/uploads\/2026\/01\/IMG_6608.jpg 960w, https:\/\/radio-newyork.com\/wp-content\/uploads\/2026\/01\/IMG_6608-300x235.jpg 300w, https:\/\/radio-newyork.com\/wp-content\/uploads\/2026\/01\/IMG_6608-768x602.jpg 768w\" sizes=\"auto, (max-width: 960px) 100vw, 960px\" \/><\/figure>\n\n\n\n<p>U borila\u010dke sportove ulazi kao dje\u010dak. Od 1967. godine trenira karate, a 1977. prelazi na Taekwon-do \u2014 u periodu koji se smatra po\u010detkom institucionalnog razvoja ove vje\u0161tine u Jugoslaviji. Ubrzo postaje jedan od prvih nosilaca zvanja I DAN u Bosni i Hercegovini, \u010dime po\u010dinje era organizovanog Taekwon-doa u zemlji.<\/p>\n\n\n\n<figure class=\"wp-block-image size-full\"><img loading=\"lazy\" decoding=\"async\" width=\"995\" height=\"520\" src=\"https:\/\/radio-newyork.com\/wp-content\/uploads\/2026\/01\/IMG_6598.jpg\" alt=\"\" class=\"wp-image-3120\" srcset=\"https:\/\/radio-newyork.com\/wp-content\/uploads\/2026\/01\/IMG_6598.jpg 995w, https:\/\/radio-newyork.com\/wp-content\/uploads\/2026\/01\/IMG_6598-300x157.jpg 300w, https:\/\/radio-newyork.com\/wp-content\/uploads\/2026\/01\/IMG_6598-768x401.jpg 768w\" sizes=\"auto, (max-width: 995px) 100vw, 995px\" \/><\/figure>\n\n\n\n<p>Izme\u0111u 1980. i 1990. godine Rastoder prolazi sportski put koji vrlo malo instruktora u borila\u010dkim sportovima uspije da objedini: takmi\u010dar, trener, selektor i sportski organizator. Bio je prvak Jugoslavije u borbama (1983, 1984) i u specijalnim tehnikama (1985), te je 1983. godine progla\u0161en najboljim trenerom pionira u Jugoslaviji. Taj period predstavlja uspon Taekwon-doa u regionu, u kojem je Rastoder imao ulogu jednog od klju\u010dnih graditelja sistema.<\/p>\n\n\n\n<figure class=\"wp-block-image size-large\"><img loading=\"lazy\" decoding=\"async\" width=\"1024\" height=\"732\" src=\"https:\/\/radio-newyork.com\/wp-content\/uploads\/2026\/01\/IMG_3971-1024x732.jpg\" alt=\"\" class=\"wp-image-3121\" srcset=\"https:\/\/radio-newyork.com\/wp-content\/uploads\/2026\/01\/IMG_3971-1024x732.jpg 1024w, https:\/\/radio-newyork.com\/wp-content\/uploads\/2026\/01\/IMG_3971-300x215.jpg 300w, https:\/\/radio-newyork.com\/wp-content\/uploads\/2026\/01\/IMG_3971-768x549.jpg 768w, https:\/\/radio-newyork.com\/wp-content\/uploads\/2026\/01\/IMG_3971.jpg 1127w\" sizes=\"auto, (max-width: 1024px) 100vw, 1024px\" \/><\/figure>\n\n\n\n<figure class=\"wp-block-image size-full\"><img loading=\"lazy\" decoding=\"async\" width=\"960\" height=\"676\" src=\"https:\/\/radio-newyork.com\/wp-content\/uploads\/2026\/01\/IMG_9738.jpeg\" alt=\"\" class=\"wp-image-3122\" srcset=\"https:\/\/radio-newyork.com\/wp-content\/uploads\/2026\/01\/IMG_9738.jpeg 960w, https:\/\/radio-newyork.com\/wp-content\/uploads\/2026\/01\/IMG_9738-300x211.jpeg 300w, https:\/\/radio-newyork.com\/wp-content\/uploads\/2026\/01\/IMG_9738-768x541.jpeg 768w\" sizes=\"auto, (max-width: 960px) 100vw, 960px\" \/><\/figure>\n\n\n\n<p>Osnovao je i vodio vi\u0161e klubova koji su obilje\u017eili sportski \u017eivot Sarajeva: TKD Novi Grad, TKD Stari Grad, TKD Piksi, TKD Marijin Dvor i TKD Resta. Kroz te klubove pro\u0161le su hiljade mladih sportista. Samo u jednom upisnom ciklusu broj kandidata prelazio je 300, \u0161to je u tada\u0161njim uslovima predstavljalo pravi sportski fenomen i dokaz ekspanzije Taekwon-doa. Pioniri koje je trenirao redovno su osvajali medalje na prvenstvima, a posebno na dr\u017eavnim prvenstvima Jugoslavije, gdje su osvajali veliki broj zlatnih odli\u010dja. U to vrijeme Rastoderovi klubovi postali su simbol nove sportske generacije u Sarajevu.<\/p>\n\n\n\n<figure class=\"wp-block-image size-large\"><img loading=\"lazy\" decoding=\"async\" width=\"587\" height=\"1024\" src=\"https:\/\/radio-newyork.com\/wp-content\/uploads\/2026\/01\/IMG_3976-587x1024.jpg\" alt=\"\" class=\"wp-image-3123\" srcset=\"https:\/\/radio-newyork.com\/wp-content\/uploads\/2026\/01\/IMG_3976-587x1024.jpg 587w, https:\/\/radio-newyork.com\/wp-content\/uploads\/2026\/01\/IMG_3976-172x300.jpg 172w, https:\/\/radio-newyork.com\/wp-content\/uploads\/2026\/01\/IMG_3976.jpg 750w\" sizes=\"auto, (max-width: 587px) 100vw, 587px\" \/><\/figure>\n\n\n\n<figure class=\"wp-block-image size-full\"><img loading=\"lazy\" decoding=\"async\" width=\"580\" height=\"610\" src=\"https:\/\/radio-newyork.com\/wp-content\/uploads\/2026\/01\/IMG_9315.jpg\" alt=\"\" class=\"wp-image-3124\" srcset=\"https:\/\/radio-newyork.com\/wp-content\/uploads\/2026\/01\/IMG_9315.jpg 580w, https:\/\/radio-newyork.com\/wp-content\/uploads\/2026\/01\/IMG_9315-285x300.jpg 285w\" sizes=\"auto, (max-width: 580px) 100vw, 580px\" \/><\/figure>\n\n\n\n<p>Njegova trenerska i takmi\u010darska djelatnost bila je pra\u0107ena i demonstracijama \u0161irom Jugoslavije, uklju\u010duju\u0107i legendarni nastup na utakmici Bosna\u2013Cibona u Skenderiji, te demonstraciju pred osniva\u010dem Taekwon-doa, generalom Choi Hong Hiem, \u0161to je zabilje\u017eeno u slu\u017ebenim arhivama ITF-a.<\/p>\n\n\n\n<figure class=\"wp-block-image size-full\"><img loading=\"lazy\" decoding=\"async\" width=\"425\" height=\"565\" src=\"https:\/\/radio-newyork.com\/wp-content\/uploads\/2026\/01\/IMG_1335.jpg\" alt=\"\" class=\"wp-image-3125\" srcset=\"https:\/\/radio-newyork.com\/wp-content\/uploads\/2026\/01\/IMG_1335.jpg 425w, https:\/\/radio-newyork.com\/wp-content\/uploads\/2026\/01\/IMG_1335-226x300.jpg 226w\" sizes=\"auto, (max-width: 425px) 100vw, 425px\" \/><\/figure>\n\n\n\n<figure class=\"wp-block-image size-large\"><img loading=\"lazy\" decoding=\"async\" width=\"684\" height=\"1024\" src=\"https:\/\/radio-newyork.com\/wp-content\/uploads\/2026\/01\/IMG_3967-684x1024.jpg\" alt=\"\" class=\"wp-image-3126\" srcset=\"https:\/\/radio-newyork.com\/wp-content\/uploads\/2026\/01\/IMG_3967-684x1024.jpg 684w, https:\/\/radio-newyork.com\/wp-content\/uploads\/2026\/01\/IMG_3967-200x300.jpg 200w, https:\/\/radio-newyork.com\/wp-content\/uploads\/2026\/01\/IMG_3967-768x1150.jpg 768w, https:\/\/radio-newyork.com\/wp-content\/uploads\/2026\/01\/IMG_3967-1026x1536.jpg 1026w, https:\/\/radio-newyork.com\/wp-content\/uploads\/2026\/01\/IMG_3967.jpg 1290w\" sizes=\"auto, (max-width: 684px) 100vw, 684px\" \/><\/figure>\n\n\n\n<p>Sa izbijanjem agresije na Bosnu i Hercegovinu, Rastoder preuzima jednu od najte\u017eih misija u historiji sporta u BiH: o\u010duvanje Taekwon-doa u opkoljenom Sarajevu. Izme\u0111u 1992. i 1994. godine organizuje treninge u FIS-u, gdje se okupljaju sportisti iz razli\u010ditih disciplina \u2014 Taekwon-do ITF\/WTF, kickboxing, karate, boks, rvanje \u2014 od djece do odraslih. U ratnim uslovima, kada je sport postao i moralni \u010din, na treningu se znalo pojaviti i preko stotinu vje\u017eba\u010da. Prkos, inat i ponos bili su ve\u0107i od granata i logike ratnog vremena.<\/p>\n\n\n\n<figure class=\"wp-block-image size-full\"><img loading=\"lazy\" decoding=\"async\" width=\"188\" height=\"467\" src=\"https:\/\/radio-newyork.com\/wp-content\/uploads\/2026\/01\/IMG_1513.jpeg\" alt=\"\" class=\"wp-image-3127\" srcset=\"https:\/\/radio-newyork.com\/wp-content\/uploads\/2026\/01\/IMG_1513.jpeg 188w, https:\/\/radio-newyork.com\/wp-content\/uploads\/2026\/01\/IMG_1513-121x300.jpeg 121w\" sizes=\"auto, (max-width: 188px) 100vw, 188px\" \/><\/figure>\n\n\n\n<p>U tim godinama Rastoder osniva ITF Taekwon-do savez Republike Bosne i Hercegovine i postaje njegov prvi predsjednik. Naknadno formira i WTF savez, te oba sistema ujedinjuje u jedinstveni Taekwon-do savez BiH. Kao selektor vodi prvu reprezentaciju Bosne i Hercegovine na ITF Svjetsko prvenstvo u Maleziji 1994. godine \u2014 \u0161to je bio prvi me\u0111unarodni izlazak BiH u Taekwon-dou tokom rata.<\/p>\n\n\n\n<figure class=\"wp-block-image size-full\"><img loading=\"lazy\" decoding=\"async\" width=\"720\" height=\"803\" src=\"https:\/\/radio-newyork.com\/wp-content\/uploads\/2026\/01\/IMG_9316.jpeg\" alt=\"\" class=\"wp-image-3128\" srcset=\"https:\/\/radio-newyork.com\/wp-content\/uploads\/2026\/01\/IMG_9316.jpeg 720w, https:\/\/radio-newyork.com\/wp-content\/uploads\/2026\/01\/IMG_9316-269x300.jpeg 269w\" sizes=\"auto, (max-width: 720px) 100vw, 720px\" \/><\/figure>\n\n\n\n<p>Nakon rata emigrira u Sjedinjene Ameri\u010dke Dr\u017eave, gdje nastavlja sportsku misiju u dijaspori kroz osnivanje B.A.S.A \u2014 Bosansko Ameri\u010dke Sportske Akademije u New Yorku. Kao trener i predsjednik BASA-e u\u010destvuje na dvocifrenom broju takmi\u010denja godi\u0161nje u New Yorku i okolnim dr\u017eavama, prenose\u0107i sport na novu generaciju.<\/p>\n\n\n\n<figure class=\"wp-block-image size-large\"><img loading=\"lazy\" decoding=\"async\" width=\"510\" height=\"1024\" src=\"https:\/\/radio-newyork.com\/wp-content\/uploads\/2026\/01\/IMG_3926-510x1024.jpg\" alt=\"\" class=\"wp-image-3129\" srcset=\"https:\/\/radio-newyork.com\/wp-content\/uploads\/2026\/01\/IMG_3926-510x1024.jpg 510w, https:\/\/radio-newyork.com\/wp-content\/uploads\/2026\/01\/IMG_3926-149x300.jpg 149w, https:\/\/radio-newyork.com\/wp-content\/uploads\/2026\/01\/IMG_3926.jpg 746w\" sizes=\"auto, (max-width: 510px) 100vw, 510px\" \/><\/figure>\n\n\n\n<p>Danas, kao nosilac zvanja VI DAN, Ismet Rastoder ima skoro pet decenija neprekinutog sportskog rada \u2014 od pionira u miru, preko sportskog organizatora u ratu, do trenera i instruktora u dijaspori. Njegov doprinos povezuje tri historijska konteksta \u2014 mir, rat i dijasporu \u2014 \u010dine\u0107i ga jednim od centralnih aktera u razvoju Taekwon-doa u Bosni i Hercegovini, te me\u0111u rijetkima koji su ovu vje\u0161tinu nosili kroz tri vremena i tri sistema.<\/p>\n\n\n\n<p>O\u017eenjen je Eldom (ro\u0111. Muminovi\u0107) i otac je sina i k\u0107erke.<\/p>\n\n\n\n<figure class=\"wp-block-image size-large\"><img loading=\"lazy\" decoding=\"async\" width=\"1024\" height=\"861\" src=\"https:\/\/radio-newyork.com\/wp-content\/uploads\/2026\/01\/IMG_4576-1024x861.jpeg\" alt=\"\" class=\"wp-image-3130\" srcset=\"https:\/\/radio-newyork.com\/wp-content\/uploads\/2026\/01\/IMG_4576-1024x861.jpeg 1024w, https:\/\/radio-newyork.com\/wp-content\/uploads\/2026\/01\/IMG_4576-300x252.jpeg 300w, https:\/\/radio-newyork.com\/wp-content\/uploads\/2026\/01\/IMG_4576-768x646.jpeg 768w, https:\/\/radio-newyork.com\/wp-content\/uploads\/2026\/01\/IMG_4576.jpeg 1125w\" sizes=\"auto, (max-width: 1024px) 100vw, 1024px\" \/><\/figure>\n","protected":false},"excerpt":{"rendered":"<p>Ismet Rastoder (VI DAN) ro\u0111en je 1959. godine u Andrijevici, Crna Gora. Osnovno \u0161kolovanje zavr\u0161io je u Kola\u0161inu, a srednje i visoko obrazovanje u Sarajevu, gdje je diplomirao na Pravnom fakultetu. Grad na Miljacki obilje\u017eio je njegov \u017eivotni i sportski put: u njemu je postao sportista, trener, organizator, selektor i jedan od najva\u017enijih pionira Taekwon-doa [&hellip;]<\/p>\n","protected":false},"author":2,"featured_media":3117,"comment_status":"open","ping_status":"open","sticky":false,"template":"","format":"standard","meta":{"footnotes":""},"categories":[1],"tags":[],"class_list":["post-3116","post","type-post","status-publish","format-standard","has-post-thumbnail","hentry","category-uncategorized"],"acf":[],"yoast_head":"<!-- This site is optimized with the Yoast SEO plugin v26.2 - https:\/\/yoast.com\/wordpress\/plugins\/seo\/ -->\n<title>Pionir Taekwon-do Jugoslavije ISMET RASTODER (VI DAN) - Radio New York<\/title>\n<meta name=\"robots\" content=\"index, follow, max-snippet:-1, max-image-preview:large, max-video-preview:-1\" \/>\n<link rel=\"canonical\" href=\"https:\/\/radio-newyork.com\/?p=3116\" \/>\n<meta property=\"og:locale\" content=\"en_US\" \/>\n<meta property=\"og:type\" content=\"article\" \/>\n<meta property=\"og:title\" content=\"Pionir Taekwon-do Jugoslavije ISMET RASTODER (VI DAN) - Radio New York\" \/>\n<meta property=\"og:description\" content=\"Ismet Rastoder (VI DAN) ro\u0111en je 1959. godine u Andrijevici, Crna Gora. Osnovno \u0161kolovanje zavr\u0161io je u Kola\u0161inu, a srednje i visoko obrazovanje u Sarajevu, gdje je diplomirao na Pravnom fakultetu. Grad na Miljacki obilje\u017eio je njegov \u017eivotni i sportski put: u njemu je postao sportista, trener, organizator, selektor i jedan od najva\u017enijih pionira Taekwon-doa [&hellip;]\" \/>\n<meta property=\"og:url\" content=\"https:\/\/radio-newyork.com\/?p=3116\" \/>\n<meta property=\"og:site_name\" content=\"Radio New York\" \/>\n<meta property=\"article:published_time\" content=\"2026-01-13T22:03:30+00:00\" \/>\n<meta property=\"article:modified_time\" content=\"2026-01-13T22:03:38+00:00\" \/>\n<meta property=\"og:image\" content=\"https:\/\/radio-newyork.com\/wp-content\/uploads\/2026\/01\/IMG_3955.jpg\" \/>\n\t<meta property=\"og:image:width\" content=\"984\" \/>\n\t<meta property=\"og:image:height\" content=\"1376\" \/>\n\t<meta property=\"og:image:type\" content=\"image\/jpeg\" \/>\n<meta name=\"author\" content=\"Ismet Rastoder\" \/>\n<meta name=\"twitter:card\" content=\"summary_large_image\" \/>\n<meta name=\"twitter:label1\" content=\"Written by\" \/>\n\t<meta name=\"twitter:data1\" content=\"Ismet Rastoder\" \/>\n\t<meta name=\"twitter:label2\" content=\"Est. reading time\" \/>\n\t<meta name=\"twitter:data2\" content=\"6 minutes\" \/>\n<script type=\"application\/ld+json\" class=\"yoast-schema-graph\">{\"@context\":\"https:\/\/schema.org\",\"@graph\":[{\"@type\":\"Article\",\"@id\":\"https:\/\/radio-newyork.com\/?p=3116#article\",\"isPartOf\":{\"@id\":\"https:\/\/radio-newyork.com\/?p=3116\"},\"author\":{\"name\":\"Ismet Rastoder\",\"@id\":\"https:\/\/radio-newyork.com\/#\/schema\/person\/e2f4dbf5b60fd9ac004d77b9e1b59559\"},\"headline\":\"Pionir Taekwon-do Jugoslavije ISMET RASTODER (VI DAN)\",\"datePublished\":\"2026-01-13T22:03:30+00:00\",\"dateModified\":\"2026-01-13T22:03:38+00:00\",\"mainEntityOfPage\":{\"@id\":\"https:\/\/radio-newyork.com\/?p=3116\"},\"wordCount\":617,\"commentCount\":0,\"publisher\":{\"@id\":\"https:\/\/radio-newyork.com\/#organization\"},\"image\":{\"@id\":\"https:\/\/radio-newyork.com\/?p=3116#primaryimage\"},\"thumbnailUrl\":\"https:\/\/radio-newyork.com\/wp-content\/uploads\/2026\/01\/IMG_3955.jpg\",\"inLanguage\":\"en-US\",\"potentialAction\":[{\"@type\":\"CommentAction\",\"name\":\"Comment\",\"target\":[\"https:\/\/radio-newyork.com\/?p=3116#respond\"]}]},{\"@type\":\"WebPage\",\"@id\":\"https:\/\/radio-newyork.com\/?p=3116\",\"url\":\"https:\/\/radio-newyork.com\/?p=3116\",\"name\":\"Pionir Taekwon-do Jugoslavije ISMET RASTODER (VI DAN) - Radio New York\",\"isPartOf\":{\"@id\":\"https:\/\/radio-newyork.com\/#website\"},\"primaryImageOfPage\":{\"@id\":\"https:\/\/radio-newyork.com\/?p=3116#primaryimage\"},\"image\":{\"@id\":\"https:\/\/radio-newyork.com\/?p=3116#primaryimage\"},\"thumbnailUrl\":\"https:\/\/radio-newyork.com\/wp-content\/uploads\/2026\/01\/IMG_3955.jpg\",\"datePublished\":\"2026-01-13T22:03:30+00:00\",\"dateModified\":\"2026-01-13T22:03:38+00:00\",\"breadcrumb\":{\"@id\":\"https:\/\/radio-newyork.com\/?p=3116#breadcrumb\"},\"inLanguage\":\"en-US\",\"potentialAction\":[{\"@type\":\"ReadAction\",\"target\":[\"https:\/\/radio-newyork.com\/?p=3116\"]}]},{\"@type\":\"ImageObject\",\"inLanguage\":\"en-US\",\"@id\":\"https:\/\/radio-newyork.com\/?p=3116#primaryimage\",\"url\":\"https:\/\/radio-newyork.com\/wp-content\/uploads\/2026\/01\/IMG_3955.jpg\",\"contentUrl\":\"https:\/\/radio-newyork.com\/wp-content\/uploads\/2026\/01\/IMG_3955.jpg\",\"width\":984,\"height\":1376},{\"@type\":\"BreadcrumbList\",\"@id\":\"https:\/\/radio-newyork.com\/?p=3116#breadcrumb\",\"itemListElement\":[{\"@type\":\"ListItem\",\"position\":1,\"name\":\"Home\",\"item\":\"https:\/\/radio-newyork.com\/\"},{\"@type\":\"ListItem\",\"position\":2,\"name\":\"Pionir Taekwon-do Jugoslavije ISMET RASTODER (VI DAN)\"}]},{\"@type\":\"WebSite\",\"@id\":\"https:\/\/radio-newyork.com\/#website\",\"url\":\"https:\/\/radio-newyork.com\/\",\"name\":\"Radio New York\",\"description\":\"Radio New York \u2014 Most Amerike i domovine\",\"publisher\":{\"@id\":\"https:\/\/radio-newyork.com\/#organization\"},\"potentialAction\":[{\"@type\":\"SearchAction\",\"target\":{\"@type\":\"EntryPoint\",\"urlTemplate\":\"https:\/\/radio-newyork.com\/?s={search_term_string}\"},\"query-input\":{\"@type\":\"PropertyValueSpecification\",\"valueRequired\":true,\"valueName\":\"search_term_string\"}}],\"inLanguage\":\"en-US\"},{\"@type\":\"Organization\",\"@id\":\"https:\/\/radio-newyork.com\/#organization\",\"name\":\"Radio New York\",\"url\":\"https:\/\/radio-newyork.com\/\",\"logo\":{\"@type\":\"ImageObject\",\"inLanguage\":\"en-US\",\"@id\":\"https:\/\/radio-newyork.com\/#\/schema\/logo\/image\/\",\"url\":\"https:\/\/radio-newyork.com\/wp-content\/uploads\/2021\/12\/262517255_4571047313011643_1786418142376364479_n.jpg\",\"contentUrl\":\"https:\/\/radio-newyork.com\/wp-content\/uploads\/2021\/12\/262517255_4571047313011643_1786418142376364479_n.jpg\",\"width\":212,\"height\":210,\"caption\":\"Radio New York\"},\"image\":{\"@id\":\"https:\/\/radio-newyork.com\/#\/schema\/logo\/image\/\"}},{\"@type\":\"Person\",\"@id\":\"https:\/\/radio-newyork.com\/#\/schema\/person\/e2f4dbf5b60fd9ac004d77b9e1b59559\",\"name\":\"Ismet Rastoder\",\"image\":{\"@type\":\"ImageObject\",\"inLanguage\":\"en-US\",\"@id\":\"https:\/\/radio-newyork.com\/#\/schema\/person\/image\/\",\"url\":\"https:\/\/secure.gravatar.com\/avatar\/800e8dd1eac3e728e825b7d5c16c80b067c4a0557a2ce54986c89f6008f454bb?s=96&d=mm&r=g\",\"contentUrl\":\"https:\/\/secure.gravatar.com\/avatar\/800e8dd1eac3e728e825b7d5c16c80b067c4a0557a2ce54986c89f6008f454bb?s=96&d=mm&r=g\",\"caption\":\"Ismet Rastoder\"},\"description\":\"Ismet Rastoder je urednik i osniva\u010d portala Radio New York \u2014 medijskog prostora posve\u0107enog dijaspori, dru\u0161tvenoj istini i stvarnim \u017eivotnim pitanjima Balkana i Amerike. Poznat po direktnom stilu, hrabrim komentarima i beskompromisnoj borbi protiv nepravde, Rastoder donosi glas zajednice koja se \u010desto ne \u010duje, ali itekako postoji. Vi\u0161e od dvije decenije aktivan je u zajednici i medijima, gdje kroz analize, autorske kolumne i dru\u0161tveni anga\u017eman povezuje iskustvo \u017eivota u Americi sa realno\u0161\u0107u Balkana. Njegove pri\u010de otvaraju va\u017ene teme \u2014 od identiteta i politike, do kulture, dijaspore i dru\u0161tvenih transformacija. Prepoznat je kao glas dijaspore koji govori ono \u0161to mnogi misle, ali rijetko ko ka\u017ee.\",\"sameAs\":[\"http:\/\/radio-newyork.com\"],\"url\":\"https:\/\/radio-newyork.com\/?author=2\"}]}<\/script>\n<!-- \/ Yoast SEO plugin. -->","yoast_head_json":{"title":"Pionir Taekwon-do Jugoslavije ISMET RASTODER (VI DAN) - Radio New York","robots":{"index":"index","follow":"follow","max-snippet":"max-snippet:-1","max-image-preview":"max-image-preview:large","max-video-preview":"max-video-preview:-1"},"canonical":"https:\/\/radio-newyork.com\/?p=3116","og_locale":"en_US","og_type":"article","og_title":"Pionir Taekwon-do Jugoslavije ISMET RASTODER (VI DAN) - Radio New York","og_description":"Ismet Rastoder (VI DAN) ro\u0111en je 1959. godine u Andrijevici, Crna Gora. Osnovno \u0161kolovanje zavr\u0161io je u Kola\u0161inu, a srednje i visoko obrazovanje u Sarajevu, gdje je diplomirao na Pravnom fakultetu. Grad na Miljacki obilje\u017eio je njegov \u017eivotni i sportski put: u njemu je postao sportista, trener, organizator, selektor i jedan od najva\u017enijih pionira Taekwon-doa [&hellip;]","og_url":"https:\/\/radio-newyork.com\/?p=3116","og_site_name":"Radio New York","article_published_time":"2026-01-13T22:03:30+00:00","article_modified_time":"2026-01-13T22:03:38+00:00","og_image":[{"width":984,"height":1376,"url":"https:\/\/radio-newyork.com\/wp-content\/uploads\/2026\/01\/IMG_3955.jpg","type":"image\/jpeg"}],"author":"Ismet Rastoder","twitter_card":"summary_large_image","twitter_misc":{"Written by":"Ismet Rastoder","Est. reading time":"6 minutes"},"schema":{"@context":"https:\/\/schema.org","@graph":[{"@type":"Article","@id":"https:\/\/radio-newyork.com\/?p=3116#article","isPartOf":{"@id":"https:\/\/radio-newyork.com\/?p=3116"},"author":{"name":"Ismet Rastoder","@id":"https:\/\/radio-newyork.com\/#\/schema\/person\/e2f4dbf5b60fd9ac004d77b9e1b59559"},"headline":"Pionir Taekwon-do Jugoslavije ISMET RASTODER (VI DAN)","datePublished":"2026-01-13T22:03:30+00:00","dateModified":"2026-01-13T22:03:38+00:00","mainEntityOfPage":{"@id":"https:\/\/radio-newyork.com\/?p=3116"},"wordCount":617,"commentCount":0,"publisher":{"@id":"https:\/\/radio-newyork.com\/#organization"},"image":{"@id":"https:\/\/radio-newyork.com\/?p=3116#primaryimage"},"thumbnailUrl":"https:\/\/radio-newyork.com\/wp-content\/uploads\/2026\/01\/IMG_3955.jpg","inLanguage":"en-US","potentialAction":[{"@type":"CommentAction","name":"Comment","target":["https:\/\/radio-newyork.com\/?p=3116#respond"]}]},{"@type":"WebPage","@id":"https:\/\/radio-newyork.com\/?p=3116","url":"https:\/\/radio-newyork.com\/?p=3116","name":"Pionir Taekwon-do Jugoslavije ISMET RASTODER (VI DAN) - Radio New York","isPartOf":{"@id":"https:\/\/radio-newyork.com\/#website"},"primaryImageOfPage":{"@id":"https:\/\/radio-newyork.com\/?p=3116#primaryimage"},"image":{"@id":"https:\/\/radio-newyork.com\/?p=3116#primaryimage"},"thumbnailUrl":"https:\/\/radio-newyork.com\/wp-content\/uploads\/2026\/01\/IMG_3955.jpg","datePublished":"2026-01-13T22:03:30+00:00","dateModified":"2026-01-13T22:03:38+00:00","breadcrumb":{"@id":"https:\/\/radio-newyork.com\/?p=3116#breadcrumb"},"inLanguage":"en-US","potentialAction":[{"@type":"ReadAction","target":["https:\/\/radio-newyork.com\/?p=3116"]}]},{"@type":"ImageObject","inLanguage":"en-US","@id":"https:\/\/radio-newyork.com\/?p=3116#primaryimage","url":"https:\/\/radio-newyork.com\/wp-content\/uploads\/2026\/01\/IMG_3955.jpg","contentUrl":"https:\/\/radio-newyork.com\/wp-content\/uploads\/2026\/01\/IMG_3955.jpg","width":984,"height":1376},{"@type":"BreadcrumbList","@id":"https:\/\/radio-newyork.com\/?p=3116#breadcrumb","itemListElement":[{"@type":"ListItem","position":1,"name":"Home","item":"https:\/\/radio-newyork.com\/"},{"@type":"ListItem","position":2,"name":"Pionir Taekwon-do Jugoslavije ISMET RASTODER (VI DAN)"}]},{"@type":"WebSite","@id":"https:\/\/radio-newyork.com\/#website","url":"https:\/\/radio-newyork.com\/","name":"Radio New York","description":"Radio New York \u2014 Most Amerike i domovine","publisher":{"@id":"https:\/\/radio-newyork.com\/#organization"},"potentialAction":[{"@type":"SearchAction","target":{"@type":"EntryPoint","urlTemplate":"https:\/\/radio-newyork.com\/?s={search_term_string}"},"query-input":{"@type":"PropertyValueSpecification","valueRequired":true,"valueName":"search_term_string"}}],"inLanguage":"en-US"},{"@type":"Organization","@id":"https:\/\/radio-newyork.com\/#organization","name":"Radio New York","url":"https:\/\/radio-newyork.com\/","logo":{"@type":"ImageObject","inLanguage":"en-US","@id":"https:\/\/radio-newyork.com\/#\/schema\/logo\/image\/","url":"https:\/\/radio-newyork.com\/wp-content\/uploads\/2021\/12\/262517255_4571047313011643_1786418142376364479_n.jpg","contentUrl":"https:\/\/radio-newyork.com\/wp-content\/uploads\/2021\/12\/262517255_4571047313011643_1786418142376364479_n.jpg","width":212,"height":210,"caption":"Radio New York"},"image":{"@id":"https:\/\/radio-newyork.com\/#\/schema\/logo\/image\/"}},{"@type":"Person","@id":"https:\/\/radio-newyork.com\/#\/schema\/person\/e2f4dbf5b60fd9ac004d77b9e1b59559","name":"Ismet Rastoder","image":{"@type":"ImageObject","inLanguage":"en-US","@id":"https:\/\/radio-newyork.com\/#\/schema\/person\/image\/","url":"https:\/\/secure.gravatar.com\/avatar\/800e8dd1eac3e728e825b7d5c16c80b067c4a0557a2ce54986c89f6008f454bb?s=96&d=mm&r=g","contentUrl":"https:\/\/secure.gravatar.com\/avatar\/800e8dd1eac3e728e825b7d5c16c80b067c4a0557a2ce54986c89f6008f454bb?s=96&d=mm&r=g","caption":"Ismet Rastoder"},"description":"Ismet Rastoder je urednik i osniva\u010d portala Radio New York \u2014 medijskog prostora posve\u0107enog dijaspori, dru\u0161tvenoj istini i stvarnim \u017eivotnim pitanjima Balkana i Amerike. Poznat po direktnom stilu, hrabrim komentarima i beskompromisnoj borbi protiv nepravde, Rastoder donosi glas zajednice koja se \u010desto ne \u010duje, ali itekako postoji. Vi\u0161e od dvije decenije aktivan je u zajednici i medijima, gdje kroz analize, autorske kolumne i dru\u0161tveni anga\u017eman povezuje iskustvo \u017eivota u Americi sa realno\u0161\u0107u Balkana. Njegove pri\u010de otvaraju va\u017ene teme \u2014 od identiteta i politike, do kulture, dijaspore i dru\u0161tvenih transformacija. Prepoznat je kao glas dijaspore koji govori ono \u0161to mnogi misle, ali rijetko ko ka\u017ee.","sameAs":["http:\/\/radio-newyork.com"],"url":"https:\/\/radio-newyork.com\/?author=2"}]}},"_links":{"self":[{"href":"https:\/\/radio-newyork.com\/index.php?rest_route=\/wp\/v2\/posts\/3116","targetHints":{"allow":["GET"]}}],"collection":[{"href":"https:\/\/radio-newyork.com\/index.php?rest_route=\/wp\/v2\/posts"}],"about":[{"href":"https:\/\/radio-newyork.com\/index.php?rest_route=\/wp\/v2\/types\/post"}],"author":[{"embeddable":true,"href":"https:\/\/radio-newyork.com\/index.php?rest_route=\/wp\/v2\/users\/2"}],"replies":[{"embeddable":true,"href":"https:\/\/radio-newyork.com\/index.php?rest_route=%2Fwp%2Fv2%2Fcomments&post=3116"}],"version-history":[{"count":1,"href":"https:\/\/radio-newyork.com\/index.php?rest_route=\/wp\/v2\/posts\/3116\/revisions"}],"predecessor-version":[{"id":3131,"href":"https:\/\/radio-newyork.com\/index.php?rest_route=\/wp\/v2\/posts\/3116\/revisions\/3131"}],"wp:featuredmedia":[{"embeddable":true,"href":"https:\/\/radio-newyork.com\/index.php?rest_route=\/wp\/v2\/media\/3117"}],"wp:attachment":[{"href":"https:\/\/radio-newyork.com\/index.php?rest_route=%2Fwp%2Fv2%2Fmedia&parent=3116"}],"wp:term":[{"taxonomy":"category","embeddable":true,"href":"https:\/\/radio-newyork.com\/index.php?rest_route=%2Fwp%2Fv2%2Fcategories&post=3116"},{"taxonomy":"post_tag","embeddable":true,"href":"https:\/\/radio-newyork.com\/index.php?rest_route=%2Fwp%2Fv2%2Ftags&post=3116"}],"curies":[{"name":"wp","href":"https:\/\/api.w.org\/{rel}","templated":true}]}}