{"id":3094,"date":"2026-01-12T14:57:55","date_gmt":"2026-01-12T14:57:55","guid":{"rendered":"https:\/\/radio-newyork.com\/?p=3094"},"modified":"2026-01-12T14:57:55","modified_gmt":"2026-01-12T14:57:55","slug":"5-tipova-zena-koje-muskarci-pamte-cijeli-zivot-da-li-ste-medu-njima","status":"publish","type":"post","link":"https:\/\/radio-newyork.com\/?p=3094","title":{"rendered":"5 tipova \u017eena koje mu\u0161karci pamte cijeli \u017eivot, da li ste me\u0111u njima?"},"content":{"rendered":"\n<figure class=\"wp-block-image size-full\"><img loading=\"lazy\" decoding=\"async\" width=\"673\" height=\"549\" src=\"https:\/\/radio-newyork.com\/wp-content\/uploads\/2026\/01\/Screenshot-2026-01-12-at-9.53.49-AM.png\" alt=\"\" class=\"wp-image-3095\" srcset=\"https:\/\/radio-newyork.com\/wp-content\/uploads\/2026\/01\/Screenshot-2026-01-12-at-9.53.49-AM.png 673w, https:\/\/radio-newyork.com\/wp-content\/uploads\/2026\/01\/Screenshot-2026-01-12-at-9.53.49-AM-300x245.png 300w\" sizes=\"auto, (max-width: 673px) 100vw, 673px\" \/><\/figure>\n\n\n\n<p>Neke <a href=\"https:\/\/edukujsee.com\/2026\/01\/11\/ova-4-znaka-zodijaka-vaze-za-najlukavije-mnogi-nasjednu-a-da-to-i-ne-shvate\/\">osobe<\/a> u\u0111u u na\u0161 <a href=\"https:\/\/edukujsee.com\/2026\/01\/08\/ljudi-rodeni-na-ovih-6-dana-u-mjesecu-imaju-vece-sanse-za-finansijski-uspjeh-provjerite-svoj-datum-rodenja\/\">\u017eivot<\/a> tiho, bez velikih najava, a ipak ostanu u sje\u0107anju mnogo du\u017ee nego \u0161to bismo ikada o\u010dekivali. Kada je rije\u010d o odnosima, <a href=\"https:\/\/edukujsee.com\/2026\/01\/06\/nije-je-prebolio-ako-muskarac-radi-ovih-6-stvari-bivsa-mu-je-i-dalje-u-glavi\/\">psiholozi<\/a> isti\u010du da mu\u0161karci ne pamte uvijek \u017eene s kojima su proveli najvi\u0161e vremena, ve\u0107 one koje su u njima ostavile sna\u017ean emotivni trag. Taj trag ne nastaje zbog savr\u0161enstva, ve\u0107 zbog osje\u0107aja koji je <a href=\"https:\/\/edukujsee.com\/2026\/01\/06\/cak-i-kad-znaju-da-su-uradili-pravu-stvar-razvedeni-se-stide-ove-4-stvari\/\">veza<\/a> budila.<\/p>\n\n\n\n<p>Dru\u0161tvo \u010desto name\u0107e ideju da se pamte isklju\u010divo velike ljubavi ili dramati\u010dni <a href=\"https:\/\/edukujsee.com\/2026\/01\/06\/ako-ima-ovih-11-dosadnih-navika-cuvaj-ga-bit-ce-najbolji-moguci-muz\/\">odnosi<\/a>, ali stvarnost je suptilnija. Mu\u0161karci, ba\u0161 kao i \u017eene, najdu\u017ee pamte one odnose u kojima su se osje\u0107ali vi\u0111eno, prihva\u0107eno i emocionalno sigurno. To su iskustva koja oblikuju na\u010din na koji kasnije vole, biraju i postavljaju granice.<\/p>\n\n\n\n<p>Psiholozi obja\u0161njavaju da postoje odre\u0111eni obrasci pona\u0161anja i unutra\u0161nje <a href=\"https:\/\/edukujsee.com\/2026\/01\/09\/vasa-boja-ociju-otkriva-vise-nego-sto-mislite-pogledajte-koliko-je-ovo-tacno\/\">osobine<\/a> zbog kojih neke \u017eene ostaju duboko urezane u mu\u0161kom sje\u0107anju, bez obzira na to kako se <a href=\"https:\/\/edukujsee.com\/2026\/01\/03\/jedna-najvise-razara-dijete-7-osobina-koje-imaju-toksicne-majke\/\">odnos<\/a> zavr\u0161io. U nastavku donosimo pet tipova <a href=\"https:\/\/edukujsee.com\/2026\/01\/08\/zene-koje-znaju-svoju-vrijednost-slijede-5-pravila-koja-prosjecni-ljudi-ne-razumiju\/\">\u017eena<\/a> koje mu\u0161karci pamte cijeli \u017eivot i pitanje koje se mnoge potajno zapitaju, da li ste mo\u017eda i vi me\u0111u njima.<\/p>\n\n\n\n<h2 class=\"wp-block-heading\">\u017dene koje ostavljaju emocionalni trag<\/h2>\n\n\n\n<p><strong>1. \u017dena uz koju je mogao biti ono \u0161to jeste<\/strong><\/p>\n\n\n\n<p>Mu\u0161karci rijetko zaboravljaju \u017eenu pred kojom nisu morali glumiti snagu, kontrolu ili savr\u0161enstvo. Psiholozi isti\u010du da osje\u0107aj emocionalne sigurnosti, u kojem <a href=\"https:\/\/edukujsee.com\/2026\/01\/06\/10-brutalnih-znakova-da-nesto-ozbiljno-ne-funkcionise-u-vasim-intimnim-odnosima\/\">mu\u0161karac<\/a> mo\u017ee pokazati slabost bez straha od osude, ostavlja dubok trag. Takva povezanost stvara iskustvo koje se te\u0161ko ponovo pronalazi.<\/p>\n\n\n\n<p><strong>2. \u017dena koja ga je istinski razumjela<\/strong><\/p>\n\n\n\n<p>Razumijevanje ne zna\u010di slaganje u svemu, ve\u0107 sposobnost da se vidi dublji sloj osobe. Kada se mu\u0161karac osjeti shva\u0107enim, \u010dak i u trenucima kada sam sebe ne razumije, ta veza postaje posebno zna\u010dajna. Psiholozi nagla\u0161avaju da se ovakva emocionalna validacija pamti godinama.<\/p>\n\n\n\n<p><strong>3. \u017dena koja je znala postaviti granice<\/strong><\/p>\n\n\n\n<p>Suprotno uvrije\u017eenom mi\u0161ljenju, mu\u0161karci ne pamte samo one koje su se prilago\u0111avale. \u010cesto se najdu\u017ee pamte \u017eene koje su znale re\u0107i ne, izraziti svoje potrebe i sa\u010duvati vlastiti identitet. Takva stabilnost i samopo\u0161tovanje ostavljaju sna\u017ean utisak i po\u0161tovanje koje traje.<\/p>\n\n\n\n<h2 class=\"wp-block-heading\">Za\u0161to se neke \u017eene pamte bez obzira na ishod veze<\/h2>\n\n\n\n<p><strong>4. \u017dena koja je u njemu probudila bolju verziju sebe<\/strong><\/p>\n\n\n\n<p>Mu\u0161karci pamte \u017eene uz koje su rasli, u\u010dili i postajali svjesniji sebe. Ako je veza motivisala promjene, sazrijevanje ili druga\u010diji pogled na \u017eivot, ona postaje prekretnica. Psiholozi obja\u0161njavaju da se takvi odnosi pamte jer su povezani s li\u010dnim razvojem.<\/p>\n\n\n\n<p><strong>5. \u017dena koja je znala oti\u0107i bez ru\u0161enja svega<\/strong><\/p>\n\n\n\n<p>Na\u010din na koji se odnos zavr\u0161ava \u010desto odre\u0111uje kako \u0107e ostati zapam\u0107en. \u017dena koja je znala oti\u0107i dostojanstveno, bez manipulacije i te\u0161kih rije\u010di, ostavlja sna\u017ean utisak. Takav kraj ne bri\u0161e lijepa sje\u0107anja, ve\u0107 ih \u010desto dodatno u\u010dvr\u0161\u0107uje.<\/p>\n\n\n\n<p>Va\u017eno je razumjeti da biti zapam\u0107en ne zna\u010di biti savr\u0161en. Mu\u0161karci ne pamte idealne slike, ve\u0107 autenti\u010dne emocije. Pamte kako su se osje\u0107ali, kako su bili tretirani i kakva je bila atmosfera u odnosu.<\/p>\n\n\n\n<p>Psiholozi nagla\u0161avaju da svaka \u017eena mo\u017ee ostaviti sna\u017ean trag ako je u <a href=\"https:\/\/edukujsee.com\/2026\/01\/06\/kada-zena-prestane-postavljati-ova-pitanja-psiholozi-kazu-da-je-vec-donijela-vaznu-odluku\/\">vezi<\/a> bila iskrena prema sebi i drugoj osobi. Pitanje nije da li \u0107ete se uklopiti u neki tip, ve\u0107 da li ste u odnosu bili autenti\u010dni. Upravo ta autenti\u010dnost je ono \u0161to ostaje u sje\u0107anju, \u010desto mnogo du\u017ee nego \u0161to se o\u010dekuje.<\/p>\n\n\n\n<figure class=\"wp-block-image size-full\"><img loading=\"lazy\" decoding=\"async\" width=\"778\" height=\"436\" src=\"https:\/\/radio-newyork.com\/wp-content\/uploads\/2026\/01\/Screenshot-2026-01-12-at-9.56.22-AM.png\" alt=\"\" class=\"wp-image-3096\" srcset=\"https:\/\/radio-newyork.com\/wp-content\/uploads\/2026\/01\/Screenshot-2026-01-12-at-9.56.22-AM.png 778w, https:\/\/radio-newyork.com\/wp-content\/uploads\/2026\/01\/Screenshot-2026-01-12-at-9.56.22-AM-300x168.png 300w, https:\/\/radio-newyork.com\/wp-content\/uploads\/2026\/01\/Screenshot-2026-01-12-at-9.56.22-AM-768x430.png 768w\" sizes=\"auto, (max-width: 778px) 100vw, 778px\" \/><\/figure>\n\n\n\n<p><\/p>\n","protected":false},"excerpt":{"rendered":"<p>Neke osobe u\u0111u u na\u0161 \u017eivot tiho, bez velikih najava, a ipak ostanu u sje\u0107anju mnogo du\u017ee nego \u0161to bismo ikada o\u010dekivali. Kada je rije\u010d o odnosima, psiholozi isti\u010du da mu\u0161karci ne pamte uvijek \u017eene s kojima su proveli najvi\u0161e vremena, ve\u0107 one koje su u njima ostavile sna\u017ean emotivni trag. Taj trag ne nastaje [&hellip;]<\/p>\n","protected":false},"author":2,"featured_media":0,"comment_status":"open","ping_status":"open","sticky":false,"template":"","format":"standard","meta":{"footnotes":""},"categories":[1],"tags":[],"class_list":["post-3094","post","type-post","status-publish","format-standard","hentry","category-uncategorized"],"acf":[],"yoast_head":"<!-- This site is optimized with the Yoast SEO plugin v26.2 - https:\/\/yoast.com\/wordpress\/plugins\/seo\/ -->\n<title>5 tipova \u017eena koje mu\u0161karci pamte cijeli \u017eivot, da li ste me\u0111u njima? - Radio New York<\/title>\n<meta name=\"robots\" content=\"index, follow, max-snippet:-1, max-image-preview:large, max-video-preview:-1\" \/>\n<link rel=\"canonical\" href=\"https:\/\/radio-newyork.com\/?p=3094\" \/>\n<meta property=\"og:locale\" content=\"en_US\" \/>\n<meta property=\"og:type\" content=\"article\" \/>\n<meta property=\"og:title\" content=\"5 tipova \u017eena koje mu\u0161karci pamte cijeli \u017eivot, da li ste me\u0111u njima? - Radio New York\" \/>\n<meta property=\"og:description\" content=\"Neke osobe u\u0111u u na\u0161 \u017eivot tiho, bez velikih najava, a ipak ostanu u sje\u0107anju mnogo du\u017ee nego \u0161to bismo ikada o\u010dekivali. Kada je rije\u010d o odnosima, psiholozi isti\u010du da mu\u0161karci ne pamte uvijek \u017eene s kojima su proveli najvi\u0161e vremena, ve\u0107 one koje su u njima ostavile sna\u017ean emotivni trag. Taj trag ne nastaje [&hellip;]\" \/>\n<meta property=\"og:url\" content=\"https:\/\/radio-newyork.com\/?p=3094\" \/>\n<meta property=\"og:site_name\" content=\"Radio New York\" \/>\n<meta property=\"article:published_time\" content=\"2026-01-12T14:57:55+00:00\" \/>\n<meta property=\"og:image\" content=\"https:\/\/radio-newyork.com\/wp-content\/uploads\/2026\/01\/Screenshot-2026-01-12-at-9.53.49-AM.png\" \/>\n\t<meta property=\"og:image:width\" content=\"673\" \/>\n\t<meta property=\"og:image:height\" content=\"549\" \/>\n\t<meta property=\"og:image:type\" content=\"image\/png\" \/>\n<meta name=\"author\" content=\"Ismet Rastoder\" \/>\n<meta name=\"twitter:card\" content=\"summary_large_image\" \/>\n<meta name=\"twitter:label1\" content=\"Written by\" \/>\n\t<meta name=\"twitter:data1\" content=\"Ismet Rastoder\" \/>\n\t<meta name=\"twitter:label2\" content=\"Est. reading time\" \/>\n\t<meta name=\"twitter:data2\" content=\"3 minutes\" \/>\n<script type=\"application\/ld+json\" class=\"yoast-schema-graph\">{\"@context\":\"https:\/\/schema.org\",\"@graph\":[{\"@type\":\"Article\",\"@id\":\"https:\/\/radio-newyork.com\/?p=3094#article\",\"isPartOf\":{\"@id\":\"https:\/\/radio-newyork.com\/?p=3094\"},\"author\":{\"name\":\"Ismet Rastoder\",\"@id\":\"https:\/\/radio-newyork.com\/#\/schema\/person\/e2f4dbf5b60fd9ac004d77b9e1b59559\"},\"headline\":\"5 tipova \u017eena koje mu\u0161karci pamte cijeli \u017eivot, da li ste me\u0111u njima?\",\"datePublished\":\"2026-01-12T14:57:55+00:00\",\"mainEntityOfPage\":{\"@id\":\"https:\/\/radio-newyork.com\/?p=3094\"},\"wordCount\":609,\"commentCount\":0,\"publisher\":{\"@id\":\"https:\/\/radio-newyork.com\/#organization\"},\"image\":{\"@id\":\"https:\/\/radio-newyork.com\/?p=3094#primaryimage\"},\"thumbnailUrl\":\"https:\/\/radio-newyork.com\/wp-content\/uploads\/2026\/01\/Screenshot-2026-01-12-at-9.53.49-AM.png\",\"inLanguage\":\"en-US\",\"potentialAction\":[{\"@type\":\"CommentAction\",\"name\":\"Comment\",\"target\":[\"https:\/\/radio-newyork.com\/?p=3094#respond\"]}]},{\"@type\":\"WebPage\",\"@id\":\"https:\/\/radio-newyork.com\/?p=3094\",\"url\":\"https:\/\/radio-newyork.com\/?p=3094\",\"name\":\"5 tipova \u017eena koje mu\u0161karci pamte cijeli \u017eivot, da li ste me\u0111u njima? - Radio New York\",\"isPartOf\":{\"@id\":\"https:\/\/radio-newyork.com\/#website\"},\"primaryImageOfPage\":{\"@id\":\"https:\/\/radio-newyork.com\/?p=3094#primaryimage\"},\"image\":{\"@id\":\"https:\/\/radio-newyork.com\/?p=3094#primaryimage\"},\"thumbnailUrl\":\"https:\/\/radio-newyork.com\/wp-content\/uploads\/2026\/01\/Screenshot-2026-01-12-at-9.53.49-AM.png\",\"datePublished\":\"2026-01-12T14:57:55+00:00\",\"breadcrumb\":{\"@id\":\"https:\/\/radio-newyork.com\/?p=3094#breadcrumb\"},\"inLanguage\":\"en-US\",\"potentialAction\":[{\"@type\":\"ReadAction\",\"target\":[\"https:\/\/radio-newyork.com\/?p=3094\"]}]},{\"@type\":\"ImageObject\",\"inLanguage\":\"en-US\",\"@id\":\"https:\/\/radio-newyork.com\/?p=3094#primaryimage\",\"url\":\"https:\/\/radio-newyork.com\/wp-content\/uploads\/2026\/01\/Screenshot-2026-01-12-at-9.53.49-AM.png\",\"contentUrl\":\"https:\/\/radio-newyork.com\/wp-content\/uploads\/2026\/01\/Screenshot-2026-01-12-at-9.53.49-AM.png\",\"width\":673,\"height\":549},{\"@type\":\"BreadcrumbList\",\"@id\":\"https:\/\/radio-newyork.com\/?p=3094#breadcrumb\",\"itemListElement\":[{\"@type\":\"ListItem\",\"position\":1,\"name\":\"Home\",\"item\":\"https:\/\/radio-newyork.com\/\"},{\"@type\":\"ListItem\",\"position\":2,\"name\":\"5 tipova \u017eena koje mu\u0161karci pamte cijeli \u017eivot, da li ste me\u0111u njima?\"}]},{\"@type\":\"WebSite\",\"@id\":\"https:\/\/radio-newyork.com\/#website\",\"url\":\"https:\/\/radio-newyork.com\/\",\"name\":\"Radio New York\",\"description\":\"Radio New York \u2014 Most Amerike i domovine\",\"publisher\":{\"@id\":\"https:\/\/radio-newyork.com\/#organization\"},\"potentialAction\":[{\"@type\":\"SearchAction\",\"target\":{\"@type\":\"EntryPoint\",\"urlTemplate\":\"https:\/\/radio-newyork.com\/?s={search_term_string}\"},\"query-input\":{\"@type\":\"PropertyValueSpecification\",\"valueRequired\":true,\"valueName\":\"search_term_string\"}}],\"inLanguage\":\"en-US\"},{\"@type\":\"Organization\",\"@id\":\"https:\/\/radio-newyork.com\/#organization\",\"name\":\"Radio New York\",\"url\":\"https:\/\/radio-newyork.com\/\",\"logo\":{\"@type\":\"ImageObject\",\"inLanguage\":\"en-US\",\"@id\":\"https:\/\/radio-newyork.com\/#\/schema\/logo\/image\/\",\"url\":\"https:\/\/radio-newyork.com\/wp-content\/uploads\/2021\/12\/262517255_4571047313011643_1786418142376364479_n.jpg\",\"contentUrl\":\"https:\/\/radio-newyork.com\/wp-content\/uploads\/2021\/12\/262517255_4571047313011643_1786418142376364479_n.jpg\",\"width\":212,\"height\":210,\"caption\":\"Radio New York\"},\"image\":{\"@id\":\"https:\/\/radio-newyork.com\/#\/schema\/logo\/image\/\"}},{\"@type\":\"Person\",\"@id\":\"https:\/\/radio-newyork.com\/#\/schema\/person\/e2f4dbf5b60fd9ac004d77b9e1b59559\",\"name\":\"Ismet Rastoder\",\"image\":{\"@type\":\"ImageObject\",\"inLanguage\":\"en-US\",\"@id\":\"https:\/\/radio-newyork.com\/#\/schema\/person\/image\/\",\"url\":\"https:\/\/secure.gravatar.com\/avatar\/800e8dd1eac3e728e825b7d5c16c80b067c4a0557a2ce54986c89f6008f454bb?s=96&d=mm&r=g\",\"contentUrl\":\"https:\/\/secure.gravatar.com\/avatar\/800e8dd1eac3e728e825b7d5c16c80b067c4a0557a2ce54986c89f6008f454bb?s=96&d=mm&r=g\",\"caption\":\"Ismet Rastoder\"},\"description\":\"Ismet Rastoder je urednik i osniva\u010d portala Radio New York \u2014 medijskog prostora posve\u0107enog dijaspori, dru\u0161tvenoj istini i stvarnim \u017eivotnim pitanjima Balkana i Amerike. Poznat po direktnom stilu, hrabrim komentarima i beskompromisnoj borbi protiv nepravde, Rastoder donosi glas zajednice koja se \u010desto ne \u010duje, ali itekako postoji. Vi\u0161e od dvije decenije aktivan je u zajednici i medijima, gdje kroz analize, autorske kolumne i dru\u0161tveni anga\u017eman povezuje iskustvo \u017eivota u Americi sa realno\u0161\u0107u Balkana. Njegove pri\u010de otvaraju va\u017ene teme \u2014 od identiteta i politike, do kulture, dijaspore i dru\u0161tvenih transformacija. Prepoznat je kao glas dijaspore koji govori ono \u0161to mnogi misle, ali rijetko ko ka\u017ee.\",\"sameAs\":[\"http:\/\/radio-newyork.com\"],\"url\":\"https:\/\/radio-newyork.com\/?author=2\"}]}<\/script>\n<!-- \/ Yoast SEO plugin. -->","yoast_head_json":{"title":"5 tipova \u017eena koje mu\u0161karci pamte cijeli \u017eivot, da li ste me\u0111u njima? - Radio New York","robots":{"index":"index","follow":"follow","max-snippet":"max-snippet:-1","max-image-preview":"max-image-preview:large","max-video-preview":"max-video-preview:-1"},"canonical":"https:\/\/radio-newyork.com\/?p=3094","og_locale":"en_US","og_type":"article","og_title":"5 tipova \u017eena koje mu\u0161karci pamte cijeli \u017eivot, da li ste me\u0111u njima? - Radio New York","og_description":"Neke osobe u\u0111u u na\u0161 \u017eivot tiho, bez velikih najava, a ipak ostanu u sje\u0107anju mnogo du\u017ee nego \u0161to bismo ikada o\u010dekivali. Kada je rije\u010d o odnosima, psiholozi isti\u010du da mu\u0161karci ne pamte uvijek \u017eene s kojima su proveli najvi\u0161e vremena, ve\u0107 one koje su u njima ostavile sna\u017ean emotivni trag. Taj trag ne nastaje [&hellip;]","og_url":"https:\/\/radio-newyork.com\/?p=3094","og_site_name":"Radio New York","article_published_time":"2026-01-12T14:57:55+00:00","og_image":[{"width":673,"height":549,"url":"https:\/\/radio-newyork.com\/wp-content\/uploads\/2026\/01\/Screenshot-2026-01-12-at-9.53.49-AM.png","type":"image\/png"}],"author":"Ismet Rastoder","twitter_card":"summary_large_image","twitter_misc":{"Written by":"Ismet Rastoder","Est. reading time":"3 minutes"},"schema":{"@context":"https:\/\/schema.org","@graph":[{"@type":"Article","@id":"https:\/\/radio-newyork.com\/?p=3094#article","isPartOf":{"@id":"https:\/\/radio-newyork.com\/?p=3094"},"author":{"name":"Ismet Rastoder","@id":"https:\/\/radio-newyork.com\/#\/schema\/person\/e2f4dbf5b60fd9ac004d77b9e1b59559"},"headline":"5 tipova \u017eena koje mu\u0161karci pamte cijeli \u017eivot, da li ste me\u0111u njima?","datePublished":"2026-01-12T14:57:55+00:00","mainEntityOfPage":{"@id":"https:\/\/radio-newyork.com\/?p=3094"},"wordCount":609,"commentCount":0,"publisher":{"@id":"https:\/\/radio-newyork.com\/#organization"},"image":{"@id":"https:\/\/radio-newyork.com\/?p=3094#primaryimage"},"thumbnailUrl":"https:\/\/radio-newyork.com\/wp-content\/uploads\/2026\/01\/Screenshot-2026-01-12-at-9.53.49-AM.png","inLanguage":"en-US","potentialAction":[{"@type":"CommentAction","name":"Comment","target":["https:\/\/radio-newyork.com\/?p=3094#respond"]}]},{"@type":"WebPage","@id":"https:\/\/radio-newyork.com\/?p=3094","url":"https:\/\/radio-newyork.com\/?p=3094","name":"5 tipova \u017eena koje mu\u0161karci pamte cijeli \u017eivot, da li ste me\u0111u njima? - Radio New York","isPartOf":{"@id":"https:\/\/radio-newyork.com\/#website"},"primaryImageOfPage":{"@id":"https:\/\/radio-newyork.com\/?p=3094#primaryimage"},"image":{"@id":"https:\/\/radio-newyork.com\/?p=3094#primaryimage"},"thumbnailUrl":"https:\/\/radio-newyork.com\/wp-content\/uploads\/2026\/01\/Screenshot-2026-01-12-at-9.53.49-AM.png","datePublished":"2026-01-12T14:57:55+00:00","breadcrumb":{"@id":"https:\/\/radio-newyork.com\/?p=3094#breadcrumb"},"inLanguage":"en-US","potentialAction":[{"@type":"ReadAction","target":["https:\/\/radio-newyork.com\/?p=3094"]}]},{"@type":"ImageObject","inLanguage":"en-US","@id":"https:\/\/radio-newyork.com\/?p=3094#primaryimage","url":"https:\/\/radio-newyork.com\/wp-content\/uploads\/2026\/01\/Screenshot-2026-01-12-at-9.53.49-AM.png","contentUrl":"https:\/\/radio-newyork.com\/wp-content\/uploads\/2026\/01\/Screenshot-2026-01-12-at-9.53.49-AM.png","width":673,"height":549},{"@type":"BreadcrumbList","@id":"https:\/\/radio-newyork.com\/?p=3094#breadcrumb","itemListElement":[{"@type":"ListItem","position":1,"name":"Home","item":"https:\/\/radio-newyork.com\/"},{"@type":"ListItem","position":2,"name":"5 tipova \u017eena koje mu\u0161karci pamte cijeli \u017eivot, da li ste me\u0111u njima?"}]},{"@type":"WebSite","@id":"https:\/\/radio-newyork.com\/#website","url":"https:\/\/radio-newyork.com\/","name":"Radio New York","description":"Radio New York \u2014 Most Amerike i domovine","publisher":{"@id":"https:\/\/radio-newyork.com\/#organization"},"potentialAction":[{"@type":"SearchAction","target":{"@type":"EntryPoint","urlTemplate":"https:\/\/radio-newyork.com\/?s={search_term_string}"},"query-input":{"@type":"PropertyValueSpecification","valueRequired":true,"valueName":"search_term_string"}}],"inLanguage":"en-US"},{"@type":"Organization","@id":"https:\/\/radio-newyork.com\/#organization","name":"Radio New York","url":"https:\/\/radio-newyork.com\/","logo":{"@type":"ImageObject","inLanguage":"en-US","@id":"https:\/\/radio-newyork.com\/#\/schema\/logo\/image\/","url":"https:\/\/radio-newyork.com\/wp-content\/uploads\/2021\/12\/262517255_4571047313011643_1786418142376364479_n.jpg","contentUrl":"https:\/\/radio-newyork.com\/wp-content\/uploads\/2021\/12\/262517255_4571047313011643_1786418142376364479_n.jpg","width":212,"height":210,"caption":"Radio New York"},"image":{"@id":"https:\/\/radio-newyork.com\/#\/schema\/logo\/image\/"}},{"@type":"Person","@id":"https:\/\/radio-newyork.com\/#\/schema\/person\/e2f4dbf5b60fd9ac004d77b9e1b59559","name":"Ismet Rastoder","image":{"@type":"ImageObject","inLanguage":"en-US","@id":"https:\/\/radio-newyork.com\/#\/schema\/person\/image\/","url":"https:\/\/secure.gravatar.com\/avatar\/800e8dd1eac3e728e825b7d5c16c80b067c4a0557a2ce54986c89f6008f454bb?s=96&d=mm&r=g","contentUrl":"https:\/\/secure.gravatar.com\/avatar\/800e8dd1eac3e728e825b7d5c16c80b067c4a0557a2ce54986c89f6008f454bb?s=96&d=mm&r=g","caption":"Ismet Rastoder"},"description":"Ismet Rastoder je urednik i osniva\u010d portala Radio New York \u2014 medijskog prostora posve\u0107enog dijaspori, dru\u0161tvenoj istini i stvarnim \u017eivotnim pitanjima Balkana i Amerike. Poznat po direktnom stilu, hrabrim komentarima i beskompromisnoj borbi protiv nepravde, Rastoder donosi glas zajednice koja se \u010desto ne \u010duje, ali itekako postoji. Vi\u0161e od dvije decenije aktivan je u zajednici i medijima, gdje kroz analize, autorske kolumne i dru\u0161tveni anga\u017eman povezuje iskustvo \u017eivota u Americi sa realno\u0161\u0107u Balkana. Njegove pri\u010de otvaraju va\u017ene teme \u2014 od identiteta i politike, do kulture, dijaspore i dru\u0161tvenih transformacija. Prepoznat je kao glas dijaspore koji govori ono \u0161to mnogi misle, ali rijetko ko ka\u017ee.","sameAs":["http:\/\/radio-newyork.com"],"url":"https:\/\/radio-newyork.com\/?author=2"}]}},"_links":{"self":[{"href":"https:\/\/radio-newyork.com\/index.php?rest_route=\/wp\/v2\/posts\/3094","targetHints":{"allow":["GET"]}}],"collection":[{"href":"https:\/\/radio-newyork.com\/index.php?rest_route=\/wp\/v2\/posts"}],"about":[{"href":"https:\/\/radio-newyork.com\/index.php?rest_route=\/wp\/v2\/types\/post"}],"author":[{"embeddable":true,"href":"https:\/\/radio-newyork.com\/index.php?rest_route=\/wp\/v2\/users\/2"}],"replies":[{"embeddable":true,"href":"https:\/\/radio-newyork.com\/index.php?rest_route=%2Fwp%2Fv2%2Fcomments&post=3094"}],"version-history":[{"count":1,"href":"https:\/\/radio-newyork.com\/index.php?rest_route=\/wp\/v2\/posts\/3094\/revisions"}],"predecessor-version":[{"id":3097,"href":"https:\/\/radio-newyork.com\/index.php?rest_route=\/wp\/v2\/posts\/3094\/revisions\/3097"}],"wp:attachment":[{"href":"https:\/\/radio-newyork.com\/index.php?rest_route=%2Fwp%2Fv2%2Fmedia&parent=3094"}],"wp:term":[{"taxonomy":"category","embeddable":true,"href":"https:\/\/radio-newyork.com\/index.php?rest_route=%2Fwp%2Fv2%2Fcategories&post=3094"},{"taxonomy":"post_tag","embeddable":true,"href":"https:\/\/radio-newyork.com\/index.php?rest_route=%2Fwp%2Fv2%2Ftags&post=3094"}],"curies":[{"name":"wp","href":"https:\/\/api.w.org\/{rel}","templated":true}]}}