{"id":3072,"date":"2026-01-11T23:51:57","date_gmt":"2026-01-11T23:51:57","guid":{"rendered":"https:\/\/radio-newyork.com\/?p=3072"},"modified":"2026-01-11T23:51:57","modified_gmt":"2026-01-11T23:51:57","slug":"irs-objavio-kljucni-datum-za-poresku-sezonu-2026-evo-kako-da-se-spremite-na-vreme-i-dobijete-vise","status":"publish","type":"post","link":"https:\/\/radio-newyork.com\/?p=3072","title":{"rendered":"IRS objavio klju\u010dni datum za poresku sezonu 2026: Evo kako da se spremite na vreme i dobijete vi\u0161e"},"content":{"rendered":"\n<figure class=\"wp-block-image size-full\"><img loading=\"lazy\" decoding=\"async\" width=\"750\" height=\"375\" src=\"https:\/\/radio-newyork.com\/wp-content\/uploads\/2026\/01\/HGFDTUR6R7T8ZUOJ-750x375-1.png\" alt=\"\" class=\"wp-image-3073\" srcset=\"https:\/\/radio-newyork.com\/wp-content\/uploads\/2026\/01\/HGFDTUR6R7T8ZUOJ-750x375-1.png 750w, https:\/\/radio-newyork.com\/wp-content\/uploads\/2026\/01\/HGFDTUR6R7T8ZUOJ-750x375-1-300x150.png 300w\" sizes=\"auto, (max-width: 750px) 100vw, 750px\" \/><\/figure>\n\n\n\n<p>Ameri\u010dka poreska uprava (IRS) zvani\u010dno je saop\u0161tila da poreska sezona za prijavu prihoda po\u010dinje 26. januara 2026. godine, a gra\u0111ani imaju rok do 15. aprila da podnesu poreske prijave za 2025. godinu i izmire eventualna dugovanja.<\/p>\n\n\n\n<p>Prema procenama IRS-a, ove godine bi\u0107e podneto oko 164 miliona pojedina\u010dnih poreskih prijava, od \u010dega \u0107e ve\u0107ina biti poslata elektronskim putem.<\/p>\n\n\n\n<p>Stru\u010dnjaci savetuju gra\u0111anima da naredne nedelje iskoriste za prikupljanje dokumentacije, posebno jer se ove godine o\u010dekuje ve\u0107i povrat poreza. Razlog za to je poreski i bud\u017eetski paket predsednika Donald Trump-a, usvojen u julu, koji donosi brojne olak\u0161ice sa retroaktivnim dejstvom za 2025. godinu. Prema re\u010dima poreske savetnice Lisa Greene-Lewis iz TurboTax-a, pojedini poreski obveznici mogu dobiti i do $1,000 ve\u0107i povrat, dok je prose\u010dan povrat pro\u0161le godine iznosio $2,939.<\/p>\n\n\n\n<p>IRS preporu\u010duje kori\u0161\u0107enje zvani\u010dnog sajta IRS.gov, gde su dostupni alati, vodi\u010di i informacije o novim poreskim pravilima. Posebno se preporu\u010duje otvaranje li\u010dnog IRS online naloga, koji omogu\u0107ava uvid u stanje duga, uplate, poresku istoriju i druge va\u017ene podatke. Tako\u0111e, gra\u0111anima se savetuje da koriste direktnu uplatu na bankovni ra\u010dun, jer IRS postepeno ukida \u010dekove za povrat poreza na papiru.<\/p>\n\n\n\n<p>Me\u0111u novinama za ovu sezonu su novi obrazac Schedule 1-A za dodatne poreske odbitke, uklju\u010duju\u0107i napojnice, prekovremeni rad i kamate na auto-kredite, kao i uvo\u0111enje tzv. Trump Account naloga za decu. Tu su i novi obrasci 1099-K i 1099-DA za prijavu digitalnih i online transakcija.<\/p>\n\n\n\n<p>Rana prijava poreza donosi brojne prednosti: br\u017ei povrat novca, bolju finansijsku kontrolu i smanjen rizik od poreskih prevara. Gra\u0111ani koji o\u010dekuju povrat mogu pratiti njegov status putem alata \u201cWhere\u2019s My Refund?\u201d ili mobilne aplikacije IRS2Go.<\/p>\n","protected":false},"excerpt":{"rendered":"<p>Ameri\u010dka poreska uprava (IRS) zvani\u010dno je saop\u0161tila da poreska sezona za prijavu prihoda po\u010dinje 26. januara 2026. godine, a gra\u0111ani imaju rok do 15. aprila da podnesu poreske prijave za 2025. godinu i izmire eventualna dugovanja. Prema procenama IRS-a, ove godine bi\u0107e podneto oko 164 miliona pojedina\u010dnih poreskih prijava, od \u010dega \u0107e ve\u0107ina biti poslata [&hellip;]<\/p>\n","protected":false},"author":2,"featured_media":3073,"comment_status":"open","ping_status":"open","sticky":false,"template":"","format":"standard","meta":{"footnotes":""},"categories":[1],"tags":[],"class_list":["post-3072","post","type-post","status-publish","format-standard","has-post-thumbnail","hentry","category-uncategorized"],"acf":[],"yoast_head":"<!-- This site is optimized with the Yoast SEO plugin v26.2 - https:\/\/yoast.com\/wordpress\/plugins\/seo\/ -->\n<title>IRS objavio klju\u010dni datum za poresku sezonu 2026: Evo kako da se spremite na vreme i dobijete vi\u0161e - Radio New York<\/title>\n<meta name=\"robots\" content=\"index, follow, max-snippet:-1, max-image-preview:large, max-video-preview:-1\" \/>\n<link rel=\"canonical\" href=\"https:\/\/radio-newyork.com\/?p=3072\" \/>\n<meta property=\"og:locale\" content=\"en_US\" \/>\n<meta property=\"og:type\" content=\"article\" \/>\n<meta property=\"og:title\" content=\"IRS objavio klju\u010dni datum za poresku sezonu 2026: Evo kako da se spremite na vreme i dobijete vi\u0161e - Radio New York\" \/>\n<meta property=\"og:description\" content=\"Ameri\u010dka poreska uprava (IRS) zvani\u010dno je saop\u0161tila da poreska sezona za prijavu prihoda po\u010dinje 26. januara 2026. godine, a gra\u0111ani imaju rok do 15. aprila da podnesu poreske prijave za 2025. godinu i izmire eventualna dugovanja. Prema procenama IRS-a, ove godine bi\u0107e podneto oko 164 miliona pojedina\u010dnih poreskih prijava, od \u010dega \u0107e ve\u0107ina biti poslata [&hellip;]\" \/>\n<meta property=\"og:url\" content=\"https:\/\/radio-newyork.com\/?p=3072\" \/>\n<meta property=\"og:site_name\" content=\"Radio New York\" \/>\n<meta property=\"article:published_time\" content=\"2026-01-11T23:51:57+00:00\" \/>\n<meta property=\"og:image\" content=\"https:\/\/radio-newyork.com\/wp-content\/uploads\/2026\/01\/HGFDTUR6R7T8ZUOJ-750x375-1.png\" \/>\n\t<meta property=\"og:image:width\" content=\"750\" \/>\n\t<meta property=\"og:image:height\" content=\"375\" \/>\n\t<meta property=\"og:image:type\" content=\"image\/png\" \/>\n<meta name=\"author\" content=\"Ismet Rastoder\" \/>\n<meta name=\"twitter:card\" content=\"summary_large_image\" \/>\n<meta name=\"twitter:label1\" content=\"Written by\" \/>\n\t<meta name=\"twitter:data1\" content=\"Ismet Rastoder\" \/>\n\t<meta name=\"twitter:label2\" content=\"Est. reading time\" \/>\n\t<meta name=\"twitter:data2\" content=\"2 minutes\" \/>\n<script type=\"application\/ld+json\" class=\"yoast-schema-graph\">{\"@context\":\"https:\/\/schema.org\",\"@graph\":[{\"@type\":\"Article\",\"@id\":\"https:\/\/radio-newyork.com\/?p=3072#article\",\"isPartOf\":{\"@id\":\"https:\/\/radio-newyork.com\/?p=3072\"},\"author\":{\"name\":\"Ismet Rastoder\",\"@id\":\"https:\/\/radio-newyork.com\/#\/schema\/person\/e2f4dbf5b60fd9ac004d77b9e1b59559\"},\"headline\":\"IRS objavio klju\u010dni datum za poresku sezonu 2026: Evo kako da se spremite na vreme i dobijete vi\u0161e\",\"datePublished\":\"2026-01-11T23:51:57+00:00\",\"mainEntityOfPage\":{\"@id\":\"https:\/\/radio-newyork.com\/?p=3072\"},\"wordCount\":315,\"commentCount\":0,\"publisher\":{\"@id\":\"https:\/\/radio-newyork.com\/#organization\"},\"image\":{\"@id\":\"https:\/\/radio-newyork.com\/?p=3072#primaryimage\"},\"thumbnailUrl\":\"https:\/\/radio-newyork.com\/wp-content\/uploads\/2026\/01\/HGFDTUR6R7T8ZUOJ-750x375-1.png\",\"inLanguage\":\"en-US\",\"potentialAction\":[{\"@type\":\"CommentAction\",\"name\":\"Comment\",\"target\":[\"https:\/\/radio-newyork.com\/?p=3072#respond\"]}]},{\"@type\":\"WebPage\",\"@id\":\"https:\/\/radio-newyork.com\/?p=3072\",\"url\":\"https:\/\/radio-newyork.com\/?p=3072\",\"name\":\"IRS objavio klju\u010dni datum za poresku sezonu 2026: Evo kako da se spremite na vreme i dobijete vi\u0161e - Radio New York\",\"isPartOf\":{\"@id\":\"https:\/\/radio-newyork.com\/#website\"},\"primaryImageOfPage\":{\"@id\":\"https:\/\/radio-newyork.com\/?p=3072#primaryimage\"},\"image\":{\"@id\":\"https:\/\/radio-newyork.com\/?p=3072#primaryimage\"},\"thumbnailUrl\":\"https:\/\/radio-newyork.com\/wp-content\/uploads\/2026\/01\/HGFDTUR6R7T8ZUOJ-750x375-1.png\",\"datePublished\":\"2026-01-11T23:51:57+00:00\",\"breadcrumb\":{\"@id\":\"https:\/\/radio-newyork.com\/?p=3072#breadcrumb\"},\"inLanguage\":\"en-US\",\"potentialAction\":[{\"@type\":\"ReadAction\",\"target\":[\"https:\/\/radio-newyork.com\/?p=3072\"]}]},{\"@type\":\"ImageObject\",\"inLanguage\":\"en-US\",\"@id\":\"https:\/\/radio-newyork.com\/?p=3072#primaryimage\",\"url\":\"https:\/\/radio-newyork.com\/wp-content\/uploads\/2026\/01\/HGFDTUR6R7T8ZUOJ-750x375-1.png\",\"contentUrl\":\"https:\/\/radio-newyork.com\/wp-content\/uploads\/2026\/01\/HGFDTUR6R7T8ZUOJ-750x375-1.png\",\"width\":750,\"height\":375},{\"@type\":\"BreadcrumbList\",\"@id\":\"https:\/\/radio-newyork.com\/?p=3072#breadcrumb\",\"itemListElement\":[{\"@type\":\"ListItem\",\"position\":1,\"name\":\"Home\",\"item\":\"https:\/\/radio-newyork.com\/\"},{\"@type\":\"ListItem\",\"position\":2,\"name\":\"IRS objavio klju\u010dni datum za poresku sezonu 2026: Evo kako da se spremite na vreme i dobijete vi\u0161e\"}]},{\"@type\":\"WebSite\",\"@id\":\"https:\/\/radio-newyork.com\/#website\",\"url\":\"https:\/\/radio-newyork.com\/\",\"name\":\"Radio New York\",\"description\":\"Radio New York \u2014 Most Amerike i domovine\",\"publisher\":{\"@id\":\"https:\/\/radio-newyork.com\/#organization\"},\"potentialAction\":[{\"@type\":\"SearchAction\",\"target\":{\"@type\":\"EntryPoint\",\"urlTemplate\":\"https:\/\/radio-newyork.com\/?s={search_term_string}\"},\"query-input\":{\"@type\":\"PropertyValueSpecification\",\"valueRequired\":true,\"valueName\":\"search_term_string\"}}],\"inLanguage\":\"en-US\"},{\"@type\":\"Organization\",\"@id\":\"https:\/\/radio-newyork.com\/#organization\",\"name\":\"Radio New York\",\"url\":\"https:\/\/radio-newyork.com\/\",\"logo\":{\"@type\":\"ImageObject\",\"inLanguage\":\"en-US\",\"@id\":\"https:\/\/radio-newyork.com\/#\/schema\/logo\/image\/\",\"url\":\"https:\/\/radio-newyork.com\/wp-content\/uploads\/2021\/12\/262517255_4571047313011643_1786418142376364479_n.jpg\",\"contentUrl\":\"https:\/\/radio-newyork.com\/wp-content\/uploads\/2021\/12\/262517255_4571047313011643_1786418142376364479_n.jpg\",\"width\":212,\"height\":210,\"caption\":\"Radio New York\"},\"image\":{\"@id\":\"https:\/\/radio-newyork.com\/#\/schema\/logo\/image\/\"}},{\"@type\":\"Person\",\"@id\":\"https:\/\/radio-newyork.com\/#\/schema\/person\/e2f4dbf5b60fd9ac004d77b9e1b59559\",\"name\":\"Ismet Rastoder\",\"image\":{\"@type\":\"ImageObject\",\"inLanguage\":\"en-US\",\"@id\":\"https:\/\/radio-newyork.com\/#\/schema\/person\/image\/\",\"url\":\"https:\/\/secure.gravatar.com\/avatar\/800e8dd1eac3e728e825b7d5c16c80b067c4a0557a2ce54986c89f6008f454bb?s=96&d=mm&r=g\",\"contentUrl\":\"https:\/\/secure.gravatar.com\/avatar\/800e8dd1eac3e728e825b7d5c16c80b067c4a0557a2ce54986c89f6008f454bb?s=96&d=mm&r=g\",\"caption\":\"Ismet Rastoder\"},\"description\":\"Ismet Rastoder je urednik i osniva\u010d portala Radio New York \u2014 medijskog prostora posve\u0107enog dijaspori, dru\u0161tvenoj istini i stvarnim \u017eivotnim pitanjima Balkana i Amerike. Poznat po direktnom stilu, hrabrim komentarima i beskompromisnoj borbi protiv nepravde, Rastoder donosi glas zajednice koja se \u010desto ne \u010duje, ali itekako postoji. Vi\u0161e od dvije decenije aktivan je u zajednici i medijima, gdje kroz analize, autorske kolumne i dru\u0161tveni anga\u017eman povezuje iskustvo \u017eivota u Americi sa realno\u0161\u0107u Balkana. Njegove pri\u010de otvaraju va\u017ene teme \u2014 od identiteta i politike, do kulture, dijaspore i dru\u0161tvenih transformacija. Prepoznat je kao glas dijaspore koji govori ono \u0161to mnogi misle, ali rijetko ko ka\u017ee.\",\"sameAs\":[\"http:\/\/radio-newyork.com\"],\"url\":\"https:\/\/radio-newyork.com\/?author=2\"}]}<\/script>\n<!-- \/ Yoast SEO plugin. -->","yoast_head_json":{"title":"IRS objavio klju\u010dni datum za poresku sezonu 2026: Evo kako da se spremite na vreme i dobijete vi\u0161e - Radio New York","robots":{"index":"index","follow":"follow","max-snippet":"max-snippet:-1","max-image-preview":"max-image-preview:large","max-video-preview":"max-video-preview:-1"},"canonical":"https:\/\/radio-newyork.com\/?p=3072","og_locale":"en_US","og_type":"article","og_title":"IRS objavio klju\u010dni datum za poresku sezonu 2026: Evo kako da se spremite na vreme i dobijete vi\u0161e - Radio New York","og_description":"Ameri\u010dka poreska uprava (IRS) zvani\u010dno je saop\u0161tila da poreska sezona za prijavu prihoda po\u010dinje 26. januara 2026. godine, a gra\u0111ani imaju rok do 15. aprila da podnesu poreske prijave za 2025. godinu i izmire eventualna dugovanja. Prema procenama IRS-a, ove godine bi\u0107e podneto oko 164 miliona pojedina\u010dnih poreskih prijava, od \u010dega \u0107e ve\u0107ina biti poslata [&hellip;]","og_url":"https:\/\/radio-newyork.com\/?p=3072","og_site_name":"Radio New York","article_published_time":"2026-01-11T23:51:57+00:00","og_image":[{"width":750,"height":375,"url":"https:\/\/radio-newyork.com\/wp-content\/uploads\/2026\/01\/HGFDTUR6R7T8ZUOJ-750x375-1.png","type":"image\/png"}],"author":"Ismet Rastoder","twitter_card":"summary_large_image","twitter_misc":{"Written by":"Ismet Rastoder","Est. reading time":"2 minutes"},"schema":{"@context":"https:\/\/schema.org","@graph":[{"@type":"Article","@id":"https:\/\/radio-newyork.com\/?p=3072#article","isPartOf":{"@id":"https:\/\/radio-newyork.com\/?p=3072"},"author":{"name":"Ismet Rastoder","@id":"https:\/\/radio-newyork.com\/#\/schema\/person\/e2f4dbf5b60fd9ac004d77b9e1b59559"},"headline":"IRS objavio klju\u010dni datum za poresku sezonu 2026: Evo kako da se spremite na vreme i dobijete vi\u0161e","datePublished":"2026-01-11T23:51:57+00:00","mainEntityOfPage":{"@id":"https:\/\/radio-newyork.com\/?p=3072"},"wordCount":315,"commentCount":0,"publisher":{"@id":"https:\/\/radio-newyork.com\/#organization"},"image":{"@id":"https:\/\/radio-newyork.com\/?p=3072#primaryimage"},"thumbnailUrl":"https:\/\/radio-newyork.com\/wp-content\/uploads\/2026\/01\/HGFDTUR6R7T8ZUOJ-750x375-1.png","inLanguage":"en-US","potentialAction":[{"@type":"CommentAction","name":"Comment","target":["https:\/\/radio-newyork.com\/?p=3072#respond"]}]},{"@type":"WebPage","@id":"https:\/\/radio-newyork.com\/?p=3072","url":"https:\/\/radio-newyork.com\/?p=3072","name":"IRS objavio klju\u010dni datum za poresku sezonu 2026: Evo kako da se spremite na vreme i dobijete vi\u0161e - Radio New York","isPartOf":{"@id":"https:\/\/radio-newyork.com\/#website"},"primaryImageOfPage":{"@id":"https:\/\/radio-newyork.com\/?p=3072#primaryimage"},"image":{"@id":"https:\/\/radio-newyork.com\/?p=3072#primaryimage"},"thumbnailUrl":"https:\/\/radio-newyork.com\/wp-content\/uploads\/2026\/01\/HGFDTUR6R7T8ZUOJ-750x375-1.png","datePublished":"2026-01-11T23:51:57+00:00","breadcrumb":{"@id":"https:\/\/radio-newyork.com\/?p=3072#breadcrumb"},"inLanguage":"en-US","potentialAction":[{"@type":"ReadAction","target":["https:\/\/radio-newyork.com\/?p=3072"]}]},{"@type":"ImageObject","inLanguage":"en-US","@id":"https:\/\/radio-newyork.com\/?p=3072#primaryimage","url":"https:\/\/radio-newyork.com\/wp-content\/uploads\/2026\/01\/HGFDTUR6R7T8ZUOJ-750x375-1.png","contentUrl":"https:\/\/radio-newyork.com\/wp-content\/uploads\/2026\/01\/HGFDTUR6R7T8ZUOJ-750x375-1.png","width":750,"height":375},{"@type":"BreadcrumbList","@id":"https:\/\/radio-newyork.com\/?p=3072#breadcrumb","itemListElement":[{"@type":"ListItem","position":1,"name":"Home","item":"https:\/\/radio-newyork.com\/"},{"@type":"ListItem","position":2,"name":"IRS objavio klju\u010dni datum za poresku sezonu 2026: Evo kako da se spremite na vreme i dobijete vi\u0161e"}]},{"@type":"WebSite","@id":"https:\/\/radio-newyork.com\/#website","url":"https:\/\/radio-newyork.com\/","name":"Radio New York","description":"Radio New York \u2014 Most Amerike i domovine","publisher":{"@id":"https:\/\/radio-newyork.com\/#organization"},"potentialAction":[{"@type":"SearchAction","target":{"@type":"EntryPoint","urlTemplate":"https:\/\/radio-newyork.com\/?s={search_term_string}"},"query-input":{"@type":"PropertyValueSpecification","valueRequired":true,"valueName":"search_term_string"}}],"inLanguage":"en-US"},{"@type":"Organization","@id":"https:\/\/radio-newyork.com\/#organization","name":"Radio New York","url":"https:\/\/radio-newyork.com\/","logo":{"@type":"ImageObject","inLanguage":"en-US","@id":"https:\/\/radio-newyork.com\/#\/schema\/logo\/image\/","url":"https:\/\/radio-newyork.com\/wp-content\/uploads\/2021\/12\/262517255_4571047313011643_1786418142376364479_n.jpg","contentUrl":"https:\/\/radio-newyork.com\/wp-content\/uploads\/2021\/12\/262517255_4571047313011643_1786418142376364479_n.jpg","width":212,"height":210,"caption":"Radio New York"},"image":{"@id":"https:\/\/radio-newyork.com\/#\/schema\/logo\/image\/"}},{"@type":"Person","@id":"https:\/\/radio-newyork.com\/#\/schema\/person\/e2f4dbf5b60fd9ac004d77b9e1b59559","name":"Ismet Rastoder","image":{"@type":"ImageObject","inLanguage":"en-US","@id":"https:\/\/radio-newyork.com\/#\/schema\/person\/image\/","url":"https:\/\/secure.gravatar.com\/avatar\/800e8dd1eac3e728e825b7d5c16c80b067c4a0557a2ce54986c89f6008f454bb?s=96&d=mm&r=g","contentUrl":"https:\/\/secure.gravatar.com\/avatar\/800e8dd1eac3e728e825b7d5c16c80b067c4a0557a2ce54986c89f6008f454bb?s=96&d=mm&r=g","caption":"Ismet Rastoder"},"description":"Ismet Rastoder je urednik i osniva\u010d portala Radio New York \u2014 medijskog prostora posve\u0107enog dijaspori, dru\u0161tvenoj istini i stvarnim \u017eivotnim pitanjima Balkana i Amerike. Poznat po direktnom stilu, hrabrim komentarima i beskompromisnoj borbi protiv nepravde, Rastoder donosi glas zajednice koja se \u010desto ne \u010duje, ali itekako postoji. Vi\u0161e od dvije decenije aktivan je u zajednici i medijima, gdje kroz analize, autorske kolumne i dru\u0161tveni anga\u017eman povezuje iskustvo \u017eivota u Americi sa realno\u0161\u0107u Balkana. Njegove pri\u010de otvaraju va\u017ene teme \u2014 od identiteta i politike, do kulture, dijaspore i dru\u0161tvenih transformacija. Prepoznat je kao glas dijaspore koji govori ono \u0161to mnogi misle, ali rijetko ko ka\u017ee.","sameAs":["http:\/\/radio-newyork.com"],"url":"https:\/\/radio-newyork.com\/?author=2"}]}},"_links":{"self":[{"href":"https:\/\/radio-newyork.com\/index.php?rest_route=\/wp\/v2\/posts\/3072","targetHints":{"allow":["GET"]}}],"collection":[{"href":"https:\/\/radio-newyork.com\/index.php?rest_route=\/wp\/v2\/posts"}],"about":[{"href":"https:\/\/radio-newyork.com\/index.php?rest_route=\/wp\/v2\/types\/post"}],"author":[{"embeddable":true,"href":"https:\/\/radio-newyork.com\/index.php?rest_route=\/wp\/v2\/users\/2"}],"replies":[{"embeddable":true,"href":"https:\/\/radio-newyork.com\/index.php?rest_route=%2Fwp%2Fv2%2Fcomments&post=3072"}],"version-history":[{"count":1,"href":"https:\/\/radio-newyork.com\/index.php?rest_route=\/wp\/v2\/posts\/3072\/revisions"}],"predecessor-version":[{"id":3074,"href":"https:\/\/radio-newyork.com\/index.php?rest_route=\/wp\/v2\/posts\/3072\/revisions\/3074"}],"wp:featuredmedia":[{"embeddable":true,"href":"https:\/\/radio-newyork.com\/index.php?rest_route=\/wp\/v2\/media\/3073"}],"wp:attachment":[{"href":"https:\/\/radio-newyork.com\/index.php?rest_route=%2Fwp%2Fv2%2Fmedia&parent=3072"}],"wp:term":[{"taxonomy":"category","embeddable":true,"href":"https:\/\/radio-newyork.com\/index.php?rest_route=%2Fwp%2Fv2%2Fcategories&post=3072"},{"taxonomy":"post_tag","embeddable":true,"href":"https:\/\/radio-newyork.com\/index.php?rest_route=%2Fwp%2Fv2%2Ftags&post=3072"}],"curies":[{"name":"wp","href":"https:\/\/api.w.org\/{rel}","templated":true}]}}