{"id":3065,"date":"2026-01-11T23:18:28","date_gmt":"2026-01-11T23:18:28","guid":{"rendered":"https:\/\/radio-newyork.com\/?p=3065"},"modified":"2026-01-11T23:18:29","modified_gmt":"2026-01-11T23:18:29","slug":"zuvdija-legenda-plava-i-planina-obisao-svijet-ali-nigdje-ljepse-nego-kuci","status":"publish","type":"post","link":"https:\/\/radio-newyork.com\/?p=3065","title":{"rendered":"Zuvdija \u2013 legenda Plava i planina.Obi\u0161ao svijet, ali nigdje ljep\u0161e nego kuci."},"content":{"rendered":"\n<figure class=\"wp-block-image size-full\"><img loading=\"lazy\" decoding=\"async\" width=\"1000\" height=\"666\" src=\"https:\/\/radio-newyork.com\/wp-content\/uploads\/2026\/01\/5698492_2427133_ls.jpg\" alt=\"\" class=\"wp-image-3066\" srcset=\"https:\/\/radio-newyork.com\/wp-content\/uploads\/2026\/01\/5698492_2427133_ls.jpg 1000w, https:\/\/radio-newyork.com\/wp-content\/uploads\/2026\/01\/5698492_2427133_ls-300x200.jpg 300w, https:\/\/radio-newyork.com\/wp-content\/uploads\/2026\/01\/5698492_2427133_ls-768x511.jpg 768w\" sizes=\"auto, (max-width: 1000px) 100vw, 1000px\" \/><\/figure>\n\n\n\n<h1 class=\"wp-block-heading\">Ugostiteljstvo i planinu birao bi i u drugom \u017eivotu: Osamdesetogodi\u0161nji Zuvdija i danas je lakog koraka<\/h1>\n\n\n\n<p>Zuvdija je bio turisti\u010dki radnik, zaposlen u hotelu \u201cPlavsko jezero\u201d, gdje je ture organizovao za goste, a potom sa njima, u pedesetoj, i sam po\u010deo da planinari<\/p>\n\n\n\n<p>Ka\u017ee da je obi\u0161ao Evropu manje-vi\u0161e \u010ditavu, Ameriku sedam, osam puta, ali da je Crna Gora najljep\u0161a zemlja na svijetu i da boljeg naroda nigdje nema.<\/p>\n\n\n\n<p>Ovdje se skre\u0107e za Maja jezerce, preko Vusanja za Tet, poslije za Valjbonu, tuda dolazi na Zla kolatu, najvi\u0161i vrh Crne Gore&#8230; Ba\u0161 smo za 13. jul i\u0161li gore, izveo sam oko 100 ljudi&#8230;<\/p>\n\n\n\n<p>Dok stojimo na vidikovcu iznad Plava, mje\u0161tanin <strong>Zuvdija Barjaktarevi\u0107<\/strong> pokazivao nam je okolne vrhove, opisivao staze kojima je prolazio&#8230;<\/p>\n\n\n\n<p>Osamdesetogodi\u0161nji Zuvdija je i danas \u010dovjek lakog koraka i, kad smo se najavili da dolazimo u posjetu, da nismo kasnili, umjesto na vidikovac, radije bi nas izveo do njegove vikendice, ne\u0161to vi\u0161e, pa i dalje. Uostalom, i kad smo se rastajali toga dana, ve\u0107 je imao planove kako \u0107emo zajedno do na \u0110eravicu, na neki od vrhova Prokletija, ne na jedan od onih pitomijih, bli\u017ee Plavu, nego tamo ka Gusinju, ili u albanskom dijelu, gdje su Prokletije surovije.<\/p>\n\n\n\n<figure class=\"wp-block-image\"><img decoding=\"async\" src=\"https:\/\/www.vijesti.me\/data\/images\/2026\/01\/11\/19\/5698495_2426911-1_ff.jpg?ver=1768157265\" alt=\"Na najvi\u0161em vrhu Crne Gore: Zla kolata\"\/><figcaption class=\"wp-element-caption\">Na najvi\u0161em vrhu Crne Gore: Zla kolatafoto: Privatna arhiva<\/figcaption><\/figure>\n\n\n\n<p>\u201cProkletije su mnogo izazovne planine\u201d, ka\u017ee.<\/p>\n\n\n\n<p>Nije Zuvdija planinario cijelog \u017eivota. Zapravo, po\u010deo je kasno, devedesetih godina pro\u0161log vijeka, kad je ve\u0107 imao pedeset.<\/p>\n\n\n\n<p>Turisti\u010dki je radnik, bio je zaposlen u hotelu \u201cPlavsko jezero\u201d, gdje je organizovao ture za goste, a potom, spontano, i sam po\u010deo da ide sa njima u planinu.<\/p>\n\n\n\n<blockquote class=\"wp-block-quote is-layout-flow wp-block-quote-is-layout-flow\">\n<p>I\u0161ao sam obalom okeana, ranac stavio na le\u0111a, hiljadu i bog te pita koliko \u0161eta\u010da je bilo, kad se jedan od dva metra samo prevrnuo, kao poko\u0161en. Prolazili su pored njega ljudi, niko glavu nije okrenuo. I tako 15 minuta, do\u0161la je hitna, policija, vatrogasna, ubaci\u0161e ga&#8230; Rekao sam, ljep\u0161e zemlje nema, kakvi god da smo, kao rogovi u vre\u0107i nekad, ali ovdje \u0107e svako svakome pomo\u0107i<\/p>\n<\/blockquote>\n\n\n\n<p>Prve planinarske korake napravio je sa gostima iz Austrije, sa planinarskim dru\u0161tvom \u201cAlpinschule\u201d:<\/p>\n\n\n\n<p>\u201cSa njima sam prolazio ovaj plavski dio, gdje su planine pitomije, to su livade, \u0161uma&#8230; Kad sam prvi put sa njima po\u0161ao i u ovaj gusinjski dio, iz Vusanja, gledam one stijene, pomislio sam &#8211; gdje ja da idem ovuda?! Ali, kad sam jednom probao, malo, po malo, evo sad u osamdeset i prvoj godini, nema vrha gdje se nisam popeo. Nekad odem i sam, i kad stignem na vrh, glavu stavim na neki kamen da odmorim, zaspim. Ja da imam nekog straha &#8211; nemam\u201d.<\/p>\n\n\n\n<figure class=\"wp-block-image\"><img decoding=\"async\" src=\"https:\/\/www.vijesti.me\/data\/images\/2026\/01\/11\/19\/5698493_2426912_ff.jpg?ver=1768157159\" alt=\"Nekad nije vjerovao da se mo\u017ee popeti uz stijenu, danas nema vrha gdje se nije popeo\"\/><figcaption class=\"wp-element-caption\">Nekad nije vjerovao da se mo\u017ee popeti uz stijenu, danas nema vrha gdje se nije popeofoto: Privatna arhiva<\/figcaption><\/figure>\n\n\n\n<p>Njegova prva planinarska tura je Trome\u0111a (2.366), na granici Crne Gore, Albanije i Kosova.<\/p>\n\n\n\n<p>\u201cOvi austrijski planinari bili su odu\u0161evljeni\u201d, prisje\u0107a se.<\/p>\n\n\n\n<p>Trome\u0111a je i danas atraktivna, a u martu 2024. potpisan je memorandum o saradnji izme\u0111u op\u0161tina Plav, Gusinje, Pe\u0107, De\u010dani, Junik i Tropoja i organizovana prva regionalna zimska manifestacija, koja je u jednom danu, na jednom vrhu, u\u010desnicima omogu\u0107ila skijanje u tri dr\u017eave.<\/p>\n\n\n\n<p>Zuvdija je kasno po\u010deo da planinari, ali kad je krenuo, nije ba\u0161 bio bez iskustva, jer, ka\u017ee, djetinjstvo je proveo na katunima, \u010duvaju\u0107i stoku.<\/p>\n\n\n\n<p>Dok razgovaramo, ne libi se da ka\u017ee da je ponosan na svojih osamdeset:<\/p>\n\n\n\n<p>\u201cU Crnoj Gori prakti\u010dno da nema neko iz moje generacije ko se penje kao ja. Sad kad sam se peo na Zlu kolatu, za 13. jul, peo sam se bolje od svih. A kad sam bio mla\u0111i, prakti\u010dno sam tr\u010dao uz Visitor\u201d.<\/p>\n\n\n\n<h2 class=\"wp-block-heading\">Uspon na Maja jezerce<\/h2>\n\n\n\n<p>Maja jezerce, najvi\u0161i je vrh Prokletija (2.694), nalazi se u Albaniji, blizu je granice sa Crnom Gorom. Prvi put, na Maja jezerce, 26. jula 1929. godine, popeli su se britanski planinari.<\/p>\n\n\n\n<p>Iz Crne Gore, usponi na vrhove Prokletija koji se grani\u010de sa Albanijom, pa i Jezerce, po\u010deli su tek nedavno, prije ne\u0161to vi\u0161e od dvadeset godina. Zuvdija je bio me\u0111u prvacima koji su u\u010destvovali u tim akcijama.<\/p>\n\n\n\n<p>\u201cPrvi put, nas 60, 2002. godine, popeli smo se na Maja jezerce, najvi\u0161i vrh Prokletija. Preko vlada Crne Gore i Albanije, i albanske ambasade, odobrili su nam, a na granici nas je \u010dekalo 20 policajaca i kapetan sa pe\u010datom, carina, pa su nam u paso\u0161e udarali pe\u010date\u201d.<\/p>\n\n\n\n<figure class=\"wp-block-image\"><img decoding=\"async\" src=\"https:\/\/www.vijesti.me\/data\/images\/2026\/01\/11\/19\/5698491_maja-jezerce-sa-klubom-kom_ff.jpg?ver=1768157097\" alt=\"Na vrh Maja jezerce prvi put popeo se prije dvadesetak godina: Uspon sa klubovima \u201cKom\u201d i \u201cBeljanac\"\/><figcaption class=\"wp-element-caption\">Na vrh Maja jezerce prvi put popeo se prije dvadesetak godina: Uspon sa klubovima \u201cKom\u201d i \u201cBeljanacfoto: Privatna arhiva<\/figcaption><\/figure>\n\n\n\n<p>Dok pri\u010da o tom doga\u0111aju, ispituje me jesam li bila na vrh Maja jezerce, da bih mogla da ga pratim dok opisuje kuda su i\u0161li prvi put, potom i drugi&#8230;<\/p>\n\n\n\n<p>Odgovaram potvrdno. Zna\u0161 ona jezera, pita me dalje, misle\u0107i na Dolinu jezera (Buni jezerce).<\/p>\n\n\n\n<p>\u201cTu smo spavali, svu no\u0107 su nas \u010duvali, najgore od svega, hranu nisu ponijeli. Mi smo stvarno znali da ponesemo, pa smo im dali&#8230;\u201d, pri\u010da i opisuje dalje taj dan, kako su od posljednjeg jezera krenuli dalje, stigli do na 2.504 metra, gdje su vjerovali da su stigli na Maja jezerce.<\/p>\n\n\n\n<p>\u201cNismo bili sigurni, ali smo zaobi\u0161li polako, u pratnji policije, a ni policajac nije znao, nije ni on bio ranije. Sa nama je bio jedan od mojih sinova i jo\u0161 dva Albanca iz Vusanja, popeli smo se jedno kilometar navi\u0161e, stijene velike, nismo smjeli da rizikujemo grupu da povedemo&#8230; I moj sin, sa ova dva Albanca, navi\u0161e, on se prvi popeo tada na Maja jezerce\u201d.<\/p>\n\n\n\n<p>Iz drugog poku\u0161aja, ekipa iz Crne Gore krenula je na Maja Jezerce stazom koja i danas sa crnogorske strane, sa Zastana, preko Doline jezera i Prevoja Jezerce, vodi na vrh. Me\u0111utim, ni tada nisu, ka\u017ee Zuvdija, smjeli da rizikuju, pa su se vratili i po\u0161li do vrha drugom stazom, od doline Valjbona, iz Albanije&#8230;<\/p>\n\n\n\n<p>Pa to je sve bilo relativno skoro, ka\u017eem.<\/p>\n\n\n\n<p>\u201cA vidi, i Zla kolata, nije se ni tamo smjelo, tu smo iza\u0161li mislim 2005. godine, bili smo nas \u010detvorica i ovaj moj sin. Kad smo se popeli na Dobru kolatu, on je po\u0161ao naprijed, da pogleda, odjednom ga vi\u0161e nisam ni vidio, kad on se popeo na Zla kolatu i ma\u0161e. Nije se smjelo, to je bila naj\u010duvanija granica u Jugoslaviji\u201d, pri\u010da Zuvdija.<\/p>\n\n\n\n<figure class=\"wp-block-image\"><img decoding=\"async\" src=\"https:\/\/www.vijesti.me\/data\/images\/2026\/01\/11\/19\/5698494_2426910_ff.jpg?ver=1768157210\" alt=\"Grupa koju je 13. jula 2025. izveo na vrh Zla kolata (2.534)\"\/><figcaption class=\"wp-element-caption\">Grupa koju je 13. jula 2025. izveo na vrh Zla kolata (2.534)foto: Privatna arhiva<\/figcaption><\/figure>\n\n\n\n<p>Prokletije su, ka\u017ee on, kao lijepa \u0111evojka&#8230;<\/p>\n\n\n\n<p>\u201cTo ne zna\u010di da je najljep\u0161a, mo\u017eda ima lijep osmijeh, i to je dovoljno&#8230; Ali, znaju da budu i surove, mo\u017ee \u010dovjek lako da nastrada\u201d.<\/p>\n\n\n\n<h2 class=\"wp-block-heading\">Crna Gora je najljep\u0161a zemlja na svijetu<\/h2>\n\n\n\n<p>Zuvdija je u \u017eivotu mnogo putovao, poslom, kod porodice.<\/p>\n\n\n\n<p>\u201cObi\u0161ao sam Evropu manje-vi\u0161e \u010ditavu, Ameriku sam obi\u0161ao sedam, osam puta. Crna Gora je najljep\u0161a zemlja na svijetu\u201d, ka\u017ee.<\/p>\n\n\n\n<p>Crnu Goru, Plav i Gusinje ne bi dao ni za \u0161ta na svijetu.<\/p>\n\n\n\n<p>\u201cBoljeg naroda nigdje nema\u201d, dodaje i prepri\u010dava neke doga\u0111aje iz Amerike.<\/p>\n\n\n\n<p>Na Floridi je, ka\u017ee, bio tu kad je jedna starija \u017eena pala na ulici, htio je da potr\u010di, da joj pomogne, ali ga je brat sprije\u010dio.<\/p>\n\n\n\n<p>\u201cMa kakvi, ka\u017ee mi, re\u0107i \u0107e da si je ti gurnuo. Gledam onu \u017eenu, le\u017eala je na ulici sve dok nije do\u0161la policija. Drugi put, i\u0161ao sam obalom okeana, ranac stavio na le\u0111a, hiljadu i bog te pita koliko \u0161eta\u010da je bilo, kad se jedan od dva metra samo prevrnuo, kao poko\u0161en. Prolazili su pored njega ljudi, niko glavu nije okrenuo. I tako 15 minuta, do\u0161la je hitna, policija, vatrogasna, ubaci\u0161e ga&#8230; Rekao sam, ljep\u0161e zemlje nema, kakvi god da smo, kao rogovi u vre\u0107i nekad, ali ovdje \u0107e svako svakome pomo\u0107i\u201d.<\/p>\n\n\n\n<p>Zuvdija ka\u017ee i da u vrijeme kad je on po\u010deo da planinari, plavsko-gusinjske planine pohodili su uglavnom stranci.<\/p>\n\n\n\n<p>\u201cDoprinos veliki dali su i planinari \u2018Radni\u010dkog\u2019 iz Beograda\u201d, ka\u017ee.<\/p>\n\n\n\n<p>\u201cRadni\u010dki\u201d je i danas doma\u0107in planinarskog doma u dolini Grebaja. Dom \u201cBranko Kotlaji\u0107\u201d izgra\u0111en je 1964, u me\u0111uvremenu je renoviran, uz spavaonicu, ima i kuhinju, trpezariju, kupatilo. Dom, uz dogovor sa doma\u0107inima, koriste i klubovi iz Crne Gore i tu se redovno organizuju i tabori, okupljanja planinara.<\/p>\n\n\n\n<p>Zuvdija ne preska\u010de da pomene i Plavljane i Gusinjane koji su doprinijeli razvoju planinarstva u tom kraju: <strong>Rifat Muli\u0107<\/strong>, <strong>Ahmet Rekovi\u0107<\/strong>, <strong>Hakija Musi\u0107<\/strong>, <strong>Ismet To\u0161i\u0107<\/strong>, <strong>Radonja \u0160ekularac<\/strong>, planinar i alpinista iz Beograda i Berana, koji je odabrao Gusinje za mjesto \u017eivota i rada&#8230;<\/p>\n\n\n\n<h2 class=\"wp-block-heading\">Ugo\u0111aj za gosta nije samo na ugostiteljima<\/h2>\n\n\n\n<p>Kad govori o turisti\u010dkoj ponudi, Zuvdija ka\u017ee da je \u010dine svi, ne samo ugostitelji, ve\u0107 i \u010dista\u010di na ulicama, policajci, trgovci u prodavnicama i na kioscima, gra\u0111ani&#8230;<\/p>\n\n\n\n<p>\u201cTurista sve to mora da osjeti\u201d, poru\u010duje on.<\/p>\n\n\n\n<p>I onda ilustruje pri\u010dom &#8211; drugi avgust, Ilindan, koji se tradicionalno proslavlja u Gusinju, kada se na Alipa\u0161inim izvorima organizuje va\u0161ar, a u ve\u010dernjim satima, u najboljim danima Gusinja, u centru varo\u0161i igla nema gdje da stane. Vodio je jednog drugog avgusta Zuvdija oko 40 turista iz Hrvatske, i\u0161li su kamionom:<\/p>\n\n\n\n<p>\u201cPozdravljaju nas ljudi, gosti sre\u0107ni&#8230; Kad smo iza\u0161li iz \u010dar\u0161ije, na skretanju sada prema Albaniji, zaustavila nas je patrola, ispostavilo se da kamion nije registrovan, a ja to nisam znao. Komandir je pri\u010dao sa voza\u010dem, pa jesam li ti rekao da ne vozi\u0161 vi\u0161e neregistrovan&#8230; Na kraju je samo rekao \u2018odmah za mnom\u2019, sjeo u auto, upalio rotaciju i ispratio nas je do smje\u0161taja. Gosti su bili prezadovoljni\u201d.<\/p>\n\n\n\n<p>Zuvdija je uvjeren da sjever i planine imaju daleko vi\u0161e da ponude, nego primorje.<\/p>\n\n\n\n<p>Njemu li\u010dno, planina je, ka\u017ee, \u017eivot promijenila:<\/p>\n\n\n\n<p>\u201cUpoznao sam toliko sjajnih pozitivnih ljudi, ve\u0107ini bih povjerio da vode dr\u017eavu\u201d.<\/p>\n\n\n\n<p>I ponovo se vra\u0107a na ljubaznost i doma\u0107ina, posebno onih na katunima, po kojima planinari tokom pohoda rado i \u010desto posje\u0107uju.<\/p>\n\n\n\n<p>\u201cDanas je to na obostranu korist, planinari rado svra\u0107aju u katune i doma\u0107instva, i rado \u0107e i da plate za uslugu, i vi\u0161e nego \u0161to realno ko\u0161ta\u201d.<\/p>\n\n\n\n<h2 class=\"wp-block-heading\">Ide nabolje od kad je puta preko Albanije<\/h2>\n\n\n\n<p>Put do Gusinja preko Albanije, grani\u010dnog prelaza Bo\u017eaj, a od 2021. godine i preko prelaza Cijevna zatrijeba\u010dka, kako u prvim godinama, tako i danas, doprinio je ve\u0107em broju posjeta tom kraju, pogotovo u danima vikenda, ka\u017ee Zuvdija.<\/p>\n\n\n\n<p>\u201cZa sve ove godine nije se niko nikad po\u017ealio, nije se dogodio nijedan incident\u201d.<\/p>\n\n\n\n<p>Iskustvo reporterke je i da, na albanskom dijelu puta, u danima kad pada snijeg, njihove slu\u017ebe \u0161alju snjego\u010dista\u010de &#8211; kad je snijeg pao 23. novembra, na putu iz Gusinja, poslije grani\u010dnog prelaza \u201cGrabon\u201d sve je bilo \u010disto, a na dva snjego\u010dista\u010da nai\u0161la sam u Perdolecu, jednom od tri mjesta u Albaniji kroz koja se prolazi ka Podgorici. Dalje vi\u0161e nije bilo potrebe za tim, jer su druga mjesta, Selce i Tamare, na ni\u017eoj nadmorskoj visini i snijega tu nije bilo.<\/p>\n\n\n\n<p>Drugo moje iskustvo, ba\u0161 kad sam se vra\u0107ala iz Plava, nakon susreta sa Zuvdijom, pred Tamaru mi je pukla guma, zaustavila sam automobil ispred zgrade fabrike vode, \u010duvar je odmah iza\u0161ao, shvatio \u0161ta se de\u0161ava i pozvao kolegu da mi pomogne. Zamijenio mi je gumu i odbijao i simboli\u010dnu nov\u010danu naknadu da primi.<\/p>\n\n\n\n<p>Da ne govorim o ljubaznosti u restoranu-kampu \u201cSelce\u201d, gdje dvaput ako do\u0111ete, svaki sljede\u0107i budete do\u010dekani kao najro\u0111eniji&#8230; I cijene hrane i pi\u0107a konkurentne se crnogorskim.<\/p>\n\n\n\n<p>Takvu uslugu svima nam \u017eeli Zuvdija.<\/p>\n\n\n\n<h2 class=\"wp-block-heading\">Sve bi ponovio<\/h2>\n\n\n\n<p>U Prokletije o\u010digledno zaljubljen, Zuvdija zapravo ne odvaja ni druge planine u Crnoj Gori. Samo \u010deka da ga pitate i o njima.<\/p>\n\n\n\n<p>I onda kre\u0107e o Durmitoru, \u201ckad se popnete na Bobotov kuk, pa gledate odozgo ona jezera, Malo i Veliko \u0160rkr\u010dko\u201d. Pa pri\u010da o Bjelasici, koju je, ka\u017ee, pre\u0161ao sa svih strana, od Mojkovca, Kola\u0161ina, Berana&#8230;<\/p>\n\n\n\n<p>\u201cBjelasica nije opasna, pitoma je, ima dosta vode\u201d, pri\u010da on i brzo nalazi i vezu sa Gusinjem, gdje na Jelovici, na teritoriji beranske op\u0161tine postoje Gusinjske rupe.<\/p>\n\n\n\n<p>\u201cPitao sam, ali niko nije znao da mi ka\u017ee zbog \u010dega se zovu tako. Ima i jedna \u010desma na putu za Pe\u0107, zove se Gusinjska, ali to je iz vremena kad su tuda prolazili karavani,\u2026\u201d.<\/p>\n\n\n\n<p>Karavanski put o\u017eivljen je prije nekoliko godina kroz rutu \u201cVrhovi Balkana\u201d, koja ljubitelje planine vodi kroz Kosovo, Albaniju i Crnu Goru.<\/p>\n\n\n\n<p>Zuvdija je u planine vodio ambasadore, na hiljade planinara&#8230; Planinario je i van Crne Gore i popeo se na vrhove Olimp (2.917, Gr\u010dka), Musala (2.925, Bugarska), Korab (2.764, Makedonija\/Albanija)&#8230;<\/p>\n\n\n\n<p>\u201cSad kad bih se ponovo rodio, tra\u017eio bih da radim u ugostiteljstvu i da planinarim. Toliko sam zadovoljan u \u017eivotu\u201d.<\/p>\n\n\n\n<figure class=\"wp-block-image size-full\"><img loading=\"lazy\" decoding=\"async\" width=\"1024\" height=\"1024\" src=\"https:\/\/radio-newyork.com\/wp-content\/uploads\/2026\/01\/4d3298e7-52ac-4db4-8974-a4747e436e3b.png\" alt=\"\" class=\"wp-image-3067\" srcset=\"https:\/\/radio-newyork.com\/wp-content\/uploads\/2026\/01\/4d3298e7-52ac-4db4-8974-a4747e436e3b.png 1024w, https:\/\/radio-newyork.com\/wp-content\/uploads\/2026\/01\/4d3298e7-52ac-4db4-8974-a4747e436e3b-300x300.png 300w, https:\/\/radio-newyork.com\/wp-content\/uploads\/2026\/01\/4d3298e7-52ac-4db4-8974-a4747e436e3b-150x150.png 150w, https:\/\/radio-newyork.com\/wp-content\/uploads\/2026\/01\/4d3298e7-52ac-4db4-8974-a4747e436e3b-768x768.png 768w, https:\/\/radio-newyork.com\/wp-content\/uploads\/2026\/01\/4d3298e7-52ac-4db4-8974-a4747e436e3b-500x500.png 500w\" sizes=\"auto, (max-width: 1024px) 100vw, 1024px\" \/><\/figure>\n","protected":false},"excerpt":{"rendered":"<p>Ugostiteljstvo i planinu birao bi i u drugom \u017eivotu: Osamdesetogodi\u0161nji Zuvdija i danas je lakog koraka Zuvdija je bio turisti\u010dki radnik, zaposlen u hotelu \u201cPlavsko jezero\u201d, gdje je ture organizovao za goste, a potom sa njima, u pedesetoj, i sam po\u010deo da planinari Ka\u017ee da je obi\u0161ao Evropu manje-vi\u0161e \u010ditavu, Ameriku sedam, osam puta, ali [&hellip;]<\/p>\n","protected":false},"author":2,"featured_media":3067,"comment_status":"open","ping_status":"open","sticky":false,"template":"","format":"standard","meta":{"footnotes":""},"categories":[1],"tags":[],"class_list":["post-3065","post","type-post","status-publish","format-standard","has-post-thumbnail","hentry","category-uncategorized"],"acf":[],"yoast_head":"<!-- This site is optimized with the Yoast SEO plugin v26.2 - https:\/\/yoast.com\/wordpress\/plugins\/seo\/ -->\n<title>Zuvdija \u2013 legenda Plava i planina.Obi\u0161ao svijet, ali nigdje ljep\u0161e nego kuci. - Radio New York<\/title>\n<meta name=\"robots\" content=\"index, follow, max-snippet:-1, max-image-preview:large, max-video-preview:-1\" \/>\n<link rel=\"canonical\" href=\"https:\/\/radio-newyork.com\/?p=3065\" \/>\n<meta property=\"og:locale\" content=\"en_US\" \/>\n<meta property=\"og:type\" content=\"article\" \/>\n<meta property=\"og:title\" content=\"Zuvdija \u2013 legenda Plava i planina.Obi\u0161ao svijet, ali nigdje ljep\u0161e nego kuci. - Radio New York\" \/>\n<meta property=\"og:description\" content=\"Ugostiteljstvo i planinu birao bi i u drugom \u017eivotu: Osamdesetogodi\u0161nji Zuvdija i danas je lakog koraka Zuvdija je bio turisti\u010dki radnik, zaposlen u hotelu \u201cPlavsko jezero\u201d, gdje je ture organizovao za goste, a potom sa njima, u pedesetoj, i sam po\u010deo da planinari Ka\u017ee da je obi\u0161ao Evropu manje-vi\u0161e \u010ditavu, Ameriku sedam, osam puta, ali [&hellip;]\" \/>\n<meta property=\"og:url\" content=\"https:\/\/radio-newyork.com\/?p=3065\" \/>\n<meta property=\"og:site_name\" content=\"Radio New York\" \/>\n<meta property=\"article:published_time\" content=\"2026-01-11T23:18:28+00:00\" \/>\n<meta property=\"article:modified_time\" content=\"2026-01-11T23:18:29+00:00\" \/>\n<meta property=\"og:image\" content=\"https:\/\/radio-newyork.com\/wp-content\/uploads\/2026\/01\/5698492_2427133_ls.jpg\" \/>\n\t<meta property=\"og:image:width\" content=\"1000\" \/>\n\t<meta property=\"og:image:height\" content=\"666\" \/>\n\t<meta property=\"og:image:type\" content=\"image\/jpeg\" \/>\n<meta name=\"author\" content=\"Ismet Rastoder\" \/>\n<meta name=\"twitter:card\" content=\"summary_large_image\" \/>\n<meta name=\"twitter:label1\" content=\"Written by\" \/>\n\t<meta name=\"twitter:data1\" content=\"Ismet Rastoder\" \/>\n\t<meta name=\"twitter:label2\" content=\"Est. reading time\" \/>\n\t<meta name=\"twitter:data2\" content=\"11 minutes\" \/>\n<script type=\"application\/ld+json\" class=\"yoast-schema-graph\">{\"@context\":\"https:\/\/schema.org\",\"@graph\":[{\"@type\":\"Article\",\"@id\":\"https:\/\/radio-newyork.com\/?p=3065#article\",\"isPartOf\":{\"@id\":\"https:\/\/radio-newyork.com\/?p=3065\"},\"author\":{\"name\":\"Ismet Rastoder\",\"@id\":\"https:\/\/radio-newyork.com\/#\/schema\/person\/e2f4dbf5b60fd9ac004d77b9e1b59559\"},\"headline\":\"Zuvdija \u2013 legenda Plava i planina.Obi\u0161ao svijet, ali nigdje ljep\u0161e nego kuci.\",\"datePublished\":\"2026-01-11T23:18:28+00:00\",\"dateModified\":\"2026-01-11T23:18:29+00:00\",\"mainEntityOfPage\":{\"@id\":\"https:\/\/radio-newyork.com\/?p=3065\"},\"wordCount\":2191,\"commentCount\":0,\"publisher\":{\"@id\":\"https:\/\/radio-newyork.com\/#organization\"},\"image\":{\"@id\":\"https:\/\/radio-newyork.com\/?p=3065#primaryimage\"},\"thumbnailUrl\":\"https:\/\/radio-newyork.com\/wp-content\/uploads\/2026\/01\/4d3298e7-52ac-4db4-8974-a4747e436e3b.png\",\"inLanguage\":\"en-US\",\"potentialAction\":[{\"@type\":\"CommentAction\",\"name\":\"Comment\",\"target\":[\"https:\/\/radio-newyork.com\/?p=3065#respond\"]}]},{\"@type\":\"WebPage\",\"@id\":\"https:\/\/radio-newyork.com\/?p=3065\",\"url\":\"https:\/\/radio-newyork.com\/?p=3065\",\"name\":\"Zuvdija \u2013 legenda Plava i planina.Obi\u0161ao svijet, ali nigdje ljep\u0161e nego kuci. - Radio New York\",\"isPartOf\":{\"@id\":\"https:\/\/radio-newyork.com\/#website\"},\"primaryImageOfPage\":{\"@id\":\"https:\/\/radio-newyork.com\/?p=3065#primaryimage\"},\"image\":{\"@id\":\"https:\/\/radio-newyork.com\/?p=3065#primaryimage\"},\"thumbnailUrl\":\"https:\/\/radio-newyork.com\/wp-content\/uploads\/2026\/01\/4d3298e7-52ac-4db4-8974-a4747e436e3b.png\",\"datePublished\":\"2026-01-11T23:18:28+00:00\",\"dateModified\":\"2026-01-11T23:18:29+00:00\",\"breadcrumb\":{\"@id\":\"https:\/\/radio-newyork.com\/?p=3065#breadcrumb\"},\"inLanguage\":\"en-US\",\"potentialAction\":[{\"@type\":\"ReadAction\",\"target\":[\"https:\/\/radio-newyork.com\/?p=3065\"]}]},{\"@type\":\"ImageObject\",\"inLanguage\":\"en-US\",\"@id\":\"https:\/\/radio-newyork.com\/?p=3065#primaryimage\",\"url\":\"https:\/\/radio-newyork.com\/wp-content\/uploads\/2026\/01\/4d3298e7-52ac-4db4-8974-a4747e436e3b.png\",\"contentUrl\":\"https:\/\/radio-newyork.com\/wp-content\/uploads\/2026\/01\/4d3298e7-52ac-4db4-8974-a4747e436e3b.png\",\"width\":1024,\"height\":1024},{\"@type\":\"BreadcrumbList\",\"@id\":\"https:\/\/radio-newyork.com\/?p=3065#breadcrumb\",\"itemListElement\":[{\"@type\":\"ListItem\",\"position\":1,\"name\":\"Home\",\"item\":\"https:\/\/radio-newyork.com\/\"},{\"@type\":\"ListItem\",\"position\":2,\"name\":\"Zuvdija \u2013 legenda Plava i planina.Obi\u0161ao svijet, ali nigdje ljep\u0161e nego kuci.\"}]},{\"@type\":\"WebSite\",\"@id\":\"https:\/\/radio-newyork.com\/#website\",\"url\":\"https:\/\/radio-newyork.com\/\",\"name\":\"Radio New York\",\"description\":\"Radio New York \u2014 Most Amerike i domovine\",\"publisher\":{\"@id\":\"https:\/\/radio-newyork.com\/#organization\"},\"potentialAction\":[{\"@type\":\"SearchAction\",\"target\":{\"@type\":\"EntryPoint\",\"urlTemplate\":\"https:\/\/radio-newyork.com\/?s={search_term_string}\"},\"query-input\":{\"@type\":\"PropertyValueSpecification\",\"valueRequired\":true,\"valueName\":\"search_term_string\"}}],\"inLanguage\":\"en-US\"},{\"@type\":\"Organization\",\"@id\":\"https:\/\/radio-newyork.com\/#organization\",\"name\":\"Radio New York\",\"url\":\"https:\/\/radio-newyork.com\/\",\"logo\":{\"@type\":\"ImageObject\",\"inLanguage\":\"en-US\",\"@id\":\"https:\/\/radio-newyork.com\/#\/schema\/logo\/image\/\",\"url\":\"https:\/\/radio-newyork.com\/wp-content\/uploads\/2021\/12\/262517255_4571047313011643_1786418142376364479_n.jpg\",\"contentUrl\":\"https:\/\/radio-newyork.com\/wp-content\/uploads\/2021\/12\/262517255_4571047313011643_1786418142376364479_n.jpg\",\"width\":212,\"height\":210,\"caption\":\"Radio New York\"},\"image\":{\"@id\":\"https:\/\/radio-newyork.com\/#\/schema\/logo\/image\/\"}},{\"@type\":\"Person\",\"@id\":\"https:\/\/radio-newyork.com\/#\/schema\/person\/e2f4dbf5b60fd9ac004d77b9e1b59559\",\"name\":\"Ismet Rastoder\",\"image\":{\"@type\":\"ImageObject\",\"inLanguage\":\"en-US\",\"@id\":\"https:\/\/radio-newyork.com\/#\/schema\/person\/image\/\",\"url\":\"https:\/\/secure.gravatar.com\/avatar\/800e8dd1eac3e728e825b7d5c16c80b067c4a0557a2ce54986c89f6008f454bb?s=96&d=mm&r=g\",\"contentUrl\":\"https:\/\/secure.gravatar.com\/avatar\/800e8dd1eac3e728e825b7d5c16c80b067c4a0557a2ce54986c89f6008f454bb?s=96&d=mm&r=g\",\"caption\":\"Ismet Rastoder\"},\"description\":\"Ismet Rastoder je urednik i osniva\u010d portala Radio New York \u2014 medijskog prostora posve\u0107enog dijaspori, dru\u0161tvenoj istini i stvarnim \u017eivotnim pitanjima Balkana i Amerike. Poznat po direktnom stilu, hrabrim komentarima i beskompromisnoj borbi protiv nepravde, Rastoder donosi glas zajednice koja se \u010desto ne \u010duje, ali itekako postoji. Vi\u0161e od dvije decenije aktivan je u zajednici i medijima, gdje kroz analize, autorske kolumne i dru\u0161tveni anga\u017eman povezuje iskustvo \u017eivota u Americi sa realno\u0161\u0107u Balkana. Njegove pri\u010de otvaraju va\u017ene teme \u2014 od identiteta i politike, do kulture, dijaspore i dru\u0161tvenih transformacija. Prepoznat je kao glas dijaspore koji govori ono \u0161to mnogi misle, ali rijetko ko ka\u017ee.\",\"sameAs\":[\"http:\/\/radio-newyork.com\"],\"url\":\"https:\/\/radio-newyork.com\/?author=2\"}]}<\/script>\n<!-- \/ Yoast SEO plugin. -->","yoast_head_json":{"title":"Zuvdija \u2013 legenda Plava i planina.Obi\u0161ao svijet, ali nigdje ljep\u0161e nego kuci. - Radio New York","robots":{"index":"index","follow":"follow","max-snippet":"max-snippet:-1","max-image-preview":"max-image-preview:large","max-video-preview":"max-video-preview:-1"},"canonical":"https:\/\/radio-newyork.com\/?p=3065","og_locale":"en_US","og_type":"article","og_title":"Zuvdija \u2013 legenda Plava i planina.Obi\u0161ao svijet, ali nigdje ljep\u0161e nego kuci. - Radio New York","og_description":"Ugostiteljstvo i planinu birao bi i u drugom \u017eivotu: Osamdesetogodi\u0161nji Zuvdija i danas je lakog koraka Zuvdija je bio turisti\u010dki radnik, zaposlen u hotelu \u201cPlavsko jezero\u201d, gdje je ture organizovao za goste, a potom sa njima, u pedesetoj, i sam po\u010deo da planinari Ka\u017ee da je obi\u0161ao Evropu manje-vi\u0161e \u010ditavu, Ameriku sedam, osam puta, ali [&hellip;]","og_url":"https:\/\/radio-newyork.com\/?p=3065","og_site_name":"Radio New York","article_published_time":"2026-01-11T23:18:28+00:00","article_modified_time":"2026-01-11T23:18:29+00:00","og_image":[{"width":1000,"height":666,"url":"https:\/\/radio-newyork.com\/wp-content\/uploads\/2026\/01\/5698492_2427133_ls.jpg","type":"image\/jpeg"}],"author":"Ismet Rastoder","twitter_card":"summary_large_image","twitter_misc":{"Written by":"Ismet Rastoder","Est. reading time":"11 minutes"},"schema":{"@context":"https:\/\/schema.org","@graph":[{"@type":"Article","@id":"https:\/\/radio-newyork.com\/?p=3065#article","isPartOf":{"@id":"https:\/\/radio-newyork.com\/?p=3065"},"author":{"name":"Ismet Rastoder","@id":"https:\/\/radio-newyork.com\/#\/schema\/person\/e2f4dbf5b60fd9ac004d77b9e1b59559"},"headline":"Zuvdija \u2013 legenda Plava i planina.Obi\u0161ao svijet, ali nigdje ljep\u0161e nego kuci.","datePublished":"2026-01-11T23:18:28+00:00","dateModified":"2026-01-11T23:18:29+00:00","mainEntityOfPage":{"@id":"https:\/\/radio-newyork.com\/?p=3065"},"wordCount":2191,"commentCount":0,"publisher":{"@id":"https:\/\/radio-newyork.com\/#organization"},"image":{"@id":"https:\/\/radio-newyork.com\/?p=3065#primaryimage"},"thumbnailUrl":"https:\/\/radio-newyork.com\/wp-content\/uploads\/2026\/01\/4d3298e7-52ac-4db4-8974-a4747e436e3b.png","inLanguage":"en-US","potentialAction":[{"@type":"CommentAction","name":"Comment","target":["https:\/\/radio-newyork.com\/?p=3065#respond"]}]},{"@type":"WebPage","@id":"https:\/\/radio-newyork.com\/?p=3065","url":"https:\/\/radio-newyork.com\/?p=3065","name":"Zuvdija \u2013 legenda Plava i planina.Obi\u0161ao svijet, ali nigdje ljep\u0161e nego kuci. - Radio New York","isPartOf":{"@id":"https:\/\/radio-newyork.com\/#website"},"primaryImageOfPage":{"@id":"https:\/\/radio-newyork.com\/?p=3065#primaryimage"},"image":{"@id":"https:\/\/radio-newyork.com\/?p=3065#primaryimage"},"thumbnailUrl":"https:\/\/radio-newyork.com\/wp-content\/uploads\/2026\/01\/4d3298e7-52ac-4db4-8974-a4747e436e3b.png","datePublished":"2026-01-11T23:18:28+00:00","dateModified":"2026-01-11T23:18:29+00:00","breadcrumb":{"@id":"https:\/\/radio-newyork.com\/?p=3065#breadcrumb"},"inLanguage":"en-US","potentialAction":[{"@type":"ReadAction","target":["https:\/\/radio-newyork.com\/?p=3065"]}]},{"@type":"ImageObject","inLanguage":"en-US","@id":"https:\/\/radio-newyork.com\/?p=3065#primaryimage","url":"https:\/\/radio-newyork.com\/wp-content\/uploads\/2026\/01\/4d3298e7-52ac-4db4-8974-a4747e436e3b.png","contentUrl":"https:\/\/radio-newyork.com\/wp-content\/uploads\/2026\/01\/4d3298e7-52ac-4db4-8974-a4747e436e3b.png","width":1024,"height":1024},{"@type":"BreadcrumbList","@id":"https:\/\/radio-newyork.com\/?p=3065#breadcrumb","itemListElement":[{"@type":"ListItem","position":1,"name":"Home","item":"https:\/\/radio-newyork.com\/"},{"@type":"ListItem","position":2,"name":"Zuvdija \u2013 legenda Plava i planina.Obi\u0161ao svijet, ali nigdje ljep\u0161e nego kuci."}]},{"@type":"WebSite","@id":"https:\/\/radio-newyork.com\/#website","url":"https:\/\/radio-newyork.com\/","name":"Radio New York","description":"Radio New York \u2014 Most Amerike i domovine","publisher":{"@id":"https:\/\/radio-newyork.com\/#organization"},"potentialAction":[{"@type":"SearchAction","target":{"@type":"EntryPoint","urlTemplate":"https:\/\/radio-newyork.com\/?s={search_term_string}"},"query-input":{"@type":"PropertyValueSpecification","valueRequired":true,"valueName":"search_term_string"}}],"inLanguage":"en-US"},{"@type":"Organization","@id":"https:\/\/radio-newyork.com\/#organization","name":"Radio New York","url":"https:\/\/radio-newyork.com\/","logo":{"@type":"ImageObject","inLanguage":"en-US","@id":"https:\/\/radio-newyork.com\/#\/schema\/logo\/image\/","url":"https:\/\/radio-newyork.com\/wp-content\/uploads\/2021\/12\/262517255_4571047313011643_1786418142376364479_n.jpg","contentUrl":"https:\/\/radio-newyork.com\/wp-content\/uploads\/2021\/12\/262517255_4571047313011643_1786418142376364479_n.jpg","width":212,"height":210,"caption":"Radio New York"},"image":{"@id":"https:\/\/radio-newyork.com\/#\/schema\/logo\/image\/"}},{"@type":"Person","@id":"https:\/\/radio-newyork.com\/#\/schema\/person\/e2f4dbf5b60fd9ac004d77b9e1b59559","name":"Ismet Rastoder","image":{"@type":"ImageObject","inLanguage":"en-US","@id":"https:\/\/radio-newyork.com\/#\/schema\/person\/image\/","url":"https:\/\/secure.gravatar.com\/avatar\/800e8dd1eac3e728e825b7d5c16c80b067c4a0557a2ce54986c89f6008f454bb?s=96&d=mm&r=g","contentUrl":"https:\/\/secure.gravatar.com\/avatar\/800e8dd1eac3e728e825b7d5c16c80b067c4a0557a2ce54986c89f6008f454bb?s=96&d=mm&r=g","caption":"Ismet Rastoder"},"description":"Ismet Rastoder je urednik i osniva\u010d portala Radio New York \u2014 medijskog prostora posve\u0107enog dijaspori, dru\u0161tvenoj istini i stvarnim \u017eivotnim pitanjima Balkana i Amerike. Poznat po direktnom stilu, hrabrim komentarima i beskompromisnoj borbi protiv nepravde, Rastoder donosi glas zajednice koja se \u010desto ne \u010duje, ali itekako postoji. Vi\u0161e od dvije decenije aktivan je u zajednici i medijima, gdje kroz analize, autorske kolumne i dru\u0161tveni anga\u017eman povezuje iskustvo \u017eivota u Americi sa realno\u0161\u0107u Balkana. Njegove pri\u010de otvaraju va\u017ene teme \u2014 od identiteta i politike, do kulture, dijaspore i dru\u0161tvenih transformacija. Prepoznat je kao glas dijaspore koji govori ono \u0161to mnogi misle, ali rijetko ko ka\u017ee.","sameAs":["http:\/\/radio-newyork.com"],"url":"https:\/\/radio-newyork.com\/?author=2"}]}},"_links":{"self":[{"href":"https:\/\/radio-newyork.com\/index.php?rest_route=\/wp\/v2\/posts\/3065","targetHints":{"allow":["GET"]}}],"collection":[{"href":"https:\/\/radio-newyork.com\/index.php?rest_route=\/wp\/v2\/posts"}],"about":[{"href":"https:\/\/radio-newyork.com\/index.php?rest_route=\/wp\/v2\/types\/post"}],"author":[{"embeddable":true,"href":"https:\/\/radio-newyork.com\/index.php?rest_route=\/wp\/v2\/users\/2"}],"replies":[{"embeddable":true,"href":"https:\/\/radio-newyork.com\/index.php?rest_route=%2Fwp%2Fv2%2Fcomments&post=3065"}],"version-history":[{"count":1,"href":"https:\/\/radio-newyork.com\/index.php?rest_route=\/wp\/v2\/posts\/3065\/revisions"}],"predecessor-version":[{"id":3068,"href":"https:\/\/radio-newyork.com\/index.php?rest_route=\/wp\/v2\/posts\/3065\/revisions\/3068"}],"wp:featuredmedia":[{"embeddable":true,"href":"https:\/\/radio-newyork.com\/index.php?rest_route=\/wp\/v2\/media\/3067"}],"wp:attachment":[{"href":"https:\/\/radio-newyork.com\/index.php?rest_route=%2Fwp%2Fv2%2Fmedia&parent=3065"}],"wp:term":[{"taxonomy":"category","embeddable":true,"href":"https:\/\/radio-newyork.com\/index.php?rest_route=%2Fwp%2Fv2%2Fcategories&post=3065"},{"taxonomy":"post_tag","embeddable":true,"href":"https:\/\/radio-newyork.com\/index.php?rest_route=%2Fwp%2Fv2%2Ftags&post=3065"}],"curies":[{"name":"wp","href":"https:\/\/api.w.org\/{rel}","templated":true}]}}