{"id":3056,"date":"2026-01-08T18:27:59","date_gmt":"2026-01-08T18:27:59","guid":{"rendered":"https:\/\/radio-newyork.com\/?p=3056"},"modified":"2026-01-08T18:28:22","modified_gmt":"2026-01-08T18:28:22","slug":"fabrika-akumulatora-u-petnjici-poziv-investitorima-i-dijaspori","status":"publish","type":"post","link":"https:\/\/radio-newyork.com\/?p=3056","title":{"rendered":"Fabrika akumulatora u Petnjici. Poziv investitorima i dijaspori"},"content":{"rendered":"\n<figure class=\"wp-block-image size-full\"><img loading=\"lazy\" decoding=\"async\" width=\"1000\" height=\"750\" src=\"https:\/\/radio-newyork.com\/wp-content\/uploads\/2026\/01\/Principles-and-process-of-battery-factory-construction-1.webp\" alt=\"\" class=\"wp-image-3058\" srcset=\"https:\/\/radio-newyork.com\/wp-content\/uploads\/2026\/01\/Principles-and-process-of-battery-factory-construction-1.webp 1000w, https:\/\/radio-newyork.com\/wp-content\/uploads\/2026\/01\/Principles-and-process-of-battery-factory-construction-1-300x225.webp 300w, https:\/\/radio-newyork.com\/wp-content\/uploads\/2026\/01\/Principles-and-process-of-battery-factory-construction-1-768x576.webp 768w\" sizes=\"auto, (max-width: 1000px) 100vw, 1000px\" \/><\/figure>\n\n\n\n<p>U srcu sjevernog Bihora, <strong>Petnjica se okre\u0107e budu\u0107nosti sa entuzijazmom i vizijom koju dugo nismo vidjeli<\/strong>. Dolaskom moderne <strong>fabrike akumulatora u Lje\u0161nici<\/strong>, ovaj mirni kraj dobija novi motor ekonomskog \u017eivota i dokaz da i mala zajednica mo\u017ee postati <strong>centar tehnolo\u0161kog razvoja i perspektive<\/strong>.<\/p>\n\n\n\n<p>Rije\u010d je o savremenom proizvodnom pogonu koji gradi njema\u010dka kompanija <em>Tina \u2013 Energie<\/em>, a \u010dija se izgradnja, uz podr\u0161ku lokalne uprave i doma\u0107ih partnera, privodi kraju u rekordnom roku. Nakon postavljenog kamena temeljca, danas se vidi jasno da su <strong>obe\u0107anja pretvorena u stvarnost<\/strong>, a po\u010detak proizvodnje planiran je ve\u0107 u 2026. godini. <\/p>\n\n\n\n<p>Ova fabrika predstavlja <strong>novi po\u010detak za generacije koje ostaju ovdje da \u017eive, rade i stvaraju vrijednost u svojoj sredini<\/strong>. Vi\u0161e od 30 lokalnih radnih mjesta na po\u010detku \u0107e zna\u010diti stabilan posao za mnoge porodice, a dugoro\u010dno \u0107e podsta\u0107i razvoj prate\u0107e industrije i privla\u010denje novih investitora. <\/p>\n\n\n\n<p>Investicija od oko <strong>3,5 miliona eura<\/strong> nije samo broj \u2014 to je <strong>glas povjerenja u potencijal Petnjice i Crne Gore kao mjesta gdje se mo\u017ee graditi odr\u017eiva industrijska budu\u0107nost<\/strong>, bez odricanja od na\u0161ih vrijednosti i identiteta. <\/p>\n\n\n\n<p>Ova fabrika bi\u0107e <strong>dragocjeni generator ekonomskog rasta<\/strong> koji ne\u0107e samo proizvoditi moderne tehnologije, ve\u0107 \u0107e i vra\u0107ati nadu mladima da ovdje mogu ostvariti svoj profesionalni i \u017eivotni put.<\/p>\n\n\n\n<p><strong>Budu\u0107nost u Petnjici sija ja\u010de nego ikada \u2014 sa elektri\u010dnom energijom iz akumulatora, ali i sa energijom na\u0161ih ljudi, njihove pameti, volje i srca!<\/strong><\/p>\n\n\n\n<h3 class=\"wp-block-heading\"> <strong>Investitor \u2013 privatna kompanija<\/strong><\/h3>\n\n\n\n<p> Fabriku gradi i finansira <strong>njema\u010dka kompanija \u201eTina \u2013 Energie\u201c<\/strong> (tako se navodi u lokalnim medijskim izvje\u0161tajima). Kompanija je registrovana u Njema\u010dkoj i povezuje se sa vlasnikom <strong>Adisom Ramdedovi\u0107em<\/strong>, koji je iz Bihora i \u017eivi i radi u Njema\u010dkoj kao privrednik. <\/p>\n\n\n\n<p> Kompletne tro\u0161kove izgradnje, oko <strong>3,5 miliona eura<\/strong>, snosi upravo <strong>\u201eTina \u2013 Energie\u201c<\/strong>.<\/p>\n\n\n\n<p> To zna\u010di da <strong>nije rije\u010d o dr\u017eavnoj investiciji<\/strong>, niti je projekat \u201eVlade Crne Gore\u201c po definiciji dr\u017eavnog programa \u2014 <strong>ve\u0107 je to privatna inicijativa<\/strong> sa podr\u0161kom lokalnih i dr\u017eavnih struktura. <\/p>\n\n\n\n<h3 class=\"wp-block-heading\"><strong>Uloga dr\u017eave i vlasti<\/strong><\/h3>\n\n\n\n<p> Premijer <strong>Milojko Spaji\u0107<\/strong>, ministar finansija <strong>Novica Vukovi\u0107<\/strong> i predsjednik op\u0161tine Petnjica <strong>Samir Agovi\u0107<\/strong> su u\u010destvovali na ceremoniji polaganja kamena temeljca, \u0161to ukazuje na politi\u010dku i logisti\u010dku podr\u0161ku kod otvaranja pogona \u2014 ali <strong>to nije zna\u010dilo da je Vlada finansijer projekta<\/strong>, nego da \u017eeli da podr\u017ei razvoj i investicije u tom kraju. <\/p>\n\n\n\n<p>Ismet Rastoder obracanje javnosti:<\/p>\n\n\n\n<p>Fabrika akumulatora u Petnjici nije samo proizvodna hala. To je dokaz da se i u malim sredinama mogu ra\u0111ati veliki projekti, da sjever Crne Gore ima snagu da u\u0111e u moderne industrije i da dijaspora ima volju da vra\u0107a znanje, kapital i iskustvo ku\u0107i.<\/p>\n\n\n\n<p>Ono \u0161to je posebno va\u017eno naglasiti jeste da se ovaj projekat nije desio kroz dr\u017eavne programe, fondove ili strategije.<br><strong>Ovo je privatna, samoinicijativna investicija dijaspore<\/strong>, u potpunosti finansirana od strane privatnog investitora \u2013 kompanije \u201eTina \u2013 Energie\u201c iz Njema\u010dke, povezane sa na\u0161im \u010dovjekom koji je godinama radio, stvarao i gradio u inostranstvu.<\/p>\n\n\n\n<p>Dr\u017eava jeste pru\u017eila ceremonijalnu i logisti\u010dku podr\u0161ku, ali projekat nije plan Vlade niti dio dr\u017eavnog investicionog programa. Upravo to daje jo\u0161 ve\u0107u te\u017einu cijeloj pri\u010di:<br><strong>Pokrenuo ga je \u010dovjek, a ne sistem. Dijaspora, a ne birokratija.<\/strong><\/p>\n\n\n\n<p>I zato ovo treba posmatrati kao signal, kao poziv i kao upozorenje.<br>Ako privatna inicijativa mo\u017ee sama \u2014 \u0161ta bismo mogli da napravimo kada bi sistem po\u010deo da radi svoj dio posla?<\/p>\n\n\n\n<p>Pozivamo Vladu Crne Gore, ministarstva, op\u0161tine i sve odgovorne institucije da se uklju\u010de, da prepoznaju snagu dijaspore i investitora, i da izgrade konkretne modele podr\u0161ke: industrijske zone, poreske olak\u0161ice, garantne fondove, edukacije, br\u017ee procedure i jasne planove razvoja.<\/p>\n\n\n\n<p>Dijaspora ne tra\u017ei favorizovanje niti povlastice.<br>Tra\u017ei samo <strong>po\u0161tovanje, otvorena vrata i jasan plan<\/strong>.<\/p>\n\n\n\n<p>Ovaj kraj ima resurse, ljude, tradiciju, zemlju, vodu i ogromnu dijasporu koja \u0161irom svijeta dr\u017ei fabrike, transport, trgovinu, ugostiteljstvo, energetiku i tehnologiju.<br>Vrijeme je da se taj kapital slije i ovdje, u Bihor, u Gusinje, Plav, Ro\u017eaje, Andrijevicu, Berane i \u010ditav sjever.<\/p>\n\n\n\n<p>Zato pozivamo investitore, doma\u0107e i strane, da razmi\u0161ljaju o poljoprivredi, preradi hrane, drvnoj industriji, turizmu, energiji, tehnologiji i svim sektorima gdje ve\u0107 imamo prednosti.<br>Ovakvi projekti podi\u017eu ekonomiju, donose izvoz, otvaraju radna mjesta i \u010duvaju ljude da ostanu u svom kraju.<\/p>\n\n\n\n<p>Obra\u0107am se posebno dijaspori: vrijeme je da se dio kapitala vrati ku\u0107i, ne samo iz nostalgije nego iz interesa. Jer ulaganje ovdje danas ima logiku i emociju, ali ima i ekonomsku ra\u010dunicu.<\/p>\n\n\n\n<p>Ako \u017eelimo da se stvari mijenjaju, <strong>sad je trenutak<\/strong>.<br>Sjever \u010deka, i mo\u017ee mnogo vi\u0161e nego \u0161to mu se vjeruje.<\/p>\n\n\n\n<figure class=\"wp-block-image size-large\"><img loading=\"lazy\" decoding=\"async\" width=\"1024\" height=\"576\" src=\"https:\/\/radio-newyork.com\/wp-content\/uploads\/2026\/01\/dji_fly_20221021_113526_212_1666345178832_photo_optimized-scaled-1-1024x576.jpg\" alt=\"\" class=\"wp-image-3059\" srcset=\"https:\/\/radio-newyork.com\/wp-content\/uploads\/2026\/01\/dji_fly_20221021_113526_212_1666345178832_photo_optimized-scaled-1-1024x576.jpg 1024w, https:\/\/radio-newyork.com\/wp-content\/uploads\/2026\/01\/dji_fly_20221021_113526_212_1666345178832_photo_optimized-scaled-1-300x169.jpg 300w, https:\/\/radio-newyork.com\/wp-content\/uploads\/2026\/01\/dji_fly_20221021_113526_212_1666345178832_photo_optimized-scaled-1-768x432.jpg 768w, https:\/\/radio-newyork.com\/wp-content\/uploads\/2026\/01\/dji_fly_20221021_113526_212_1666345178832_photo_optimized-scaled-1-1536x864.jpg 1536w, https:\/\/radio-newyork.com\/wp-content\/uploads\/2026\/01\/dji_fly_20221021_113526_212_1666345178832_photo_optimized-scaled-1-2048x1152.jpg 2048w\" sizes=\"auto, (max-width: 1024px) 100vw, 1024px\" \/><\/figure>\n\n\n\n<figure class=\"wp-block-image size-full\"><img loading=\"lazy\" decoding=\"async\" width=\"800\" height=\"548\" src=\"https:\/\/radio-newyork.com\/wp-content\/uploads\/2026\/01\/battery-factory-france.png\" alt=\"\" class=\"wp-image-3060\" srcset=\"https:\/\/radio-newyork.com\/wp-content\/uploads\/2026\/01\/battery-factory-france.png 800w, https:\/\/radio-newyork.com\/wp-content\/uploads\/2026\/01\/battery-factory-france-300x206.png 300w, https:\/\/radio-newyork.com\/wp-content\/uploads\/2026\/01\/battery-factory-france-768x526.png 768w\" sizes=\"auto, (max-width: 800px) 100vw, 800px\" \/><\/figure>\n\n\n\n<figure class=\"wp-block-image size-large\"><img loading=\"lazy\" decoding=\"async\" width=\"1024\" height=\"576\" src=\"https:\/\/radio-newyork.com\/wp-content\/uploads\/2026\/01\/dji_fly_20231110_105236_526_1699610223114_photo_optimized-scaled-1-1024x576.jpg\" alt=\"\" class=\"wp-image-3061\" srcset=\"https:\/\/radio-newyork.com\/wp-content\/uploads\/2026\/01\/dji_fly_20231110_105236_526_1699610223114_photo_optimized-scaled-1-1024x576.jpg 1024w, https:\/\/radio-newyork.com\/wp-content\/uploads\/2026\/01\/dji_fly_20231110_105236_526_1699610223114_photo_optimized-scaled-1-300x169.jpg 300w, https:\/\/radio-newyork.com\/wp-content\/uploads\/2026\/01\/dji_fly_20231110_105236_526_1699610223114_photo_optimized-scaled-1-768x432.jpg 768w, https:\/\/radio-newyork.com\/wp-content\/uploads\/2026\/01\/dji_fly_20231110_105236_526_1699610223114_photo_optimized-scaled-1-1536x864.jpg 1536w, https:\/\/radio-newyork.com\/wp-content\/uploads\/2026\/01\/dji_fly_20231110_105236_526_1699610223114_photo_optimized-scaled-1-2048x1152.jpg 2048w\" sizes=\"auto, (max-width: 1024px) 100vw, 1024px\" \/><\/figure>\n\n\n\n<figure class=\"wp-block-image size-full\"><img loading=\"lazy\" decoding=\"async\" width=\"1024\" height=\"576\" src=\"https:\/\/radio-newyork.com\/wp-content\/uploads\/2026\/01\/FRONT-GC-Volkswagen-1MainWEB.jpg\" alt=\"\" class=\"wp-image-3062\" srcset=\"https:\/\/radio-newyork.com\/wp-content\/uploads\/2026\/01\/FRONT-GC-Volkswagen-1MainWEB.jpg 1024w, https:\/\/radio-newyork.com\/wp-content\/uploads\/2026\/01\/FRONT-GC-Volkswagen-1MainWEB-300x169.jpg 300w, https:\/\/radio-newyork.com\/wp-content\/uploads\/2026\/01\/FRONT-GC-Volkswagen-1MainWEB-768x432.jpg 768w\" sizes=\"auto, (max-width: 1024px) 100vw, 1024px\" \/><\/figure>\n\n\n\n<figure class=\"wp-block-image size-full\"><img loading=\"lazy\" decoding=\"async\" width=\"1024\" height=\"465\" src=\"https:\/\/radio-newyork.com\/wp-content\/uploads\/2026\/01\/Petnjica.jpg\" alt=\"\" class=\"wp-image-3063\" srcset=\"https:\/\/radio-newyork.com\/wp-content\/uploads\/2026\/01\/Petnjica.jpg 1024w, https:\/\/radio-newyork.com\/wp-content\/uploads\/2026\/01\/Petnjica-300x136.jpg 300w, https:\/\/radio-newyork.com\/wp-content\/uploads\/2026\/01\/Petnjica-768x349.jpg 768w\" sizes=\"auto, (max-width: 1024px) 100vw, 1024px\" \/><\/figure>\n\n\n\n<p>Ismet Rastoder <\/p>\n\n\n\n<p>Radio Ne York <\/p>\n","protected":false},"excerpt":{"rendered":"<p>U srcu sjevernog Bihora, Petnjica se okre\u0107e budu\u0107nosti sa entuzijazmom i vizijom koju dugo nismo vidjeli. Dolaskom moderne fabrike akumulatora u Lje\u0161nici, ovaj mirni kraj dobija novi motor ekonomskog \u017eivota i dokaz da i mala zajednica mo\u017ee postati centar tehnolo\u0161kog razvoja i perspektive. Rije\u010d je o savremenom proizvodnom pogonu koji gradi njema\u010dka kompanija Tina \u2013 [&hellip;]<\/p>\n","protected":false},"author":2,"featured_media":3058,"comment_status":"open","ping_status":"open","sticky":false,"template":"","format":"standard","meta":{"footnotes":""},"categories":[1],"tags":[],"class_list":["post-3056","post","type-post","status-publish","format-standard","has-post-thumbnail","hentry","category-uncategorized"],"acf":[],"yoast_head":"<!-- This site is optimized with the Yoast SEO plugin v26.2 - https:\/\/yoast.com\/wordpress\/plugins\/seo\/ -->\n<title>Fabrika akumulatora u Petnjici. Poziv investitorima i dijaspori - Radio New York<\/title>\n<meta name=\"robots\" content=\"index, follow, max-snippet:-1, max-image-preview:large, max-video-preview:-1\" \/>\n<link rel=\"canonical\" href=\"https:\/\/radio-newyork.com\/?p=3056\" \/>\n<meta property=\"og:locale\" content=\"en_US\" \/>\n<meta property=\"og:type\" content=\"article\" \/>\n<meta property=\"og:title\" content=\"Fabrika akumulatora u Petnjici. Poziv investitorima i dijaspori - Radio New York\" \/>\n<meta property=\"og:description\" content=\"U srcu sjevernog Bihora, Petnjica se okre\u0107e budu\u0107nosti sa entuzijazmom i vizijom koju dugo nismo vidjeli. Dolaskom moderne fabrike akumulatora u Lje\u0161nici, ovaj mirni kraj dobija novi motor ekonomskog \u017eivota i dokaz da i mala zajednica mo\u017ee postati centar tehnolo\u0161kog razvoja i perspektive. Rije\u010d je o savremenom proizvodnom pogonu koji gradi njema\u010dka kompanija Tina \u2013 [&hellip;]\" \/>\n<meta property=\"og:url\" content=\"https:\/\/radio-newyork.com\/?p=3056\" \/>\n<meta property=\"og:site_name\" content=\"Radio New York\" \/>\n<meta property=\"article:published_time\" content=\"2026-01-08T18:27:59+00:00\" \/>\n<meta property=\"article:modified_time\" content=\"2026-01-08T18:28:22+00:00\" \/>\n<meta property=\"og:image\" content=\"https:\/\/radio-newyork.com\/wp-content\/uploads\/2026\/01\/Principles-and-process-of-battery-factory-construction-1.webp\" \/>\n\t<meta property=\"og:image:width\" content=\"1000\" \/>\n\t<meta property=\"og:image:height\" content=\"750\" \/>\n\t<meta property=\"og:image:type\" content=\"image\/webp\" \/>\n<meta name=\"author\" content=\"Ismet Rastoder\" \/>\n<meta name=\"twitter:card\" content=\"summary_large_image\" \/>\n<meta name=\"twitter:label1\" content=\"Written by\" \/>\n\t<meta name=\"twitter:data1\" content=\"Ismet Rastoder\" \/>\n\t<meta name=\"twitter:label2\" content=\"Est. reading time\" \/>\n\t<meta name=\"twitter:data2\" content=\"5 minutes\" \/>\n<script type=\"application\/ld+json\" class=\"yoast-schema-graph\">{\"@context\":\"https:\/\/schema.org\",\"@graph\":[{\"@type\":\"Article\",\"@id\":\"https:\/\/radio-newyork.com\/?p=3056#article\",\"isPartOf\":{\"@id\":\"https:\/\/radio-newyork.com\/?p=3056\"},\"author\":{\"name\":\"Ismet Rastoder\",\"@id\":\"https:\/\/radio-newyork.com\/#\/schema\/person\/e2f4dbf5b60fd9ac004d77b9e1b59559\"},\"headline\":\"Fabrika akumulatora u Petnjici. Poziv investitorima i dijaspori\",\"datePublished\":\"2026-01-08T18:27:59+00:00\",\"dateModified\":\"2026-01-08T18:28:22+00:00\",\"mainEntityOfPage\":{\"@id\":\"https:\/\/radio-newyork.com\/?p=3056\"},\"wordCount\":806,\"commentCount\":0,\"publisher\":{\"@id\":\"https:\/\/radio-newyork.com\/#organization\"},\"image\":{\"@id\":\"https:\/\/radio-newyork.com\/?p=3056#primaryimage\"},\"thumbnailUrl\":\"https:\/\/radio-newyork.com\/wp-content\/uploads\/2026\/01\/Principles-and-process-of-battery-factory-construction-1.webp\",\"inLanguage\":\"en-US\",\"potentialAction\":[{\"@type\":\"CommentAction\",\"name\":\"Comment\",\"target\":[\"https:\/\/radio-newyork.com\/?p=3056#respond\"]}]},{\"@type\":\"WebPage\",\"@id\":\"https:\/\/radio-newyork.com\/?p=3056\",\"url\":\"https:\/\/radio-newyork.com\/?p=3056\",\"name\":\"Fabrika akumulatora u Petnjici. Poziv investitorima i dijaspori - Radio New York\",\"isPartOf\":{\"@id\":\"https:\/\/radio-newyork.com\/#website\"},\"primaryImageOfPage\":{\"@id\":\"https:\/\/radio-newyork.com\/?p=3056#primaryimage\"},\"image\":{\"@id\":\"https:\/\/radio-newyork.com\/?p=3056#primaryimage\"},\"thumbnailUrl\":\"https:\/\/radio-newyork.com\/wp-content\/uploads\/2026\/01\/Principles-and-process-of-battery-factory-construction-1.webp\",\"datePublished\":\"2026-01-08T18:27:59+00:00\",\"dateModified\":\"2026-01-08T18:28:22+00:00\",\"breadcrumb\":{\"@id\":\"https:\/\/radio-newyork.com\/?p=3056#breadcrumb\"},\"inLanguage\":\"en-US\",\"potentialAction\":[{\"@type\":\"ReadAction\",\"target\":[\"https:\/\/radio-newyork.com\/?p=3056\"]}]},{\"@type\":\"ImageObject\",\"inLanguage\":\"en-US\",\"@id\":\"https:\/\/radio-newyork.com\/?p=3056#primaryimage\",\"url\":\"https:\/\/radio-newyork.com\/wp-content\/uploads\/2026\/01\/Principles-and-process-of-battery-factory-construction-1.webp\",\"contentUrl\":\"https:\/\/radio-newyork.com\/wp-content\/uploads\/2026\/01\/Principles-and-process-of-battery-factory-construction-1.webp\",\"width\":1000,\"height\":750},{\"@type\":\"BreadcrumbList\",\"@id\":\"https:\/\/radio-newyork.com\/?p=3056#breadcrumb\",\"itemListElement\":[{\"@type\":\"ListItem\",\"position\":1,\"name\":\"Home\",\"item\":\"https:\/\/radio-newyork.com\/\"},{\"@type\":\"ListItem\",\"position\":2,\"name\":\"Fabrika akumulatora u Petnjici. Poziv investitorima i dijaspori\"}]},{\"@type\":\"WebSite\",\"@id\":\"https:\/\/radio-newyork.com\/#website\",\"url\":\"https:\/\/radio-newyork.com\/\",\"name\":\"Radio New York\",\"description\":\"Radio New York \u2014 Most Amerike i domovine\",\"publisher\":{\"@id\":\"https:\/\/radio-newyork.com\/#organization\"},\"potentialAction\":[{\"@type\":\"SearchAction\",\"target\":{\"@type\":\"EntryPoint\",\"urlTemplate\":\"https:\/\/radio-newyork.com\/?s={search_term_string}\"},\"query-input\":{\"@type\":\"PropertyValueSpecification\",\"valueRequired\":true,\"valueName\":\"search_term_string\"}}],\"inLanguage\":\"en-US\"},{\"@type\":\"Organization\",\"@id\":\"https:\/\/radio-newyork.com\/#organization\",\"name\":\"Radio New York\",\"url\":\"https:\/\/radio-newyork.com\/\",\"logo\":{\"@type\":\"ImageObject\",\"inLanguage\":\"en-US\",\"@id\":\"https:\/\/radio-newyork.com\/#\/schema\/logo\/image\/\",\"url\":\"https:\/\/radio-newyork.com\/wp-content\/uploads\/2021\/12\/262517255_4571047313011643_1786418142376364479_n.jpg\",\"contentUrl\":\"https:\/\/radio-newyork.com\/wp-content\/uploads\/2021\/12\/262517255_4571047313011643_1786418142376364479_n.jpg\",\"width\":212,\"height\":210,\"caption\":\"Radio New York\"},\"image\":{\"@id\":\"https:\/\/radio-newyork.com\/#\/schema\/logo\/image\/\"}},{\"@type\":\"Person\",\"@id\":\"https:\/\/radio-newyork.com\/#\/schema\/person\/e2f4dbf5b60fd9ac004d77b9e1b59559\",\"name\":\"Ismet Rastoder\",\"image\":{\"@type\":\"ImageObject\",\"inLanguage\":\"en-US\",\"@id\":\"https:\/\/radio-newyork.com\/#\/schema\/person\/image\/\",\"url\":\"https:\/\/secure.gravatar.com\/avatar\/800e8dd1eac3e728e825b7d5c16c80b067c4a0557a2ce54986c89f6008f454bb?s=96&d=mm&r=g\",\"contentUrl\":\"https:\/\/secure.gravatar.com\/avatar\/800e8dd1eac3e728e825b7d5c16c80b067c4a0557a2ce54986c89f6008f454bb?s=96&d=mm&r=g\",\"caption\":\"Ismet Rastoder\"},\"description\":\"Ismet Rastoder je urednik i osniva\u010d portala Radio New York \u2014 medijskog prostora posve\u0107enog dijaspori, dru\u0161tvenoj istini i stvarnim \u017eivotnim pitanjima Balkana i Amerike. Poznat po direktnom stilu, hrabrim komentarima i beskompromisnoj borbi protiv nepravde, Rastoder donosi glas zajednice koja se \u010desto ne \u010duje, ali itekako postoji. Vi\u0161e od dvije decenije aktivan je u zajednici i medijima, gdje kroz analize, autorske kolumne i dru\u0161tveni anga\u017eman povezuje iskustvo \u017eivota u Americi sa realno\u0161\u0107u Balkana. Njegove pri\u010de otvaraju va\u017ene teme \u2014 od identiteta i politike, do kulture, dijaspore i dru\u0161tvenih transformacija. Prepoznat je kao glas dijaspore koji govori ono \u0161to mnogi misle, ali rijetko ko ka\u017ee.\",\"sameAs\":[\"http:\/\/radio-newyork.com\"],\"url\":\"https:\/\/radio-newyork.com\/?author=2\"}]}<\/script>\n<!-- \/ Yoast SEO plugin. -->","yoast_head_json":{"title":"Fabrika akumulatora u Petnjici. Poziv investitorima i dijaspori - Radio New York","robots":{"index":"index","follow":"follow","max-snippet":"max-snippet:-1","max-image-preview":"max-image-preview:large","max-video-preview":"max-video-preview:-1"},"canonical":"https:\/\/radio-newyork.com\/?p=3056","og_locale":"en_US","og_type":"article","og_title":"Fabrika akumulatora u Petnjici. Poziv investitorima i dijaspori - Radio New York","og_description":"U srcu sjevernog Bihora, Petnjica se okre\u0107e budu\u0107nosti sa entuzijazmom i vizijom koju dugo nismo vidjeli. Dolaskom moderne fabrike akumulatora u Lje\u0161nici, ovaj mirni kraj dobija novi motor ekonomskog \u017eivota i dokaz da i mala zajednica mo\u017ee postati centar tehnolo\u0161kog razvoja i perspektive. Rije\u010d je o savremenom proizvodnom pogonu koji gradi njema\u010dka kompanija Tina \u2013 [&hellip;]","og_url":"https:\/\/radio-newyork.com\/?p=3056","og_site_name":"Radio New York","article_published_time":"2026-01-08T18:27:59+00:00","article_modified_time":"2026-01-08T18:28:22+00:00","og_image":[{"width":1000,"height":750,"url":"https:\/\/radio-newyork.com\/wp-content\/uploads\/2026\/01\/Principles-and-process-of-battery-factory-construction-1.webp","type":"image\/webp"}],"author":"Ismet Rastoder","twitter_card":"summary_large_image","twitter_misc":{"Written by":"Ismet Rastoder","Est. reading time":"5 minutes"},"schema":{"@context":"https:\/\/schema.org","@graph":[{"@type":"Article","@id":"https:\/\/radio-newyork.com\/?p=3056#article","isPartOf":{"@id":"https:\/\/radio-newyork.com\/?p=3056"},"author":{"name":"Ismet Rastoder","@id":"https:\/\/radio-newyork.com\/#\/schema\/person\/e2f4dbf5b60fd9ac004d77b9e1b59559"},"headline":"Fabrika akumulatora u Petnjici. Poziv investitorima i dijaspori","datePublished":"2026-01-08T18:27:59+00:00","dateModified":"2026-01-08T18:28:22+00:00","mainEntityOfPage":{"@id":"https:\/\/radio-newyork.com\/?p=3056"},"wordCount":806,"commentCount":0,"publisher":{"@id":"https:\/\/radio-newyork.com\/#organization"},"image":{"@id":"https:\/\/radio-newyork.com\/?p=3056#primaryimage"},"thumbnailUrl":"https:\/\/radio-newyork.com\/wp-content\/uploads\/2026\/01\/Principles-and-process-of-battery-factory-construction-1.webp","inLanguage":"en-US","potentialAction":[{"@type":"CommentAction","name":"Comment","target":["https:\/\/radio-newyork.com\/?p=3056#respond"]}]},{"@type":"WebPage","@id":"https:\/\/radio-newyork.com\/?p=3056","url":"https:\/\/radio-newyork.com\/?p=3056","name":"Fabrika akumulatora u Petnjici. Poziv investitorima i dijaspori - Radio New York","isPartOf":{"@id":"https:\/\/radio-newyork.com\/#website"},"primaryImageOfPage":{"@id":"https:\/\/radio-newyork.com\/?p=3056#primaryimage"},"image":{"@id":"https:\/\/radio-newyork.com\/?p=3056#primaryimage"},"thumbnailUrl":"https:\/\/radio-newyork.com\/wp-content\/uploads\/2026\/01\/Principles-and-process-of-battery-factory-construction-1.webp","datePublished":"2026-01-08T18:27:59+00:00","dateModified":"2026-01-08T18:28:22+00:00","breadcrumb":{"@id":"https:\/\/radio-newyork.com\/?p=3056#breadcrumb"},"inLanguage":"en-US","potentialAction":[{"@type":"ReadAction","target":["https:\/\/radio-newyork.com\/?p=3056"]}]},{"@type":"ImageObject","inLanguage":"en-US","@id":"https:\/\/radio-newyork.com\/?p=3056#primaryimage","url":"https:\/\/radio-newyork.com\/wp-content\/uploads\/2026\/01\/Principles-and-process-of-battery-factory-construction-1.webp","contentUrl":"https:\/\/radio-newyork.com\/wp-content\/uploads\/2026\/01\/Principles-and-process-of-battery-factory-construction-1.webp","width":1000,"height":750},{"@type":"BreadcrumbList","@id":"https:\/\/radio-newyork.com\/?p=3056#breadcrumb","itemListElement":[{"@type":"ListItem","position":1,"name":"Home","item":"https:\/\/radio-newyork.com\/"},{"@type":"ListItem","position":2,"name":"Fabrika akumulatora u Petnjici. Poziv investitorima i dijaspori"}]},{"@type":"WebSite","@id":"https:\/\/radio-newyork.com\/#website","url":"https:\/\/radio-newyork.com\/","name":"Radio New York","description":"Radio New York \u2014 Most Amerike i domovine","publisher":{"@id":"https:\/\/radio-newyork.com\/#organization"},"potentialAction":[{"@type":"SearchAction","target":{"@type":"EntryPoint","urlTemplate":"https:\/\/radio-newyork.com\/?s={search_term_string}"},"query-input":{"@type":"PropertyValueSpecification","valueRequired":true,"valueName":"search_term_string"}}],"inLanguage":"en-US"},{"@type":"Organization","@id":"https:\/\/radio-newyork.com\/#organization","name":"Radio New York","url":"https:\/\/radio-newyork.com\/","logo":{"@type":"ImageObject","inLanguage":"en-US","@id":"https:\/\/radio-newyork.com\/#\/schema\/logo\/image\/","url":"https:\/\/radio-newyork.com\/wp-content\/uploads\/2021\/12\/262517255_4571047313011643_1786418142376364479_n.jpg","contentUrl":"https:\/\/radio-newyork.com\/wp-content\/uploads\/2021\/12\/262517255_4571047313011643_1786418142376364479_n.jpg","width":212,"height":210,"caption":"Radio New York"},"image":{"@id":"https:\/\/radio-newyork.com\/#\/schema\/logo\/image\/"}},{"@type":"Person","@id":"https:\/\/radio-newyork.com\/#\/schema\/person\/e2f4dbf5b60fd9ac004d77b9e1b59559","name":"Ismet Rastoder","image":{"@type":"ImageObject","inLanguage":"en-US","@id":"https:\/\/radio-newyork.com\/#\/schema\/person\/image\/","url":"https:\/\/secure.gravatar.com\/avatar\/800e8dd1eac3e728e825b7d5c16c80b067c4a0557a2ce54986c89f6008f454bb?s=96&d=mm&r=g","contentUrl":"https:\/\/secure.gravatar.com\/avatar\/800e8dd1eac3e728e825b7d5c16c80b067c4a0557a2ce54986c89f6008f454bb?s=96&d=mm&r=g","caption":"Ismet Rastoder"},"description":"Ismet Rastoder je urednik i osniva\u010d portala Radio New York \u2014 medijskog prostora posve\u0107enog dijaspori, dru\u0161tvenoj istini i stvarnim \u017eivotnim pitanjima Balkana i Amerike. Poznat po direktnom stilu, hrabrim komentarima i beskompromisnoj borbi protiv nepravde, Rastoder donosi glas zajednice koja se \u010desto ne \u010duje, ali itekako postoji. Vi\u0161e od dvije decenije aktivan je u zajednici i medijima, gdje kroz analize, autorske kolumne i dru\u0161tveni anga\u017eman povezuje iskustvo \u017eivota u Americi sa realno\u0161\u0107u Balkana. Njegove pri\u010de otvaraju va\u017ene teme \u2014 od identiteta i politike, do kulture, dijaspore i dru\u0161tvenih transformacija. Prepoznat je kao glas dijaspore koji govori ono \u0161to mnogi misle, ali rijetko ko ka\u017ee.","sameAs":["http:\/\/radio-newyork.com"],"url":"https:\/\/radio-newyork.com\/?author=2"}]}},"_links":{"self":[{"href":"https:\/\/radio-newyork.com\/index.php?rest_route=\/wp\/v2\/posts\/3056","targetHints":{"allow":["GET"]}}],"collection":[{"href":"https:\/\/radio-newyork.com\/index.php?rest_route=\/wp\/v2\/posts"}],"about":[{"href":"https:\/\/radio-newyork.com\/index.php?rest_route=\/wp\/v2\/types\/post"}],"author":[{"embeddable":true,"href":"https:\/\/radio-newyork.com\/index.php?rest_route=\/wp\/v2\/users\/2"}],"replies":[{"embeddable":true,"href":"https:\/\/radio-newyork.com\/index.php?rest_route=%2Fwp%2Fv2%2Fcomments&post=3056"}],"version-history":[{"count":1,"href":"https:\/\/radio-newyork.com\/index.php?rest_route=\/wp\/v2\/posts\/3056\/revisions"}],"predecessor-version":[{"id":3064,"href":"https:\/\/radio-newyork.com\/index.php?rest_route=\/wp\/v2\/posts\/3056\/revisions\/3064"}],"wp:featuredmedia":[{"embeddable":true,"href":"https:\/\/radio-newyork.com\/index.php?rest_route=\/wp\/v2\/media\/3058"}],"wp:attachment":[{"href":"https:\/\/radio-newyork.com\/index.php?rest_route=%2Fwp%2Fv2%2Fmedia&parent=3056"}],"wp:term":[{"taxonomy":"category","embeddable":true,"href":"https:\/\/radio-newyork.com\/index.php?rest_route=%2Fwp%2Fv2%2Fcategories&post=3056"},{"taxonomy":"post_tag","embeddable":true,"href":"https:\/\/radio-newyork.com\/index.php?rest_route=%2Fwp%2Fv2%2Ftags&post=3056"}],"curies":[{"name":"wp","href":"https:\/\/api.w.org\/{rel}","templated":true}]}}