{"id":3052,"date":"2026-01-08T16:56:48","date_gmt":"2026-01-08T16:56:48","guid":{"rendered":"https:\/\/radio-newyork.com\/?p=3052"},"modified":"2026-01-08T16:56:51","modified_gmt":"2026-01-08T16:56:51","slug":"canovic-za-standard-budzet-za-2026-u-funkciji-kapitalnih-investicija-jacanja-lokalnih-servisa-i-ekonomskog-osnazivanja-plava","status":"publish","type":"post","link":"https:\/\/radio-newyork.com\/?p=3052","title":{"rendered":"CANOVI\u0106 ZA STANDARD: Bud\u017eet za 2026. u funkciji kapitalnih investicija, ja\u010danja lokalnih servisa i ekonomskog osna\u017eivanja Plava"},"content":{"rendered":"\n<p>Kontinuitet ulaganja, jasno postavljeni prioriteti i mjerljivi rezultati obilje\u017eili su rad Op\u0161tine Plav u godini za nama. Sa vi\u0161e od \u0161est miliona eura investicija u 2025. i ambiciozno planiranim bud\u017eetom za 2026, predsjednik Op\u0161tine Nihad Canovi\u0107 za Standard govori o razvoju turizma, ure\u0111enju grada i projektima koji Plav pozicioniraju kao stabilnu i prepoznatljivu lokalnu zajednicu.<\/p>\n\n\n\n<figure class=\"wp-block-image size-large\"><img loading=\"lazy\" decoding=\"async\" width=\"1024\" height=\"682\" src=\"https:\/\/radio-newyork.com\/wp-content\/uploads\/2026\/01\/viber_slika_2026-01-05_19-20-09-925-1024x682.jpg\" alt=\"\" class=\"wp-image-3053\" srcset=\"https:\/\/radio-newyork.com\/wp-content\/uploads\/2026\/01\/viber_slika_2026-01-05_19-20-09-925-1024x682.jpg 1024w, https:\/\/radio-newyork.com\/wp-content\/uploads\/2026\/01\/viber_slika_2026-01-05_19-20-09-925-300x200.jpg 300w, https:\/\/radio-newyork.com\/wp-content\/uploads\/2026\/01\/viber_slika_2026-01-05_19-20-09-925-768x512.jpg 768w, https:\/\/radio-newyork.com\/wp-content\/uploads\/2026\/01\/viber_slika_2026-01-05_19-20-09-925-1536x1023.jpg 1536w, https:\/\/radio-newyork.com\/wp-content\/uploads\/2026\/01\/viber_slika_2026-01-05_19-20-09-925.jpg 1600w\" sizes=\"auto, (max-width: 1024px) 100vw, 1024px\" \/><\/figure>\n\n\n\n<p>Razvoj Plava posljednjih godina zasniva se na postepenom, ali kontinuiranom unapre\u0111enju infrastrukture, javnog prostora i ukupne ponude grada. Lokalna uprava, predvo\u0111ena predsjednikom Op\u0161tine <strong>Nihadom Canovi\u0107em<\/strong>, fokus stavlja na projekte koji imaju dugoro\u010dni efekat, uz nastojanje da se ravnomjerno unaprijede i gradska i ruralna podru\u010dja.<\/p>\n\n\n\n<p>U razgovoru za <em>Standard<\/em>, Canovi\u0107 sumira rezultate iz 2025. godine i iznosi klju\u010dne planove za period koji slijedi.<\/p>\n\n\n\n<p><strong>TURIZAM KOJI PRIVLA\u010cI I ZADR\u017dAVA GOSTE<\/strong><\/p>\n\n\n\n<p>Govore\u0107i o saradnji Op\u0161tine Plav sa lokalnim privrednicima i Turisti\u010dkom organizacijom, Canovi\u0107 isti\u010de da je tokom 2025. godine fokus bio na stvaranju sadr\u017eajne i prepoznatljive turisti\u010dke ponude.<\/p>\n\n\n\n<p>\u201eKroz zajedni\u010dku promociju, organizaciju manifestacija i direktnu komunikaciju sa ugostiteljima i vlasnicima smje\u0161taja, nastojali smo da Plav predstavimo kao destinaciju u kojoj gost ne dolazi samo da vidi prirodu, ve\u0107 da u njoj provede vi\u0161e dana; kroz aktivni odmor, lokalnu gastronomiju, kulturne sadr\u017eaje i doga\u0111aje koji se ravnomjerno raspore\u0111uju tokom sezone\u201c, naveo je Canovi\u0107.<\/p>\n\n\n\n<p><strong>JA\u010cANJE HOTELSKIH KAPACITETA I PRIVATNOG SEKTORA<\/strong><\/p>\n\n\n\n<p>On nagla\u0161ava da je cilj bio da boravak u Plavu dobije strukturu i smisao, a ne da se svede na kratko zadr\u017eavanje, uz paralelni rad na unapre\u0111enju ponude i ambijenta. Posebno isti\u010de zna\u010daj novih turisti\u010dkih kapaciteta.<\/p>\n\n\n\n<p>\u201eSvjesni smo da bez novih turisti\u010dkih kapaciteta nema ozbiljnog iskoraka. Posebno nam je va\u017eno ja\u010danje privatnog sektora i razvoj kvalitetnih hotelskih kapaciteta, uz o\u010duvanje autenti\u010dnosti prostora i privatnosti\u201c, kazao je Canovi\u0107 za portal Standard.<\/p>\n\n\n\n<p>On je dodao da \u0107e dvije planirane investicije u hotelskom smje\u0161taju zna\u010dajno pro\u0161iriti ponudu.<\/p>\n\n\n\n<p>\u201eVjerujemo da \u0107e dvije planirane investicije u dijelu hotelskog smje\u0161taja u narednom periodu zna\u010dajno pro\u0161iriti ponudu i omogu\u0107iti da Plav napravi iskorak sa jednodnevnih i vikend-posjeta ka ozbiljnijem turisti\u010dkom boravku\u201c, naveo je prvi \u010dovjek Op\u0161tine Plav.<\/p>\n\n\n\n<p>Osvr\u0107u\u0107i se na rezultate iz 2025. godine, Canovi\u0107 isti\u010de da je u tom periodu ulo\u017eeno vi\u0161e od \u0161est miliona eura, \u0161to ovu godinu svrstava me\u0111u investiciono najintenzivnije u novijem periodu.<\/p>\n\n\n\n<p>\u201eTa ulaganja nijesu bila stihijska, ve\u0107 rezultat planskog i odgovornog upravljanja, sa jasno definisanim prioritetima\u201c, naglasio je Canovi\u0107.<\/p>\n\n\n\n<p>Kako je dodao, 2025. godina obilje\u017eena je uspje\u0161nom realizacijom bud\u017eeta i o\u010duvanom finansijskom stabilno\u0161\u0107u Op\u0161tine.<\/p>\n\n\n\n<p>\u201eSvi klju\u010dni projekti izvedeni u planiranim rokovima i u skladu sa dinamikom koju smo postavili na po\u010detku godine. Upravo po toj disciplini u planiranju i izvr\u0161enju, kao i po o\u010duvanoj stabilnoj finansijskoj situaciji Op\u0161tine, ova godina \u0107e ostati upam\u0107ena u radu lokalne uprave\u201c, kazao je Canovi\u0107.<\/p>\n\n\n\n<p><strong>INFRASTRUKTURA ZA BOLJI SVAKODNEVNI \u017dIVOT<\/strong><\/p>\n\n\n\n<p>Prema rije\u010dima predsjednika Op\u0161tine Plav, investicije tokom 2025. godine bile su usmjerene na projekte koji su najvidljiviji gra\u0111anima i koji direktno uti\u010du na svakodnevni \u017eivot.<\/p>\n\n\n\n<p>\u201eFokus ulaganja bio je na ure\u0111enju u\u017eeg centra grada. Realizovana je izgradnja i rekonstrukcija ulica \u0160abovi\u0107a, Zavr\u0161ke, Omeragi\u0107a, dio \u010car\u0161ijske kao i ulice prema Splavovima, gdje je izvr\u0161ena zamjena podzemne i povr\u0161inske infrastrukture. Istovremeno, zna\u010dajna sredstva su usmjerena i na unapre\u0111enje ruralne infrastrukture, kao i na nabavku komunalne opreme, \u010dime su pobolj\u0161ani uslovi \u017eivota i u gradskim i u seoskim podru\u010djima\u201c, naglasio je Canovi\u0107.<\/p>\n\n\n\n<p>Tokom godine, kako podsje\u0107a Canovi\u0107, zapo\u010deti su i radovi na adaptaciji enterijera Centra za kulturu, dok \u0107e zavr\u0161etkom druge faze Gradske tr\u017enice u teku\u0107oj godini biti zaokru\u017een va\u017ean ciklus ure\u0111enja centra grada.<\/p>\n\n\n\n<p>\u201eTime Plav ulazi u novu fazu razvoja, sa ure\u0111enijim javnim prostorom i stabilnim osnovama za dalje planiranje\u201c, istakao je on.<\/p>\n\n\n\n<p><strong>REKORDAN BUD\u017dET<\/strong><\/p>\n\n\n\n<p>Govore\u0107i o planovima za 2026. godinu, Canovi\u0107 je istakao da je bud\u017eet Op\u0161tine Plav planiran na 8,2 miliona eura, od \u010dega je 48 odsto opredijeljeno za kapitalne investicije.<\/p>\n\n\n\n<p>\u201eTo u praksi zna\u010di da se skoro polovina bud\u017eeta ula\u017ee u izgradnju i unapre\u0111enje infrastrukture \u2013 puteve, vodovod, javne povr\u0161ine i objekte \u2013 odnosno u projekte koji ostaju i imaju dugoro\u010dan efekat\u201c, rekao je Canovi\u0107.<\/p>\n\n\n\n<p>Kada govori o klju\u010dnim infrastrukturnim projektima za narednu godinu, Canovi\u0107 posebno isti\u010de radove koji \u0107e unaprijediti saobra\u0107ajnu povezanost i rasteretiti centar grada<\/p>\n\n\n\n<p>\u201eU 2026. godini planiramo po\u010detak izgradnje nove ulice koja \u0107e omogu\u0107iti zaobila\u017eenje centralnog gradskog trga, na pravcu od Centra za kulturu prema Domu zdravlja, \u010dime \u0107e se zna\u010dajno rasteretiti saobra\u0107aj u centru Plava. Paralelno s tim, pokre\u0107emo i proces eksproprijacije za rekonstrukciju i pro\u0161irenje saobra\u0107ajnice na pravcu <strong>Rudo polje \u2013 Meteriz<\/strong>, kao va\u017enog pravca za bolju saobra\u0107ajnu povezanost i budu\u0107i razvoj tog dijela grada. Planirana je i izgradnja i rekonstrukcija jo\u0161 nekoliko va\u017enih ulica, kao i ure\u0111enje dodatnih parking mjesta. Nastavljamo sa asfaltiranjem seoskih puteva, sa jasnim ciljem da svako selo ima uredan i bezbjedan put tokom cijele godine. U planu je i projektovanje novog bazena za pija\u0107u vodu, kako bismo dugoro\u010dno obezbijedili stabilno i kvalitetno vodosnabdijevanje. U narednoj godini fokus je i na daljem ja\u010danju lokalnih institucija, prije svega Komunalnog preduze\u0107a, kroz ulaganja u opremu i operativne kapacitete, jer bez jakih komunalnih slu\u017ebi nema ure\u0111enog i funkcionalnog grada\u201c, istakao je Canovi\u0107 u razgovoru za portal Standard.<\/p>\n\n\n\n<p>Canovi\u0107 je najavio i osnivanje Radija Plav, kao lokalnog medija u slu\u017ebi gra\u0111ana, sa ciljem boljeg informisanja i ve\u0107e transparentnosti rada lokalne uprave.<\/p>\n\n\n\n<p><strong>SARADNJA SA VLADOM CRNE GORE<\/strong><\/p>\n\n\n\n<p>Kada je rije\u010d o saradnji sa Vladom Crne Gore, predsjednik Op\u0161tine Plav isti\u010de opredijeljenost za partnerski odnos, ali i nezadovoljstvo \u010dinjenicom da nijedan novi projekat Op\u0161tine Plav nije uvr\u0161ten u Kapitalni bud\u017eet dr\u017eave za 2026. godinu.<\/p>\n\n\n\n<p>\u201eMoramo otvoreno re\u0107i da ne mo\u017eemo biti zadovoljni \u010dinjenicom da nijedan novi projekat kandidovan od strane Op\u0161tine Plav nije uvr\u0161ten u Kapitalni bud\u017eet dr\u017eave za 2026. godinu. Takav pristup ne odgovara realnim razvojnim potrebama Plava. Uprkos tome, ostajemo posve\u0107eni dijalogu i vjerujemo da \u0107emo tokom godine, kroz konkretne razgovore i predloge, uspjeti da ispravimo ovaj nedostatak i obezbijedimo realizaciju novih projekata koji su va\u017eni za na\u0161e gra\u0111ane\u201c, poru\u010dio je Canovi\u0107. <\/p>\n\n\n\n<p><strong>MLADI I PRIVREDA U CENTRU PA\u017dNJE<\/strong><\/p>\n\n\n\n<p>Govore\u0107i o mladima, Canovi\u0107 je istakao da su oni u fokusu lokalne politike kroz konkretne odluke i ulaganja, uklju\u010duju\u0107i stipendije, ulaganja u sport, kulturu i dru\u0161tvene aktivnosti, ali i kroz stvaranje uslova za zapo\u0161ljavanje.<\/p>\n\n\n\n<p>\u201eIstovremeno, svjesni smo da su zapo\u0161ljavanje i mogu\u0107nost da se planira budu\u0107nost u Plavu klju\u010dna pitanja. Zato je fokus na\u0161eg rada na stvaranju uslova za nova, kvalitetna radna mjesta kroz ulaganja u infrastrukturu, ja\u010danje lokalne privrede i podr\u0161ku razvojnim projektima. Ve\u0107 u narednoj godini o\u010dekujemo da se efekti takvih politika sve jasnije vide i osjete u svakodnevnom \u017eivotu mladih ljudi\u201c, kazao je Canovi\u0107. <\/p>\n\n\n\n<p><strong>ODGOVORNOST, TRANSPARENTNOST I REZULTATI<\/strong><\/p>\n\n\n\n<p>Prvi \u010dovjek Op\u0161tine Plav osvrnuo se i na pote\u0161ko\u0107e s kojima su se suo\u010davali tokom pro\u0161le godine, ali i na lekcije koje su iz toga proiza\u0161le.<\/p>\n\n\n\n<p>\u201eNajve\u0107i izazovi tokom 2025. godine odnosili su se na ograni\u010dene resurse i slo\u017eene administrativne procedure, koje su \u010desto usporavale realizaciju projekata. I pored toga, uspjeli smo da o\u010duvamo stabilnost i da realizujemo planirano, \u0161to smatram va\u017enim rezultatom. Bilo je i situacija u kojima su pojedini procesi mogli biti br\u017ei ili bolje organizovani, i to ne treba skrivati. Ta iskustva su nam poslu\u017eila da u naredni period u\u0111emo spremniji i precizniji. U 2026. godinu ulazimo sa nikad bolje isplaniranim bud\u017eetom i jasno postavljenim planom rada, \u0161to nam daje osnov za kvalitetnu realizaciju projekata. Svjestan sam da ljudi ne tra\u017ee obe\u0107anja, ve\u0107 rezultate, i upravo zbog toga ostajemo fokusirani na rad koji ostavlja trag, a ne na rije\u010di koje brzo prolaze\u201c, zaklju\u010dio je Canovi\u0107.<\/p>\n\n\n\n<figure class=\"wp-block-image\"><img decoding=\"async\" src=\"https:\/\/qlql.io\/revive\/www\/delivery\/lg.php?bannerid=0&amp;campaignid=0&amp;zoneid=145&amp;loc=https%3A%2F%2Fwww.standard.co.me%2Fpolitika%2Fcanovic-za-standard-budzet-za-2026-u-funkciji-kapitalnih-investicija-jacanja-lokalnih-servisa-i-ekonomskog-osnazivanja-plava%3Ffbclid%3DIwY2xjawPMveVleHRuA2FlbQIxMQBzcnRjBmFwcF9pZBAyMjIwMzkxNzg4MjAwODkyAAEe1sszg0CWn5vJ6b84QA9fb_rNKvS9TFnQh5GjfZ1TtDLg8dxCuHg47CdEbRc_aem_zeMRb9oerw_kglQFNixMnA&amp;referer=https%3A%2F%2Fl.facebook.com%2F&amp;cb=e6f1e4eb41\" alt=\"\"\/><\/figure>\n\n\n\n<p><a href=\"https:\/\/www.standard.co.me\/hronika\/petar-lazovic-niksa-perovic-i-radovan-pantovic-ostaju-u-pritvoru\"><\/a><\/p>\n\n\n\n<p><ins><a href=\"https:\/\/qlql.io\/revive\/www\/delivery\/ck.php?oaparams=2__bannerid=1718__zoneid=169__cb=9f8206b5b1__oadest=https%3A%2F%2Fmtel.me%2Fa25707%2FO-mtelu%2FMedia-centar%2FGLEDAJ-NAJBOLJE-DOMACE-NASLOVE-U-TS-MEDIA-VIDEO-KLUBU.html%3Futm_source%3Dstandard.co.me%26utm_medium%3Ddisplay%26utm_campaign%3DTS%2520Media%26utm_content%3D300x600\" target=\"_blank\" rel=\"noreferrer noopener\"><\/a><\/ins><\/p>\n\n\n\n<figure class=\"wp-block-image\"><img decoding=\"async\" src=\"https:\/\/qlql.io\/revive\/www\/delivery\/lg.php?bannerid=1718&amp;campaignid=562&amp;zoneid=169&amp;loc=https%3A%2F%2Fwww.standard.co.me%2Fpolitika%2Fcanovic-za-standard-budzet-za-2026-u-funkciji-kapitalnih-investicija-jacanja-lokalnih-servisa-i-ekonomskog-osnazivanja-plava%3Ffbclid%3DIwY2xjawPMveVleHRuA2FlbQIxMQBzcnRjBmFwcF9pZBAyMjIwMzkxNzg4MjAwODkyAAEe1sszg0CWn5vJ6b84QA9fb_rNKvS9TFnQh5GjfZ1TtDLg8dxCuHg47CdEbRc_aem_zeMRb9oerw_kglQFNixMnA&amp;referer=https%3A%2F%2Fl.facebook.com%2F&amp;cb=9f8206b5b1\" alt=\"\"\/><\/figure>\n\n\n\n<figure class=\"wp-block-image\"><img decoding=\"async\" src=\"https:\/\/qlql.io\/revive\/www\/delivery\/lg.php?bannerid=0&amp;campaignid=0&amp;zoneid=143&amp;loc=https%3A%2F%2Fwww.standard.co.me%2Fpolitika%2Fcanovic-za-standard-budzet-za-2026-u-funkciji-kapitalnih-investicija-jacanja-lokalnih-servisa-i-ekonomskog-osnazivanja-plava%3Ffbclid%3DIwY2xjawPMveVleHRuA2FlbQIxMQBzcnRjBmFwcF9pZBAyMjIwMzkxNzg4MjAwODkyAAEe1sszg0CWn5vJ6b84QA9fb_rNKvS9TFnQh5GjfZ1TtDLg8dxCuHg47CdEbRc_aem_zeMRb9oerw_kglQFNixMnA&amp;referer=https%3A%2F%2Fl.facebook.com%2F&amp;cb=38a1f7042f\" alt=\"\"\/><\/figure>\n","protected":false},"excerpt":{"rendered":"<p>Kontinuitet ulaganja, jasno postavljeni prioriteti i mjerljivi rezultati obilje\u017eili su rad Op\u0161tine Plav u godini za nama. Sa vi\u0161e od \u0161est miliona eura investicija u 2025. i ambiciozno planiranim bud\u017eetom za 2026, predsjednik Op\u0161tine Nihad Canovi\u0107 za Standard govori o razvoju turizma, ure\u0111enju grada i projektima koji Plav pozicioniraju kao stabilnu i prepoznatljivu lokalnu zajednicu. [&hellip;]<\/p>\n","protected":false},"author":2,"featured_media":3054,"comment_status":"open","ping_status":"open","sticky":false,"template":"","format":"standard","meta":{"footnotes":""},"categories":[1],"tags":[],"class_list":["post-3052","post","type-post","status-publish","format-standard","has-post-thumbnail","hentry","category-uncategorized"],"acf":[],"yoast_head":"<!-- This site is optimized with the Yoast SEO plugin v26.2 - https:\/\/yoast.com\/wordpress\/plugins\/seo\/ -->\n<title>CANOVI\u0106 ZA STANDARD: Bud\u017eet za 2026. u funkciji kapitalnih investicija, ja\u010danja lokalnih servisa i ekonomskog osna\u017eivanja Plava - Radio New York<\/title>\n<meta name=\"robots\" content=\"index, follow, max-snippet:-1, max-image-preview:large, max-video-preview:-1\" \/>\n<link rel=\"canonical\" href=\"https:\/\/radio-newyork.com\/?p=3052\" \/>\n<meta property=\"og:locale\" content=\"en_US\" \/>\n<meta property=\"og:type\" content=\"article\" \/>\n<meta property=\"og:title\" content=\"CANOVI\u0106 ZA STANDARD: Bud\u017eet za 2026. u funkciji kapitalnih investicija, ja\u010danja lokalnih servisa i ekonomskog osna\u017eivanja Plava - Radio New York\" \/>\n<meta property=\"og:description\" content=\"Kontinuitet ulaganja, jasno postavljeni prioriteti i mjerljivi rezultati obilje\u017eili su rad Op\u0161tine Plav u godini za nama. Sa vi\u0161e od \u0161est miliona eura investicija u 2025. i ambiciozno planiranim bud\u017eetom za 2026, predsjednik Op\u0161tine Nihad Canovi\u0107 za Standard govori o razvoju turizma, ure\u0111enju grada i projektima koji Plav pozicioniraju kao stabilnu i prepoznatljivu lokalnu zajednicu. [&hellip;]\" \/>\n<meta property=\"og:url\" content=\"https:\/\/radio-newyork.com\/?p=3052\" \/>\n<meta property=\"og:site_name\" content=\"Radio New York\" \/>\n<meta property=\"article:published_time\" content=\"2026-01-08T16:56:48+00:00\" \/>\n<meta property=\"article:modified_time\" content=\"2026-01-08T16:56:51+00:00\" \/>\n<meta property=\"og:image\" content=\"https:\/\/radio-newyork.com\/wp-content\/uploads\/2026\/01\/Screenshot-2026-01-08-at-11.56.04-AM.png\" \/>\n\t<meta property=\"og:image:width\" content=\"294\" \/>\n\t<meta property=\"og:image:height\" content=\"188\" \/>\n\t<meta property=\"og:image:type\" content=\"image\/png\" \/>\n<meta name=\"author\" content=\"Ismet Rastoder\" \/>\n<meta name=\"twitter:card\" content=\"summary_large_image\" \/>\n<meta name=\"twitter:label1\" content=\"Written by\" \/>\n\t<meta name=\"twitter:data1\" content=\"Ismet Rastoder\" \/>\n\t<meta name=\"twitter:label2\" content=\"Est. reading time\" \/>\n\t<meta name=\"twitter:data2\" content=\"7 minutes\" \/>\n<script type=\"application\/ld+json\" class=\"yoast-schema-graph\">{\"@context\":\"https:\/\/schema.org\",\"@graph\":[{\"@type\":\"Article\",\"@id\":\"https:\/\/radio-newyork.com\/?p=3052#article\",\"isPartOf\":{\"@id\":\"https:\/\/radio-newyork.com\/?p=3052\"},\"author\":{\"name\":\"Ismet Rastoder\",\"@id\":\"https:\/\/radio-newyork.com\/#\/schema\/person\/e2f4dbf5b60fd9ac004d77b9e1b59559\"},\"headline\":\"CANOVI\u0106 ZA STANDARD: Bud\u017eet za 2026. u funkciji kapitalnih investicija, ja\u010danja lokalnih servisa i ekonomskog osna\u017eivanja Plava\",\"datePublished\":\"2026-01-08T16:56:48+00:00\",\"dateModified\":\"2026-01-08T16:56:51+00:00\",\"mainEntityOfPage\":{\"@id\":\"https:\/\/radio-newyork.com\/?p=3052\"},\"wordCount\":1395,\"commentCount\":0,\"publisher\":{\"@id\":\"https:\/\/radio-newyork.com\/#organization\"},\"image\":{\"@id\":\"https:\/\/radio-newyork.com\/?p=3052#primaryimage\"},\"thumbnailUrl\":\"https:\/\/radio-newyork.com\/wp-content\/uploads\/2026\/01\/Screenshot-2026-01-08-at-11.56.04-AM.png\",\"inLanguage\":\"en-US\",\"potentialAction\":[{\"@type\":\"CommentAction\",\"name\":\"Comment\",\"target\":[\"https:\/\/radio-newyork.com\/?p=3052#respond\"]}]},{\"@type\":\"WebPage\",\"@id\":\"https:\/\/radio-newyork.com\/?p=3052\",\"url\":\"https:\/\/radio-newyork.com\/?p=3052\",\"name\":\"CANOVI\u0106 ZA STANDARD: Bud\u017eet za 2026. u funkciji kapitalnih investicija, ja\u010danja lokalnih servisa i ekonomskog osna\u017eivanja Plava - Radio New York\",\"isPartOf\":{\"@id\":\"https:\/\/radio-newyork.com\/#website\"},\"primaryImageOfPage\":{\"@id\":\"https:\/\/radio-newyork.com\/?p=3052#primaryimage\"},\"image\":{\"@id\":\"https:\/\/radio-newyork.com\/?p=3052#primaryimage\"},\"thumbnailUrl\":\"https:\/\/radio-newyork.com\/wp-content\/uploads\/2026\/01\/Screenshot-2026-01-08-at-11.56.04-AM.png\",\"datePublished\":\"2026-01-08T16:56:48+00:00\",\"dateModified\":\"2026-01-08T16:56:51+00:00\",\"breadcrumb\":{\"@id\":\"https:\/\/radio-newyork.com\/?p=3052#breadcrumb\"},\"inLanguage\":\"en-US\",\"potentialAction\":[{\"@type\":\"ReadAction\",\"target\":[\"https:\/\/radio-newyork.com\/?p=3052\"]}]},{\"@type\":\"ImageObject\",\"inLanguage\":\"en-US\",\"@id\":\"https:\/\/radio-newyork.com\/?p=3052#primaryimage\",\"url\":\"https:\/\/radio-newyork.com\/wp-content\/uploads\/2026\/01\/Screenshot-2026-01-08-at-11.56.04-AM.png\",\"contentUrl\":\"https:\/\/radio-newyork.com\/wp-content\/uploads\/2026\/01\/Screenshot-2026-01-08-at-11.56.04-AM.png\",\"width\":294,\"height\":188},{\"@type\":\"BreadcrumbList\",\"@id\":\"https:\/\/radio-newyork.com\/?p=3052#breadcrumb\",\"itemListElement\":[{\"@type\":\"ListItem\",\"position\":1,\"name\":\"Home\",\"item\":\"https:\/\/radio-newyork.com\/\"},{\"@type\":\"ListItem\",\"position\":2,\"name\":\"CANOVI\u0106 ZA STANDARD: Bud\u017eet za 2026. u funkciji kapitalnih investicija, ja\u010danja lokalnih servisa i ekonomskog osna\u017eivanja Plava\"}]},{\"@type\":\"WebSite\",\"@id\":\"https:\/\/radio-newyork.com\/#website\",\"url\":\"https:\/\/radio-newyork.com\/\",\"name\":\"Radio New York\",\"description\":\"Radio New York \u2014 Most Amerike i domovine\",\"publisher\":{\"@id\":\"https:\/\/radio-newyork.com\/#organization\"},\"potentialAction\":[{\"@type\":\"SearchAction\",\"target\":{\"@type\":\"EntryPoint\",\"urlTemplate\":\"https:\/\/radio-newyork.com\/?s={search_term_string}\"},\"query-input\":{\"@type\":\"PropertyValueSpecification\",\"valueRequired\":true,\"valueName\":\"search_term_string\"}}],\"inLanguage\":\"en-US\"},{\"@type\":\"Organization\",\"@id\":\"https:\/\/radio-newyork.com\/#organization\",\"name\":\"Radio New York\",\"url\":\"https:\/\/radio-newyork.com\/\",\"logo\":{\"@type\":\"ImageObject\",\"inLanguage\":\"en-US\",\"@id\":\"https:\/\/radio-newyork.com\/#\/schema\/logo\/image\/\",\"url\":\"https:\/\/radio-newyork.com\/wp-content\/uploads\/2021\/12\/262517255_4571047313011643_1786418142376364479_n.jpg\",\"contentUrl\":\"https:\/\/radio-newyork.com\/wp-content\/uploads\/2021\/12\/262517255_4571047313011643_1786418142376364479_n.jpg\",\"width\":212,\"height\":210,\"caption\":\"Radio New York\"},\"image\":{\"@id\":\"https:\/\/radio-newyork.com\/#\/schema\/logo\/image\/\"}},{\"@type\":\"Person\",\"@id\":\"https:\/\/radio-newyork.com\/#\/schema\/person\/e2f4dbf5b60fd9ac004d77b9e1b59559\",\"name\":\"Ismet Rastoder\",\"image\":{\"@type\":\"ImageObject\",\"inLanguage\":\"en-US\",\"@id\":\"https:\/\/radio-newyork.com\/#\/schema\/person\/image\/\",\"url\":\"https:\/\/secure.gravatar.com\/avatar\/800e8dd1eac3e728e825b7d5c16c80b067c4a0557a2ce54986c89f6008f454bb?s=96&d=mm&r=g\",\"contentUrl\":\"https:\/\/secure.gravatar.com\/avatar\/800e8dd1eac3e728e825b7d5c16c80b067c4a0557a2ce54986c89f6008f454bb?s=96&d=mm&r=g\",\"caption\":\"Ismet Rastoder\"},\"description\":\"Ismet Rastoder je urednik i osniva\u010d portala Radio New York \u2014 medijskog prostora posve\u0107enog dijaspori, dru\u0161tvenoj istini i stvarnim \u017eivotnim pitanjima Balkana i Amerike. Poznat po direktnom stilu, hrabrim komentarima i beskompromisnoj borbi protiv nepravde, Rastoder donosi glas zajednice koja se \u010desto ne \u010duje, ali itekako postoji. Vi\u0161e od dvije decenije aktivan je u zajednici i medijima, gdje kroz analize, autorske kolumne i dru\u0161tveni anga\u017eman povezuje iskustvo \u017eivota u Americi sa realno\u0161\u0107u Balkana. Njegove pri\u010de otvaraju va\u017ene teme \u2014 od identiteta i politike, do kulture, dijaspore i dru\u0161tvenih transformacija. Prepoznat je kao glas dijaspore koji govori ono \u0161to mnogi misle, ali rijetko ko ka\u017ee.\",\"sameAs\":[\"http:\/\/radio-newyork.com\"],\"url\":\"https:\/\/radio-newyork.com\/?author=2\"}]}<\/script>\n<!-- \/ Yoast SEO plugin. -->","yoast_head_json":{"title":"CANOVI\u0106 ZA STANDARD: Bud\u017eet za 2026. u funkciji kapitalnih investicija, ja\u010danja lokalnih servisa i ekonomskog osna\u017eivanja Plava - Radio New York","robots":{"index":"index","follow":"follow","max-snippet":"max-snippet:-1","max-image-preview":"max-image-preview:large","max-video-preview":"max-video-preview:-1"},"canonical":"https:\/\/radio-newyork.com\/?p=3052","og_locale":"en_US","og_type":"article","og_title":"CANOVI\u0106 ZA STANDARD: Bud\u017eet za 2026. u funkciji kapitalnih investicija, ja\u010danja lokalnih servisa i ekonomskog osna\u017eivanja Plava - Radio New York","og_description":"Kontinuitet ulaganja, jasno postavljeni prioriteti i mjerljivi rezultati obilje\u017eili su rad Op\u0161tine Plav u godini za nama. Sa vi\u0161e od \u0161est miliona eura investicija u 2025. i ambiciozno planiranim bud\u017eetom za 2026, predsjednik Op\u0161tine Nihad Canovi\u0107 za Standard govori o razvoju turizma, ure\u0111enju grada i projektima koji Plav pozicioniraju kao stabilnu i prepoznatljivu lokalnu zajednicu. [&hellip;]","og_url":"https:\/\/radio-newyork.com\/?p=3052","og_site_name":"Radio New York","article_published_time":"2026-01-08T16:56:48+00:00","article_modified_time":"2026-01-08T16:56:51+00:00","og_image":[{"width":294,"height":188,"url":"https:\/\/radio-newyork.com\/wp-content\/uploads\/2026\/01\/Screenshot-2026-01-08-at-11.56.04-AM.png","type":"image\/png"}],"author":"Ismet Rastoder","twitter_card":"summary_large_image","twitter_misc":{"Written by":"Ismet Rastoder","Est. reading time":"7 minutes"},"schema":{"@context":"https:\/\/schema.org","@graph":[{"@type":"Article","@id":"https:\/\/radio-newyork.com\/?p=3052#article","isPartOf":{"@id":"https:\/\/radio-newyork.com\/?p=3052"},"author":{"name":"Ismet Rastoder","@id":"https:\/\/radio-newyork.com\/#\/schema\/person\/e2f4dbf5b60fd9ac004d77b9e1b59559"},"headline":"CANOVI\u0106 ZA STANDARD: Bud\u017eet za 2026. u funkciji kapitalnih investicija, ja\u010danja lokalnih servisa i ekonomskog osna\u017eivanja Plava","datePublished":"2026-01-08T16:56:48+00:00","dateModified":"2026-01-08T16:56:51+00:00","mainEntityOfPage":{"@id":"https:\/\/radio-newyork.com\/?p=3052"},"wordCount":1395,"commentCount":0,"publisher":{"@id":"https:\/\/radio-newyork.com\/#organization"},"image":{"@id":"https:\/\/radio-newyork.com\/?p=3052#primaryimage"},"thumbnailUrl":"https:\/\/radio-newyork.com\/wp-content\/uploads\/2026\/01\/Screenshot-2026-01-08-at-11.56.04-AM.png","inLanguage":"en-US","potentialAction":[{"@type":"CommentAction","name":"Comment","target":["https:\/\/radio-newyork.com\/?p=3052#respond"]}]},{"@type":"WebPage","@id":"https:\/\/radio-newyork.com\/?p=3052","url":"https:\/\/radio-newyork.com\/?p=3052","name":"CANOVI\u0106 ZA STANDARD: Bud\u017eet za 2026. u funkciji kapitalnih investicija, ja\u010danja lokalnih servisa i ekonomskog osna\u017eivanja Plava - Radio New York","isPartOf":{"@id":"https:\/\/radio-newyork.com\/#website"},"primaryImageOfPage":{"@id":"https:\/\/radio-newyork.com\/?p=3052#primaryimage"},"image":{"@id":"https:\/\/radio-newyork.com\/?p=3052#primaryimage"},"thumbnailUrl":"https:\/\/radio-newyork.com\/wp-content\/uploads\/2026\/01\/Screenshot-2026-01-08-at-11.56.04-AM.png","datePublished":"2026-01-08T16:56:48+00:00","dateModified":"2026-01-08T16:56:51+00:00","breadcrumb":{"@id":"https:\/\/radio-newyork.com\/?p=3052#breadcrumb"},"inLanguage":"en-US","potentialAction":[{"@type":"ReadAction","target":["https:\/\/radio-newyork.com\/?p=3052"]}]},{"@type":"ImageObject","inLanguage":"en-US","@id":"https:\/\/radio-newyork.com\/?p=3052#primaryimage","url":"https:\/\/radio-newyork.com\/wp-content\/uploads\/2026\/01\/Screenshot-2026-01-08-at-11.56.04-AM.png","contentUrl":"https:\/\/radio-newyork.com\/wp-content\/uploads\/2026\/01\/Screenshot-2026-01-08-at-11.56.04-AM.png","width":294,"height":188},{"@type":"BreadcrumbList","@id":"https:\/\/radio-newyork.com\/?p=3052#breadcrumb","itemListElement":[{"@type":"ListItem","position":1,"name":"Home","item":"https:\/\/radio-newyork.com\/"},{"@type":"ListItem","position":2,"name":"CANOVI\u0106 ZA STANDARD: Bud\u017eet za 2026. u funkciji kapitalnih investicija, ja\u010danja lokalnih servisa i ekonomskog osna\u017eivanja Plava"}]},{"@type":"WebSite","@id":"https:\/\/radio-newyork.com\/#website","url":"https:\/\/radio-newyork.com\/","name":"Radio New York","description":"Radio New York \u2014 Most Amerike i domovine","publisher":{"@id":"https:\/\/radio-newyork.com\/#organization"},"potentialAction":[{"@type":"SearchAction","target":{"@type":"EntryPoint","urlTemplate":"https:\/\/radio-newyork.com\/?s={search_term_string}"},"query-input":{"@type":"PropertyValueSpecification","valueRequired":true,"valueName":"search_term_string"}}],"inLanguage":"en-US"},{"@type":"Organization","@id":"https:\/\/radio-newyork.com\/#organization","name":"Radio New York","url":"https:\/\/radio-newyork.com\/","logo":{"@type":"ImageObject","inLanguage":"en-US","@id":"https:\/\/radio-newyork.com\/#\/schema\/logo\/image\/","url":"https:\/\/radio-newyork.com\/wp-content\/uploads\/2021\/12\/262517255_4571047313011643_1786418142376364479_n.jpg","contentUrl":"https:\/\/radio-newyork.com\/wp-content\/uploads\/2021\/12\/262517255_4571047313011643_1786418142376364479_n.jpg","width":212,"height":210,"caption":"Radio New York"},"image":{"@id":"https:\/\/radio-newyork.com\/#\/schema\/logo\/image\/"}},{"@type":"Person","@id":"https:\/\/radio-newyork.com\/#\/schema\/person\/e2f4dbf5b60fd9ac004d77b9e1b59559","name":"Ismet Rastoder","image":{"@type":"ImageObject","inLanguage":"en-US","@id":"https:\/\/radio-newyork.com\/#\/schema\/person\/image\/","url":"https:\/\/secure.gravatar.com\/avatar\/800e8dd1eac3e728e825b7d5c16c80b067c4a0557a2ce54986c89f6008f454bb?s=96&d=mm&r=g","contentUrl":"https:\/\/secure.gravatar.com\/avatar\/800e8dd1eac3e728e825b7d5c16c80b067c4a0557a2ce54986c89f6008f454bb?s=96&d=mm&r=g","caption":"Ismet Rastoder"},"description":"Ismet Rastoder je urednik i osniva\u010d portala Radio New York \u2014 medijskog prostora posve\u0107enog dijaspori, dru\u0161tvenoj istini i stvarnim \u017eivotnim pitanjima Balkana i Amerike. Poznat po direktnom stilu, hrabrim komentarima i beskompromisnoj borbi protiv nepravde, Rastoder donosi glas zajednice koja se \u010desto ne \u010duje, ali itekako postoji. Vi\u0161e od dvije decenije aktivan je u zajednici i medijima, gdje kroz analize, autorske kolumne i dru\u0161tveni anga\u017eman povezuje iskustvo \u017eivota u Americi sa realno\u0161\u0107u Balkana. Njegove pri\u010de otvaraju va\u017ene teme \u2014 od identiteta i politike, do kulture, dijaspore i dru\u0161tvenih transformacija. Prepoznat je kao glas dijaspore koji govori ono \u0161to mnogi misle, ali rijetko ko ka\u017ee.","sameAs":["http:\/\/radio-newyork.com"],"url":"https:\/\/radio-newyork.com\/?author=2"}]}},"_links":{"self":[{"href":"https:\/\/radio-newyork.com\/index.php?rest_route=\/wp\/v2\/posts\/3052","targetHints":{"allow":["GET"]}}],"collection":[{"href":"https:\/\/radio-newyork.com\/index.php?rest_route=\/wp\/v2\/posts"}],"about":[{"href":"https:\/\/radio-newyork.com\/index.php?rest_route=\/wp\/v2\/types\/post"}],"author":[{"embeddable":true,"href":"https:\/\/radio-newyork.com\/index.php?rest_route=\/wp\/v2\/users\/2"}],"replies":[{"embeddable":true,"href":"https:\/\/radio-newyork.com\/index.php?rest_route=%2Fwp%2Fv2%2Fcomments&post=3052"}],"version-history":[{"count":1,"href":"https:\/\/radio-newyork.com\/index.php?rest_route=\/wp\/v2\/posts\/3052\/revisions"}],"predecessor-version":[{"id":3055,"href":"https:\/\/radio-newyork.com\/index.php?rest_route=\/wp\/v2\/posts\/3052\/revisions\/3055"}],"wp:featuredmedia":[{"embeddable":true,"href":"https:\/\/radio-newyork.com\/index.php?rest_route=\/wp\/v2\/media\/3054"}],"wp:attachment":[{"href":"https:\/\/radio-newyork.com\/index.php?rest_route=%2Fwp%2Fv2%2Fmedia&parent=3052"}],"wp:term":[{"taxonomy":"category","embeddable":true,"href":"https:\/\/radio-newyork.com\/index.php?rest_route=%2Fwp%2Fv2%2Fcategories&post=3052"},{"taxonomy":"post_tag","embeddable":true,"href":"https:\/\/radio-newyork.com\/index.php?rest_route=%2Fwp%2Fv2%2Ftags&post=3052"}],"curies":[{"name":"wp","href":"https:\/\/api.w.org\/{rel}","templated":true}]}}