{"id":3049,"date":"2026-01-08T03:10:55","date_gmt":"2026-01-08T03:10:55","guid":{"rendered":"https:\/\/radio-newyork.com\/?p=3049"},"modified":"2026-01-08T03:13:40","modified_gmt":"2026-01-08T03:13:40","slug":"upozorenje-za-bracne-parove-u-vezi-sa-zelenom-kartom-u-sad","status":"publish","type":"post","link":"https:\/\/radio-newyork.com\/?p=3049","title":{"rendered":"Upozorenje za bra\u010dne parove u vezi sa zelenom kartom u SAD"},"content":{"rendered":"\n<figure class=\"wp-block-image size-full\"><img loading=\"lazy\" decoding=\"async\" width=\"208\" height=\"130\" src=\"https:\/\/radio-newyork.com\/wp-content\/uploads\/2026\/01\/grin.jpg\" alt=\"\" class=\"wp-image-3050\"\/><\/figure>\n\n\n\n<p>Imigracioni advokati upozoravaju da odvojeno stanovanje mo\u017ee ugroziti zahteve za dobijanje stalnog boravka na osnovu braka.<\/p>\n\n\n\n<p>Imigracioni pravnici u Sjedinjenim Ameri\u010dkim Dr\u017eavama upozoravaju bra\u010dne parove da \u017eivot na razli\u010ditim adresama mo\u017ee ozbiljno ugroziti zahtjeve za dobijanje zelene karte na osnovu braka, u trenutku kada imigracione vlasti poja\u010davaju provjeru zakonitosti brakova.<\/p>\n\n\n\n<p>Prema navodima stru\u010dnjaka, zajedni\u010dko stanovanje je jedan od klju\u010dnih faktora koje ameri\u010dka Slu\u017eba za dr\u017eavljanstvo i imigraciju (USCIS) koristi kako bi utvrdila da li je brak stvaran ili je sklopljen isklju\u010divo radi dobijanja imigracionih beneficija. Parovi koji ne \u017eive zajedno podlo\u017eni su detaljnijim provjerama i dodatnim zahtjevima za dokazivanje.<\/p>\n\n\n\n<p>Advokati isti\u010du da razdvojeni \u017eivot ponekad mo\u017ee biti opravdan, na primjer zbog posla, obrazovanja ili drugih objektivnih okolnosti, ali u takvim slu\u010dajevima aplikanti moraju dostaviti dodatnu dokumentaciju koja jasno obja\u0161njava razloge takvog aran\u017emana.<\/p>\n\n\n\n<p>Zelena karta na osnovu braka omogu\u0107ava stranim supru\u017enicima ameri\u010dkih dr\u017eavljana ili stalnih rezidenata da dobiju zakoniti stalni boravak u SAD. Me\u0111utim, USCIS temeljno provjerava ovakve zahtjeve kako bi spre\u010dio zloupotrebe imigracionog sistema.<\/p>\n\n\n\n<p>Tokom procesa procjene, nadle\u017eni organi razmatraju vi\u0161e faktora, uklju\u010duju\u0107i zajedni\u010dko stanovanje, zajedni\u010dke finansije, ugovore o zakupu ili vlasni\u0161tvu, fotografije, putovanja, kao i izjave prijatelja i porodice koje potvr\u0111uju da par vodi zajedni\u010dki \u017eivot.<\/p>\n\n\n\n<p>Parovi koji \u017eive odvojeno, dostavljaju neuskla\u0111enu dokumentaciju ili ostavljaju utisak da brak nema stvarnu porodi\u010dnu osnovu, mogu se suo\u010diti sa produ\u017eenim rokovima obrade, dodatnim istragama ili odbijanjem zahtjeva.<\/p>\n\n\n\n<p>Prema rije\u010dima imigracionih stru\u010dnjaka, dodatne okolnosti koje mogu izazvati poja\u010danu pa\u017enju USCIS-a uklju\u010duju veliku razliku u godinama me\u0111u supru\u017enicima, jezi\u010dke barijere, izra\u017eene kulturne razlike, kao i sklapanje braka u trenutku kada je jedan od supru\u017enika suo\u010den sa postupkom deportacije.<\/p>\n\n\n\n<p>Iako pojedini periodi boravka bez va\u017ee\u0107eg statusa mogu biti opro\u0161teni supru\u017enicima ameri\u010dkih dr\u017eavljana, stru\u010dnjaci upozoravaju da u odre\u0111enim slu\u010dajevima mo\u017ee do\u0107i do zadr\u017eavanja aplikanta nakon intervjua, posebno ukoliko su ranije postojala kr\u0161enja imigracionih propisa.<\/p>\n\n\n\n<p>Poja\u010dana kontrola zahtjeva za zelenu kartu deo je \u0161ireg poo\u0161travanja imigracione politike, koje se odnosi i na legalne oblike imigracije. Nadle\u017ene institucije isti\u010du da su tokom poslednjeg perioda intenzivirane provjere potencijalnih imigracionih prevara, uklju\u010duju\u0107i terenske posjete i digitalne provjere, sa ciljem za\u0161tite integriteta sistema.<\/p>\n\n\n\n<p>Pravni stru\u010dnjaci upozoravaju da ove mjere mogu dovesti do ka\u0161njenja u obradi zahtjeva, pa \u010dak i do privremenih zadr\u017eavanja pojedinih aplikanata tokom rutinskih procedura.<\/p>\n","protected":false},"excerpt":{"rendered":"<p>Imigracioni advokati upozoravaju da odvojeno stanovanje mo\u017ee ugroziti zahteve za dobijanje stalnog boravka na osnovu braka. Imigracioni pravnici u Sjedinjenim Ameri\u010dkim Dr\u017eavama upozoravaju bra\u010dne parove da \u017eivot na razli\u010ditim adresama mo\u017ee ozbiljno ugroziti zahtjeve za dobijanje zelene karte na osnovu braka, u trenutku kada imigracione vlasti poja\u010davaju provjeru zakonitosti brakova. Prema navodima stru\u010dnjaka, zajedni\u010dko stanovanje [&hellip;]<\/p>\n","protected":false},"author":2,"featured_media":3050,"comment_status":"open","ping_status":"open","sticky":false,"template":"","format":"standard","meta":{"footnotes":""},"categories":[1],"tags":[],"class_list":["post-3049","post","type-post","status-publish","format-standard","has-post-thumbnail","hentry","category-uncategorized"],"acf":[],"yoast_head":"<!-- This site is optimized with the Yoast SEO plugin v26.2 - https:\/\/yoast.com\/wordpress\/plugins\/seo\/ -->\n<title>Upozorenje za bra\u010dne parove u vezi sa zelenom kartom u SAD - Radio New York<\/title>\n<meta name=\"robots\" content=\"index, follow, max-snippet:-1, max-image-preview:large, max-video-preview:-1\" \/>\n<link rel=\"canonical\" href=\"https:\/\/radio-newyork.com\/?p=3049\" \/>\n<meta property=\"og:locale\" content=\"en_US\" \/>\n<meta property=\"og:type\" content=\"article\" \/>\n<meta property=\"og:title\" content=\"Upozorenje za bra\u010dne parove u vezi sa zelenom kartom u SAD - Radio New York\" \/>\n<meta property=\"og:description\" content=\"Imigracioni advokati upozoravaju da odvojeno stanovanje mo\u017ee ugroziti zahteve za dobijanje stalnog boravka na osnovu braka. Imigracioni pravnici u Sjedinjenim Ameri\u010dkim Dr\u017eavama upozoravaju bra\u010dne parove da \u017eivot na razli\u010ditim adresama mo\u017ee ozbiljno ugroziti zahtjeve za dobijanje zelene karte na osnovu braka, u trenutku kada imigracione vlasti poja\u010davaju provjeru zakonitosti brakova. Prema navodima stru\u010dnjaka, zajedni\u010dko stanovanje [&hellip;]\" \/>\n<meta property=\"og:url\" content=\"https:\/\/radio-newyork.com\/?p=3049\" \/>\n<meta property=\"og:site_name\" content=\"Radio New York\" \/>\n<meta property=\"article:published_time\" content=\"2026-01-08T03:10:55+00:00\" \/>\n<meta property=\"article:modified_time\" content=\"2026-01-08T03:13:40+00:00\" \/>\n<meta property=\"og:image\" content=\"https:\/\/radio-newyork.com\/wp-content\/uploads\/2026\/01\/grin.jpg\" \/>\n\t<meta property=\"og:image:width\" content=\"208\" \/>\n\t<meta property=\"og:image:height\" content=\"130\" \/>\n\t<meta property=\"og:image:type\" content=\"image\/jpeg\" \/>\n<meta name=\"author\" content=\"Ismet Rastoder\" \/>\n<meta name=\"twitter:card\" content=\"summary_large_image\" \/>\n<meta name=\"twitter:label1\" content=\"Written by\" \/>\n\t<meta name=\"twitter:data1\" content=\"Ismet Rastoder\" \/>\n\t<meta name=\"twitter:label2\" content=\"Est. reading time\" \/>\n\t<meta name=\"twitter:data2\" content=\"3 minutes\" \/>\n<script type=\"application\/ld+json\" class=\"yoast-schema-graph\">{\"@context\":\"https:\/\/schema.org\",\"@graph\":[{\"@type\":\"Article\",\"@id\":\"https:\/\/radio-newyork.com\/?p=3049#article\",\"isPartOf\":{\"@id\":\"https:\/\/radio-newyork.com\/?p=3049\"},\"author\":{\"name\":\"Ismet Rastoder\",\"@id\":\"https:\/\/radio-newyork.com\/#\/schema\/person\/e2f4dbf5b60fd9ac004d77b9e1b59559\"},\"headline\":\"Upozorenje za bra\u010dne parove u vezi sa zelenom kartom u SAD\",\"datePublished\":\"2026-01-08T03:10:55+00:00\",\"dateModified\":\"2026-01-08T03:13:40+00:00\",\"mainEntityOfPage\":{\"@id\":\"https:\/\/radio-newyork.com\/?p=3049\"},\"wordCount\":451,\"commentCount\":0,\"publisher\":{\"@id\":\"https:\/\/radio-newyork.com\/#organization\"},\"image\":{\"@id\":\"https:\/\/radio-newyork.com\/?p=3049#primaryimage\"},\"thumbnailUrl\":\"https:\/\/radio-newyork.com\/wp-content\/uploads\/2026\/01\/grin.jpg\",\"inLanguage\":\"en-US\",\"potentialAction\":[{\"@type\":\"CommentAction\",\"name\":\"Comment\",\"target\":[\"https:\/\/radio-newyork.com\/?p=3049#respond\"]}]},{\"@type\":\"WebPage\",\"@id\":\"https:\/\/radio-newyork.com\/?p=3049\",\"url\":\"https:\/\/radio-newyork.com\/?p=3049\",\"name\":\"Upozorenje za bra\u010dne parove u vezi sa zelenom kartom u SAD - Radio New York\",\"isPartOf\":{\"@id\":\"https:\/\/radio-newyork.com\/#website\"},\"primaryImageOfPage\":{\"@id\":\"https:\/\/radio-newyork.com\/?p=3049#primaryimage\"},\"image\":{\"@id\":\"https:\/\/radio-newyork.com\/?p=3049#primaryimage\"},\"thumbnailUrl\":\"https:\/\/radio-newyork.com\/wp-content\/uploads\/2026\/01\/grin.jpg\",\"datePublished\":\"2026-01-08T03:10:55+00:00\",\"dateModified\":\"2026-01-08T03:13:40+00:00\",\"breadcrumb\":{\"@id\":\"https:\/\/radio-newyork.com\/?p=3049#breadcrumb\"},\"inLanguage\":\"en-US\",\"potentialAction\":[{\"@type\":\"ReadAction\",\"target\":[\"https:\/\/radio-newyork.com\/?p=3049\"]}]},{\"@type\":\"ImageObject\",\"inLanguage\":\"en-US\",\"@id\":\"https:\/\/radio-newyork.com\/?p=3049#primaryimage\",\"url\":\"https:\/\/radio-newyork.com\/wp-content\/uploads\/2026\/01\/grin.jpg\",\"contentUrl\":\"https:\/\/radio-newyork.com\/wp-content\/uploads\/2026\/01\/grin.jpg\",\"width\":208,\"height\":130},{\"@type\":\"BreadcrumbList\",\"@id\":\"https:\/\/radio-newyork.com\/?p=3049#breadcrumb\",\"itemListElement\":[{\"@type\":\"ListItem\",\"position\":1,\"name\":\"Home\",\"item\":\"https:\/\/radio-newyork.com\/\"},{\"@type\":\"ListItem\",\"position\":2,\"name\":\"Upozorenje za bra\u010dne parove u vezi sa zelenom kartom u SAD\"}]},{\"@type\":\"WebSite\",\"@id\":\"https:\/\/radio-newyork.com\/#website\",\"url\":\"https:\/\/radio-newyork.com\/\",\"name\":\"Radio New York\",\"description\":\"Radio New York \u2014 Most Amerike i domovine\",\"publisher\":{\"@id\":\"https:\/\/radio-newyork.com\/#organization\"},\"potentialAction\":[{\"@type\":\"SearchAction\",\"target\":{\"@type\":\"EntryPoint\",\"urlTemplate\":\"https:\/\/radio-newyork.com\/?s={search_term_string}\"},\"query-input\":{\"@type\":\"PropertyValueSpecification\",\"valueRequired\":true,\"valueName\":\"search_term_string\"}}],\"inLanguage\":\"en-US\"},{\"@type\":\"Organization\",\"@id\":\"https:\/\/radio-newyork.com\/#organization\",\"name\":\"Radio New York\",\"url\":\"https:\/\/radio-newyork.com\/\",\"logo\":{\"@type\":\"ImageObject\",\"inLanguage\":\"en-US\",\"@id\":\"https:\/\/radio-newyork.com\/#\/schema\/logo\/image\/\",\"url\":\"https:\/\/radio-newyork.com\/wp-content\/uploads\/2021\/12\/262517255_4571047313011643_1786418142376364479_n.jpg\",\"contentUrl\":\"https:\/\/radio-newyork.com\/wp-content\/uploads\/2021\/12\/262517255_4571047313011643_1786418142376364479_n.jpg\",\"width\":212,\"height\":210,\"caption\":\"Radio New York\"},\"image\":{\"@id\":\"https:\/\/radio-newyork.com\/#\/schema\/logo\/image\/\"}},{\"@type\":\"Person\",\"@id\":\"https:\/\/radio-newyork.com\/#\/schema\/person\/e2f4dbf5b60fd9ac004d77b9e1b59559\",\"name\":\"Ismet Rastoder\",\"image\":{\"@type\":\"ImageObject\",\"inLanguage\":\"en-US\",\"@id\":\"https:\/\/radio-newyork.com\/#\/schema\/person\/image\/\",\"url\":\"https:\/\/secure.gravatar.com\/avatar\/800e8dd1eac3e728e825b7d5c16c80b067c4a0557a2ce54986c89f6008f454bb?s=96&d=mm&r=g\",\"contentUrl\":\"https:\/\/secure.gravatar.com\/avatar\/800e8dd1eac3e728e825b7d5c16c80b067c4a0557a2ce54986c89f6008f454bb?s=96&d=mm&r=g\",\"caption\":\"Ismet Rastoder\"},\"description\":\"Ismet Rastoder je urednik i osniva\u010d portala Radio New York \u2014 medijskog prostora posve\u0107enog dijaspori, dru\u0161tvenoj istini i stvarnim \u017eivotnim pitanjima Balkana i Amerike. Poznat po direktnom stilu, hrabrim komentarima i beskompromisnoj borbi protiv nepravde, Rastoder donosi glas zajednice koja se \u010desto ne \u010duje, ali itekako postoji. Vi\u0161e od dvije decenije aktivan je u zajednici i medijima, gdje kroz analize, autorske kolumne i dru\u0161tveni anga\u017eman povezuje iskustvo \u017eivota u Americi sa realno\u0161\u0107u Balkana. Njegove pri\u010de otvaraju va\u017ene teme \u2014 od identiteta i politike, do kulture, dijaspore i dru\u0161tvenih transformacija. Prepoznat je kao glas dijaspore koji govori ono \u0161to mnogi misle, ali rijetko ko ka\u017ee.\",\"sameAs\":[\"http:\/\/radio-newyork.com\"],\"url\":\"https:\/\/radio-newyork.com\/?author=2\"}]}<\/script>\n<!-- \/ Yoast SEO plugin. -->","yoast_head_json":{"title":"Upozorenje za bra\u010dne parove u vezi sa zelenom kartom u SAD - Radio New York","robots":{"index":"index","follow":"follow","max-snippet":"max-snippet:-1","max-image-preview":"max-image-preview:large","max-video-preview":"max-video-preview:-1"},"canonical":"https:\/\/radio-newyork.com\/?p=3049","og_locale":"en_US","og_type":"article","og_title":"Upozorenje za bra\u010dne parove u vezi sa zelenom kartom u SAD - Radio New York","og_description":"Imigracioni advokati upozoravaju da odvojeno stanovanje mo\u017ee ugroziti zahteve za dobijanje stalnog boravka na osnovu braka. Imigracioni pravnici u Sjedinjenim Ameri\u010dkim Dr\u017eavama upozoravaju bra\u010dne parove da \u017eivot na razli\u010ditim adresama mo\u017ee ozbiljno ugroziti zahtjeve za dobijanje zelene karte na osnovu braka, u trenutku kada imigracione vlasti poja\u010davaju provjeru zakonitosti brakova. Prema navodima stru\u010dnjaka, zajedni\u010dko stanovanje [&hellip;]","og_url":"https:\/\/radio-newyork.com\/?p=3049","og_site_name":"Radio New York","article_published_time":"2026-01-08T03:10:55+00:00","article_modified_time":"2026-01-08T03:13:40+00:00","og_image":[{"width":208,"height":130,"url":"https:\/\/radio-newyork.com\/wp-content\/uploads\/2026\/01\/grin.jpg","type":"image\/jpeg"}],"author":"Ismet Rastoder","twitter_card":"summary_large_image","twitter_misc":{"Written by":"Ismet Rastoder","Est. reading time":"3 minutes"},"schema":{"@context":"https:\/\/schema.org","@graph":[{"@type":"Article","@id":"https:\/\/radio-newyork.com\/?p=3049#article","isPartOf":{"@id":"https:\/\/radio-newyork.com\/?p=3049"},"author":{"name":"Ismet Rastoder","@id":"https:\/\/radio-newyork.com\/#\/schema\/person\/e2f4dbf5b60fd9ac004d77b9e1b59559"},"headline":"Upozorenje za bra\u010dne parove u vezi sa zelenom kartom u SAD","datePublished":"2026-01-08T03:10:55+00:00","dateModified":"2026-01-08T03:13:40+00:00","mainEntityOfPage":{"@id":"https:\/\/radio-newyork.com\/?p=3049"},"wordCount":451,"commentCount":0,"publisher":{"@id":"https:\/\/radio-newyork.com\/#organization"},"image":{"@id":"https:\/\/radio-newyork.com\/?p=3049#primaryimage"},"thumbnailUrl":"https:\/\/radio-newyork.com\/wp-content\/uploads\/2026\/01\/grin.jpg","inLanguage":"en-US","potentialAction":[{"@type":"CommentAction","name":"Comment","target":["https:\/\/radio-newyork.com\/?p=3049#respond"]}]},{"@type":"WebPage","@id":"https:\/\/radio-newyork.com\/?p=3049","url":"https:\/\/radio-newyork.com\/?p=3049","name":"Upozorenje za bra\u010dne parove u vezi sa zelenom kartom u SAD - Radio New York","isPartOf":{"@id":"https:\/\/radio-newyork.com\/#website"},"primaryImageOfPage":{"@id":"https:\/\/radio-newyork.com\/?p=3049#primaryimage"},"image":{"@id":"https:\/\/radio-newyork.com\/?p=3049#primaryimage"},"thumbnailUrl":"https:\/\/radio-newyork.com\/wp-content\/uploads\/2026\/01\/grin.jpg","datePublished":"2026-01-08T03:10:55+00:00","dateModified":"2026-01-08T03:13:40+00:00","breadcrumb":{"@id":"https:\/\/radio-newyork.com\/?p=3049#breadcrumb"},"inLanguage":"en-US","potentialAction":[{"@type":"ReadAction","target":["https:\/\/radio-newyork.com\/?p=3049"]}]},{"@type":"ImageObject","inLanguage":"en-US","@id":"https:\/\/radio-newyork.com\/?p=3049#primaryimage","url":"https:\/\/radio-newyork.com\/wp-content\/uploads\/2026\/01\/grin.jpg","contentUrl":"https:\/\/radio-newyork.com\/wp-content\/uploads\/2026\/01\/grin.jpg","width":208,"height":130},{"@type":"BreadcrumbList","@id":"https:\/\/radio-newyork.com\/?p=3049#breadcrumb","itemListElement":[{"@type":"ListItem","position":1,"name":"Home","item":"https:\/\/radio-newyork.com\/"},{"@type":"ListItem","position":2,"name":"Upozorenje za bra\u010dne parove u vezi sa zelenom kartom u SAD"}]},{"@type":"WebSite","@id":"https:\/\/radio-newyork.com\/#website","url":"https:\/\/radio-newyork.com\/","name":"Radio New York","description":"Radio New York \u2014 Most Amerike i domovine","publisher":{"@id":"https:\/\/radio-newyork.com\/#organization"},"potentialAction":[{"@type":"SearchAction","target":{"@type":"EntryPoint","urlTemplate":"https:\/\/radio-newyork.com\/?s={search_term_string}"},"query-input":{"@type":"PropertyValueSpecification","valueRequired":true,"valueName":"search_term_string"}}],"inLanguage":"en-US"},{"@type":"Organization","@id":"https:\/\/radio-newyork.com\/#organization","name":"Radio New York","url":"https:\/\/radio-newyork.com\/","logo":{"@type":"ImageObject","inLanguage":"en-US","@id":"https:\/\/radio-newyork.com\/#\/schema\/logo\/image\/","url":"https:\/\/radio-newyork.com\/wp-content\/uploads\/2021\/12\/262517255_4571047313011643_1786418142376364479_n.jpg","contentUrl":"https:\/\/radio-newyork.com\/wp-content\/uploads\/2021\/12\/262517255_4571047313011643_1786418142376364479_n.jpg","width":212,"height":210,"caption":"Radio New York"},"image":{"@id":"https:\/\/radio-newyork.com\/#\/schema\/logo\/image\/"}},{"@type":"Person","@id":"https:\/\/radio-newyork.com\/#\/schema\/person\/e2f4dbf5b60fd9ac004d77b9e1b59559","name":"Ismet Rastoder","image":{"@type":"ImageObject","inLanguage":"en-US","@id":"https:\/\/radio-newyork.com\/#\/schema\/person\/image\/","url":"https:\/\/secure.gravatar.com\/avatar\/800e8dd1eac3e728e825b7d5c16c80b067c4a0557a2ce54986c89f6008f454bb?s=96&d=mm&r=g","contentUrl":"https:\/\/secure.gravatar.com\/avatar\/800e8dd1eac3e728e825b7d5c16c80b067c4a0557a2ce54986c89f6008f454bb?s=96&d=mm&r=g","caption":"Ismet Rastoder"},"description":"Ismet Rastoder je urednik i osniva\u010d portala Radio New York \u2014 medijskog prostora posve\u0107enog dijaspori, dru\u0161tvenoj istini i stvarnim \u017eivotnim pitanjima Balkana i Amerike. Poznat po direktnom stilu, hrabrim komentarima i beskompromisnoj borbi protiv nepravde, Rastoder donosi glas zajednice koja se \u010desto ne \u010duje, ali itekako postoji. Vi\u0161e od dvije decenije aktivan je u zajednici i medijima, gdje kroz analize, autorske kolumne i dru\u0161tveni anga\u017eman povezuje iskustvo \u017eivota u Americi sa realno\u0161\u0107u Balkana. Njegove pri\u010de otvaraju va\u017ene teme \u2014 od identiteta i politike, do kulture, dijaspore i dru\u0161tvenih transformacija. Prepoznat je kao glas dijaspore koji govori ono \u0161to mnogi misle, ali rijetko ko ka\u017ee.","sameAs":["http:\/\/radio-newyork.com"],"url":"https:\/\/radio-newyork.com\/?author=2"}]}},"_links":{"self":[{"href":"https:\/\/radio-newyork.com\/index.php?rest_route=\/wp\/v2\/posts\/3049","targetHints":{"allow":["GET"]}}],"collection":[{"href":"https:\/\/radio-newyork.com\/index.php?rest_route=\/wp\/v2\/posts"}],"about":[{"href":"https:\/\/radio-newyork.com\/index.php?rest_route=\/wp\/v2\/types\/post"}],"author":[{"embeddable":true,"href":"https:\/\/radio-newyork.com\/index.php?rest_route=\/wp\/v2\/users\/2"}],"replies":[{"embeddable":true,"href":"https:\/\/radio-newyork.com\/index.php?rest_route=%2Fwp%2Fv2%2Fcomments&post=3049"}],"version-history":[{"count":1,"href":"https:\/\/radio-newyork.com\/index.php?rest_route=\/wp\/v2\/posts\/3049\/revisions"}],"predecessor-version":[{"id":3051,"href":"https:\/\/radio-newyork.com\/index.php?rest_route=\/wp\/v2\/posts\/3049\/revisions\/3051"}],"wp:featuredmedia":[{"embeddable":true,"href":"https:\/\/radio-newyork.com\/index.php?rest_route=\/wp\/v2\/media\/3050"}],"wp:attachment":[{"href":"https:\/\/radio-newyork.com\/index.php?rest_route=%2Fwp%2Fv2%2Fmedia&parent=3049"}],"wp:term":[{"taxonomy":"category","embeddable":true,"href":"https:\/\/radio-newyork.com\/index.php?rest_route=%2Fwp%2Fv2%2Fcategories&post=3049"},{"taxonomy":"post_tag","embeddable":true,"href":"https:\/\/radio-newyork.com\/index.php?rest_route=%2Fwp%2Fv2%2Ftags&post=3049"}],"curies":[{"name":"wp","href":"https:\/\/api.w.org\/{rel}","templated":true}]}}