{"id":3046,"date":"2026-01-08T02:58:30","date_gmt":"2026-01-08T02:58:30","guid":{"rendered":"https:\/\/radio-newyork.com\/?p=3046"},"modified":"2026-01-08T02:58:34","modified_gmt":"2026-01-08T02:58:34","slug":"kazne-za-vozace-u-bronxu-i-brooklynu-koji-blokiraju-autobuske-trake","status":"publish","type":"post","link":"https:\/\/radio-newyork.com\/?p=3046","title":{"rendered":"Kazne za voza\u010de u Bronxu i Brooklynu koji blokiraju autobuske trake"},"content":{"rendered":"\n<figure class=\"wp-block-image size-full\"><img loading=\"lazy\" decoding=\"async\" width=\"167\" height=\"200\" src=\"https:\/\/radio-newyork.com\/wp-content\/uploads\/2026\/01\/kazne.jpg\" alt=\"\" class=\"wp-image-3047\"\/><\/figure>\n\n\n\n<p>NEW YORK CITY (PIX11) \u2013 Period upozorenja je zavr\u0161en \u2013 voza\u010di koji blokiraju autobuske trake na ove \u010detiri rute suo\u010dit \u0107e se s kaznama do 250 dolara po\u010dev\u0161i od ove sedmice.<\/p>\n\n\n\n<p>Automatske kamere ve\u0107 prate autobuske linije Bx9, Bx15, B11 i B63. Ka\u017enjavaju voza\u010de koji dvostruko parkiraju ili na drugi na\u010din blokiraju autobuske trake i autobuska stajali\u0161ta.<\/p>\n\n\n\n<p>Do sada su prekr\u0161aji rezultirali upozorenjima. Ali od petka, ove kazne \u0107e dolaziti s kaznom od 50 dolara za prvi prekr\u0161aj. Ponovljeni prekr\u0161itelji \u0107e se suo\u010diti s kaznama do 250 dolara. \u0160irom grada, desetine autobuskih linija ve\u0107 su po\u010dele napla\u0107ivati \u200b\u200bkazne.<\/p>\n\n\n\n<p>Kamere su dodane na preko 1.400 autobusa na 54 rute, ka\u017enjavaju\u0107i voza\u010de koji usporavaju autobuski sistem. Brzine autobusa su se pobolj\u0161ale na rutama gdje se prekr\u0161iocima izri\u010du kazne, prema MTA.<\/p>\n\n\n\n<p>Evo liste autobuskih linija u New Yorku koje ve\u0107 napla\u0107uju kazne voza\u010dima:<\/p>\n\n\n\n<p><strong>Bronx<\/strong><\/p>\n\n\n\n<p>&nbsp;&nbsp; Bx3, Sedgwick Av \/ University Av \/ W 181 St<br>&nbsp;&nbsp; Bx5, Bruckner Blvd \/ Story Av<br>&nbsp;&nbsp; Bx6-SBS, E 161 St \/ E 163 St \/ W 155 St<br>&nbsp;&nbsp; Bx7, Riverdale Av \/ Broadway<br>&nbsp;&nbsp; Bx12-SBS, Pelham Pkwy \/ Fordham Rd<br>&nbsp;&nbsp; Bx19, Southern Blvd \/ E 149 St<br>&nbsp;&nbsp; Bx20, Broadway \/ Henry Hudson Pkwy<br>&nbsp;&nbsp; Bx28, E Gun Hill Rd \/ Bartow Av<br>&nbsp;&nbsp; Bx35, E 167 St \/ W 181 St<br>&nbsp;&nbsp; Bx36, E Tremont Av \/ White Plains Rd<br>&nbsp;&nbsp; Bx38, E Gun Hill Rd \/ Co-op City Blvd<br>&nbsp;&nbsp; Bx41-SBS, Webster Av<\/p>\n\n\n\n<p><strong>Brooklyn<\/strong><\/p>\n\n\n\n<p>&nbsp;&nbsp; B25, Fulton St<br>&nbsp;&nbsp; B26, Halsey St \/ Fulton St<br>&nbsp;&nbsp; B35, Crkva Av. \/ 39 St<br>&nbsp;&nbsp; B41, Flatbush Av \/ Livingston St<br>&nbsp;&nbsp; B42, Rockaway Pkwy<br>&nbsp;&nbsp; B44-SBS, Nostrand Av<br>&nbsp;&nbsp; B46-SBS, Utica Av \/ Malcolm X Blvd<br>&nbsp;&nbsp; B62, Brooklyn Navy Yard \/ Manhattan Av. \/ Jackson Av<br>&nbsp;&nbsp; B82-SBS, Bay Pkwy \/ Kings Hwy \/ Flatlands Av<\/p>\n\n\n\n<p><strong>Manhattan<\/strong><\/p>\n\n\n\n<p>&nbsp;&nbsp; M2, 5 Av \/ Madison Av \/ AC Powell Blvd<br>&nbsp;&nbsp; M4, 5 Av \/ Madison Av \/ Broadway<br>&nbsp;&nbsp; M14-SBS, 14 St<br>&nbsp;&nbsp; M15-SBS, 1 Av \/ 2 Av<br>&nbsp;&nbsp; M23-SBS, 23 St<br>&nbsp;&nbsp; M34-SBS, 34 St<br>&nbsp;&nbsp; M42, ulica 42<br>&nbsp;&nbsp; M60-SBS, 125 St \/ Astoria Blvd<br>&nbsp;&nbsp; M79-SBS, 79 St<br>&nbsp;&nbsp; M86-SBS, 86 St<br>&nbsp;&nbsp; M100, Brodvej \/ Amsterdam Av<br>&nbsp;&nbsp; M101, 3 Av \/ Lexington Av<\/p>\n\n\n\n<p><strong>Queens<\/strong><\/p>\n\n\n\n<p>&nbsp;&nbsp; Q6, Sutphin Blvd \/ Rockaway Blvd<br>&nbsp;&nbsp; Q43, Sutphin Blvd \/ Hillside Av<br>&nbsp;&nbsp; Q44-SBS, Main St \/ Cross Bronx Service Rd<br>&nbsp;&nbsp; Q53-SBS, Broadway \/ Queens Blvd \/ Woodhaven Blvd \/ Cross Bay Blvd<br>&nbsp;&nbsp; Q54, Jamajka Av \/ Metropolitan Av<br>&nbsp;&nbsp; Q58, Fresh Pond Rd \/ Corona Av \/ College Pt Blvd<br>&nbsp;&nbsp; Q69, 21 St \/ Ditmars Blvd<\/p>\n\n\n\n<p><strong>Staten Island<\/strong><\/p>\n\n\n\n<p>&nbsp;&nbsp; S46, Castleton Av<br>&nbsp;&nbsp; S79-SBS, Hylan Blvd \/ Richmond Av<\/p>\n\n\n\n<p><\/p>\n\n\n\n<p>Radio New York <\/p>\n\n\n\n<p>Ismet Rastoder <\/p>\n","protected":false},"excerpt":{"rendered":"<p>NEW YORK CITY (PIX11) \u2013 Period upozorenja je zavr\u0161en \u2013 voza\u010di koji blokiraju autobuske trake na ove \u010detiri rute suo\u010dit \u0107e se s kaznama do 250 dolara po\u010dev\u0161i od ove sedmice. Automatske kamere ve\u0107 prate autobuske linije Bx9, Bx15, B11 i B63. Ka\u017enjavaju voza\u010de koji dvostruko parkiraju ili na drugi na\u010din blokiraju autobuske trake i [&hellip;]<\/p>\n","protected":false},"author":2,"featured_media":3047,"comment_status":"open","ping_status":"open","sticky":false,"template":"","format":"standard","meta":{"footnotes":""},"categories":[1],"tags":[],"class_list":["post-3046","post","type-post","status-publish","format-standard","has-post-thumbnail","hentry","category-uncategorized"],"acf":[],"yoast_head":"<!-- This site is optimized with the Yoast SEO plugin v26.2 - https:\/\/yoast.com\/wordpress\/plugins\/seo\/ -->\n<title>Kazne za voza\u010de u Bronxu i Brooklynu koji blokiraju autobuske trake - Radio New York<\/title>\n<meta name=\"robots\" content=\"index, follow, max-snippet:-1, max-image-preview:large, max-video-preview:-1\" \/>\n<link rel=\"canonical\" href=\"https:\/\/radio-newyork.com\/?p=3046\" \/>\n<meta property=\"og:locale\" content=\"en_US\" \/>\n<meta property=\"og:type\" content=\"article\" \/>\n<meta property=\"og:title\" content=\"Kazne za voza\u010de u Bronxu i Brooklynu koji blokiraju autobuske trake - Radio New York\" \/>\n<meta property=\"og:description\" content=\"NEW YORK CITY (PIX11) \u2013 Period upozorenja je zavr\u0161en \u2013 voza\u010di koji blokiraju autobuske trake na ove \u010detiri rute suo\u010dit \u0107e se s kaznama do 250 dolara po\u010dev\u0161i od ove sedmice. Automatske kamere ve\u0107 prate autobuske linije Bx9, Bx15, B11 i B63. Ka\u017enjavaju voza\u010de koji dvostruko parkiraju ili na drugi na\u010din blokiraju autobuske trake i [&hellip;]\" \/>\n<meta property=\"og:url\" content=\"https:\/\/radio-newyork.com\/?p=3046\" \/>\n<meta property=\"og:site_name\" content=\"Radio New York\" \/>\n<meta property=\"article:published_time\" content=\"2026-01-08T02:58:30+00:00\" \/>\n<meta property=\"article:modified_time\" content=\"2026-01-08T02:58:34+00:00\" \/>\n<meta property=\"og:image\" content=\"https:\/\/radio-newyork.com\/wp-content\/uploads\/2026\/01\/kazne.jpg\" \/>\n\t<meta property=\"og:image:width\" content=\"167\" \/>\n\t<meta property=\"og:image:height\" content=\"200\" \/>\n\t<meta property=\"og:image:type\" content=\"image\/jpeg\" \/>\n<meta name=\"author\" content=\"Ismet Rastoder\" \/>\n<meta name=\"twitter:card\" content=\"summary_large_image\" \/>\n<meta name=\"twitter:label1\" content=\"Written by\" \/>\n\t<meta name=\"twitter:data1\" content=\"Ismet Rastoder\" \/>\n\t<meta name=\"twitter:label2\" content=\"Est. reading time\" \/>\n\t<meta name=\"twitter:data2\" content=\"3 minutes\" \/>\n<script type=\"application\/ld+json\" class=\"yoast-schema-graph\">{\"@context\":\"https:\/\/schema.org\",\"@graph\":[{\"@type\":\"Article\",\"@id\":\"https:\/\/radio-newyork.com\/?p=3046#article\",\"isPartOf\":{\"@id\":\"https:\/\/radio-newyork.com\/?p=3046\"},\"author\":{\"name\":\"Ismet Rastoder\",\"@id\":\"https:\/\/radio-newyork.com\/#\/schema\/person\/e2f4dbf5b60fd9ac004d77b9e1b59559\"},\"headline\":\"Kazne za voza\u010de u Bronxu i Brooklynu koji blokiraju autobuske trake\",\"datePublished\":\"2026-01-08T02:58:30+00:00\",\"dateModified\":\"2026-01-08T02:58:34+00:00\",\"mainEntityOfPage\":{\"@id\":\"https:\/\/radio-newyork.com\/?p=3046\"},\"wordCount\":482,\"commentCount\":0,\"publisher\":{\"@id\":\"https:\/\/radio-newyork.com\/#organization\"},\"image\":{\"@id\":\"https:\/\/radio-newyork.com\/?p=3046#primaryimage\"},\"thumbnailUrl\":\"https:\/\/radio-newyork.com\/wp-content\/uploads\/2026\/01\/kazne.jpg\",\"inLanguage\":\"en-US\",\"potentialAction\":[{\"@type\":\"CommentAction\",\"name\":\"Comment\",\"target\":[\"https:\/\/radio-newyork.com\/?p=3046#respond\"]}]},{\"@type\":\"WebPage\",\"@id\":\"https:\/\/radio-newyork.com\/?p=3046\",\"url\":\"https:\/\/radio-newyork.com\/?p=3046\",\"name\":\"Kazne za voza\u010de u Bronxu i Brooklynu koji blokiraju autobuske trake - Radio New York\",\"isPartOf\":{\"@id\":\"https:\/\/radio-newyork.com\/#website\"},\"primaryImageOfPage\":{\"@id\":\"https:\/\/radio-newyork.com\/?p=3046#primaryimage\"},\"image\":{\"@id\":\"https:\/\/radio-newyork.com\/?p=3046#primaryimage\"},\"thumbnailUrl\":\"https:\/\/radio-newyork.com\/wp-content\/uploads\/2026\/01\/kazne.jpg\",\"datePublished\":\"2026-01-08T02:58:30+00:00\",\"dateModified\":\"2026-01-08T02:58:34+00:00\",\"breadcrumb\":{\"@id\":\"https:\/\/radio-newyork.com\/?p=3046#breadcrumb\"},\"inLanguage\":\"en-US\",\"potentialAction\":[{\"@type\":\"ReadAction\",\"target\":[\"https:\/\/radio-newyork.com\/?p=3046\"]}]},{\"@type\":\"ImageObject\",\"inLanguage\":\"en-US\",\"@id\":\"https:\/\/radio-newyork.com\/?p=3046#primaryimage\",\"url\":\"https:\/\/radio-newyork.com\/wp-content\/uploads\/2026\/01\/kazne.jpg\",\"contentUrl\":\"https:\/\/radio-newyork.com\/wp-content\/uploads\/2026\/01\/kazne.jpg\",\"width\":167,\"height\":200},{\"@type\":\"BreadcrumbList\",\"@id\":\"https:\/\/radio-newyork.com\/?p=3046#breadcrumb\",\"itemListElement\":[{\"@type\":\"ListItem\",\"position\":1,\"name\":\"Home\",\"item\":\"https:\/\/radio-newyork.com\/\"},{\"@type\":\"ListItem\",\"position\":2,\"name\":\"Kazne za voza\u010de u Bronxu i Brooklynu koji blokiraju autobuske trake\"}]},{\"@type\":\"WebSite\",\"@id\":\"https:\/\/radio-newyork.com\/#website\",\"url\":\"https:\/\/radio-newyork.com\/\",\"name\":\"Radio New York\",\"description\":\"Radio New York \u2014 Most Amerike i domovine\",\"publisher\":{\"@id\":\"https:\/\/radio-newyork.com\/#organization\"},\"potentialAction\":[{\"@type\":\"SearchAction\",\"target\":{\"@type\":\"EntryPoint\",\"urlTemplate\":\"https:\/\/radio-newyork.com\/?s={search_term_string}\"},\"query-input\":{\"@type\":\"PropertyValueSpecification\",\"valueRequired\":true,\"valueName\":\"search_term_string\"}}],\"inLanguage\":\"en-US\"},{\"@type\":\"Organization\",\"@id\":\"https:\/\/radio-newyork.com\/#organization\",\"name\":\"Radio New York\",\"url\":\"https:\/\/radio-newyork.com\/\",\"logo\":{\"@type\":\"ImageObject\",\"inLanguage\":\"en-US\",\"@id\":\"https:\/\/radio-newyork.com\/#\/schema\/logo\/image\/\",\"url\":\"https:\/\/radio-newyork.com\/wp-content\/uploads\/2021\/12\/262517255_4571047313011643_1786418142376364479_n.jpg\",\"contentUrl\":\"https:\/\/radio-newyork.com\/wp-content\/uploads\/2021\/12\/262517255_4571047313011643_1786418142376364479_n.jpg\",\"width\":212,\"height\":210,\"caption\":\"Radio New York\"},\"image\":{\"@id\":\"https:\/\/radio-newyork.com\/#\/schema\/logo\/image\/\"}},{\"@type\":\"Person\",\"@id\":\"https:\/\/radio-newyork.com\/#\/schema\/person\/e2f4dbf5b60fd9ac004d77b9e1b59559\",\"name\":\"Ismet Rastoder\",\"image\":{\"@type\":\"ImageObject\",\"inLanguage\":\"en-US\",\"@id\":\"https:\/\/radio-newyork.com\/#\/schema\/person\/image\/\",\"url\":\"https:\/\/secure.gravatar.com\/avatar\/800e8dd1eac3e728e825b7d5c16c80b067c4a0557a2ce54986c89f6008f454bb?s=96&d=mm&r=g\",\"contentUrl\":\"https:\/\/secure.gravatar.com\/avatar\/800e8dd1eac3e728e825b7d5c16c80b067c4a0557a2ce54986c89f6008f454bb?s=96&d=mm&r=g\",\"caption\":\"Ismet Rastoder\"},\"description\":\"Ismet Rastoder je urednik i osniva\u010d portala Radio New York \u2014 medijskog prostora posve\u0107enog dijaspori, dru\u0161tvenoj istini i stvarnim \u017eivotnim pitanjima Balkana i Amerike. Poznat po direktnom stilu, hrabrim komentarima i beskompromisnoj borbi protiv nepravde, Rastoder donosi glas zajednice koja se \u010desto ne \u010duje, ali itekako postoji. Vi\u0161e od dvije decenije aktivan je u zajednici i medijima, gdje kroz analize, autorske kolumne i dru\u0161tveni anga\u017eman povezuje iskustvo \u017eivota u Americi sa realno\u0161\u0107u Balkana. Njegove pri\u010de otvaraju va\u017ene teme \u2014 od identiteta i politike, do kulture, dijaspore i dru\u0161tvenih transformacija. Prepoznat je kao glas dijaspore koji govori ono \u0161to mnogi misle, ali rijetko ko ka\u017ee.\",\"sameAs\":[\"http:\/\/radio-newyork.com\"],\"url\":\"https:\/\/radio-newyork.com\/?author=2\"}]}<\/script>\n<!-- \/ Yoast SEO plugin. -->","yoast_head_json":{"title":"Kazne za voza\u010de u Bronxu i Brooklynu koji blokiraju autobuske trake - Radio New York","robots":{"index":"index","follow":"follow","max-snippet":"max-snippet:-1","max-image-preview":"max-image-preview:large","max-video-preview":"max-video-preview:-1"},"canonical":"https:\/\/radio-newyork.com\/?p=3046","og_locale":"en_US","og_type":"article","og_title":"Kazne za voza\u010de u Bronxu i Brooklynu koji blokiraju autobuske trake - Radio New York","og_description":"NEW YORK CITY (PIX11) \u2013 Period upozorenja je zavr\u0161en \u2013 voza\u010di koji blokiraju autobuske trake na ove \u010detiri rute suo\u010dit \u0107e se s kaznama do 250 dolara po\u010dev\u0161i od ove sedmice. Automatske kamere ve\u0107 prate autobuske linije Bx9, Bx15, B11 i B63. Ka\u017enjavaju voza\u010de koji dvostruko parkiraju ili na drugi na\u010din blokiraju autobuske trake i [&hellip;]","og_url":"https:\/\/radio-newyork.com\/?p=3046","og_site_name":"Radio New York","article_published_time":"2026-01-08T02:58:30+00:00","article_modified_time":"2026-01-08T02:58:34+00:00","og_image":[{"width":167,"height":200,"url":"https:\/\/radio-newyork.com\/wp-content\/uploads\/2026\/01\/kazne.jpg","type":"image\/jpeg"}],"author":"Ismet Rastoder","twitter_card":"summary_large_image","twitter_misc":{"Written by":"Ismet Rastoder","Est. reading time":"3 minutes"},"schema":{"@context":"https:\/\/schema.org","@graph":[{"@type":"Article","@id":"https:\/\/radio-newyork.com\/?p=3046#article","isPartOf":{"@id":"https:\/\/radio-newyork.com\/?p=3046"},"author":{"name":"Ismet Rastoder","@id":"https:\/\/radio-newyork.com\/#\/schema\/person\/e2f4dbf5b60fd9ac004d77b9e1b59559"},"headline":"Kazne za voza\u010de u Bronxu i Brooklynu koji blokiraju autobuske trake","datePublished":"2026-01-08T02:58:30+00:00","dateModified":"2026-01-08T02:58:34+00:00","mainEntityOfPage":{"@id":"https:\/\/radio-newyork.com\/?p=3046"},"wordCount":482,"commentCount":0,"publisher":{"@id":"https:\/\/radio-newyork.com\/#organization"},"image":{"@id":"https:\/\/radio-newyork.com\/?p=3046#primaryimage"},"thumbnailUrl":"https:\/\/radio-newyork.com\/wp-content\/uploads\/2026\/01\/kazne.jpg","inLanguage":"en-US","potentialAction":[{"@type":"CommentAction","name":"Comment","target":["https:\/\/radio-newyork.com\/?p=3046#respond"]}]},{"@type":"WebPage","@id":"https:\/\/radio-newyork.com\/?p=3046","url":"https:\/\/radio-newyork.com\/?p=3046","name":"Kazne za voza\u010de u Bronxu i Brooklynu koji blokiraju autobuske trake - Radio New York","isPartOf":{"@id":"https:\/\/radio-newyork.com\/#website"},"primaryImageOfPage":{"@id":"https:\/\/radio-newyork.com\/?p=3046#primaryimage"},"image":{"@id":"https:\/\/radio-newyork.com\/?p=3046#primaryimage"},"thumbnailUrl":"https:\/\/radio-newyork.com\/wp-content\/uploads\/2026\/01\/kazne.jpg","datePublished":"2026-01-08T02:58:30+00:00","dateModified":"2026-01-08T02:58:34+00:00","breadcrumb":{"@id":"https:\/\/radio-newyork.com\/?p=3046#breadcrumb"},"inLanguage":"en-US","potentialAction":[{"@type":"ReadAction","target":["https:\/\/radio-newyork.com\/?p=3046"]}]},{"@type":"ImageObject","inLanguage":"en-US","@id":"https:\/\/radio-newyork.com\/?p=3046#primaryimage","url":"https:\/\/radio-newyork.com\/wp-content\/uploads\/2026\/01\/kazne.jpg","contentUrl":"https:\/\/radio-newyork.com\/wp-content\/uploads\/2026\/01\/kazne.jpg","width":167,"height":200},{"@type":"BreadcrumbList","@id":"https:\/\/radio-newyork.com\/?p=3046#breadcrumb","itemListElement":[{"@type":"ListItem","position":1,"name":"Home","item":"https:\/\/radio-newyork.com\/"},{"@type":"ListItem","position":2,"name":"Kazne za voza\u010de u Bronxu i Brooklynu koji blokiraju autobuske trake"}]},{"@type":"WebSite","@id":"https:\/\/radio-newyork.com\/#website","url":"https:\/\/radio-newyork.com\/","name":"Radio New York","description":"Radio New York \u2014 Most Amerike i domovine","publisher":{"@id":"https:\/\/radio-newyork.com\/#organization"},"potentialAction":[{"@type":"SearchAction","target":{"@type":"EntryPoint","urlTemplate":"https:\/\/radio-newyork.com\/?s={search_term_string}"},"query-input":{"@type":"PropertyValueSpecification","valueRequired":true,"valueName":"search_term_string"}}],"inLanguage":"en-US"},{"@type":"Organization","@id":"https:\/\/radio-newyork.com\/#organization","name":"Radio New York","url":"https:\/\/radio-newyork.com\/","logo":{"@type":"ImageObject","inLanguage":"en-US","@id":"https:\/\/radio-newyork.com\/#\/schema\/logo\/image\/","url":"https:\/\/radio-newyork.com\/wp-content\/uploads\/2021\/12\/262517255_4571047313011643_1786418142376364479_n.jpg","contentUrl":"https:\/\/radio-newyork.com\/wp-content\/uploads\/2021\/12\/262517255_4571047313011643_1786418142376364479_n.jpg","width":212,"height":210,"caption":"Radio New York"},"image":{"@id":"https:\/\/radio-newyork.com\/#\/schema\/logo\/image\/"}},{"@type":"Person","@id":"https:\/\/radio-newyork.com\/#\/schema\/person\/e2f4dbf5b60fd9ac004d77b9e1b59559","name":"Ismet Rastoder","image":{"@type":"ImageObject","inLanguage":"en-US","@id":"https:\/\/radio-newyork.com\/#\/schema\/person\/image\/","url":"https:\/\/secure.gravatar.com\/avatar\/800e8dd1eac3e728e825b7d5c16c80b067c4a0557a2ce54986c89f6008f454bb?s=96&d=mm&r=g","contentUrl":"https:\/\/secure.gravatar.com\/avatar\/800e8dd1eac3e728e825b7d5c16c80b067c4a0557a2ce54986c89f6008f454bb?s=96&d=mm&r=g","caption":"Ismet Rastoder"},"description":"Ismet Rastoder je urednik i osniva\u010d portala Radio New York \u2014 medijskog prostora posve\u0107enog dijaspori, dru\u0161tvenoj istini i stvarnim \u017eivotnim pitanjima Balkana i Amerike. Poznat po direktnom stilu, hrabrim komentarima i beskompromisnoj borbi protiv nepravde, Rastoder donosi glas zajednice koja se \u010desto ne \u010duje, ali itekako postoji. Vi\u0161e od dvije decenije aktivan je u zajednici i medijima, gdje kroz analize, autorske kolumne i dru\u0161tveni anga\u017eman povezuje iskustvo \u017eivota u Americi sa realno\u0161\u0107u Balkana. Njegove pri\u010de otvaraju va\u017ene teme \u2014 od identiteta i politike, do kulture, dijaspore i dru\u0161tvenih transformacija. Prepoznat je kao glas dijaspore koji govori ono \u0161to mnogi misle, ali rijetko ko ka\u017ee.","sameAs":["http:\/\/radio-newyork.com"],"url":"https:\/\/radio-newyork.com\/?author=2"}]}},"_links":{"self":[{"href":"https:\/\/radio-newyork.com\/index.php?rest_route=\/wp\/v2\/posts\/3046","targetHints":{"allow":["GET"]}}],"collection":[{"href":"https:\/\/radio-newyork.com\/index.php?rest_route=\/wp\/v2\/posts"}],"about":[{"href":"https:\/\/radio-newyork.com\/index.php?rest_route=\/wp\/v2\/types\/post"}],"author":[{"embeddable":true,"href":"https:\/\/radio-newyork.com\/index.php?rest_route=\/wp\/v2\/users\/2"}],"replies":[{"embeddable":true,"href":"https:\/\/radio-newyork.com\/index.php?rest_route=%2Fwp%2Fv2%2Fcomments&post=3046"}],"version-history":[{"count":1,"href":"https:\/\/radio-newyork.com\/index.php?rest_route=\/wp\/v2\/posts\/3046\/revisions"}],"predecessor-version":[{"id":3048,"href":"https:\/\/radio-newyork.com\/index.php?rest_route=\/wp\/v2\/posts\/3046\/revisions\/3048"}],"wp:featuredmedia":[{"embeddable":true,"href":"https:\/\/radio-newyork.com\/index.php?rest_route=\/wp\/v2\/media\/3047"}],"wp:attachment":[{"href":"https:\/\/radio-newyork.com\/index.php?rest_route=%2Fwp%2Fv2%2Fmedia&parent=3046"}],"wp:term":[{"taxonomy":"category","embeddable":true,"href":"https:\/\/radio-newyork.com\/index.php?rest_route=%2Fwp%2Fv2%2Fcategories&post=3046"},{"taxonomy":"post_tag","embeddable":true,"href":"https:\/\/radio-newyork.com\/index.php?rest_route=%2Fwp%2Fv2%2Ftags&post=3046"}],"curies":[{"name":"wp","href":"https:\/\/api.w.org\/{rel}","templated":true}]}}