{"id":3039,"date":"2026-01-08T02:53:08","date_gmt":"2026-01-08T02:53:08","guid":{"rendered":"https:\/\/radio-newyork.com\/?p=3039"},"modified":"2026-01-08T02:53:12","modified_gmt":"2026-01-08T02:53:12","slug":"glas-tare-ismet-rastoder","status":"publish","type":"post","link":"https:\/\/radio-newyork.com\/?p=3039","title":{"rendered":"&#8220;Glas Tare&#8221; Ismet Rastoder"},"content":{"rendered":"\n<figure class=\"wp-block-image size-full\"><img loading=\"lazy\" decoding=\"async\" width=\"793\" height=\"526\" src=\"https:\/\/radio-newyork.com\/wp-content\/uploads\/2026\/01\/IMG_4906.jpg\" alt=\"\" class=\"wp-image-3040\" srcset=\"https:\/\/radio-newyork.com\/wp-content\/uploads\/2026\/01\/IMG_4906.jpg 793w, https:\/\/radio-newyork.com\/wp-content\/uploads\/2026\/01\/IMG_4906-300x199.jpg 300w, https:\/\/radio-newyork.com\/wp-content\/uploads\/2026\/01\/IMG_4906-768x509.jpg 768w\" sizes=\"auto, (max-width: 793px) 100vw, 793px\" \/><\/figure>\n\n\n\n<p>Ismet Rastoder<\/p>\n\n\n\n<p><strong>Kola\u0161in, sredina sedamdesetih.<\/strong><\/p>\n\n\n\n<p>Bio sam <strong>srednjo\u0161kolac<\/strong>.<br>Godine kada krv vrije, a snovi su ve\u0107i od straha. Do tada sam pjevao u \u0161kolskim horovima, govorio stihove na recitalima, nastupao u sekcijama \u2014 ali <strong>ovo je bio prvi put da izlazim na pravu, javnu scenu<\/strong>. Pred nepoznate ljude. Bez \u0161kolskih zidova koji te \u0161tite.<\/p>\n\n\n\n<figure class=\"wp-block-image size-full\"><img loading=\"lazy\" decoding=\"async\" width=\"277\" height=\"214\" src=\"https:\/\/radio-newyork.com\/wp-content\/uploads\/2026\/01\/Screenshot-2026-01-07-at-9.38.39-PM.png\" alt=\"\" class=\"wp-image-3041\"\/><\/figure>\n\n\n\n<p>Bio sam dobar u\u010denik. Uklju\u010den u sve \u2014 hor, recitacije, folklor. Trenirao sam karate, volio da poigram ko\u0161arku i fudbal, da se nadme\u0107em, da se doka\u017eem. Poslije \u0161kole \u2014 bioskop. Filmovi koji ostaju u glavi danima. A nave\u010de \u2014 <strong>trg u Kola\u0161in<\/strong>, dru\u017eenja koja su trajala du\u017ee od planiranog.<\/p>\n\n\n\n<figure class=\"wp-block-image size-large\"><img loading=\"lazy\" decoding=\"async\" width=\"1024\" height=\"768\" src=\"https:\/\/radio-newyork.com\/wp-content\/uploads\/2026\/01\/IMG_E7738-1024x768.jpg\" alt=\"\" class=\"wp-image-3042\" srcset=\"https:\/\/radio-newyork.com\/wp-content\/uploads\/2026\/01\/IMG_E7738-1024x768.jpg 1024w, https:\/\/radio-newyork.com\/wp-content\/uploads\/2026\/01\/IMG_E7738-300x225.jpg 300w, https:\/\/radio-newyork.com\/wp-content\/uploads\/2026\/01\/IMG_E7738-768x576.jpg 768w, https:\/\/radio-newyork.com\/wp-content\/uploads\/2026\/01\/IMG_E7738-1536x1152.jpg 1536w, https:\/\/radio-newyork.com\/wp-content\/uploads\/2026\/01\/IMG_E7738-2048x1536.jpg 2048w\" sizes=\"auto, (max-width: 1024px) 100vw, 1024px\" \/><\/figure>\n\n\n\n<p>Ve\u010dernje \u0161etnje <strong>Sibirskom ulicom<\/strong>, od malog do velikog trga. Poznata kafana <strong>Planinar<\/strong>. A onda \u2014 <strong>Dom kulture<\/strong>. Igranke. Muzika. Smijeh. Pogledi.<br>Ah\u2026 to vrijeme.<\/p>\n\n\n\n<p>I ba\u0161 u tom vremenu \u2014 <strong>\u201eGlas Tare\u201c<\/strong>.<\/p>\n\n\n\n<p>Festival koji nije bio samo takmi\u010denje, nego <strong>ispit zrelosti<\/strong>. Te ve\u010deri u Domu kulture, stajao sam na ivici izme\u0111u dje\u010da\u010dke sigurnosti i odrasle odgovornosti. U meni su se mije\u0161ali \u017eelja da se doka\u017eem i strah \u2014 <em>ho\u0107u li uspjeti?<\/em><\/p>\n\n\n\n<p>Kad sam iza\u0161ao na scenu, mnogi su pomislili da sam promukao.<br>Jer pjesma <strong>\u201eAna\u201c<\/strong> se pjeva glasom tuge i hrapavosti, onim prepoznatljivim glasom kakav je imao <strong>Vlado Kalember<\/strong>. A tada ta pjesma jo\u0161 nije bila hit.<\/p>\n\n\n\n<p>Istina je bila druga\u010dija.<\/p>\n\n\n\n<p>\u010cuo sam je <strong>ranije<\/strong>. Snimio je na kasetofon <strong>Bakamapunkt<\/strong>. U vremenu kad se muzika lovila, ne skidala. I znao sam \u2014 ta pjesma dolazi.<\/p>\n\n\n\n<p>Iza mene je svirao bend <strong>Galaksija<\/strong>. Sigurno. Smireno. Kao da su znali da mi \u010duvaju le\u0111a.<br>Kad sam zapjevao:<br><em>\u201eO Ana, tugo mojih dana\u2026\u201c<\/em><br>sala je utihnula. Ona prava ti\u0161ina \u2014 kad ljudi ne di\u0161u da ne bi pokvarili trenutak.<\/p>\n\n\n\n<figure class=\"wp-block-image size-full\"><img loading=\"lazy\" decoding=\"async\" width=\"765\" height=\"510\" src=\"https:\/\/radio-newyork.com\/wp-content\/uploads\/2026\/01\/Screenshot-2026-01-07-at-9.48.54-PM.png\" alt=\"\" class=\"wp-image-3043\" srcset=\"https:\/\/radio-newyork.com\/wp-content\/uploads\/2026\/01\/Screenshot-2026-01-07-at-9.48.54-PM.png 765w, https:\/\/radio-newyork.com\/wp-content\/uploads\/2026\/01\/Screenshot-2026-01-07-at-9.48.54-PM-300x200.png 300w\" sizes=\"auto, (max-width: 765px) 100vw, 765px\" \/><\/figure>\n\n\n\n<p>U publici je sjedio <strong>moj otac Sako<\/strong>. Milicioner tog vremena. \u010covjek reda i principa. Bio je izuzetno ponosan \u0161to sam iza\u0161ao na scenu. Vidjelo se to u njegovom dr\u017eanju, u pogledu. Kao otac, te ve\u010deri nije gledao festival \u2014 gledao je sina.<\/p>\n\n\n\n<p>Nijesam dobio prvu nagradu.<br>Otac ni\u0161ta nije rekao. Samo je \u0107utao.<br>Bio je razo\u010daran \u2014 jer je, kao svaki otac, znao samo jedno: <strong>da sam ja bio najbolji.<\/strong><\/p>\n\n\n\n<p>Kasnije je \u201eAna\u201c postala veliki hit.<br>A ja sam znao da sam je otpjevao <strong>prije nego \u0161to je svijet saznao za nju<\/strong>.<\/p>\n\n\n\n<p>To je bio moj prvi javni nastup.<br>Nezaboravan.<br>Trenutak kada sam, kao srednjo\u0161kolac iz Kola\u0161ina, napravio prvi korak na scenu \u017eivota.<\/p>\n\n\n\n<p>Nagrade blijede.<br>Ali sje\u0107anja \u2014 ona ostaju.<\/p>\n\n\n\n<figure class=\"wp-block-image size-large\"><img loading=\"lazy\" decoding=\"async\" width=\"768\" height=\"1024\" src=\"https:\/\/radio-newyork.com\/wp-content\/uploads\/2026\/01\/IMG_E7724-2-768x1024.jpg\" alt=\"\" class=\"wp-image-3044\" srcset=\"https:\/\/radio-newyork.com\/wp-content\/uploads\/2026\/01\/IMG_E7724-2-768x1024.jpg 768w, https:\/\/radio-newyork.com\/wp-content\/uploads\/2026\/01\/IMG_E7724-2-225x300.jpg 225w, https:\/\/radio-newyork.com\/wp-content\/uploads\/2026\/01\/IMG_E7724-2-1152x1536.jpg 1152w, https:\/\/radio-newyork.com\/wp-content\/uploads\/2026\/01\/IMG_E7724-2-1536x2048.jpg 1536w, https:\/\/radio-newyork.com\/wp-content\/uploads\/2026\/01\/IMG_E7724-2-scaled.jpg 1920w\" sizes=\"auto, (max-width: 768px) 100vw, 768px\" \/><\/figure>\n\n\n\n<p>Kolasin sedamdesetih  Ismet Rastoder <\/p>\n\n\n\n<hr class=\"wp-block-separator has-alpha-channel-opacity\"\/>\n","protected":false},"excerpt":{"rendered":"<p>Ismet Rastoder Kola\u0161in, sredina sedamdesetih. Bio sam srednjo\u0161kolac.Godine kada krv vrije, a snovi su ve\u0107i od straha. Do tada sam pjevao u \u0161kolskim horovima, govorio stihove na recitalima, nastupao u sekcijama \u2014 ali ovo je bio prvi put da izlazim na pravu, javnu scenu. Pred nepoznate ljude. Bez \u0161kolskih zidova koji te \u0161tite. Bio sam [&hellip;]<\/p>\n","protected":false},"author":2,"featured_media":3040,"comment_status":"open","ping_status":"open","sticky":false,"template":"","format":"standard","meta":{"footnotes":""},"categories":[1],"tags":[],"class_list":["post-3039","post","type-post","status-publish","format-standard","has-post-thumbnail","hentry","category-uncategorized"],"acf":[],"yoast_head":"<!-- This site is optimized with the Yoast SEO plugin v26.2 - https:\/\/yoast.com\/wordpress\/plugins\/seo\/ -->\n<title>&quot;Glas Tare&quot; Ismet Rastoder - Radio New York<\/title>\n<meta name=\"robots\" content=\"index, follow, max-snippet:-1, max-image-preview:large, max-video-preview:-1\" \/>\n<link rel=\"canonical\" href=\"https:\/\/radio-newyork.com\/?p=3039\" \/>\n<meta property=\"og:locale\" content=\"en_US\" \/>\n<meta property=\"og:type\" content=\"article\" \/>\n<meta property=\"og:title\" content=\"&quot;Glas Tare&quot; Ismet Rastoder - Radio New York\" \/>\n<meta property=\"og:description\" content=\"Ismet Rastoder Kola\u0161in, sredina sedamdesetih. Bio sam srednjo\u0161kolac.Godine kada krv vrije, a snovi su ve\u0107i od straha. Do tada sam pjevao u \u0161kolskim horovima, govorio stihove na recitalima, nastupao u sekcijama \u2014 ali ovo je bio prvi put da izlazim na pravu, javnu scenu. Pred nepoznate ljude. Bez \u0161kolskih zidova koji te \u0161tite. Bio sam [&hellip;]\" \/>\n<meta property=\"og:url\" content=\"https:\/\/radio-newyork.com\/?p=3039\" \/>\n<meta property=\"og:site_name\" content=\"Radio New York\" \/>\n<meta property=\"article:published_time\" content=\"2026-01-08T02:53:08+00:00\" \/>\n<meta property=\"article:modified_time\" content=\"2026-01-08T02:53:12+00:00\" \/>\n<meta property=\"og:image\" content=\"https:\/\/radio-newyork.com\/wp-content\/uploads\/2026\/01\/IMG_4906.jpg\" \/>\n\t<meta property=\"og:image:width\" content=\"793\" \/>\n\t<meta property=\"og:image:height\" content=\"526\" \/>\n\t<meta property=\"og:image:type\" content=\"image\/jpeg\" \/>\n<meta name=\"author\" content=\"Ismet Rastoder\" \/>\n<meta name=\"twitter:card\" content=\"summary_large_image\" \/>\n<meta name=\"twitter:label1\" content=\"Written by\" \/>\n\t<meta name=\"twitter:data1\" content=\"Ismet Rastoder\" \/>\n\t<meta name=\"twitter:label2\" content=\"Est. reading time\" \/>\n\t<meta name=\"twitter:data2\" content=\"3 minutes\" \/>\n<script type=\"application\/ld+json\" class=\"yoast-schema-graph\">{\"@context\":\"https:\/\/schema.org\",\"@graph\":[{\"@type\":\"Article\",\"@id\":\"https:\/\/radio-newyork.com\/?p=3039#article\",\"isPartOf\":{\"@id\":\"https:\/\/radio-newyork.com\/?p=3039\"},\"author\":{\"name\":\"Ismet Rastoder\",\"@id\":\"https:\/\/radio-newyork.com\/#\/schema\/person\/e2f4dbf5b60fd9ac004d77b9e1b59559\"},\"headline\":\"&#8220;Glas Tare&#8221; Ismet Rastoder\",\"datePublished\":\"2026-01-08T02:53:08+00:00\",\"dateModified\":\"2026-01-08T02:53:12+00:00\",\"mainEntityOfPage\":{\"@id\":\"https:\/\/radio-newyork.com\/?p=3039\"},\"wordCount\":428,\"commentCount\":0,\"publisher\":{\"@id\":\"https:\/\/radio-newyork.com\/#organization\"},\"image\":{\"@id\":\"https:\/\/radio-newyork.com\/?p=3039#primaryimage\"},\"thumbnailUrl\":\"https:\/\/radio-newyork.com\/wp-content\/uploads\/2026\/01\/IMG_4906.jpg\",\"inLanguage\":\"en-US\",\"potentialAction\":[{\"@type\":\"CommentAction\",\"name\":\"Comment\",\"target\":[\"https:\/\/radio-newyork.com\/?p=3039#respond\"]}]},{\"@type\":\"WebPage\",\"@id\":\"https:\/\/radio-newyork.com\/?p=3039\",\"url\":\"https:\/\/radio-newyork.com\/?p=3039\",\"name\":\"\\\"Glas Tare\\\" Ismet Rastoder - Radio New York\",\"isPartOf\":{\"@id\":\"https:\/\/radio-newyork.com\/#website\"},\"primaryImageOfPage\":{\"@id\":\"https:\/\/radio-newyork.com\/?p=3039#primaryimage\"},\"image\":{\"@id\":\"https:\/\/radio-newyork.com\/?p=3039#primaryimage\"},\"thumbnailUrl\":\"https:\/\/radio-newyork.com\/wp-content\/uploads\/2026\/01\/IMG_4906.jpg\",\"datePublished\":\"2026-01-08T02:53:08+00:00\",\"dateModified\":\"2026-01-08T02:53:12+00:00\",\"breadcrumb\":{\"@id\":\"https:\/\/radio-newyork.com\/?p=3039#breadcrumb\"},\"inLanguage\":\"en-US\",\"potentialAction\":[{\"@type\":\"ReadAction\",\"target\":[\"https:\/\/radio-newyork.com\/?p=3039\"]}]},{\"@type\":\"ImageObject\",\"inLanguage\":\"en-US\",\"@id\":\"https:\/\/radio-newyork.com\/?p=3039#primaryimage\",\"url\":\"https:\/\/radio-newyork.com\/wp-content\/uploads\/2026\/01\/IMG_4906.jpg\",\"contentUrl\":\"https:\/\/radio-newyork.com\/wp-content\/uploads\/2026\/01\/IMG_4906.jpg\",\"width\":793,\"height\":526},{\"@type\":\"BreadcrumbList\",\"@id\":\"https:\/\/radio-newyork.com\/?p=3039#breadcrumb\",\"itemListElement\":[{\"@type\":\"ListItem\",\"position\":1,\"name\":\"Home\",\"item\":\"https:\/\/radio-newyork.com\/\"},{\"@type\":\"ListItem\",\"position\":2,\"name\":\"&#8220;Glas Tare&#8221; Ismet Rastoder\"}]},{\"@type\":\"WebSite\",\"@id\":\"https:\/\/radio-newyork.com\/#website\",\"url\":\"https:\/\/radio-newyork.com\/\",\"name\":\"Radio New York\",\"description\":\"Radio New York \u2014 Most Amerike i domovine\",\"publisher\":{\"@id\":\"https:\/\/radio-newyork.com\/#organization\"},\"potentialAction\":[{\"@type\":\"SearchAction\",\"target\":{\"@type\":\"EntryPoint\",\"urlTemplate\":\"https:\/\/radio-newyork.com\/?s={search_term_string}\"},\"query-input\":{\"@type\":\"PropertyValueSpecification\",\"valueRequired\":true,\"valueName\":\"search_term_string\"}}],\"inLanguage\":\"en-US\"},{\"@type\":\"Organization\",\"@id\":\"https:\/\/radio-newyork.com\/#organization\",\"name\":\"Radio New York\",\"url\":\"https:\/\/radio-newyork.com\/\",\"logo\":{\"@type\":\"ImageObject\",\"inLanguage\":\"en-US\",\"@id\":\"https:\/\/radio-newyork.com\/#\/schema\/logo\/image\/\",\"url\":\"https:\/\/radio-newyork.com\/wp-content\/uploads\/2021\/12\/262517255_4571047313011643_1786418142376364479_n.jpg\",\"contentUrl\":\"https:\/\/radio-newyork.com\/wp-content\/uploads\/2021\/12\/262517255_4571047313011643_1786418142376364479_n.jpg\",\"width\":212,\"height\":210,\"caption\":\"Radio New York\"},\"image\":{\"@id\":\"https:\/\/radio-newyork.com\/#\/schema\/logo\/image\/\"}},{\"@type\":\"Person\",\"@id\":\"https:\/\/radio-newyork.com\/#\/schema\/person\/e2f4dbf5b60fd9ac004d77b9e1b59559\",\"name\":\"Ismet Rastoder\",\"image\":{\"@type\":\"ImageObject\",\"inLanguage\":\"en-US\",\"@id\":\"https:\/\/radio-newyork.com\/#\/schema\/person\/image\/\",\"url\":\"https:\/\/secure.gravatar.com\/avatar\/800e8dd1eac3e728e825b7d5c16c80b067c4a0557a2ce54986c89f6008f454bb?s=96&d=mm&r=g\",\"contentUrl\":\"https:\/\/secure.gravatar.com\/avatar\/800e8dd1eac3e728e825b7d5c16c80b067c4a0557a2ce54986c89f6008f454bb?s=96&d=mm&r=g\",\"caption\":\"Ismet Rastoder\"},\"description\":\"Ismet Rastoder je urednik i osniva\u010d portala Radio New York \u2014 medijskog prostora posve\u0107enog dijaspori, dru\u0161tvenoj istini i stvarnim \u017eivotnim pitanjima Balkana i Amerike. Poznat po direktnom stilu, hrabrim komentarima i beskompromisnoj borbi protiv nepravde, Rastoder donosi glas zajednice koja se \u010desto ne \u010duje, ali itekako postoji. Vi\u0161e od dvije decenije aktivan je u zajednici i medijima, gdje kroz analize, autorske kolumne i dru\u0161tveni anga\u017eman povezuje iskustvo \u017eivota u Americi sa realno\u0161\u0107u Balkana. Njegove pri\u010de otvaraju va\u017ene teme \u2014 od identiteta i politike, do kulture, dijaspore i dru\u0161tvenih transformacija. Prepoznat je kao glas dijaspore koji govori ono \u0161to mnogi misle, ali rijetko ko ka\u017ee.\",\"sameAs\":[\"http:\/\/radio-newyork.com\"],\"url\":\"https:\/\/radio-newyork.com\/?author=2\"}]}<\/script>\n<!-- \/ Yoast SEO plugin. -->","yoast_head_json":{"title":"\"Glas Tare\" Ismet Rastoder - Radio New York","robots":{"index":"index","follow":"follow","max-snippet":"max-snippet:-1","max-image-preview":"max-image-preview:large","max-video-preview":"max-video-preview:-1"},"canonical":"https:\/\/radio-newyork.com\/?p=3039","og_locale":"en_US","og_type":"article","og_title":"\"Glas Tare\" Ismet Rastoder - Radio New York","og_description":"Ismet Rastoder Kola\u0161in, sredina sedamdesetih. Bio sam srednjo\u0161kolac.Godine kada krv vrije, a snovi su ve\u0107i od straha. Do tada sam pjevao u \u0161kolskim horovima, govorio stihove na recitalima, nastupao u sekcijama \u2014 ali ovo je bio prvi put da izlazim na pravu, javnu scenu. Pred nepoznate ljude. Bez \u0161kolskih zidova koji te \u0161tite. Bio sam [&hellip;]","og_url":"https:\/\/radio-newyork.com\/?p=3039","og_site_name":"Radio New York","article_published_time":"2026-01-08T02:53:08+00:00","article_modified_time":"2026-01-08T02:53:12+00:00","og_image":[{"width":793,"height":526,"url":"https:\/\/radio-newyork.com\/wp-content\/uploads\/2026\/01\/IMG_4906.jpg","type":"image\/jpeg"}],"author":"Ismet Rastoder","twitter_card":"summary_large_image","twitter_misc":{"Written by":"Ismet Rastoder","Est. reading time":"3 minutes"},"schema":{"@context":"https:\/\/schema.org","@graph":[{"@type":"Article","@id":"https:\/\/radio-newyork.com\/?p=3039#article","isPartOf":{"@id":"https:\/\/radio-newyork.com\/?p=3039"},"author":{"name":"Ismet Rastoder","@id":"https:\/\/radio-newyork.com\/#\/schema\/person\/e2f4dbf5b60fd9ac004d77b9e1b59559"},"headline":"&#8220;Glas Tare&#8221; Ismet Rastoder","datePublished":"2026-01-08T02:53:08+00:00","dateModified":"2026-01-08T02:53:12+00:00","mainEntityOfPage":{"@id":"https:\/\/radio-newyork.com\/?p=3039"},"wordCount":428,"commentCount":0,"publisher":{"@id":"https:\/\/radio-newyork.com\/#organization"},"image":{"@id":"https:\/\/radio-newyork.com\/?p=3039#primaryimage"},"thumbnailUrl":"https:\/\/radio-newyork.com\/wp-content\/uploads\/2026\/01\/IMG_4906.jpg","inLanguage":"en-US","potentialAction":[{"@type":"CommentAction","name":"Comment","target":["https:\/\/radio-newyork.com\/?p=3039#respond"]}]},{"@type":"WebPage","@id":"https:\/\/radio-newyork.com\/?p=3039","url":"https:\/\/radio-newyork.com\/?p=3039","name":"\"Glas Tare\" Ismet Rastoder - Radio New York","isPartOf":{"@id":"https:\/\/radio-newyork.com\/#website"},"primaryImageOfPage":{"@id":"https:\/\/radio-newyork.com\/?p=3039#primaryimage"},"image":{"@id":"https:\/\/radio-newyork.com\/?p=3039#primaryimage"},"thumbnailUrl":"https:\/\/radio-newyork.com\/wp-content\/uploads\/2026\/01\/IMG_4906.jpg","datePublished":"2026-01-08T02:53:08+00:00","dateModified":"2026-01-08T02:53:12+00:00","breadcrumb":{"@id":"https:\/\/radio-newyork.com\/?p=3039#breadcrumb"},"inLanguage":"en-US","potentialAction":[{"@type":"ReadAction","target":["https:\/\/radio-newyork.com\/?p=3039"]}]},{"@type":"ImageObject","inLanguage":"en-US","@id":"https:\/\/radio-newyork.com\/?p=3039#primaryimage","url":"https:\/\/radio-newyork.com\/wp-content\/uploads\/2026\/01\/IMG_4906.jpg","contentUrl":"https:\/\/radio-newyork.com\/wp-content\/uploads\/2026\/01\/IMG_4906.jpg","width":793,"height":526},{"@type":"BreadcrumbList","@id":"https:\/\/radio-newyork.com\/?p=3039#breadcrumb","itemListElement":[{"@type":"ListItem","position":1,"name":"Home","item":"https:\/\/radio-newyork.com\/"},{"@type":"ListItem","position":2,"name":"&#8220;Glas Tare&#8221; Ismet Rastoder"}]},{"@type":"WebSite","@id":"https:\/\/radio-newyork.com\/#website","url":"https:\/\/radio-newyork.com\/","name":"Radio New York","description":"Radio New York \u2014 Most Amerike i domovine","publisher":{"@id":"https:\/\/radio-newyork.com\/#organization"},"potentialAction":[{"@type":"SearchAction","target":{"@type":"EntryPoint","urlTemplate":"https:\/\/radio-newyork.com\/?s={search_term_string}"},"query-input":{"@type":"PropertyValueSpecification","valueRequired":true,"valueName":"search_term_string"}}],"inLanguage":"en-US"},{"@type":"Organization","@id":"https:\/\/radio-newyork.com\/#organization","name":"Radio New York","url":"https:\/\/radio-newyork.com\/","logo":{"@type":"ImageObject","inLanguage":"en-US","@id":"https:\/\/radio-newyork.com\/#\/schema\/logo\/image\/","url":"https:\/\/radio-newyork.com\/wp-content\/uploads\/2021\/12\/262517255_4571047313011643_1786418142376364479_n.jpg","contentUrl":"https:\/\/radio-newyork.com\/wp-content\/uploads\/2021\/12\/262517255_4571047313011643_1786418142376364479_n.jpg","width":212,"height":210,"caption":"Radio New York"},"image":{"@id":"https:\/\/radio-newyork.com\/#\/schema\/logo\/image\/"}},{"@type":"Person","@id":"https:\/\/radio-newyork.com\/#\/schema\/person\/e2f4dbf5b60fd9ac004d77b9e1b59559","name":"Ismet Rastoder","image":{"@type":"ImageObject","inLanguage":"en-US","@id":"https:\/\/radio-newyork.com\/#\/schema\/person\/image\/","url":"https:\/\/secure.gravatar.com\/avatar\/800e8dd1eac3e728e825b7d5c16c80b067c4a0557a2ce54986c89f6008f454bb?s=96&d=mm&r=g","contentUrl":"https:\/\/secure.gravatar.com\/avatar\/800e8dd1eac3e728e825b7d5c16c80b067c4a0557a2ce54986c89f6008f454bb?s=96&d=mm&r=g","caption":"Ismet Rastoder"},"description":"Ismet Rastoder je urednik i osniva\u010d portala Radio New York \u2014 medijskog prostora posve\u0107enog dijaspori, dru\u0161tvenoj istini i stvarnim \u017eivotnim pitanjima Balkana i Amerike. Poznat po direktnom stilu, hrabrim komentarima i beskompromisnoj borbi protiv nepravde, Rastoder donosi glas zajednice koja se \u010desto ne \u010duje, ali itekako postoji. Vi\u0161e od dvije decenije aktivan je u zajednici i medijima, gdje kroz analize, autorske kolumne i dru\u0161tveni anga\u017eman povezuje iskustvo \u017eivota u Americi sa realno\u0161\u0107u Balkana. Njegove pri\u010de otvaraju va\u017ene teme \u2014 od identiteta i politike, do kulture, dijaspore i dru\u0161tvenih transformacija. Prepoznat je kao glas dijaspore koji govori ono \u0161to mnogi misle, ali rijetko ko ka\u017ee.","sameAs":["http:\/\/radio-newyork.com"],"url":"https:\/\/radio-newyork.com\/?author=2"}]}},"_links":{"self":[{"href":"https:\/\/radio-newyork.com\/index.php?rest_route=\/wp\/v2\/posts\/3039","targetHints":{"allow":["GET"]}}],"collection":[{"href":"https:\/\/radio-newyork.com\/index.php?rest_route=\/wp\/v2\/posts"}],"about":[{"href":"https:\/\/radio-newyork.com\/index.php?rest_route=\/wp\/v2\/types\/post"}],"author":[{"embeddable":true,"href":"https:\/\/radio-newyork.com\/index.php?rest_route=\/wp\/v2\/users\/2"}],"replies":[{"embeddable":true,"href":"https:\/\/radio-newyork.com\/index.php?rest_route=%2Fwp%2Fv2%2Fcomments&post=3039"}],"version-history":[{"count":1,"href":"https:\/\/radio-newyork.com\/index.php?rest_route=\/wp\/v2\/posts\/3039\/revisions"}],"predecessor-version":[{"id":3045,"href":"https:\/\/radio-newyork.com\/index.php?rest_route=\/wp\/v2\/posts\/3039\/revisions\/3045"}],"wp:featuredmedia":[{"embeddable":true,"href":"https:\/\/radio-newyork.com\/index.php?rest_route=\/wp\/v2\/media\/3040"}],"wp:attachment":[{"href":"https:\/\/radio-newyork.com\/index.php?rest_route=%2Fwp%2Fv2%2Fmedia&parent=3039"}],"wp:term":[{"taxonomy":"category","embeddable":true,"href":"https:\/\/radio-newyork.com\/index.php?rest_route=%2Fwp%2Fv2%2Fcategories&post=3039"},{"taxonomy":"post_tag","embeddable":true,"href":"https:\/\/radio-newyork.com\/index.php?rest_route=%2Fwp%2Fv2%2Ftags&post=3039"}],"curies":[{"name":"wp","href":"https:\/\/api.w.org\/{rel}","templated":true}]}}