{"id":3036,"date":"2026-01-08T01:18:48","date_gmt":"2026-01-08T01:18:48","guid":{"rendered":"https:\/\/radio-newyork.com\/?p=3036"},"modified":"2026-01-08T01:18:52","modified_gmt":"2026-01-08T01:18:52","slug":"edib-saljic-nijesu-oni-dijaspora-stranci-gastarbajteri-baustelci-to-su-nasa-braca","status":"publish","type":"post","link":"https:\/\/radio-newyork.com\/?p=3036","title":{"rendered":"Edib \u0160alji\u0107: Nijesu oni dijaspora, stranci, gastarbajteri, bau\u0161telci \u2013 to su na\u0161a bra\u0107a!"},"content":{"rendered":"\n<figure class=\"wp-block-image size-full\"><img loading=\"lazy\" decoding=\"async\" width=\"768\" height=\"517\" src=\"https:\/\/radio-newyork.com\/wp-content\/uploads\/2026\/01\/edib-saljic.jpg\" alt=\"\" class=\"wp-image-3037\" srcset=\"https:\/\/radio-newyork.com\/wp-content\/uploads\/2026\/01\/edib-saljic.jpg 768w, https:\/\/radio-newyork.com\/wp-content\/uploads\/2026\/01\/edib-saljic-300x202.jpg 300w\" sizes=\"auto, (max-width: 768px) 100vw, 768px\" \/><\/figure>\n\n\n\n<h4 class=\"wp-block-heading\">Iz pitomih, Sand\u017eaku okrenutih o\u010diju koje ovih dana dolaze u svoj rodni kraj, potekle su bezbrojne tople suze. Suze rastanaka s roditeljima, bra\u0107om i sestrama, kada su, trbuhom za kruhom, odlazili daleko od ku\u0107e. Umor \u201cprivremenog rada\u201c uvijek su tjerale iste misli \u2013 povratak u Sand\u017eak, u svoju ku\u0107u, me\u0111u svoju bra\u0107u.<\/h4>\n\n\n\n<p><strong>Autor: Edib \u0160alji\u0107<\/strong><\/p>\n\n\n\n<p>Ne, nijesu oni \u201cdijaspora\u201c. Nijesu \u201cstranci\u201c, nijesu \u201cgastarbajteri\u201c, \u201cbau\u0161telci\u201c i sli\u010dne etikete. To su na\u0161a bra\u0107a. Bra\u0107a na \u010diji se doprinos \u010desto zaboravlja, iako od njihovog hljeba \u017eive na\u0161i trgovci, opstaju mnoge sand\u017ea\u010dke porodice i di\u0161u \u010ditave mahale. To su ljudi koji su, na neki na\u010din, uvakufili sebe da bi pomogli onima koje su ostavili ovdje \u2013 roditelje, bra\u0107u, sestre, rodbinu i kom\u0161ije.<\/p>\n\n\n\n<p>Ne treba da nam smetaju saobra\u0107ajne gu\u017eve u na\u0161im malim sand\u017ea\u010dkim kasabama kada oni do\u0111u. Nijesu oni krivi za manjak parkinga, a i oni parkinzi koji postoje pripadaju njima koliko i nama. Ne smijemo zaboraviti da bi Sand\u017eak danas bio u daleko dubljoj ekonomskoj krizi da nije te na\u0161e bra\u0107e koja \u017eive s jednom \u017eeljom \u2013 da se vrate, da makar penzionerske dane provedu ovdje i da se ukopaju u sand\u017ea\u010dku zemlju.<\/p>\n\n\n\n<p>Kada ih sretnemo, nasmijmo im se i zagrlimo ih, \u010dak i ako ih li\u010dno ne poznajemo. Tamo gdje oni \u017eive nema toplih sand\u017ea\u010dkih zagrljaja. Tamo se ne govori o\u010dima i osmijehom, ne voli se du\u0161om i ne grije se srcem. Oni od nas tra\u017ee samo to. A mi od njih \u010desto dobijamo ono \u0161to njih tamo ko\u0161ta zdravlja \u2013 oni \u0161tede, odvajaju i odri\u010du se, da bi nama donijeli i ostavili.<\/p>\n\n\n\n<p>Bra\u0107o na\u0161a, <strong>ho\u0161geldiniz u svoju ku\u0107u, u svoj Sand\u017eak, kod svoje bra\u0107e Bo\u0161njaka.<\/strong><\/p>\n\n\n\n<p><\/p>\n","protected":false},"excerpt":{"rendered":"<p>Iz pitomih, Sand\u017eaku okrenutih o\u010diju koje ovih dana dolaze u svoj rodni kraj, potekle su bezbrojne tople suze. Suze rastanaka s roditeljima, bra\u0107om i sestrama, kada su, trbuhom za kruhom, odlazili daleko od ku\u0107e. Umor \u201cprivremenog rada\u201c uvijek su tjerale iste misli \u2013 povratak u Sand\u017eak, u svoju ku\u0107u, me\u0111u svoju bra\u0107u. Autor: Edib \u0160alji\u0107 [&hellip;]<\/p>\n","protected":false},"author":2,"featured_media":3037,"comment_status":"open","ping_status":"open","sticky":false,"template":"","format":"standard","meta":{"footnotes":""},"categories":[1],"tags":[],"class_list":["post-3036","post","type-post","status-publish","format-standard","has-post-thumbnail","hentry","category-uncategorized"],"acf":[],"yoast_head":"<!-- This site is optimized with the Yoast SEO plugin v26.2 - https:\/\/yoast.com\/wordpress\/plugins\/seo\/ -->\n<title>Edib \u0160alji\u0107: Nijesu oni dijaspora, stranci, gastarbajteri, bau\u0161telci \u2013 to su na\u0161a bra\u0107a! - Radio New York<\/title>\n<meta name=\"robots\" content=\"index, follow, max-snippet:-1, max-image-preview:large, max-video-preview:-1\" \/>\n<link rel=\"canonical\" href=\"https:\/\/radio-newyork.com\/?p=3036\" \/>\n<meta property=\"og:locale\" content=\"en_US\" \/>\n<meta property=\"og:type\" content=\"article\" \/>\n<meta property=\"og:title\" content=\"Edib \u0160alji\u0107: Nijesu oni dijaspora, stranci, gastarbajteri, bau\u0161telci \u2013 to su na\u0161a bra\u0107a! - Radio New York\" \/>\n<meta property=\"og:description\" content=\"Iz pitomih, Sand\u017eaku okrenutih o\u010diju koje ovih dana dolaze u svoj rodni kraj, potekle su bezbrojne tople suze. Suze rastanaka s roditeljima, bra\u0107om i sestrama, kada su, trbuhom za kruhom, odlazili daleko od ku\u0107e. Umor \u201cprivremenog rada\u201c uvijek su tjerale iste misli \u2013 povratak u Sand\u017eak, u svoju ku\u0107u, me\u0111u svoju bra\u0107u. Autor: Edib \u0160alji\u0107 [&hellip;]\" \/>\n<meta property=\"og:url\" content=\"https:\/\/radio-newyork.com\/?p=3036\" \/>\n<meta property=\"og:site_name\" content=\"Radio New York\" \/>\n<meta property=\"article:published_time\" content=\"2026-01-08T01:18:48+00:00\" \/>\n<meta property=\"article:modified_time\" content=\"2026-01-08T01:18:52+00:00\" \/>\n<meta property=\"og:image\" content=\"https:\/\/radio-newyork.com\/wp-content\/uploads\/2026\/01\/edib-saljic.jpg\" \/>\n\t<meta property=\"og:image:width\" content=\"768\" \/>\n\t<meta property=\"og:image:height\" content=\"517\" \/>\n\t<meta property=\"og:image:type\" content=\"image\/jpeg\" \/>\n<meta name=\"author\" content=\"Ismet Rastoder\" \/>\n<meta name=\"twitter:card\" content=\"summary_large_image\" \/>\n<meta name=\"twitter:label1\" content=\"Written by\" \/>\n\t<meta name=\"twitter:data1\" content=\"Ismet Rastoder\" \/>\n\t<meta name=\"twitter:label2\" content=\"Est. reading time\" \/>\n\t<meta name=\"twitter:data2\" content=\"2 minutes\" \/>\n<script type=\"application\/ld+json\" class=\"yoast-schema-graph\">{\"@context\":\"https:\/\/schema.org\",\"@graph\":[{\"@type\":\"Article\",\"@id\":\"https:\/\/radio-newyork.com\/?p=3036#article\",\"isPartOf\":{\"@id\":\"https:\/\/radio-newyork.com\/?p=3036\"},\"author\":{\"name\":\"Ismet Rastoder\",\"@id\":\"https:\/\/radio-newyork.com\/#\/schema\/person\/e2f4dbf5b60fd9ac004d77b9e1b59559\"},\"headline\":\"Edib \u0160alji\u0107: Nijesu oni dijaspora, stranci, gastarbajteri, bau\u0161telci \u2013 to su na\u0161a bra\u0107a!\",\"datePublished\":\"2026-01-08T01:18:48+00:00\",\"dateModified\":\"2026-01-08T01:18:52+00:00\",\"mainEntityOfPage\":{\"@id\":\"https:\/\/radio-newyork.com\/?p=3036\"},\"wordCount\":331,\"commentCount\":0,\"publisher\":{\"@id\":\"https:\/\/radio-newyork.com\/#organization\"},\"image\":{\"@id\":\"https:\/\/radio-newyork.com\/?p=3036#primaryimage\"},\"thumbnailUrl\":\"https:\/\/radio-newyork.com\/wp-content\/uploads\/2026\/01\/edib-saljic.jpg\",\"inLanguage\":\"en-US\",\"potentialAction\":[{\"@type\":\"CommentAction\",\"name\":\"Comment\",\"target\":[\"https:\/\/radio-newyork.com\/?p=3036#respond\"]}]},{\"@type\":\"WebPage\",\"@id\":\"https:\/\/radio-newyork.com\/?p=3036\",\"url\":\"https:\/\/radio-newyork.com\/?p=3036\",\"name\":\"Edib \u0160alji\u0107: Nijesu oni dijaspora, stranci, gastarbajteri, bau\u0161telci \u2013 to su na\u0161a bra\u0107a! - Radio New York\",\"isPartOf\":{\"@id\":\"https:\/\/radio-newyork.com\/#website\"},\"primaryImageOfPage\":{\"@id\":\"https:\/\/radio-newyork.com\/?p=3036#primaryimage\"},\"image\":{\"@id\":\"https:\/\/radio-newyork.com\/?p=3036#primaryimage\"},\"thumbnailUrl\":\"https:\/\/radio-newyork.com\/wp-content\/uploads\/2026\/01\/edib-saljic.jpg\",\"datePublished\":\"2026-01-08T01:18:48+00:00\",\"dateModified\":\"2026-01-08T01:18:52+00:00\",\"breadcrumb\":{\"@id\":\"https:\/\/radio-newyork.com\/?p=3036#breadcrumb\"},\"inLanguage\":\"en-US\",\"potentialAction\":[{\"@type\":\"ReadAction\",\"target\":[\"https:\/\/radio-newyork.com\/?p=3036\"]}]},{\"@type\":\"ImageObject\",\"inLanguage\":\"en-US\",\"@id\":\"https:\/\/radio-newyork.com\/?p=3036#primaryimage\",\"url\":\"https:\/\/radio-newyork.com\/wp-content\/uploads\/2026\/01\/edib-saljic.jpg\",\"contentUrl\":\"https:\/\/radio-newyork.com\/wp-content\/uploads\/2026\/01\/edib-saljic.jpg\",\"width\":768,\"height\":517},{\"@type\":\"BreadcrumbList\",\"@id\":\"https:\/\/radio-newyork.com\/?p=3036#breadcrumb\",\"itemListElement\":[{\"@type\":\"ListItem\",\"position\":1,\"name\":\"Home\",\"item\":\"https:\/\/radio-newyork.com\/\"},{\"@type\":\"ListItem\",\"position\":2,\"name\":\"Edib \u0160alji\u0107: Nijesu oni dijaspora, stranci, gastarbajteri, bau\u0161telci \u2013 to su na\u0161a bra\u0107a!\"}]},{\"@type\":\"WebSite\",\"@id\":\"https:\/\/radio-newyork.com\/#website\",\"url\":\"https:\/\/radio-newyork.com\/\",\"name\":\"Radio New York\",\"description\":\"Radio New York \u2014 Most Amerike i domovine\",\"publisher\":{\"@id\":\"https:\/\/radio-newyork.com\/#organization\"},\"potentialAction\":[{\"@type\":\"SearchAction\",\"target\":{\"@type\":\"EntryPoint\",\"urlTemplate\":\"https:\/\/radio-newyork.com\/?s={search_term_string}\"},\"query-input\":{\"@type\":\"PropertyValueSpecification\",\"valueRequired\":true,\"valueName\":\"search_term_string\"}}],\"inLanguage\":\"en-US\"},{\"@type\":\"Organization\",\"@id\":\"https:\/\/radio-newyork.com\/#organization\",\"name\":\"Radio New York\",\"url\":\"https:\/\/radio-newyork.com\/\",\"logo\":{\"@type\":\"ImageObject\",\"inLanguage\":\"en-US\",\"@id\":\"https:\/\/radio-newyork.com\/#\/schema\/logo\/image\/\",\"url\":\"https:\/\/radio-newyork.com\/wp-content\/uploads\/2021\/12\/262517255_4571047313011643_1786418142376364479_n.jpg\",\"contentUrl\":\"https:\/\/radio-newyork.com\/wp-content\/uploads\/2021\/12\/262517255_4571047313011643_1786418142376364479_n.jpg\",\"width\":212,\"height\":210,\"caption\":\"Radio New York\"},\"image\":{\"@id\":\"https:\/\/radio-newyork.com\/#\/schema\/logo\/image\/\"}},{\"@type\":\"Person\",\"@id\":\"https:\/\/radio-newyork.com\/#\/schema\/person\/e2f4dbf5b60fd9ac004d77b9e1b59559\",\"name\":\"Ismet Rastoder\",\"image\":{\"@type\":\"ImageObject\",\"inLanguage\":\"en-US\",\"@id\":\"https:\/\/radio-newyork.com\/#\/schema\/person\/image\/\",\"url\":\"https:\/\/secure.gravatar.com\/avatar\/800e8dd1eac3e728e825b7d5c16c80b067c4a0557a2ce54986c89f6008f454bb?s=96&d=mm&r=g\",\"contentUrl\":\"https:\/\/secure.gravatar.com\/avatar\/800e8dd1eac3e728e825b7d5c16c80b067c4a0557a2ce54986c89f6008f454bb?s=96&d=mm&r=g\",\"caption\":\"Ismet Rastoder\"},\"description\":\"Ismet Rastoder je urednik i osniva\u010d portala Radio New York \u2014 medijskog prostora posve\u0107enog dijaspori, dru\u0161tvenoj istini i stvarnim \u017eivotnim pitanjima Balkana i Amerike. Poznat po direktnom stilu, hrabrim komentarima i beskompromisnoj borbi protiv nepravde, Rastoder donosi glas zajednice koja se \u010desto ne \u010duje, ali itekako postoji. Vi\u0161e od dvije decenije aktivan je u zajednici i medijima, gdje kroz analize, autorske kolumne i dru\u0161tveni anga\u017eman povezuje iskustvo \u017eivota u Americi sa realno\u0161\u0107u Balkana. Njegove pri\u010de otvaraju va\u017ene teme \u2014 od identiteta i politike, do kulture, dijaspore i dru\u0161tvenih transformacija. Prepoznat je kao glas dijaspore koji govori ono \u0161to mnogi misle, ali rijetko ko ka\u017ee.\",\"sameAs\":[\"http:\/\/radio-newyork.com\"],\"url\":\"https:\/\/radio-newyork.com\/?author=2\"}]}<\/script>\n<!-- \/ Yoast SEO plugin. -->","yoast_head_json":{"title":"Edib \u0160alji\u0107: Nijesu oni dijaspora, stranci, gastarbajteri, bau\u0161telci \u2013 to su na\u0161a bra\u0107a! - Radio New York","robots":{"index":"index","follow":"follow","max-snippet":"max-snippet:-1","max-image-preview":"max-image-preview:large","max-video-preview":"max-video-preview:-1"},"canonical":"https:\/\/radio-newyork.com\/?p=3036","og_locale":"en_US","og_type":"article","og_title":"Edib \u0160alji\u0107: Nijesu oni dijaspora, stranci, gastarbajteri, bau\u0161telci \u2013 to su na\u0161a bra\u0107a! - Radio New York","og_description":"Iz pitomih, Sand\u017eaku okrenutih o\u010diju koje ovih dana dolaze u svoj rodni kraj, potekle su bezbrojne tople suze. Suze rastanaka s roditeljima, bra\u0107om i sestrama, kada su, trbuhom za kruhom, odlazili daleko od ku\u0107e. Umor \u201cprivremenog rada\u201c uvijek su tjerale iste misli \u2013 povratak u Sand\u017eak, u svoju ku\u0107u, me\u0111u svoju bra\u0107u. Autor: Edib \u0160alji\u0107 [&hellip;]","og_url":"https:\/\/radio-newyork.com\/?p=3036","og_site_name":"Radio New York","article_published_time":"2026-01-08T01:18:48+00:00","article_modified_time":"2026-01-08T01:18:52+00:00","og_image":[{"width":768,"height":517,"url":"https:\/\/radio-newyork.com\/wp-content\/uploads\/2026\/01\/edib-saljic.jpg","type":"image\/jpeg"}],"author":"Ismet Rastoder","twitter_card":"summary_large_image","twitter_misc":{"Written by":"Ismet Rastoder","Est. reading time":"2 minutes"},"schema":{"@context":"https:\/\/schema.org","@graph":[{"@type":"Article","@id":"https:\/\/radio-newyork.com\/?p=3036#article","isPartOf":{"@id":"https:\/\/radio-newyork.com\/?p=3036"},"author":{"name":"Ismet Rastoder","@id":"https:\/\/radio-newyork.com\/#\/schema\/person\/e2f4dbf5b60fd9ac004d77b9e1b59559"},"headline":"Edib \u0160alji\u0107: Nijesu oni dijaspora, stranci, gastarbajteri, bau\u0161telci \u2013 to su na\u0161a bra\u0107a!","datePublished":"2026-01-08T01:18:48+00:00","dateModified":"2026-01-08T01:18:52+00:00","mainEntityOfPage":{"@id":"https:\/\/radio-newyork.com\/?p=3036"},"wordCount":331,"commentCount":0,"publisher":{"@id":"https:\/\/radio-newyork.com\/#organization"},"image":{"@id":"https:\/\/radio-newyork.com\/?p=3036#primaryimage"},"thumbnailUrl":"https:\/\/radio-newyork.com\/wp-content\/uploads\/2026\/01\/edib-saljic.jpg","inLanguage":"en-US","potentialAction":[{"@type":"CommentAction","name":"Comment","target":["https:\/\/radio-newyork.com\/?p=3036#respond"]}]},{"@type":"WebPage","@id":"https:\/\/radio-newyork.com\/?p=3036","url":"https:\/\/radio-newyork.com\/?p=3036","name":"Edib \u0160alji\u0107: Nijesu oni dijaspora, stranci, gastarbajteri, bau\u0161telci \u2013 to su na\u0161a bra\u0107a! - Radio New York","isPartOf":{"@id":"https:\/\/radio-newyork.com\/#website"},"primaryImageOfPage":{"@id":"https:\/\/radio-newyork.com\/?p=3036#primaryimage"},"image":{"@id":"https:\/\/radio-newyork.com\/?p=3036#primaryimage"},"thumbnailUrl":"https:\/\/radio-newyork.com\/wp-content\/uploads\/2026\/01\/edib-saljic.jpg","datePublished":"2026-01-08T01:18:48+00:00","dateModified":"2026-01-08T01:18:52+00:00","breadcrumb":{"@id":"https:\/\/radio-newyork.com\/?p=3036#breadcrumb"},"inLanguage":"en-US","potentialAction":[{"@type":"ReadAction","target":["https:\/\/radio-newyork.com\/?p=3036"]}]},{"@type":"ImageObject","inLanguage":"en-US","@id":"https:\/\/radio-newyork.com\/?p=3036#primaryimage","url":"https:\/\/radio-newyork.com\/wp-content\/uploads\/2026\/01\/edib-saljic.jpg","contentUrl":"https:\/\/radio-newyork.com\/wp-content\/uploads\/2026\/01\/edib-saljic.jpg","width":768,"height":517},{"@type":"BreadcrumbList","@id":"https:\/\/radio-newyork.com\/?p=3036#breadcrumb","itemListElement":[{"@type":"ListItem","position":1,"name":"Home","item":"https:\/\/radio-newyork.com\/"},{"@type":"ListItem","position":2,"name":"Edib \u0160alji\u0107: Nijesu oni dijaspora, stranci, gastarbajteri, bau\u0161telci \u2013 to su na\u0161a bra\u0107a!"}]},{"@type":"WebSite","@id":"https:\/\/radio-newyork.com\/#website","url":"https:\/\/radio-newyork.com\/","name":"Radio New York","description":"Radio New York \u2014 Most Amerike i domovine","publisher":{"@id":"https:\/\/radio-newyork.com\/#organization"},"potentialAction":[{"@type":"SearchAction","target":{"@type":"EntryPoint","urlTemplate":"https:\/\/radio-newyork.com\/?s={search_term_string}"},"query-input":{"@type":"PropertyValueSpecification","valueRequired":true,"valueName":"search_term_string"}}],"inLanguage":"en-US"},{"@type":"Organization","@id":"https:\/\/radio-newyork.com\/#organization","name":"Radio New York","url":"https:\/\/radio-newyork.com\/","logo":{"@type":"ImageObject","inLanguage":"en-US","@id":"https:\/\/radio-newyork.com\/#\/schema\/logo\/image\/","url":"https:\/\/radio-newyork.com\/wp-content\/uploads\/2021\/12\/262517255_4571047313011643_1786418142376364479_n.jpg","contentUrl":"https:\/\/radio-newyork.com\/wp-content\/uploads\/2021\/12\/262517255_4571047313011643_1786418142376364479_n.jpg","width":212,"height":210,"caption":"Radio New York"},"image":{"@id":"https:\/\/radio-newyork.com\/#\/schema\/logo\/image\/"}},{"@type":"Person","@id":"https:\/\/radio-newyork.com\/#\/schema\/person\/e2f4dbf5b60fd9ac004d77b9e1b59559","name":"Ismet Rastoder","image":{"@type":"ImageObject","inLanguage":"en-US","@id":"https:\/\/radio-newyork.com\/#\/schema\/person\/image\/","url":"https:\/\/secure.gravatar.com\/avatar\/800e8dd1eac3e728e825b7d5c16c80b067c4a0557a2ce54986c89f6008f454bb?s=96&d=mm&r=g","contentUrl":"https:\/\/secure.gravatar.com\/avatar\/800e8dd1eac3e728e825b7d5c16c80b067c4a0557a2ce54986c89f6008f454bb?s=96&d=mm&r=g","caption":"Ismet Rastoder"},"description":"Ismet Rastoder je urednik i osniva\u010d portala Radio New York \u2014 medijskog prostora posve\u0107enog dijaspori, dru\u0161tvenoj istini i stvarnim \u017eivotnim pitanjima Balkana i Amerike. Poznat po direktnom stilu, hrabrim komentarima i beskompromisnoj borbi protiv nepravde, Rastoder donosi glas zajednice koja se \u010desto ne \u010duje, ali itekako postoji. Vi\u0161e od dvije decenije aktivan je u zajednici i medijima, gdje kroz analize, autorske kolumne i dru\u0161tveni anga\u017eman povezuje iskustvo \u017eivota u Americi sa realno\u0161\u0107u Balkana. Njegove pri\u010de otvaraju va\u017ene teme \u2014 od identiteta i politike, do kulture, dijaspore i dru\u0161tvenih transformacija. Prepoznat je kao glas dijaspore koji govori ono \u0161to mnogi misle, ali rijetko ko ka\u017ee.","sameAs":["http:\/\/radio-newyork.com"],"url":"https:\/\/radio-newyork.com\/?author=2"}]}},"_links":{"self":[{"href":"https:\/\/radio-newyork.com\/index.php?rest_route=\/wp\/v2\/posts\/3036","targetHints":{"allow":["GET"]}}],"collection":[{"href":"https:\/\/radio-newyork.com\/index.php?rest_route=\/wp\/v2\/posts"}],"about":[{"href":"https:\/\/radio-newyork.com\/index.php?rest_route=\/wp\/v2\/types\/post"}],"author":[{"embeddable":true,"href":"https:\/\/radio-newyork.com\/index.php?rest_route=\/wp\/v2\/users\/2"}],"replies":[{"embeddable":true,"href":"https:\/\/radio-newyork.com\/index.php?rest_route=%2Fwp%2Fv2%2Fcomments&post=3036"}],"version-history":[{"count":1,"href":"https:\/\/radio-newyork.com\/index.php?rest_route=\/wp\/v2\/posts\/3036\/revisions"}],"predecessor-version":[{"id":3038,"href":"https:\/\/radio-newyork.com\/index.php?rest_route=\/wp\/v2\/posts\/3036\/revisions\/3038"}],"wp:featuredmedia":[{"embeddable":true,"href":"https:\/\/radio-newyork.com\/index.php?rest_route=\/wp\/v2\/media\/3037"}],"wp:attachment":[{"href":"https:\/\/radio-newyork.com\/index.php?rest_route=%2Fwp%2Fv2%2Fmedia&parent=3036"}],"wp:term":[{"taxonomy":"category","embeddable":true,"href":"https:\/\/radio-newyork.com\/index.php?rest_route=%2Fwp%2Fv2%2Fcategories&post=3036"},{"taxonomy":"post_tag","embeddable":true,"href":"https:\/\/radio-newyork.com\/index.php?rest_route=%2Fwp%2Fv2%2Ftags&post=3036"}],"curies":[{"name":"wp","href":"https:\/\/api.w.org\/{rel}","templated":true}]}}