{"id":3032,"date":"2026-01-04T15:14:06","date_gmt":"2026-01-04T15:14:06","guid":{"rendered":"https:\/\/radio-newyork.com\/?p=3032"},"modified":"2026-01-04T15:14:11","modified_gmt":"2026-01-04T15:14:11","slug":"snaga-zena-pociva-nazenskom-zajednistvu","status":"publish","type":"post","link":"https:\/\/radio-newyork.com\/?p=3032","title":{"rendered":"SNAGA \u017dENA PO\u010cIVA NA\u017dENSKOM ZAJEDNI\u0160TVU"},"content":{"rendered":"\n<p>Jasmina Muli\u0107<\/p>\n\n\n\n<figure class=\"wp-block-image size-full\"><img loading=\"lazy\" decoding=\"async\" width=\"768\" height=\"924\" src=\"https:\/\/radio-newyork.com\/wp-content\/uploads\/2026\/01\/image-32-768x924-1.png\" alt=\"\" class=\"wp-image-3033\" srcset=\"https:\/\/radio-newyork.com\/wp-content\/uploads\/2026\/01\/image-32-768x924-1.png 768w, https:\/\/radio-newyork.com\/wp-content\/uploads\/2026\/01\/image-32-768x924-1-249x300.png 249w\" sizes=\"auto, (max-width: 768px) 100vw, 768px\" \/><\/figure>\n\n\n\n<p>Biti nositeljka \u017dIGA \u017denski biznis priznanje je da se trud i rad, koji su zasnovani na povjerenju, po\u0161tovanju i toplini, prepoznaju i cijene. To je lijepa potvrda da se mo\u017ee uspjeti i kada posao vodi \u017eena, ali u duhu zajedni\u0161tva i porodi\u010dnih vrijednosti, ka\u017ee Jasmina Muli\u0107, vlasnica preduze\u0107a Mare Invest d. o. o. i prva dobitnica priznanja NLB Women Empowerment.<\/p>\n\n\n\n<p>Priznanje NLB Women Empowerment uspostavljeno je 2025. godine i namijenjeno je nositeljkama \u017dIGA \u017denski biznis.<\/p>\n\n\n\n<p>\u201eOvo priznanje daje nam dodatnu snagu i vidljivost, jer pokazuje da \u017eenski biznis mo\u017ee biti uspje\u0161an, ozbiljan i inspirativan drugima\u201c, smatra Muli\u0107. Ona je istakla da je \u017dIG \u017denski biznis simbol povjerenja. \u201eOn pokazuje da iza na\u0161eg brenda stoje ljudi koji rade srcem i sa ljubavlju. Na\u0161i gosti znaju da iza objekata Ma Cherie, Navale-a i Ma Cherie Boka Place-a stoji porodica, ali i \u017eena koja vodi posao, brine o svakom detalju i dr\u017ei standarde. Spoj topline, profesionalnosti i porodi\u010dne energije stvara pose\u00adbno povjerenje \u2013 i to je, vjerujem, razlog \u0161to nam se gosti stalno vra\u0107aju\u201c, poru\u010dila je ona.<\/p>\n\n\n\n<p>Muli\u0107 smatra da je veoma va\u017eno afirmisati \u017eene u biznisu kroz takve inicijative, jer svaka \u017eena koja vodi biznis zna koliko je snage, strpljenja i ljubavi potrebno za to. \u201eKroz ovakve inicijative prepoznaje se na\u0161 trud i daje se podr\u0161ka da nastavimo dalje. Kada se ispri\u010daju pri\u010de \u017eena koje stvaraju, zapo\u0161ljavaju i inspiri\u0161u \u2013 pokre\u0107e se lanac promjena. Va\u017eno je da poka\u017eemo da uspjeh mo\u017ee da se gradi i sa srcem \u2013 ne samo sa planom\u201c, ocijenila je ona.<\/p>\n\n\n\n<p>Vjeruje da inicijativa \u017dIG \u017denski biznis mo\u017ee inspirisati druge \u017eene da pokrenu vlastite projekte i da se umre\u017eavaju.<\/p>\n\n\n\n<p>\u201eKada \u017eene vide da mogu da vode uspje\u0161an biznis i da ostanu &nbsp;posve\u0107ene porodici, ljudima i zajednici, to daje ogromnu motivaciju. \u017dIG \u017denski biznis dokaz je da \u017eene mogu da grade, da vode i da inspi\u00adri\u0161u \u2013 svaka na svoj na\u010din. A kad se me\u0111usobno podr\u017eavamo, postajemo ja\u010de\u201c, kazala je ona.<\/p>\n\n\n\n<figure class=\"wp-block-image\"><img decoding=\"async\" src=\"https:\/\/topwomenbusiness.me\/wp-content\/uploads\/2025\/12\/image-33.png\" alt=\"\"\/><\/figure>\n\n\n\n<p>Poja\u0161njava da se njena firma bavi ugostiteljstvom u Tivtu, u naselju Porto Montenegro. \u201eNa\u0161a pri\u010da je porodi\u010dna \u2013 svako od nas ima svoju ulogu i doprinos, ali moja je da vodim, inspiri\u0161em i \u010duvam viziju sa kojom smo sve zapo\u010deli\u201c.<\/p>\n\n\n\n<p>\u201ePo\u010deli smo 2020. godine otvaranjem objekta Ma Cherie, modernog brunch mjesta koje je postalo prepoznatljivo po toploj atmosferi i pa\u017enji prema detaljima \u2013 osje\u0107aju doma koji pru\u017ea. Zatim smo otvorili restoran Navale, a ove godine i Ma Cherie Boka Place, novi koncept koji donosi svje\u017einu i savremeni duh na\u0161eg brenda. Danas, kroz Mare Inve\u00adst, gradimo porodi\u010dni biznis utemeljen na ljubavi, radu i zajedni\u0161tvu \u2013 i to je, prema mom mi\u0161ljenju, najljep\u0161a formula uspjeha\u201c, tvrdi Muli\u0107.<\/p>\n\n\n\n<p>Isti\u010de da je njena preuzetni\u010dka pri\u010da po\u010dela tokom pandemije korona virusa \u2013 \u017eeljela je da stvori posao koji \u0107e se raditi sa ljubavlju i u koji \u0107e biti uklju\u010dena njena porodica kako bi zajedno stvarali ne\u0161to vrijedno.<br>\u201eZa mene je to mnogo vi\u0161e od posla \u2013 to je \u017eivotni projekat koji nas kao porodicu zbli\u017eava i motivi\u0161e da svakog dana budemo bolji\u201c, navela je ona.<\/p>\n\n\n\n<p>Radio New York <\/p>\n","protected":false},"excerpt":{"rendered":"<p>Jasmina Muli\u0107 Biti nositeljka \u017dIGA \u017denski biznis priznanje je da se trud i rad, koji su zasnovani na povjerenju, po\u0161tovanju i toplini, prepoznaju i cijene. To je lijepa potvrda da se mo\u017ee uspjeti i kada posao vodi \u017eena, ali u duhu zajedni\u0161tva i porodi\u010dnih vrijednosti, ka\u017ee Jasmina Muli\u0107, vlasnica preduze\u0107a Mare Invest d. o. o. [&hellip;]<\/p>\n","protected":false},"author":2,"featured_media":3033,"comment_status":"open","ping_status":"open","sticky":false,"template":"","format":"standard","meta":{"footnotes":""},"categories":[1],"tags":[],"class_list":["post-3032","post","type-post","status-publish","format-standard","has-post-thumbnail","hentry","category-uncategorized"],"acf":[],"yoast_head":"<!-- This site is optimized with the Yoast SEO plugin v26.2 - https:\/\/yoast.com\/wordpress\/plugins\/seo\/ -->\n<title>SNAGA \u017dENA PO\u010cIVA NA\u017dENSKOM ZAJEDNI\u0160TVU - Radio New York<\/title>\n<meta name=\"robots\" content=\"index, follow, max-snippet:-1, max-image-preview:large, max-video-preview:-1\" \/>\n<link rel=\"canonical\" href=\"https:\/\/radio-newyork.com\/?p=3032\" \/>\n<meta property=\"og:locale\" content=\"en_US\" \/>\n<meta property=\"og:type\" content=\"article\" \/>\n<meta property=\"og:title\" content=\"SNAGA \u017dENA PO\u010cIVA NA\u017dENSKOM ZAJEDNI\u0160TVU - Radio New York\" \/>\n<meta property=\"og:description\" content=\"Jasmina Muli\u0107 Biti nositeljka \u017dIGA \u017denski biznis priznanje je da se trud i rad, koji su zasnovani na povjerenju, po\u0161tovanju i toplini, prepoznaju i cijene. To je lijepa potvrda da se mo\u017ee uspjeti i kada posao vodi \u017eena, ali u duhu zajedni\u0161tva i porodi\u010dnih vrijednosti, ka\u017ee Jasmina Muli\u0107, vlasnica preduze\u0107a Mare Invest d. o. o. [&hellip;]\" \/>\n<meta property=\"og:url\" content=\"https:\/\/radio-newyork.com\/?p=3032\" \/>\n<meta property=\"og:site_name\" content=\"Radio New York\" \/>\n<meta property=\"article:published_time\" content=\"2026-01-04T15:14:06+00:00\" \/>\n<meta property=\"article:modified_time\" content=\"2026-01-04T15:14:11+00:00\" \/>\n<meta property=\"og:image\" content=\"https:\/\/radio-newyork.com\/wp-content\/uploads\/2026\/01\/image-32-768x924-1.png\" \/>\n\t<meta property=\"og:image:width\" content=\"768\" \/>\n\t<meta property=\"og:image:height\" content=\"924\" \/>\n\t<meta property=\"og:image:type\" content=\"image\/png\" \/>\n<meta name=\"author\" content=\"Ismet Rastoder\" \/>\n<meta name=\"twitter:card\" content=\"summary_large_image\" \/>\n<meta name=\"twitter:label1\" content=\"Written by\" \/>\n\t<meta name=\"twitter:data1\" content=\"Ismet Rastoder\" \/>\n\t<meta name=\"twitter:label2\" content=\"Est. reading time\" \/>\n\t<meta name=\"twitter:data2\" content=\"3 minutes\" \/>\n<script type=\"application\/ld+json\" class=\"yoast-schema-graph\">{\"@context\":\"https:\/\/schema.org\",\"@graph\":[{\"@type\":\"Article\",\"@id\":\"https:\/\/radio-newyork.com\/?p=3032#article\",\"isPartOf\":{\"@id\":\"https:\/\/radio-newyork.com\/?p=3032\"},\"author\":{\"name\":\"Ismet Rastoder\",\"@id\":\"https:\/\/radio-newyork.com\/#\/schema\/person\/e2f4dbf5b60fd9ac004d77b9e1b59559\"},\"headline\":\"SNAGA \u017dENA PO\u010cIVA NA\u017dENSKOM ZAJEDNI\u0160TVU\",\"datePublished\":\"2026-01-04T15:14:06+00:00\",\"dateModified\":\"2026-01-04T15:14:11+00:00\",\"mainEntityOfPage\":{\"@id\":\"https:\/\/radio-newyork.com\/?p=3032\"},\"wordCount\":566,\"commentCount\":0,\"publisher\":{\"@id\":\"https:\/\/radio-newyork.com\/#organization\"},\"image\":{\"@id\":\"https:\/\/radio-newyork.com\/?p=3032#primaryimage\"},\"thumbnailUrl\":\"https:\/\/radio-newyork.com\/wp-content\/uploads\/2026\/01\/image-32-768x924-1.png\",\"inLanguage\":\"en-US\",\"potentialAction\":[{\"@type\":\"CommentAction\",\"name\":\"Comment\",\"target\":[\"https:\/\/radio-newyork.com\/?p=3032#respond\"]}]},{\"@type\":\"WebPage\",\"@id\":\"https:\/\/radio-newyork.com\/?p=3032\",\"url\":\"https:\/\/radio-newyork.com\/?p=3032\",\"name\":\"SNAGA \u017dENA PO\u010cIVA NA\u017dENSKOM ZAJEDNI\u0160TVU - Radio New York\",\"isPartOf\":{\"@id\":\"https:\/\/radio-newyork.com\/#website\"},\"primaryImageOfPage\":{\"@id\":\"https:\/\/radio-newyork.com\/?p=3032#primaryimage\"},\"image\":{\"@id\":\"https:\/\/radio-newyork.com\/?p=3032#primaryimage\"},\"thumbnailUrl\":\"https:\/\/radio-newyork.com\/wp-content\/uploads\/2026\/01\/image-32-768x924-1.png\",\"datePublished\":\"2026-01-04T15:14:06+00:00\",\"dateModified\":\"2026-01-04T15:14:11+00:00\",\"breadcrumb\":{\"@id\":\"https:\/\/radio-newyork.com\/?p=3032#breadcrumb\"},\"inLanguage\":\"en-US\",\"potentialAction\":[{\"@type\":\"ReadAction\",\"target\":[\"https:\/\/radio-newyork.com\/?p=3032\"]}]},{\"@type\":\"ImageObject\",\"inLanguage\":\"en-US\",\"@id\":\"https:\/\/radio-newyork.com\/?p=3032#primaryimage\",\"url\":\"https:\/\/radio-newyork.com\/wp-content\/uploads\/2026\/01\/image-32-768x924-1.png\",\"contentUrl\":\"https:\/\/radio-newyork.com\/wp-content\/uploads\/2026\/01\/image-32-768x924-1.png\",\"width\":768,\"height\":924},{\"@type\":\"BreadcrumbList\",\"@id\":\"https:\/\/radio-newyork.com\/?p=3032#breadcrumb\",\"itemListElement\":[{\"@type\":\"ListItem\",\"position\":1,\"name\":\"Home\",\"item\":\"https:\/\/radio-newyork.com\/\"},{\"@type\":\"ListItem\",\"position\":2,\"name\":\"SNAGA \u017dENA PO\u010cIVA NA\u017dENSKOM ZAJEDNI\u0160TVU\"}]},{\"@type\":\"WebSite\",\"@id\":\"https:\/\/radio-newyork.com\/#website\",\"url\":\"https:\/\/radio-newyork.com\/\",\"name\":\"Radio New York\",\"description\":\"Radio New York \u2014 Most Amerike i domovine\",\"publisher\":{\"@id\":\"https:\/\/radio-newyork.com\/#organization\"},\"potentialAction\":[{\"@type\":\"SearchAction\",\"target\":{\"@type\":\"EntryPoint\",\"urlTemplate\":\"https:\/\/radio-newyork.com\/?s={search_term_string}\"},\"query-input\":{\"@type\":\"PropertyValueSpecification\",\"valueRequired\":true,\"valueName\":\"search_term_string\"}}],\"inLanguage\":\"en-US\"},{\"@type\":\"Organization\",\"@id\":\"https:\/\/radio-newyork.com\/#organization\",\"name\":\"Radio New York\",\"url\":\"https:\/\/radio-newyork.com\/\",\"logo\":{\"@type\":\"ImageObject\",\"inLanguage\":\"en-US\",\"@id\":\"https:\/\/radio-newyork.com\/#\/schema\/logo\/image\/\",\"url\":\"https:\/\/radio-newyork.com\/wp-content\/uploads\/2021\/12\/262517255_4571047313011643_1786418142376364479_n.jpg\",\"contentUrl\":\"https:\/\/radio-newyork.com\/wp-content\/uploads\/2021\/12\/262517255_4571047313011643_1786418142376364479_n.jpg\",\"width\":212,\"height\":210,\"caption\":\"Radio New York\"},\"image\":{\"@id\":\"https:\/\/radio-newyork.com\/#\/schema\/logo\/image\/\"}},{\"@type\":\"Person\",\"@id\":\"https:\/\/radio-newyork.com\/#\/schema\/person\/e2f4dbf5b60fd9ac004d77b9e1b59559\",\"name\":\"Ismet Rastoder\",\"image\":{\"@type\":\"ImageObject\",\"inLanguage\":\"en-US\",\"@id\":\"https:\/\/radio-newyork.com\/#\/schema\/person\/image\/\",\"url\":\"https:\/\/secure.gravatar.com\/avatar\/800e8dd1eac3e728e825b7d5c16c80b067c4a0557a2ce54986c89f6008f454bb?s=96&d=mm&r=g\",\"contentUrl\":\"https:\/\/secure.gravatar.com\/avatar\/800e8dd1eac3e728e825b7d5c16c80b067c4a0557a2ce54986c89f6008f454bb?s=96&d=mm&r=g\",\"caption\":\"Ismet Rastoder\"},\"description\":\"Ismet Rastoder je urednik i osniva\u010d portala Radio New York \u2014 medijskog prostora posve\u0107enog dijaspori, dru\u0161tvenoj istini i stvarnim \u017eivotnim pitanjima Balkana i Amerike. Poznat po direktnom stilu, hrabrim komentarima i beskompromisnoj borbi protiv nepravde, Rastoder donosi glas zajednice koja se \u010desto ne \u010duje, ali itekako postoji. Vi\u0161e od dvije decenije aktivan je u zajednici i medijima, gdje kroz analize, autorske kolumne i dru\u0161tveni anga\u017eman povezuje iskustvo \u017eivota u Americi sa realno\u0161\u0107u Balkana. Njegove pri\u010de otvaraju va\u017ene teme \u2014 od identiteta i politike, do kulture, dijaspore i dru\u0161tvenih transformacija. Prepoznat je kao glas dijaspore koji govori ono \u0161to mnogi misle, ali rijetko ko ka\u017ee.\",\"sameAs\":[\"http:\/\/radio-newyork.com\"],\"url\":\"https:\/\/radio-newyork.com\/?author=2\"}]}<\/script>\n<!-- \/ Yoast SEO plugin. -->","yoast_head_json":{"title":"SNAGA \u017dENA PO\u010cIVA NA\u017dENSKOM ZAJEDNI\u0160TVU - Radio New York","robots":{"index":"index","follow":"follow","max-snippet":"max-snippet:-1","max-image-preview":"max-image-preview:large","max-video-preview":"max-video-preview:-1"},"canonical":"https:\/\/radio-newyork.com\/?p=3032","og_locale":"en_US","og_type":"article","og_title":"SNAGA \u017dENA PO\u010cIVA NA\u017dENSKOM ZAJEDNI\u0160TVU - Radio New York","og_description":"Jasmina Muli\u0107 Biti nositeljka \u017dIGA \u017denski biznis priznanje je da se trud i rad, koji su zasnovani na povjerenju, po\u0161tovanju i toplini, prepoznaju i cijene. To je lijepa potvrda da se mo\u017ee uspjeti i kada posao vodi \u017eena, ali u duhu zajedni\u0161tva i porodi\u010dnih vrijednosti, ka\u017ee Jasmina Muli\u0107, vlasnica preduze\u0107a Mare Invest d. o. o. [&hellip;]","og_url":"https:\/\/radio-newyork.com\/?p=3032","og_site_name":"Radio New York","article_published_time":"2026-01-04T15:14:06+00:00","article_modified_time":"2026-01-04T15:14:11+00:00","og_image":[{"width":768,"height":924,"url":"https:\/\/radio-newyork.com\/wp-content\/uploads\/2026\/01\/image-32-768x924-1.png","type":"image\/png"}],"author":"Ismet Rastoder","twitter_card":"summary_large_image","twitter_misc":{"Written by":"Ismet Rastoder","Est. reading time":"3 minutes"},"schema":{"@context":"https:\/\/schema.org","@graph":[{"@type":"Article","@id":"https:\/\/radio-newyork.com\/?p=3032#article","isPartOf":{"@id":"https:\/\/radio-newyork.com\/?p=3032"},"author":{"name":"Ismet Rastoder","@id":"https:\/\/radio-newyork.com\/#\/schema\/person\/e2f4dbf5b60fd9ac004d77b9e1b59559"},"headline":"SNAGA \u017dENA PO\u010cIVA NA\u017dENSKOM ZAJEDNI\u0160TVU","datePublished":"2026-01-04T15:14:06+00:00","dateModified":"2026-01-04T15:14:11+00:00","mainEntityOfPage":{"@id":"https:\/\/radio-newyork.com\/?p=3032"},"wordCount":566,"commentCount":0,"publisher":{"@id":"https:\/\/radio-newyork.com\/#organization"},"image":{"@id":"https:\/\/radio-newyork.com\/?p=3032#primaryimage"},"thumbnailUrl":"https:\/\/radio-newyork.com\/wp-content\/uploads\/2026\/01\/image-32-768x924-1.png","inLanguage":"en-US","potentialAction":[{"@type":"CommentAction","name":"Comment","target":["https:\/\/radio-newyork.com\/?p=3032#respond"]}]},{"@type":"WebPage","@id":"https:\/\/radio-newyork.com\/?p=3032","url":"https:\/\/radio-newyork.com\/?p=3032","name":"SNAGA \u017dENA PO\u010cIVA NA\u017dENSKOM ZAJEDNI\u0160TVU - Radio New York","isPartOf":{"@id":"https:\/\/radio-newyork.com\/#website"},"primaryImageOfPage":{"@id":"https:\/\/radio-newyork.com\/?p=3032#primaryimage"},"image":{"@id":"https:\/\/radio-newyork.com\/?p=3032#primaryimage"},"thumbnailUrl":"https:\/\/radio-newyork.com\/wp-content\/uploads\/2026\/01\/image-32-768x924-1.png","datePublished":"2026-01-04T15:14:06+00:00","dateModified":"2026-01-04T15:14:11+00:00","breadcrumb":{"@id":"https:\/\/radio-newyork.com\/?p=3032#breadcrumb"},"inLanguage":"en-US","potentialAction":[{"@type":"ReadAction","target":["https:\/\/radio-newyork.com\/?p=3032"]}]},{"@type":"ImageObject","inLanguage":"en-US","@id":"https:\/\/radio-newyork.com\/?p=3032#primaryimage","url":"https:\/\/radio-newyork.com\/wp-content\/uploads\/2026\/01\/image-32-768x924-1.png","contentUrl":"https:\/\/radio-newyork.com\/wp-content\/uploads\/2026\/01\/image-32-768x924-1.png","width":768,"height":924},{"@type":"BreadcrumbList","@id":"https:\/\/radio-newyork.com\/?p=3032#breadcrumb","itemListElement":[{"@type":"ListItem","position":1,"name":"Home","item":"https:\/\/radio-newyork.com\/"},{"@type":"ListItem","position":2,"name":"SNAGA \u017dENA PO\u010cIVA NA\u017dENSKOM ZAJEDNI\u0160TVU"}]},{"@type":"WebSite","@id":"https:\/\/radio-newyork.com\/#website","url":"https:\/\/radio-newyork.com\/","name":"Radio New York","description":"Radio New York \u2014 Most Amerike i domovine","publisher":{"@id":"https:\/\/radio-newyork.com\/#organization"},"potentialAction":[{"@type":"SearchAction","target":{"@type":"EntryPoint","urlTemplate":"https:\/\/radio-newyork.com\/?s={search_term_string}"},"query-input":{"@type":"PropertyValueSpecification","valueRequired":true,"valueName":"search_term_string"}}],"inLanguage":"en-US"},{"@type":"Organization","@id":"https:\/\/radio-newyork.com\/#organization","name":"Radio New York","url":"https:\/\/radio-newyork.com\/","logo":{"@type":"ImageObject","inLanguage":"en-US","@id":"https:\/\/radio-newyork.com\/#\/schema\/logo\/image\/","url":"https:\/\/radio-newyork.com\/wp-content\/uploads\/2021\/12\/262517255_4571047313011643_1786418142376364479_n.jpg","contentUrl":"https:\/\/radio-newyork.com\/wp-content\/uploads\/2021\/12\/262517255_4571047313011643_1786418142376364479_n.jpg","width":212,"height":210,"caption":"Radio New York"},"image":{"@id":"https:\/\/radio-newyork.com\/#\/schema\/logo\/image\/"}},{"@type":"Person","@id":"https:\/\/radio-newyork.com\/#\/schema\/person\/e2f4dbf5b60fd9ac004d77b9e1b59559","name":"Ismet Rastoder","image":{"@type":"ImageObject","inLanguage":"en-US","@id":"https:\/\/radio-newyork.com\/#\/schema\/person\/image\/","url":"https:\/\/secure.gravatar.com\/avatar\/800e8dd1eac3e728e825b7d5c16c80b067c4a0557a2ce54986c89f6008f454bb?s=96&d=mm&r=g","contentUrl":"https:\/\/secure.gravatar.com\/avatar\/800e8dd1eac3e728e825b7d5c16c80b067c4a0557a2ce54986c89f6008f454bb?s=96&d=mm&r=g","caption":"Ismet Rastoder"},"description":"Ismet Rastoder je urednik i osniva\u010d portala Radio New York \u2014 medijskog prostora posve\u0107enog dijaspori, dru\u0161tvenoj istini i stvarnim \u017eivotnim pitanjima Balkana i Amerike. Poznat po direktnom stilu, hrabrim komentarima i beskompromisnoj borbi protiv nepravde, Rastoder donosi glas zajednice koja se \u010desto ne \u010duje, ali itekako postoji. Vi\u0161e od dvije decenije aktivan je u zajednici i medijima, gdje kroz analize, autorske kolumne i dru\u0161tveni anga\u017eman povezuje iskustvo \u017eivota u Americi sa realno\u0161\u0107u Balkana. Njegove pri\u010de otvaraju va\u017ene teme \u2014 od identiteta i politike, do kulture, dijaspore i dru\u0161tvenih transformacija. Prepoznat je kao glas dijaspore koji govori ono \u0161to mnogi misle, ali rijetko ko ka\u017ee.","sameAs":["http:\/\/radio-newyork.com"],"url":"https:\/\/radio-newyork.com\/?author=2"}]}},"_links":{"self":[{"href":"https:\/\/radio-newyork.com\/index.php?rest_route=\/wp\/v2\/posts\/3032","targetHints":{"allow":["GET"]}}],"collection":[{"href":"https:\/\/radio-newyork.com\/index.php?rest_route=\/wp\/v2\/posts"}],"about":[{"href":"https:\/\/radio-newyork.com\/index.php?rest_route=\/wp\/v2\/types\/post"}],"author":[{"embeddable":true,"href":"https:\/\/radio-newyork.com\/index.php?rest_route=\/wp\/v2\/users\/2"}],"replies":[{"embeddable":true,"href":"https:\/\/radio-newyork.com\/index.php?rest_route=%2Fwp%2Fv2%2Fcomments&post=3032"}],"version-history":[{"count":1,"href":"https:\/\/radio-newyork.com\/index.php?rest_route=\/wp\/v2\/posts\/3032\/revisions"}],"predecessor-version":[{"id":3034,"href":"https:\/\/radio-newyork.com\/index.php?rest_route=\/wp\/v2\/posts\/3032\/revisions\/3034"}],"wp:featuredmedia":[{"embeddable":true,"href":"https:\/\/radio-newyork.com\/index.php?rest_route=\/wp\/v2\/media\/3033"}],"wp:attachment":[{"href":"https:\/\/radio-newyork.com\/index.php?rest_route=%2Fwp%2Fv2%2Fmedia&parent=3032"}],"wp:term":[{"taxonomy":"category","embeddable":true,"href":"https:\/\/radio-newyork.com\/index.php?rest_route=%2Fwp%2Fv2%2Fcategories&post=3032"},{"taxonomy":"post_tag","embeddable":true,"href":"https:\/\/radio-newyork.com\/index.php?rest_route=%2Fwp%2Fv2%2Ftags&post=3032"}],"curies":[{"name":"wp","href":"https:\/\/api.w.org\/{rel}","templated":true}]}}