{"id":3008,"date":"2026-01-01T15:56:28","date_gmt":"2026-01-01T15:56:28","guid":{"rendered":"https:\/\/radio-newyork.com\/?p=3008"},"modified":"2026-01-01T15:56:32","modified_gmt":"2026-01-01T15:56:32","slug":"policija-objavila-nove-detalje-tragedije-u-svicarskoj-broj-poginulih-puno-veci-nego-sto-se-mislilo","status":"publish","type":"post","link":"https:\/\/radio-newyork.com\/?p=3008","title":{"rendered":"Policija objavila nove detalje tragedije u \u0160vicarskoj, broj poginulih puno ve\u0107i nego \u0161to se mislilo"},"content":{"rendered":"\n<figure class=\"wp-block-image size-full\"><img loading=\"lazy\" decoding=\"async\" width=\"1024\" height=\"538\" src=\"https:\/\/radio-newyork.com\/wp-content\/uploads\/2026\/01\/crans2-1024x538-1.webp\" alt=\"\" class=\"wp-image-3009\" srcset=\"https:\/\/radio-newyork.com\/wp-content\/uploads\/2026\/01\/crans2-1024x538-1.webp 1024w, https:\/\/radio-newyork.com\/wp-content\/uploads\/2026\/01\/crans2-1024x538-1-300x158.webp 300w, https:\/\/radio-newyork.com\/wp-content\/uploads\/2026\/01\/crans2-1024x538-1-768x404.webp 768w\" sizes=\"auto, (max-width: 1024px) 100vw, 1024px\" \/><\/figure>\n\n\n\n<p>Policija je potvrdila da je u eksploziji u baru u \u0161vicarskom odmarali\u0161tu Crans-Montana poginulo \u201enekoliko desetina\u201c ljudi, dok je oko 100 osoba povrije\u0111eno, <a href=\"https:\/\/www.theguardian.com\/world\/live\/2026\/jan\/01\/switzerland-resort-explosion-dead-blast-ski-town-crans-montana-latest-news-live\">pi\u0161e Guardian.<\/a><\/p>\n\n\n\n<p>Italijansko ministarstvo vanjskih poslova saop\u0107ilo je da informacije \u0161vicarske policije ukazuju na oko 40 smrtnih slu\u010dajeva, ali policija na konferenciji za novinare nije bila preciznija od izraza \u201edesetine\u201c.<\/p>\n\n\n\n<p>Oko 1.30 sati po lokalnom vremenu primije\u0107en je dim u baru i pozvane su hitne slu\u017ebe. Vatrogasne i policijske patrole \u201ebrzo su stigle na mjesto doga\u0111aja\u201c.<\/p>\n\n\n\n<p>Zvani\u010dnici su saop\u0107ili da je eksplozija pogodila nekoliko stotina ljudi razli\u010ditih nacionalnosti. Naveli su da \u0107e trebati vremena da se utvrdi ko je poginuo i povrije\u0111en i odakle dolaze, s obzirom na to da je vjerovatno uklju\u010deno mnogo nacionalnosti.<\/p>\n\n\n\n<p>Vatrogasci su mobilizirani iz cijele regije, rekli su zvani\u010dnici.<\/p>\n\n\n\n<p>Mnoge \u017ertve imaju \u201ete\u0161ke opekotine\u201c, dodali su zvani\u010dnici. Jedinice intenzivne njege u lokalnim bolnicama \u201esu pune\u201c, a neki pacijenti moraju biti preba\u010deni u bolnice u drugim kantonima radi hitnog lije\u010denja.<\/p>\n\n\n\n<p>Policija je potvrdila da nema naznaka da je rije\u010d o teroristi\u010dkom napadu.<\/p>\n\n\n\n<p>Podru\u010dje je u potpunosti zatvoreno i uvedena je zabrana letenja iznad Crans-Montane, navela je policija u saop\u0107enju.<\/p>\n\n\n\n<p>Jedan policijski zvani\u010dnik rekao je na jutro\u0161njoj konferenciji za novinare da su svi uklju\u010deni u operaciju \u201ezate\u010deni\u201c ovim \u201ebolnim trenutkom\u201c.<\/p>\n\n\n\n<p><\/p>\n","protected":false},"excerpt":{"rendered":"<p>Policija je potvrdila da je u eksploziji u baru u \u0161vicarskom odmarali\u0161tu Crans-Montana poginulo \u201enekoliko desetina\u201c ljudi, dok je oko 100 osoba povrije\u0111eno, pi\u0161e Guardian. Italijansko ministarstvo vanjskih poslova saop\u0107ilo je da informacije \u0161vicarske policije ukazuju na oko 40 smrtnih slu\u010dajeva, ali policija na konferenciji za novinare nije bila preciznija od izraza \u201edesetine\u201c. Oko 1.30 [&hellip;]<\/p>\n","protected":false},"author":2,"featured_media":3009,"comment_status":"open","ping_status":"open","sticky":false,"template":"","format":"standard","meta":{"footnotes":""},"categories":[1],"tags":[],"class_list":["post-3008","post","type-post","status-publish","format-standard","has-post-thumbnail","hentry","category-uncategorized"],"acf":[],"yoast_head":"<!-- This site is optimized with the Yoast SEO plugin v26.2 - https:\/\/yoast.com\/wordpress\/plugins\/seo\/ -->\n<title>Policija objavila nove detalje tragedije u \u0160vicarskoj, broj poginulih puno ve\u0107i nego \u0161to se mislilo - Radio New York<\/title>\n<meta name=\"robots\" content=\"index, follow, max-snippet:-1, max-image-preview:large, max-video-preview:-1\" \/>\n<link rel=\"canonical\" href=\"https:\/\/radio-newyork.com\/?p=3008\" \/>\n<meta property=\"og:locale\" content=\"en_US\" \/>\n<meta property=\"og:type\" content=\"article\" \/>\n<meta property=\"og:title\" content=\"Policija objavila nove detalje tragedije u \u0160vicarskoj, broj poginulih puno ve\u0107i nego \u0161to se mislilo - Radio New York\" \/>\n<meta property=\"og:description\" content=\"Policija je potvrdila da je u eksploziji u baru u \u0161vicarskom odmarali\u0161tu Crans-Montana poginulo \u201enekoliko desetina\u201c ljudi, dok je oko 100 osoba povrije\u0111eno, pi\u0161e Guardian. Italijansko ministarstvo vanjskih poslova saop\u0107ilo je da informacije \u0161vicarske policije ukazuju na oko 40 smrtnih slu\u010dajeva, ali policija na konferenciji za novinare nije bila preciznija od izraza \u201edesetine\u201c. Oko 1.30 [&hellip;]\" \/>\n<meta property=\"og:url\" content=\"https:\/\/radio-newyork.com\/?p=3008\" \/>\n<meta property=\"og:site_name\" content=\"Radio New York\" \/>\n<meta property=\"article:published_time\" content=\"2026-01-01T15:56:28+00:00\" \/>\n<meta property=\"article:modified_time\" content=\"2026-01-01T15:56:32+00:00\" \/>\n<meta property=\"og:image\" content=\"https:\/\/radio-newyork.com\/wp-content\/uploads\/2026\/01\/crans2-1024x538-1.webp\" \/>\n\t<meta property=\"og:image:width\" content=\"1024\" \/>\n\t<meta property=\"og:image:height\" content=\"538\" \/>\n\t<meta property=\"og:image:type\" content=\"image\/webp\" \/>\n<meta name=\"author\" content=\"Ismet Rastoder\" \/>\n<meta name=\"twitter:card\" content=\"summary_large_image\" \/>\n<meta name=\"twitter:label1\" content=\"Written by\" \/>\n\t<meta name=\"twitter:data1\" content=\"Ismet Rastoder\" \/>\n\t<meta name=\"twitter:label2\" content=\"Est. reading time\" \/>\n\t<meta name=\"twitter:data2\" content=\"1 minute\" \/>\n<script type=\"application\/ld+json\" class=\"yoast-schema-graph\">{\"@context\":\"https:\/\/schema.org\",\"@graph\":[{\"@type\":\"Article\",\"@id\":\"https:\/\/radio-newyork.com\/?p=3008#article\",\"isPartOf\":{\"@id\":\"https:\/\/radio-newyork.com\/?p=3008\"},\"author\":{\"name\":\"Ismet Rastoder\",\"@id\":\"https:\/\/radio-newyork.com\/#\/schema\/person\/e2f4dbf5b60fd9ac004d77b9e1b59559\"},\"headline\":\"Policija objavila nove detalje tragedije u \u0160vicarskoj, broj poginulih puno ve\u0107i nego \u0161to se mislilo\",\"datePublished\":\"2026-01-01T15:56:28+00:00\",\"dateModified\":\"2026-01-01T15:56:32+00:00\",\"mainEntityOfPage\":{\"@id\":\"https:\/\/radio-newyork.com\/?p=3008\"},\"wordCount\":244,\"commentCount\":0,\"publisher\":{\"@id\":\"https:\/\/radio-newyork.com\/#organization\"},\"image\":{\"@id\":\"https:\/\/radio-newyork.com\/?p=3008#primaryimage\"},\"thumbnailUrl\":\"https:\/\/radio-newyork.com\/wp-content\/uploads\/2026\/01\/crans2-1024x538-1.webp\",\"inLanguage\":\"en-US\",\"potentialAction\":[{\"@type\":\"CommentAction\",\"name\":\"Comment\",\"target\":[\"https:\/\/radio-newyork.com\/?p=3008#respond\"]}]},{\"@type\":\"WebPage\",\"@id\":\"https:\/\/radio-newyork.com\/?p=3008\",\"url\":\"https:\/\/radio-newyork.com\/?p=3008\",\"name\":\"Policija objavila nove detalje tragedije u \u0160vicarskoj, broj poginulih puno ve\u0107i nego \u0161to se mislilo - Radio New York\",\"isPartOf\":{\"@id\":\"https:\/\/radio-newyork.com\/#website\"},\"primaryImageOfPage\":{\"@id\":\"https:\/\/radio-newyork.com\/?p=3008#primaryimage\"},\"image\":{\"@id\":\"https:\/\/radio-newyork.com\/?p=3008#primaryimage\"},\"thumbnailUrl\":\"https:\/\/radio-newyork.com\/wp-content\/uploads\/2026\/01\/crans2-1024x538-1.webp\",\"datePublished\":\"2026-01-01T15:56:28+00:00\",\"dateModified\":\"2026-01-01T15:56:32+00:00\",\"breadcrumb\":{\"@id\":\"https:\/\/radio-newyork.com\/?p=3008#breadcrumb\"},\"inLanguage\":\"en-US\",\"potentialAction\":[{\"@type\":\"ReadAction\",\"target\":[\"https:\/\/radio-newyork.com\/?p=3008\"]}]},{\"@type\":\"ImageObject\",\"inLanguage\":\"en-US\",\"@id\":\"https:\/\/radio-newyork.com\/?p=3008#primaryimage\",\"url\":\"https:\/\/radio-newyork.com\/wp-content\/uploads\/2026\/01\/crans2-1024x538-1.webp\",\"contentUrl\":\"https:\/\/radio-newyork.com\/wp-content\/uploads\/2026\/01\/crans2-1024x538-1.webp\",\"width\":1024,\"height\":538},{\"@type\":\"BreadcrumbList\",\"@id\":\"https:\/\/radio-newyork.com\/?p=3008#breadcrumb\",\"itemListElement\":[{\"@type\":\"ListItem\",\"position\":1,\"name\":\"Home\",\"item\":\"https:\/\/radio-newyork.com\/\"},{\"@type\":\"ListItem\",\"position\":2,\"name\":\"Policija objavila nove detalje tragedije u \u0160vicarskoj, broj poginulih puno ve\u0107i nego \u0161to se mislilo\"}]},{\"@type\":\"WebSite\",\"@id\":\"https:\/\/radio-newyork.com\/#website\",\"url\":\"https:\/\/radio-newyork.com\/\",\"name\":\"Radio New York\",\"description\":\"Radio New York \u2014 Most Amerike i domovine\",\"publisher\":{\"@id\":\"https:\/\/radio-newyork.com\/#organization\"},\"potentialAction\":[{\"@type\":\"SearchAction\",\"target\":{\"@type\":\"EntryPoint\",\"urlTemplate\":\"https:\/\/radio-newyork.com\/?s={search_term_string}\"},\"query-input\":{\"@type\":\"PropertyValueSpecification\",\"valueRequired\":true,\"valueName\":\"search_term_string\"}}],\"inLanguage\":\"en-US\"},{\"@type\":\"Organization\",\"@id\":\"https:\/\/radio-newyork.com\/#organization\",\"name\":\"Radio New York\",\"url\":\"https:\/\/radio-newyork.com\/\",\"logo\":{\"@type\":\"ImageObject\",\"inLanguage\":\"en-US\",\"@id\":\"https:\/\/radio-newyork.com\/#\/schema\/logo\/image\/\",\"url\":\"https:\/\/radio-newyork.com\/wp-content\/uploads\/2021\/12\/262517255_4571047313011643_1786418142376364479_n.jpg\",\"contentUrl\":\"https:\/\/radio-newyork.com\/wp-content\/uploads\/2021\/12\/262517255_4571047313011643_1786418142376364479_n.jpg\",\"width\":212,\"height\":210,\"caption\":\"Radio New York\"},\"image\":{\"@id\":\"https:\/\/radio-newyork.com\/#\/schema\/logo\/image\/\"}},{\"@type\":\"Person\",\"@id\":\"https:\/\/radio-newyork.com\/#\/schema\/person\/e2f4dbf5b60fd9ac004d77b9e1b59559\",\"name\":\"Ismet Rastoder\",\"image\":{\"@type\":\"ImageObject\",\"inLanguage\":\"en-US\",\"@id\":\"https:\/\/radio-newyork.com\/#\/schema\/person\/image\/\",\"url\":\"https:\/\/secure.gravatar.com\/avatar\/800e8dd1eac3e728e825b7d5c16c80b067c4a0557a2ce54986c89f6008f454bb?s=96&d=mm&r=g\",\"contentUrl\":\"https:\/\/secure.gravatar.com\/avatar\/800e8dd1eac3e728e825b7d5c16c80b067c4a0557a2ce54986c89f6008f454bb?s=96&d=mm&r=g\",\"caption\":\"Ismet Rastoder\"},\"description\":\"Ismet Rastoder je urednik i osniva\u010d portala Radio New York \u2014 medijskog prostora posve\u0107enog dijaspori, dru\u0161tvenoj istini i stvarnim \u017eivotnim pitanjima Balkana i Amerike. Poznat po direktnom stilu, hrabrim komentarima i beskompromisnoj borbi protiv nepravde, Rastoder donosi glas zajednice koja se \u010desto ne \u010duje, ali itekako postoji. Vi\u0161e od dvije decenije aktivan je u zajednici i medijima, gdje kroz analize, autorske kolumne i dru\u0161tveni anga\u017eman povezuje iskustvo \u017eivota u Americi sa realno\u0161\u0107u Balkana. Njegove pri\u010de otvaraju va\u017ene teme \u2014 od identiteta i politike, do kulture, dijaspore i dru\u0161tvenih transformacija. Prepoznat je kao glas dijaspore koji govori ono \u0161to mnogi misle, ali rijetko ko ka\u017ee.\",\"sameAs\":[\"http:\/\/radio-newyork.com\"],\"url\":\"https:\/\/radio-newyork.com\/?author=2\"}]}<\/script>\n<!-- \/ Yoast SEO plugin. -->","yoast_head_json":{"title":"Policija objavila nove detalje tragedije u \u0160vicarskoj, broj poginulih puno ve\u0107i nego \u0161to se mislilo - Radio New York","robots":{"index":"index","follow":"follow","max-snippet":"max-snippet:-1","max-image-preview":"max-image-preview:large","max-video-preview":"max-video-preview:-1"},"canonical":"https:\/\/radio-newyork.com\/?p=3008","og_locale":"en_US","og_type":"article","og_title":"Policija objavila nove detalje tragedije u \u0160vicarskoj, broj poginulih puno ve\u0107i nego \u0161to se mislilo - Radio New York","og_description":"Policija je potvrdila da je u eksploziji u baru u \u0161vicarskom odmarali\u0161tu Crans-Montana poginulo \u201enekoliko desetina\u201c ljudi, dok je oko 100 osoba povrije\u0111eno, pi\u0161e Guardian. Italijansko ministarstvo vanjskih poslova saop\u0107ilo je da informacije \u0161vicarske policije ukazuju na oko 40 smrtnih slu\u010dajeva, ali policija na konferenciji za novinare nije bila preciznija od izraza \u201edesetine\u201c. Oko 1.30 [&hellip;]","og_url":"https:\/\/radio-newyork.com\/?p=3008","og_site_name":"Radio New York","article_published_time":"2026-01-01T15:56:28+00:00","article_modified_time":"2026-01-01T15:56:32+00:00","og_image":[{"width":1024,"height":538,"url":"https:\/\/radio-newyork.com\/wp-content\/uploads\/2026\/01\/crans2-1024x538-1.webp","type":"image\/webp"}],"author":"Ismet Rastoder","twitter_card":"summary_large_image","twitter_misc":{"Written by":"Ismet Rastoder","Est. reading time":"1 minute"},"schema":{"@context":"https:\/\/schema.org","@graph":[{"@type":"Article","@id":"https:\/\/radio-newyork.com\/?p=3008#article","isPartOf":{"@id":"https:\/\/radio-newyork.com\/?p=3008"},"author":{"name":"Ismet Rastoder","@id":"https:\/\/radio-newyork.com\/#\/schema\/person\/e2f4dbf5b60fd9ac004d77b9e1b59559"},"headline":"Policija objavila nove detalje tragedije u \u0160vicarskoj, broj poginulih puno ve\u0107i nego \u0161to se mislilo","datePublished":"2026-01-01T15:56:28+00:00","dateModified":"2026-01-01T15:56:32+00:00","mainEntityOfPage":{"@id":"https:\/\/radio-newyork.com\/?p=3008"},"wordCount":244,"commentCount":0,"publisher":{"@id":"https:\/\/radio-newyork.com\/#organization"},"image":{"@id":"https:\/\/radio-newyork.com\/?p=3008#primaryimage"},"thumbnailUrl":"https:\/\/radio-newyork.com\/wp-content\/uploads\/2026\/01\/crans2-1024x538-1.webp","inLanguage":"en-US","potentialAction":[{"@type":"CommentAction","name":"Comment","target":["https:\/\/radio-newyork.com\/?p=3008#respond"]}]},{"@type":"WebPage","@id":"https:\/\/radio-newyork.com\/?p=3008","url":"https:\/\/radio-newyork.com\/?p=3008","name":"Policija objavila nove detalje tragedije u \u0160vicarskoj, broj poginulih puno ve\u0107i nego \u0161to se mislilo - Radio New York","isPartOf":{"@id":"https:\/\/radio-newyork.com\/#website"},"primaryImageOfPage":{"@id":"https:\/\/radio-newyork.com\/?p=3008#primaryimage"},"image":{"@id":"https:\/\/radio-newyork.com\/?p=3008#primaryimage"},"thumbnailUrl":"https:\/\/radio-newyork.com\/wp-content\/uploads\/2026\/01\/crans2-1024x538-1.webp","datePublished":"2026-01-01T15:56:28+00:00","dateModified":"2026-01-01T15:56:32+00:00","breadcrumb":{"@id":"https:\/\/radio-newyork.com\/?p=3008#breadcrumb"},"inLanguage":"en-US","potentialAction":[{"@type":"ReadAction","target":["https:\/\/radio-newyork.com\/?p=3008"]}]},{"@type":"ImageObject","inLanguage":"en-US","@id":"https:\/\/radio-newyork.com\/?p=3008#primaryimage","url":"https:\/\/radio-newyork.com\/wp-content\/uploads\/2026\/01\/crans2-1024x538-1.webp","contentUrl":"https:\/\/radio-newyork.com\/wp-content\/uploads\/2026\/01\/crans2-1024x538-1.webp","width":1024,"height":538},{"@type":"BreadcrumbList","@id":"https:\/\/radio-newyork.com\/?p=3008#breadcrumb","itemListElement":[{"@type":"ListItem","position":1,"name":"Home","item":"https:\/\/radio-newyork.com\/"},{"@type":"ListItem","position":2,"name":"Policija objavila nove detalje tragedije u \u0160vicarskoj, broj poginulih puno ve\u0107i nego \u0161to se mislilo"}]},{"@type":"WebSite","@id":"https:\/\/radio-newyork.com\/#website","url":"https:\/\/radio-newyork.com\/","name":"Radio New York","description":"Radio New York \u2014 Most Amerike i domovine","publisher":{"@id":"https:\/\/radio-newyork.com\/#organization"},"potentialAction":[{"@type":"SearchAction","target":{"@type":"EntryPoint","urlTemplate":"https:\/\/radio-newyork.com\/?s={search_term_string}"},"query-input":{"@type":"PropertyValueSpecification","valueRequired":true,"valueName":"search_term_string"}}],"inLanguage":"en-US"},{"@type":"Organization","@id":"https:\/\/radio-newyork.com\/#organization","name":"Radio New York","url":"https:\/\/radio-newyork.com\/","logo":{"@type":"ImageObject","inLanguage":"en-US","@id":"https:\/\/radio-newyork.com\/#\/schema\/logo\/image\/","url":"https:\/\/radio-newyork.com\/wp-content\/uploads\/2021\/12\/262517255_4571047313011643_1786418142376364479_n.jpg","contentUrl":"https:\/\/radio-newyork.com\/wp-content\/uploads\/2021\/12\/262517255_4571047313011643_1786418142376364479_n.jpg","width":212,"height":210,"caption":"Radio New York"},"image":{"@id":"https:\/\/radio-newyork.com\/#\/schema\/logo\/image\/"}},{"@type":"Person","@id":"https:\/\/radio-newyork.com\/#\/schema\/person\/e2f4dbf5b60fd9ac004d77b9e1b59559","name":"Ismet Rastoder","image":{"@type":"ImageObject","inLanguage":"en-US","@id":"https:\/\/radio-newyork.com\/#\/schema\/person\/image\/","url":"https:\/\/secure.gravatar.com\/avatar\/800e8dd1eac3e728e825b7d5c16c80b067c4a0557a2ce54986c89f6008f454bb?s=96&d=mm&r=g","contentUrl":"https:\/\/secure.gravatar.com\/avatar\/800e8dd1eac3e728e825b7d5c16c80b067c4a0557a2ce54986c89f6008f454bb?s=96&d=mm&r=g","caption":"Ismet Rastoder"},"description":"Ismet Rastoder je urednik i osniva\u010d portala Radio New York \u2014 medijskog prostora posve\u0107enog dijaspori, dru\u0161tvenoj istini i stvarnim \u017eivotnim pitanjima Balkana i Amerike. Poznat po direktnom stilu, hrabrim komentarima i beskompromisnoj borbi protiv nepravde, Rastoder donosi glas zajednice koja se \u010desto ne \u010duje, ali itekako postoji. Vi\u0161e od dvije decenije aktivan je u zajednici i medijima, gdje kroz analize, autorske kolumne i dru\u0161tveni anga\u017eman povezuje iskustvo \u017eivota u Americi sa realno\u0161\u0107u Balkana. Njegove pri\u010de otvaraju va\u017ene teme \u2014 od identiteta i politike, do kulture, dijaspore i dru\u0161tvenih transformacija. Prepoznat je kao glas dijaspore koji govori ono \u0161to mnogi misle, ali rijetko ko ka\u017ee.","sameAs":["http:\/\/radio-newyork.com"],"url":"https:\/\/radio-newyork.com\/?author=2"}]}},"_links":{"self":[{"href":"https:\/\/radio-newyork.com\/index.php?rest_route=\/wp\/v2\/posts\/3008","targetHints":{"allow":["GET"]}}],"collection":[{"href":"https:\/\/radio-newyork.com\/index.php?rest_route=\/wp\/v2\/posts"}],"about":[{"href":"https:\/\/radio-newyork.com\/index.php?rest_route=\/wp\/v2\/types\/post"}],"author":[{"embeddable":true,"href":"https:\/\/radio-newyork.com\/index.php?rest_route=\/wp\/v2\/users\/2"}],"replies":[{"embeddable":true,"href":"https:\/\/radio-newyork.com\/index.php?rest_route=%2Fwp%2Fv2%2Fcomments&post=3008"}],"version-history":[{"count":1,"href":"https:\/\/radio-newyork.com\/index.php?rest_route=\/wp\/v2\/posts\/3008\/revisions"}],"predecessor-version":[{"id":3010,"href":"https:\/\/radio-newyork.com\/index.php?rest_route=\/wp\/v2\/posts\/3008\/revisions\/3010"}],"wp:featuredmedia":[{"embeddable":true,"href":"https:\/\/radio-newyork.com\/index.php?rest_route=\/wp\/v2\/media\/3009"}],"wp:attachment":[{"href":"https:\/\/radio-newyork.com\/index.php?rest_route=%2Fwp%2Fv2%2Fmedia&parent=3008"}],"wp:term":[{"taxonomy":"category","embeddable":true,"href":"https:\/\/radio-newyork.com\/index.php?rest_route=%2Fwp%2Fv2%2Fcategories&post=3008"},{"taxonomy":"post_tag","embeddable":true,"href":"https:\/\/radio-newyork.com\/index.php?rest_route=%2Fwp%2Fv2%2Ftags&post=3008"}],"curies":[{"name":"wp","href":"https:\/\/api.w.org\/{rel}","templated":true}]}}