{"id":3005,"date":"2025-12-31T22:21:51","date_gmt":"2025-12-31T22:21:51","guid":{"rendered":"https:\/\/radio-newyork.com\/?p=3005"},"modified":"2025-12-31T22:21:55","modified_gmt":"2025-12-31T22:21:55","slug":"izmedu-autoriteta-i-partijskih-interesa-slucaj-mirsad-nurkovic","status":"publish","type":"post","link":"https:\/\/radio-newyork.com\/?p=3005","title":{"rendered":"Izme\u0111u autoriteta i partijskih interesa: slu\u010daj Mirsad Nurkovi\u0107"},"content":{"rendered":"\n<figure class=\"wp-block-image size-full\"><img loading=\"lazy\" decoding=\"async\" width=\"691\" height=\"415\" src=\"https:\/\/radio-newyork.com\/wp-content\/uploads\/2025\/12\/Screenshot-2025-12-31-at-5.10.12-PM.png\" alt=\"\" class=\"wp-image-3006\" srcset=\"https:\/\/radio-newyork.com\/wp-content\/uploads\/2025\/12\/Screenshot-2025-12-31-at-5.10.12-PM.png 691w, https:\/\/radio-newyork.com\/wp-content\/uploads\/2025\/12\/Screenshot-2025-12-31-at-5.10.12-PM-300x180.png 300w\" sizes=\"auto, (max-width: 691px) 100vw, 691px\" \/><\/figure>\n\n\n\n<p>Politi\u010dke partije u Crnoj Gori, bez obzira na ideolo\u0161ki predznak, \u010desto dijele istu sudbinu: u trenutku kada pojedinac izraste iznad prosjeka, po\u010dinje tiha borba za njegovo disciplinovanje ili uklanjanje.<\/p>\n\n\n\n<p>Prema tvrdnjama koje se sve \u010de\u0161\u0107e mogu \u010duti, ovaj obrazac danas je prepoznatljiv i unutar Bo\u0161nja\u010dke stranke (BS), gdje se sve \u010de\u0161\u0107e pominje ime Mirsada Nurkovi\u0107a, potpredsjednika Skup\u0161tine Crne Gore i predsjednika Op\u0161tinskog odbora BS Ro\u017eaje.<\/p>\n\n\n\n<h3 class=\"wp-block-heading\">Biografija kao prednost \u2013 ili problem?<\/h3>\n\n\n\n<p>Nurkovi\u0107 va\u017ei za jednog od rijetkih funkcionera u Bo\u0161nja\u010dkoj stranci koji u politiku nije u\u0161ao bez biografije. Ekonomista po struci, sa vi\u0161e od dvije decenije radnog iskustva u realnom i javnom sektoru, biv\u0161i direktor banke, savjetnik potpredsjednika Vlade i rukovodilac dr\u017eavnih institucija, stekao je \u0161irok uvid u politi\u010dke procese i institucionalno funkcionisanje dr\u017eave.<\/p>\n\n\n\n<p>Upravo ta vrsta politi\u010dke samosvijesti \u010desto postaje problem u partijama koje se sve vi\u0161e oslanjaju na lojalnost, a sve manje na kompetenciju.<\/p>\n\n\n\n<h3 class=\"wp-block-heading\">\u201e\u0160apta\u010dka kampanja\u201c i unutra\u0161nji sukobi<\/h3>\n\n\n\n<p>Prema navodima iz strana\u010dkih krugova, ve\u0107 neko vrijeme unutar BS vodi se svojevrsna \u201e\u0161apta\u010dka kampanja\u201c usmjerena na diskreditaciju Nurkovi\u0107evog autoriteta, znanja i uticaja. Takve kampanje rijetko su ideolo\u0161ke \u2014 one su prije svega interesne.<\/p>\n\n\n\n<p>Sociolo\u0161ki gledano, rije\u010d je o klasi\u010dnom sukobu izme\u0111u <strong>meritokratskog<\/strong> i <strong>klijentelisti\u010dkog<\/strong> modela funkcionisanja unutar partije.<\/p>\n\n\n\n<h3 class=\"wp-block-heading\">Ro\u017eaje kao politi\u010dko sredi\u0161te<\/h3>\n\n\n\n<p>Mirsad Nurkovi\u0107 poti\u010de iz ugledne i po\u0161tene porodice koja je Ro\u017eajama dala niz intelektualaca i aktera dru\u0161tveno-politi\u010dkog \u017eivota. Od trenutka njegovog aktivnijeg anga\u017emana u Bo\u0161nja\u010dkoj stranci, a posebno nakon stupanja na visoku parlamentarnu funkciju, njegova popularnost me\u0111u gra\u0111anima Ro\u017eaja bilje\u017ei konstantan rast.<\/p>\n\n\n\n<p>Njegove skup\u0161tinske diskusije, naro\u010dito u odborima za ekonomiju, finansije i bud\u017eet, u javnosti su prepoznate kao argumentovane, sadr\u017eajne i oslobo\u0111ene populizma \u2014 \u0161to je rijetkost u savremenom politi\u010dkom diskursu.<\/p>\n\n\n\n<p>I upravo tu nastaje problem.<\/p>\n\n\n\n<p>Pozitivna li\u010dna percepcija, obrazovanje i iskustvo, umjesto da budu kapital stranke, postaju prijetnja partijskim strukturama koje su do funkcija do\u0161le bez jasnog profesionalnog ili dru\u0161tvenog legitimiteta. U takvom ambijentu, kako tvrde upu\u0107eni, Nurkovi\u0107 se sve \u010de\u0161\u0107e marginalizuje \u010dak i na protokolarnim doga\u0111ajima stranke \u2014 \u0161to je simboli\u010dna, ali vrlo jasna poruka.<\/p>\n\n\n\n<h3 class=\"wp-block-heading\">Kontrola terena i strah od rezultata<\/h3>\n\n\n\n<p>Posebnu te\u017einu ovom slu\u010daju daje \u010dinjenica da je Nurkovi\u0107 predsjednik Op\u0161tinskog odbora BS Ro\u017eaje, koji se smatra najja\u010dim odborom u dr\u017eavi i okosnicom ukupne baze Bo\u0161nja\u010dke stranke.<\/p>\n\n\n\n<p>Kontrola Ro\u017eaja, u politi\u010dkom smislu, zna\u010di kontrolu terena, \u010dlanstva i izborne ma\u0161inerije. Otuda ne \u010dudi \u0161to se kao mogu\u0107i uzroci stigmatizacije pominju dvije klju\u010dne ta\u010dke:<br>\u2013 novi mandat na \u010delu op\u0161tinskog odbora<br>\u2013 potencijalna kandidatura za predsjednika Op\u0161tine Ro\u017eaje<\/p>\n\n\n\n<h3 class=\"wp-block-heading\">Pitanje koje prevazilazi jedno ime<\/h3>\n\n\n\n<p>U sociolo\u0161kom smislu, slu\u010daj Mirsada Nurkovi\u0107a prevazilazi li\u010dni ili lokalni okvir. On otvara klju\u010dno pitanje:<br><strong>da li politi\u010dke partije u Crnoj Gori \u017eele sna\u017ene, autonomne i obrazovane kadrove \u2014 ili poslu\u0161ne izvr\u0161ioce tu\u0111ih interesa?<\/strong><\/p>\n\n\n\n<p>Ako se potvrdi da se autoritet i znanje sistematski potiskuju zarad uskih partijskih krugova, onda problem nije u Nurkovi\u0107u.<br>Problem je u stranci \u2014 i u modelu njenog funkcionisanja.<\/p>\n\n\n\n<h3 class=\"wp-block-heading\">Zaklju\u010dak<\/h3>\n\n\n\n<p>Na kraju, ostaje pitanje koje prevazilazi jednu partiju i jedno ime:<br>da li \u0107e politi\u010dki sistem nastaviti da proizvodi \u201epotro\u0161ne kadrove\u201c ili \u0107e dozvoliti da se afirmi\u0161u oni \u010diji legitimitet dolazi iz rada, znanja i povjerenja gra\u0111ana.<\/p>\n\n\n\n<p>Od odgovora na to pitanje ne zavisi samo sudbina Mirsada Nurkovi\u0107a, ve\u0107 i politi\u010dka zrelost sredine u kojoj djeluje.<\/p>\n\n\n\n<p><\/p>\n","protected":false},"excerpt":{"rendered":"<p>Politi\u010dke partije u Crnoj Gori, bez obzira na ideolo\u0161ki predznak, \u010desto dijele istu sudbinu: u trenutku kada pojedinac izraste iznad prosjeka, po\u010dinje tiha borba za njegovo disciplinovanje ili uklanjanje. Prema tvrdnjama koje se sve \u010de\u0161\u0107e mogu \u010duti, ovaj obrazac danas je prepoznatljiv i unutar Bo\u0161nja\u010dke stranke (BS), gdje se sve \u010de\u0161\u0107e pominje ime Mirsada Nurkovi\u0107a, [&hellip;]<\/p>\n","protected":false},"author":2,"featured_media":3006,"comment_status":"open","ping_status":"open","sticky":false,"template":"","format":"standard","meta":{"footnotes":""},"categories":[1],"tags":[],"class_list":["post-3005","post","type-post","status-publish","format-standard","has-post-thumbnail","hentry","category-uncategorized"],"acf":[],"yoast_head":"<!-- This site is optimized with the Yoast SEO plugin v26.2 - https:\/\/yoast.com\/wordpress\/plugins\/seo\/ -->\n<title>Izme\u0111u autoriteta i partijskih interesa: slu\u010daj Mirsad Nurkovi\u0107 - Radio New York<\/title>\n<meta name=\"robots\" content=\"index, follow, max-snippet:-1, max-image-preview:large, max-video-preview:-1\" \/>\n<link rel=\"canonical\" href=\"https:\/\/radio-newyork.com\/?p=3005\" \/>\n<meta property=\"og:locale\" content=\"en_US\" \/>\n<meta property=\"og:type\" content=\"article\" \/>\n<meta property=\"og:title\" content=\"Izme\u0111u autoriteta i partijskih interesa: slu\u010daj Mirsad Nurkovi\u0107 - Radio New York\" \/>\n<meta property=\"og:description\" content=\"Politi\u010dke partije u Crnoj Gori, bez obzira na ideolo\u0161ki predznak, \u010desto dijele istu sudbinu: u trenutku kada pojedinac izraste iznad prosjeka, po\u010dinje tiha borba za njegovo disciplinovanje ili uklanjanje. Prema tvrdnjama koje se sve \u010de\u0161\u0107e mogu \u010duti, ovaj obrazac danas je prepoznatljiv i unutar Bo\u0161nja\u010dke stranke (BS), gdje se sve \u010de\u0161\u0107e pominje ime Mirsada Nurkovi\u0107a, [&hellip;]\" \/>\n<meta property=\"og:url\" content=\"https:\/\/radio-newyork.com\/?p=3005\" \/>\n<meta property=\"og:site_name\" content=\"Radio New York\" \/>\n<meta property=\"article:published_time\" content=\"2025-12-31T22:21:51+00:00\" \/>\n<meta property=\"article:modified_time\" content=\"2025-12-31T22:21:55+00:00\" \/>\n<meta property=\"og:image\" content=\"https:\/\/radio-newyork.com\/wp-content\/uploads\/2025\/12\/Screenshot-2025-12-31-at-5.10.12-PM.png\" \/>\n\t<meta property=\"og:image:width\" content=\"691\" \/>\n\t<meta property=\"og:image:height\" content=\"415\" \/>\n\t<meta property=\"og:image:type\" content=\"image\/png\" \/>\n<meta name=\"author\" content=\"Ismet Rastoder\" \/>\n<meta name=\"twitter:card\" content=\"summary_large_image\" \/>\n<meta name=\"twitter:label1\" content=\"Written by\" \/>\n\t<meta name=\"twitter:data1\" content=\"Ismet Rastoder\" \/>\n\t<meta name=\"twitter:label2\" content=\"Est. reading time\" \/>\n\t<meta name=\"twitter:data2\" content=\"3 minutes\" \/>\n<script type=\"application\/ld+json\" class=\"yoast-schema-graph\">{\"@context\":\"https:\/\/schema.org\",\"@graph\":[{\"@type\":\"Article\",\"@id\":\"https:\/\/radio-newyork.com\/?p=3005#article\",\"isPartOf\":{\"@id\":\"https:\/\/radio-newyork.com\/?p=3005\"},\"author\":{\"name\":\"Ismet Rastoder\",\"@id\":\"https:\/\/radio-newyork.com\/#\/schema\/person\/e2f4dbf5b60fd9ac004d77b9e1b59559\"},\"headline\":\"Izme\u0111u autoriteta i partijskih interesa: slu\u010daj Mirsad Nurkovi\u0107\",\"datePublished\":\"2025-12-31T22:21:51+00:00\",\"dateModified\":\"2025-12-31T22:21:55+00:00\",\"mainEntityOfPage\":{\"@id\":\"https:\/\/radio-newyork.com\/?p=3005\"},\"wordCount\":626,\"commentCount\":0,\"publisher\":{\"@id\":\"https:\/\/radio-newyork.com\/#organization\"},\"image\":{\"@id\":\"https:\/\/radio-newyork.com\/?p=3005#primaryimage\"},\"thumbnailUrl\":\"https:\/\/radio-newyork.com\/wp-content\/uploads\/2025\/12\/Screenshot-2025-12-31-at-5.10.12-PM.png\",\"inLanguage\":\"en-US\",\"potentialAction\":[{\"@type\":\"CommentAction\",\"name\":\"Comment\",\"target\":[\"https:\/\/radio-newyork.com\/?p=3005#respond\"]}]},{\"@type\":\"WebPage\",\"@id\":\"https:\/\/radio-newyork.com\/?p=3005\",\"url\":\"https:\/\/radio-newyork.com\/?p=3005\",\"name\":\"Izme\u0111u autoriteta i partijskih interesa: slu\u010daj Mirsad Nurkovi\u0107 - Radio New York\",\"isPartOf\":{\"@id\":\"https:\/\/radio-newyork.com\/#website\"},\"primaryImageOfPage\":{\"@id\":\"https:\/\/radio-newyork.com\/?p=3005#primaryimage\"},\"image\":{\"@id\":\"https:\/\/radio-newyork.com\/?p=3005#primaryimage\"},\"thumbnailUrl\":\"https:\/\/radio-newyork.com\/wp-content\/uploads\/2025\/12\/Screenshot-2025-12-31-at-5.10.12-PM.png\",\"datePublished\":\"2025-12-31T22:21:51+00:00\",\"dateModified\":\"2025-12-31T22:21:55+00:00\",\"breadcrumb\":{\"@id\":\"https:\/\/radio-newyork.com\/?p=3005#breadcrumb\"},\"inLanguage\":\"en-US\",\"potentialAction\":[{\"@type\":\"ReadAction\",\"target\":[\"https:\/\/radio-newyork.com\/?p=3005\"]}]},{\"@type\":\"ImageObject\",\"inLanguage\":\"en-US\",\"@id\":\"https:\/\/radio-newyork.com\/?p=3005#primaryimage\",\"url\":\"https:\/\/radio-newyork.com\/wp-content\/uploads\/2025\/12\/Screenshot-2025-12-31-at-5.10.12-PM.png\",\"contentUrl\":\"https:\/\/radio-newyork.com\/wp-content\/uploads\/2025\/12\/Screenshot-2025-12-31-at-5.10.12-PM.png\",\"width\":691,\"height\":415},{\"@type\":\"BreadcrumbList\",\"@id\":\"https:\/\/radio-newyork.com\/?p=3005#breadcrumb\",\"itemListElement\":[{\"@type\":\"ListItem\",\"position\":1,\"name\":\"Home\",\"item\":\"https:\/\/radio-newyork.com\/\"},{\"@type\":\"ListItem\",\"position\":2,\"name\":\"Izme\u0111u autoriteta i partijskih interesa: slu\u010daj Mirsad Nurkovi\u0107\"}]},{\"@type\":\"WebSite\",\"@id\":\"https:\/\/radio-newyork.com\/#website\",\"url\":\"https:\/\/radio-newyork.com\/\",\"name\":\"Radio New York\",\"description\":\"Radio New York \u2014 Most Amerike i domovine\",\"publisher\":{\"@id\":\"https:\/\/radio-newyork.com\/#organization\"},\"potentialAction\":[{\"@type\":\"SearchAction\",\"target\":{\"@type\":\"EntryPoint\",\"urlTemplate\":\"https:\/\/radio-newyork.com\/?s={search_term_string}\"},\"query-input\":{\"@type\":\"PropertyValueSpecification\",\"valueRequired\":true,\"valueName\":\"search_term_string\"}}],\"inLanguage\":\"en-US\"},{\"@type\":\"Organization\",\"@id\":\"https:\/\/radio-newyork.com\/#organization\",\"name\":\"Radio New York\",\"url\":\"https:\/\/radio-newyork.com\/\",\"logo\":{\"@type\":\"ImageObject\",\"inLanguage\":\"en-US\",\"@id\":\"https:\/\/radio-newyork.com\/#\/schema\/logo\/image\/\",\"url\":\"https:\/\/radio-newyork.com\/wp-content\/uploads\/2021\/12\/262517255_4571047313011643_1786418142376364479_n.jpg\",\"contentUrl\":\"https:\/\/radio-newyork.com\/wp-content\/uploads\/2021\/12\/262517255_4571047313011643_1786418142376364479_n.jpg\",\"width\":212,\"height\":210,\"caption\":\"Radio New York\"},\"image\":{\"@id\":\"https:\/\/radio-newyork.com\/#\/schema\/logo\/image\/\"}},{\"@type\":\"Person\",\"@id\":\"https:\/\/radio-newyork.com\/#\/schema\/person\/e2f4dbf5b60fd9ac004d77b9e1b59559\",\"name\":\"Ismet Rastoder\",\"image\":{\"@type\":\"ImageObject\",\"inLanguage\":\"en-US\",\"@id\":\"https:\/\/radio-newyork.com\/#\/schema\/person\/image\/\",\"url\":\"https:\/\/secure.gravatar.com\/avatar\/800e8dd1eac3e728e825b7d5c16c80b067c4a0557a2ce54986c89f6008f454bb?s=96&d=mm&r=g\",\"contentUrl\":\"https:\/\/secure.gravatar.com\/avatar\/800e8dd1eac3e728e825b7d5c16c80b067c4a0557a2ce54986c89f6008f454bb?s=96&d=mm&r=g\",\"caption\":\"Ismet Rastoder\"},\"description\":\"Ismet Rastoder je urednik i osniva\u010d portala Radio New York \u2014 medijskog prostora posve\u0107enog dijaspori, dru\u0161tvenoj istini i stvarnim \u017eivotnim pitanjima Balkana i Amerike. Poznat po direktnom stilu, hrabrim komentarima i beskompromisnoj borbi protiv nepravde, Rastoder donosi glas zajednice koja se \u010desto ne \u010duje, ali itekako postoji. Vi\u0161e od dvije decenije aktivan je u zajednici i medijima, gdje kroz analize, autorske kolumne i dru\u0161tveni anga\u017eman povezuje iskustvo \u017eivota u Americi sa realno\u0161\u0107u Balkana. Njegove pri\u010de otvaraju va\u017ene teme \u2014 od identiteta i politike, do kulture, dijaspore i dru\u0161tvenih transformacija. Prepoznat je kao glas dijaspore koji govori ono \u0161to mnogi misle, ali rijetko ko ka\u017ee.\",\"sameAs\":[\"http:\/\/radio-newyork.com\"],\"url\":\"https:\/\/radio-newyork.com\/?author=2\"}]}<\/script>\n<!-- \/ Yoast SEO plugin. -->","yoast_head_json":{"title":"Izme\u0111u autoriteta i partijskih interesa: slu\u010daj Mirsad Nurkovi\u0107 - Radio New York","robots":{"index":"index","follow":"follow","max-snippet":"max-snippet:-1","max-image-preview":"max-image-preview:large","max-video-preview":"max-video-preview:-1"},"canonical":"https:\/\/radio-newyork.com\/?p=3005","og_locale":"en_US","og_type":"article","og_title":"Izme\u0111u autoriteta i partijskih interesa: slu\u010daj Mirsad Nurkovi\u0107 - Radio New York","og_description":"Politi\u010dke partije u Crnoj Gori, bez obzira na ideolo\u0161ki predznak, \u010desto dijele istu sudbinu: u trenutku kada pojedinac izraste iznad prosjeka, po\u010dinje tiha borba za njegovo disciplinovanje ili uklanjanje. Prema tvrdnjama koje se sve \u010de\u0161\u0107e mogu \u010duti, ovaj obrazac danas je prepoznatljiv i unutar Bo\u0161nja\u010dke stranke (BS), gdje se sve \u010de\u0161\u0107e pominje ime Mirsada Nurkovi\u0107a, [&hellip;]","og_url":"https:\/\/radio-newyork.com\/?p=3005","og_site_name":"Radio New York","article_published_time":"2025-12-31T22:21:51+00:00","article_modified_time":"2025-12-31T22:21:55+00:00","og_image":[{"width":691,"height":415,"url":"https:\/\/radio-newyork.com\/wp-content\/uploads\/2025\/12\/Screenshot-2025-12-31-at-5.10.12-PM.png","type":"image\/png"}],"author":"Ismet Rastoder","twitter_card":"summary_large_image","twitter_misc":{"Written by":"Ismet Rastoder","Est. reading time":"3 minutes"},"schema":{"@context":"https:\/\/schema.org","@graph":[{"@type":"Article","@id":"https:\/\/radio-newyork.com\/?p=3005#article","isPartOf":{"@id":"https:\/\/radio-newyork.com\/?p=3005"},"author":{"name":"Ismet Rastoder","@id":"https:\/\/radio-newyork.com\/#\/schema\/person\/e2f4dbf5b60fd9ac004d77b9e1b59559"},"headline":"Izme\u0111u autoriteta i partijskih interesa: slu\u010daj Mirsad Nurkovi\u0107","datePublished":"2025-12-31T22:21:51+00:00","dateModified":"2025-12-31T22:21:55+00:00","mainEntityOfPage":{"@id":"https:\/\/radio-newyork.com\/?p=3005"},"wordCount":626,"commentCount":0,"publisher":{"@id":"https:\/\/radio-newyork.com\/#organization"},"image":{"@id":"https:\/\/radio-newyork.com\/?p=3005#primaryimage"},"thumbnailUrl":"https:\/\/radio-newyork.com\/wp-content\/uploads\/2025\/12\/Screenshot-2025-12-31-at-5.10.12-PM.png","inLanguage":"en-US","potentialAction":[{"@type":"CommentAction","name":"Comment","target":["https:\/\/radio-newyork.com\/?p=3005#respond"]}]},{"@type":"WebPage","@id":"https:\/\/radio-newyork.com\/?p=3005","url":"https:\/\/radio-newyork.com\/?p=3005","name":"Izme\u0111u autoriteta i partijskih interesa: slu\u010daj Mirsad Nurkovi\u0107 - Radio New York","isPartOf":{"@id":"https:\/\/radio-newyork.com\/#website"},"primaryImageOfPage":{"@id":"https:\/\/radio-newyork.com\/?p=3005#primaryimage"},"image":{"@id":"https:\/\/radio-newyork.com\/?p=3005#primaryimage"},"thumbnailUrl":"https:\/\/radio-newyork.com\/wp-content\/uploads\/2025\/12\/Screenshot-2025-12-31-at-5.10.12-PM.png","datePublished":"2025-12-31T22:21:51+00:00","dateModified":"2025-12-31T22:21:55+00:00","breadcrumb":{"@id":"https:\/\/radio-newyork.com\/?p=3005#breadcrumb"},"inLanguage":"en-US","potentialAction":[{"@type":"ReadAction","target":["https:\/\/radio-newyork.com\/?p=3005"]}]},{"@type":"ImageObject","inLanguage":"en-US","@id":"https:\/\/radio-newyork.com\/?p=3005#primaryimage","url":"https:\/\/radio-newyork.com\/wp-content\/uploads\/2025\/12\/Screenshot-2025-12-31-at-5.10.12-PM.png","contentUrl":"https:\/\/radio-newyork.com\/wp-content\/uploads\/2025\/12\/Screenshot-2025-12-31-at-5.10.12-PM.png","width":691,"height":415},{"@type":"BreadcrumbList","@id":"https:\/\/radio-newyork.com\/?p=3005#breadcrumb","itemListElement":[{"@type":"ListItem","position":1,"name":"Home","item":"https:\/\/radio-newyork.com\/"},{"@type":"ListItem","position":2,"name":"Izme\u0111u autoriteta i partijskih interesa: slu\u010daj Mirsad Nurkovi\u0107"}]},{"@type":"WebSite","@id":"https:\/\/radio-newyork.com\/#website","url":"https:\/\/radio-newyork.com\/","name":"Radio New York","description":"Radio New York \u2014 Most Amerike i domovine","publisher":{"@id":"https:\/\/radio-newyork.com\/#organization"},"potentialAction":[{"@type":"SearchAction","target":{"@type":"EntryPoint","urlTemplate":"https:\/\/radio-newyork.com\/?s={search_term_string}"},"query-input":{"@type":"PropertyValueSpecification","valueRequired":true,"valueName":"search_term_string"}}],"inLanguage":"en-US"},{"@type":"Organization","@id":"https:\/\/radio-newyork.com\/#organization","name":"Radio New York","url":"https:\/\/radio-newyork.com\/","logo":{"@type":"ImageObject","inLanguage":"en-US","@id":"https:\/\/radio-newyork.com\/#\/schema\/logo\/image\/","url":"https:\/\/radio-newyork.com\/wp-content\/uploads\/2021\/12\/262517255_4571047313011643_1786418142376364479_n.jpg","contentUrl":"https:\/\/radio-newyork.com\/wp-content\/uploads\/2021\/12\/262517255_4571047313011643_1786418142376364479_n.jpg","width":212,"height":210,"caption":"Radio New York"},"image":{"@id":"https:\/\/radio-newyork.com\/#\/schema\/logo\/image\/"}},{"@type":"Person","@id":"https:\/\/radio-newyork.com\/#\/schema\/person\/e2f4dbf5b60fd9ac004d77b9e1b59559","name":"Ismet Rastoder","image":{"@type":"ImageObject","inLanguage":"en-US","@id":"https:\/\/radio-newyork.com\/#\/schema\/person\/image\/","url":"https:\/\/secure.gravatar.com\/avatar\/800e8dd1eac3e728e825b7d5c16c80b067c4a0557a2ce54986c89f6008f454bb?s=96&d=mm&r=g","contentUrl":"https:\/\/secure.gravatar.com\/avatar\/800e8dd1eac3e728e825b7d5c16c80b067c4a0557a2ce54986c89f6008f454bb?s=96&d=mm&r=g","caption":"Ismet Rastoder"},"description":"Ismet Rastoder je urednik i osniva\u010d portala Radio New York \u2014 medijskog prostora posve\u0107enog dijaspori, dru\u0161tvenoj istini i stvarnim \u017eivotnim pitanjima Balkana i Amerike. Poznat po direktnom stilu, hrabrim komentarima i beskompromisnoj borbi protiv nepravde, Rastoder donosi glas zajednice koja se \u010desto ne \u010duje, ali itekako postoji. Vi\u0161e od dvije decenije aktivan je u zajednici i medijima, gdje kroz analize, autorske kolumne i dru\u0161tveni anga\u017eman povezuje iskustvo \u017eivota u Americi sa realno\u0161\u0107u Balkana. Njegove pri\u010de otvaraju va\u017ene teme \u2014 od identiteta i politike, do kulture, dijaspore i dru\u0161tvenih transformacija. Prepoznat je kao glas dijaspore koji govori ono \u0161to mnogi misle, ali rijetko ko ka\u017ee.","sameAs":["http:\/\/radio-newyork.com"],"url":"https:\/\/radio-newyork.com\/?author=2"}]}},"_links":{"self":[{"href":"https:\/\/radio-newyork.com\/index.php?rest_route=\/wp\/v2\/posts\/3005","targetHints":{"allow":["GET"]}}],"collection":[{"href":"https:\/\/radio-newyork.com\/index.php?rest_route=\/wp\/v2\/posts"}],"about":[{"href":"https:\/\/radio-newyork.com\/index.php?rest_route=\/wp\/v2\/types\/post"}],"author":[{"embeddable":true,"href":"https:\/\/radio-newyork.com\/index.php?rest_route=\/wp\/v2\/users\/2"}],"replies":[{"embeddable":true,"href":"https:\/\/radio-newyork.com\/index.php?rest_route=%2Fwp%2Fv2%2Fcomments&post=3005"}],"version-history":[{"count":1,"href":"https:\/\/radio-newyork.com\/index.php?rest_route=\/wp\/v2\/posts\/3005\/revisions"}],"predecessor-version":[{"id":3007,"href":"https:\/\/radio-newyork.com\/index.php?rest_route=\/wp\/v2\/posts\/3005\/revisions\/3007"}],"wp:featuredmedia":[{"embeddable":true,"href":"https:\/\/radio-newyork.com\/index.php?rest_route=\/wp\/v2\/media\/3006"}],"wp:attachment":[{"href":"https:\/\/radio-newyork.com\/index.php?rest_route=%2Fwp%2Fv2%2Fmedia&parent=3005"}],"wp:term":[{"taxonomy":"category","embeddable":true,"href":"https:\/\/radio-newyork.com\/index.php?rest_route=%2Fwp%2Fv2%2Fcategories&post=3005"},{"taxonomy":"post_tag","embeddable":true,"href":"https:\/\/radio-newyork.com\/index.php?rest_route=%2Fwp%2Fv2%2Ftags&post=3005"}],"curies":[{"name":"wp","href":"https:\/\/api.w.org\/{rel}","templated":true}]}}