{"id":2998,"date":"2025-12-31T21:54:57","date_gmt":"2025-12-31T21:54:57","guid":{"rendered":"https:\/\/radio-newyork.com\/?p=2998"},"modified":"2025-12-31T21:54:58","modified_gmt":"2025-12-31T21:54:58","slug":"popravka-puta-od-vojnog-sela-do-gusinja-dosla-na-red-nakon-osam-godina-cekanja","status":"publish","type":"post","link":"https:\/\/radio-newyork.com\/?p=2998","title":{"rendered":"Popravka puta od Vojnog sela do Gusinja do\u0161la na red nakon osam godina \u010dekanja"},"content":{"rendered":"\n<p>Ministarstvo javnih radova raspisalo je tender za izvo\u0111enje radova na rekonstrukciji puta koji od Kru\u0161eva, preko Vojnog Sela, vodi do Gusinja.<\/p>\n\n\n\n<figure class=\"wp-block-image size-large\"><img loading=\"lazy\" decoding=\"async\" width=\"1024\" height=\"768\" src=\"https:\/\/radio-newyork.com\/wp-content\/uploads\/2025\/12\/2047220-1024x768.jpg\" alt=\"\" class=\"wp-image-2999\" srcset=\"https:\/\/radio-newyork.com\/wp-content\/uploads\/2025\/12\/2047220-1024x768.jpg 1024w, https:\/\/radio-newyork.com\/wp-content\/uploads\/2025\/12\/2047220-300x225.jpg 300w, https:\/\/radio-newyork.com\/wp-content\/uploads\/2025\/12\/2047220-768x576.jpg 768w, https:\/\/radio-newyork.com\/wp-content\/uploads\/2025\/12\/2047220-1536x1152.jpg 1536w, https:\/\/radio-newyork.com\/wp-content\/uploads\/2025\/12\/2047220.jpg 1600w\" sizes=\"auto, (max-width: 1024px) 100vw, 1024px\" \/><\/figure>\n\n\n\n<p>Ovaj infrastrukturni projekat ima za cilj unapre\u0111enje postoje\u0107eg putnog pravca kroz rekonstrukciju saobra\u0107ajnice, \u010dime \u0107e se zna\u010dajno pobolj\u0161ati bezbjednost i kvalitet saobra\u0107aja \u2013 saop\u0161tili su iz Ministarstva javnih radova i naglasili da i preko ovog projekta ukazuju da nastavljaju sa strate\u0161kim ulaganjima u razvoj i modernizaciju putne infrastrukture \u0161irom Crne Gore, &#8220;u cilju ravnomjernog regionalnog razvoja, ja\u010danja saobra\u0107ajne povezanosti i unapre\u0111enja kvaliteta \u017eivota gra\u0111ana&#8221;.<\/p>\n\n\n\n<p>Raspisivanje tendera uslijedilo je nakon osam godina od kako je zapo\u010deta rekonstrukcija puta koji, u du\u017eini od desetak kilometara, od Plava, preko Vojnog Sela, vodi do Gusinja. Radi se o projektu \u010dija je realizacija prvobitnim planom predvi\u0111ala izdvajanja od preko \u010detiri miliona eura. Do sada je zavr\u0161ena izgradnja prve dionice puta od Plava do Vojnog Sela, dok je svih minulih godina isticano da rekonstrukcija preostalog dijela puta, koji preko Kru\u0161eva vodi do Gusinja, \u010deka da se stvore neophodni preduslovi.<\/p>\n\n\n\n<p>Mje\u0161tani isti\u010du da se put od Vojnog Sela do Gusinja nalazi u izuzetno lo\u0161em stanju, uz konstataciju da je dobro \u0161to je njegova sanacija kona\u010dno do\u0161la na red.<\/p>\n\n\n\n<p>Godinama smo ukazivali da se put koji od Gusinja ka Plavu prolazi kroz Kru\u0161evo nalazi u katastrofalnom stanju. Radili smo to, jer je davno obe\u0107ano da \u0107e se u okviru modernizacije puta Plav\u2013Gusinje, preko Vojnog Sela, i ova dionica puta dovesti u red. Me\u0111utim, ura\u0111ena je samo prva faza rekonstrukcije puta, dok je druga faza, koja podrazumijeva sanaciju saobra\u0107ajnice od Gusinja do Vojnog Sela, dugo \u010dekala na red iz nama nepoznatih razloga. Zbog ovakvog puta mje\u0161tani su se suo\u010davali sa ozbiljnim problemima. Zato je bilo krajnje vrijeme da nadle\u017eni shvate da se mora pristupiti modernizaciji ove saobra\u0107ajnice \u2013 navode mje\u0161tani.<\/p>\n\n\n\n<p>O\u010dekuju da \u0107e najavljeni radovi biti zavr\u0161eni u predvi\u0111enim rokovima. Kazali su da je saobr\u0107ajnica koja prolazi kroz njihovo selo poplo\u010dana udarnim rupama i dubokim kraterima i da je potpuno neuslovna za normalno odvijanje saobra\u0107aja.<\/p>\n\n\n\n<p>Iz Op\u0161tine Gusinje ka\u017eu da su svih ovih godina nastojali da se do\u0111e do najboljeg rje\u0161enja za po\u010detak rekonstrukcije dijela puta od Plava preko Kru\u0161eva i Vojnog Sela.<\/p>\n\n\n\n<p>\u2013 Problem je bio \u0161to je prvobitni projekat rekonstrukcije puta od Vojnog Sela do Gusinja bio star 16 godina. Taj projekat je, pored izgradnje saobra\u0107ajnice sa dvije trake, predvi\u0111ao i izgradnju pje\u0161a\u010dke i biciklisti\u010dke staze. Za tako ne\u0161to bilo je potrebno izvr\u0161iti eksproprijaciju zemlji\u0161ta. Me\u0111utim, novac za tako ne\u0161to nije obezbije\u0111en, \u0161to je i osporavalo po\u010detak radova na ovoj dionici. Poslije svega, mi smo odlu\u010dili da finansiramo izradu novog projekta koji \u0107e predvi\u0111ati samo izgradnju dvije kolovozne trake, \u0161to ne zahtijeva eksproprijaciju zemlji\u0161ta. Time su se stvorili uslovi da se nastavi sa daljom rekonstukcijom puta ka Gusinju \u2013 pojasnili su iz lokalne uprave.<\/p>\n\n\n\n<p>Turisti najvi\u0161e primjedbi imaju na lo\u0161e saobra\u0107ajnice<\/p>\n\n\n\n<p>Mje\u0161tani Kru\u0161eva smatraju da bi nadle\u017ene institucije morale vi\u0161e da ula\u017eu u modernizaciju putne infrastrukture na ovom podru\u010dju i da osmi\u0161ljavanjem dodatnih sadr\u017eaja valorizuju raspolo\u017eive potencijale. Podsje\u0107aju da turisti, koji u znatnoj mjeri obilaze masiv Prokletija, najvi\u0161e primjedbi imaju na lo\u0161e saobra\u0107ajnice.<\/p>\n\n\n\n<p>\u2013 Godinama instistiramo da dr\u017eava izdvoji vi\u0161e sredstava za popravku saobra\u0107ajnica na podru\u010dju Gusinja, ali to se nije de\u0161avalo. Ho\u0107emo da se nadamo da \u0107e se prestati sa takvom praksom, jer ovuda, izme\u0111u ostalog, prolaze i brojni turisti iz inostranstva, koji se, kad vide kakve puteve imamo, hvataju za glavu, pitaju\u0107i se da li je ovo mogu\u0107e. Ovdje dva automobila prosto ne mogu da se mimoi\u0111u. To nadle\u017ene institucije moraju da imaju u vidu \u2013 isti\u010du mje\u0161tani Kru\u0161eva.<\/p>\n\n\n\n<figure class=\"wp-block-image size-full\"><img loading=\"lazy\" decoding=\"async\" width=\"187\" height=\"140\" src=\"https:\/\/radio-newyork.com\/wp-content\/uploads\/2025\/12\/krusevo.jpg\" alt=\"\" class=\"wp-image-3000\"\/><\/figure>\n","protected":false},"excerpt":{"rendered":"<p>Ministarstvo javnih radova raspisalo je tender za izvo\u0111enje radova na rekonstrukciji puta koji od Kru\u0161eva, preko Vojnog Sela, vodi do Gusinja. Ovaj infrastrukturni projekat ima za cilj unapre\u0111enje postoje\u0107eg putnog pravca kroz rekonstrukciju saobra\u0107ajnice, \u010dime \u0107e se zna\u010dajno pobolj\u0161ati bezbjednost i kvalitet saobra\u0107aja \u2013 saop\u0161tili su iz Ministarstva javnih radova i naglasili da i preko [&hellip;]<\/p>\n","protected":false},"author":2,"featured_media":2999,"comment_status":"open","ping_status":"open","sticky":false,"template":"","format":"standard","meta":{"footnotes":""},"categories":[1],"tags":[],"class_list":["post-2998","post","type-post","status-publish","format-standard","has-post-thumbnail","hentry","category-uncategorized"],"acf":[],"yoast_head":"<!-- This site is optimized with the Yoast SEO plugin v26.2 - https:\/\/yoast.com\/wordpress\/plugins\/seo\/ -->\n<title>Popravka puta od Vojnog sela do Gusinja do\u0161la na red nakon osam godina \u010dekanja - Radio New York<\/title>\n<meta name=\"robots\" content=\"index, follow, max-snippet:-1, max-image-preview:large, max-video-preview:-1\" \/>\n<link rel=\"canonical\" href=\"https:\/\/radio-newyork.com\/?p=2998\" \/>\n<meta property=\"og:locale\" content=\"en_US\" \/>\n<meta property=\"og:type\" content=\"article\" \/>\n<meta property=\"og:title\" content=\"Popravka puta od Vojnog sela do Gusinja do\u0161la na red nakon osam godina \u010dekanja - Radio New York\" \/>\n<meta property=\"og:description\" content=\"Ministarstvo javnih radova raspisalo je tender za izvo\u0111enje radova na rekonstrukciji puta koji od Kru\u0161eva, preko Vojnog Sela, vodi do Gusinja. Ovaj infrastrukturni projekat ima za cilj unapre\u0111enje postoje\u0107eg putnog pravca kroz rekonstrukciju saobra\u0107ajnice, \u010dime \u0107e se zna\u010dajno pobolj\u0161ati bezbjednost i kvalitet saobra\u0107aja \u2013 saop\u0161tili su iz Ministarstva javnih radova i naglasili da i preko [&hellip;]\" \/>\n<meta property=\"og:url\" content=\"https:\/\/radio-newyork.com\/?p=2998\" \/>\n<meta property=\"og:site_name\" content=\"Radio New York\" \/>\n<meta property=\"article:published_time\" content=\"2025-12-31T21:54:57+00:00\" \/>\n<meta property=\"article:modified_time\" content=\"2025-12-31T21:54:58+00:00\" \/>\n<meta property=\"og:image\" content=\"https:\/\/radio-newyork.com\/wp-content\/uploads\/2025\/12\/2047220.jpg\" \/>\n\t<meta property=\"og:image:width\" content=\"1600\" \/>\n\t<meta property=\"og:image:height\" content=\"1200\" \/>\n\t<meta property=\"og:image:type\" content=\"image\/jpeg\" \/>\n<meta name=\"author\" content=\"Ismet Rastoder\" \/>\n<meta name=\"twitter:card\" content=\"summary_large_image\" \/>\n<meta name=\"twitter:label1\" content=\"Written by\" \/>\n\t<meta name=\"twitter:data1\" content=\"Ismet Rastoder\" \/>\n\t<meta name=\"twitter:label2\" content=\"Est. reading time\" \/>\n\t<meta name=\"twitter:data2\" content=\"4 minutes\" \/>\n<script type=\"application\/ld+json\" class=\"yoast-schema-graph\">{\"@context\":\"https:\/\/schema.org\",\"@graph\":[{\"@type\":\"Article\",\"@id\":\"https:\/\/radio-newyork.com\/?p=2998#article\",\"isPartOf\":{\"@id\":\"https:\/\/radio-newyork.com\/?p=2998\"},\"author\":{\"name\":\"Ismet Rastoder\",\"@id\":\"https:\/\/radio-newyork.com\/#\/schema\/person\/e2f4dbf5b60fd9ac004d77b9e1b59559\"},\"headline\":\"Popravka puta od Vojnog sela do Gusinja do\u0161la na red nakon osam godina \u010dekanja\",\"datePublished\":\"2025-12-31T21:54:57+00:00\",\"dateModified\":\"2025-12-31T21:54:58+00:00\",\"mainEntityOfPage\":{\"@id\":\"https:\/\/radio-newyork.com\/?p=2998\"},\"wordCount\":685,\"commentCount\":0,\"publisher\":{\"@id\":\"https:\/\/radio-newyork.com\/#organization\"},\"image\":{\"@id\":\"https:\/\/radio-newyork.com\/?p=2998#primaryimage\"},\"thumbnailUrl\":\"https:\/\/radio-newyork.com\/wp-content\/uploads\/2025\/12\/2047220.jpg\",\"inLanguage\":\"en-US\",\"potentialAction\":[{\"@type\":\"CommentAction\",\"name\":\"Comment\",\"target\":[\"https:\/\/radio-newyork.com\/?p=2998#respond\"]}]},{\"@type\":\"WebPage\",\"@id\":\"https:\/\/radio-newyork.com\/?p=2998\",\"url\":\"https:\/\/radio-newyork.com\/?p=2998\",\"name\":\"Popravka puta od Vojnog sela do Gusinja do\u0161la na red nakon osam godina \u010dekanja - Radio New York\",\"isPartOf\":{\"@id\":\"https:\/\/radio-newyork.com\/#website\"},\"primaryImageOfPage\":{\"@id\":\"https:\/\/radio-newyork.com\/?p=2998#primaryimage\"},\"image\":{\"@id\":\"https:\/\/radio-newyork.com\/?p=2998#primaryimage\"},\"thumbnailUrl\":\"https:\/\/radio-newyork.com\/wp-content\/uploads\/2025\/12\/2047220.jpg\",\"datePublished\":\"2025-12-31T21:54:57+00:00\",\"dateModified\":\"2025-12-31T21:54:58+00:00\",\"breadcrumb\":{\"@id\":\"https:\/\/radio-newyork.com\/?p=2998#breadcrumb\"},\"inLanguage\":\"en-US\",\"potentialAction\":[{\"@type\":\"ReadAction\",\"target\":[\"https:\/\/radio-newyork.com\/?p=2998\"]}]},{\"@type\":\"ImageObject\",\"inLanguage\":\"en-US\",\"@id\":\"https:\/\/radio-newyork.com\/?p=2998#primaryimage\",\"url\":\"https:\/\/radio-newyork.com\/wp-content\/uploads\/2025\/12\/2047220.jpg\",\"contentUrl\":\"https:\/\/radio-newyork.com\/wp-content\/uploads\/2025\/12\/2047220.jpg\",\"width\":1600,\"height\":1200},{\"@type\":\"BreadcrumbList\",\"@id\":\"https:\/\/radio-newyork.com\/?p=2998#breadcrumb\",\"itemListElement\":[{\"@type\":\"ListItem\",\"position\":1,\"name\":\"Home\",\"item\":\"https:\/\/radio-newyork.com\/\"},{\"@type\":\"ListItem\",\"position\":2,\"name\":\"Popravka puta od Vojnog sela do Gusinja do\u0161la na red nakon osam godina \u010dekanja\"}]},{\"@type\":\"WebSite\",\"@id\":\"https:\/\/radio-newyork.com\/#website\",\"url\":\"https:\/\/radio-newyork.com\/\",\"name\":\"Radio New York\",\"description\":\"Radio New York \u2014 Most Amerike i domovine\",\"publisher\":{\"@id\":\"https:\/\/radio-newyork.com\/#organization\"},\"potentialAction\":[{\"@type\":\"SearchAction\",\"target\":{\"@type\":\"EntryPoint\",\"urlTemplate\":\"https:\/\/radio-newyork.com\/?s={search_term_string}\"},\"query-input\":{\"@type\":\"PropertyValueSpecification\",\"valueRequired\":true,\"valueName\":\"search_term_string\"}}],\"inLanguage\":\"en-US\"},{\"@type\":\"Organization\",\"@id\":\"https:\/\/radio-newyork.com\/#organization\",\"name\":\"Radio New York\",\"url\":\"https:\/\/radio-newyork.com\/\",\"logo\":{\"@type\":\"ImageObject\",\"inLanguage\":\"en-US\",\"@id\":\"https:\/\/radio-newyork.com\/#\/schema\/logo\/image\/\",\"url\":\"https:\/\/radio-newyork.com\/wp-content\/uploads\/2021\/12\/262517255_4571047313011643_1786418142376364479_n.jpg\",\"contentUrl\":\"https:\/\/radio-newyork.com\/wp-content\/uploads\/2021\/12\/262517255_4571047313011643_1786418142376364479_n.jpg\",\"width\":212,\"height\":210,\"caption\":\"Radio New York\"},\"image\":{\"@id\":\"https:\/\/radio-newyork.com\/#\/schema\/logo\/image\/\"}},{\"@type\":\"Person\",\"@id\":\"https:\/\/radio-newyork.com\/#\/schema\/person\/e2f4dbf5b60fd9ac004d77b9e1b59559\",\"name\":\"Ismet Rastoder\",\"image\":{\"@type\":\"ImageObject\",\"inLanguage\":\"en-US\",\"@id\":\"https:\/\/radio-newyork.com\/#\/schema\/person\/image\/\",\"url\":\"https:\/\/secure.gravatar.com\/avatar\/800e8dd1eac3e728e825b7d5c16c80b067c4a0557a2ce54986c89f6008f454bb?s=96&d=mm&r=g\",\"contentUrl\":\"https:\/\/secure.gravatar.com\/avatar\/800e8dd1eac3e728e825b7d5c16c80b067c4a0557a2ce54986c89f6008f454bb?s=96&d=mm&r=g\",\"caption\":\"Ismet Rastoder\"},\"description\":\"Ismet Rastoder je urednik i osniva\u010d portala Radio New York \u2014 medijskog prostora posve\u0107enog dijaspori, dru\u0161tvenoj istini i stvarnim \u017eivotnim pitanjima Balkana i Amerike. Poznat po direktnom stilu, hrabrim komentarima i beskompromisnoj borbi protiv nepravde, Rastoder donosi glas zajednice koja se \u010desto ne \u010duje, ali itekako postoji. Vi\u0161e od dvije decenije aktivan je u zajednici i medijima, gdje kroz analize, autorske kolumne i dru\u0161tveni anga\u017eman povezuje iskustvo \u017eivota u Americi sa realno\u0161\u0107u Balkana. Njegove pri\u010de otvaraju va\u017ene teme \u2014 od identiteta i politike, do kulture, dijaspore i dru\u0161tvenih transformacija. Prepoznat je kao glas dijaspore koji govori ono \u0161to mnogi misle, ali rijetko ko ka\u017ee.\",\"sameAs\":[\"http:\/\/radio-newyork.com\"],\"url\":\"https:\/\/radio-newyork.com\/?author=2\"}]}<\/script>\n<!-- \/ Yoast SEO plugin. -->","yoast_head_json":{"title":"Popravka puta od Vojnog sela do Gusinja do\u0161la na red nakon osam godina \u010dekanja - Radio New York","robots":{"index":"index","follow":"follow","max-snippet":"max-snippet:-1","max-image-preview":"max-image-preview:large","max-video-preview":"max-video-preview:-1"},"canonical":"https:\/\/radio-newyork.com\/?p=2998","og_locale":"en_US","og_type":"article","og_title":"Popravka puta od Vojnog sela do Gusinja do\u0161la na red nakon osam godina \u010dekanja - Radio New York","og_description":"Ministarstvo javnih radova raspisalo je tender za izvo\u0111enje radova na rekonstrukciji puta koji od Kru\u0161eva, preko Vojnog Sela, vodi do Gusinja. Ovaj infrastrukturni projekat ima za cilj unapre\u0111enje postoje\u0107eg putnog pravca kroz rekonstrukciju saobra\u0107ajnice, \u010dime \u0107e se zna\u010dajno pobolj\u0161ati bezbjednost i kvalitet saobra\u0107aja \u2013 saop\u0161tili su iz Ministarstva javnih radova i naglasili da i preko [&hellip;]","og_url":"https:\/\/radio-newyork.com\/?p=2998","og_site_name":"Radio New York","article_published_time":"2025-12-31T21:54:57+00:00","article_modified_time":"2025-12-31T21:54:58+00:00","og_image":[{"width":1600,"height":1200,"url":"https:\/\/radio-newyork.com\/wp-content\/uploads\/2025\/12\/2047220.jpg","type":"image\/jpeg"}],"author":"Ismet Rastoder","twitter_card":"summary_large_image","twitter_misc":{"Written by":"Ismet Rastoder","Est. reading time":"4 minutes"},"schema":{"@context":"https:\/\/schema.org","@graph":[{"@type":"Article","@id":"https:\/\/radio-newyork.com\/?p=2998#article","isPartOf":{"@id":"https:\/\/radio-newyork.com\/?p=2998"},"author":{"name":"Ismet Rastoder","@id":"https:\/\/radio-newyork.com\/#\/schema\/person\/e2f4dbf5b60fd9ac004d77b9e1b59559"},"headline":"Popravka puta od Vojnog sela do Gusinja do\u0161la na red nakon osam godina \u010dekanja","datePublished":"2025-12-31T21:54:57+00:00","dateModified":"2025-12-31T21:54:58+00:00","mainEntityOfPage":{"@id":"https:\/\/radio-newyork.com\/?p=2998"},"wordCount":685,"commentCount":0,"publisher":{"@id":"https:\/\/radio-newyork.com\/#organization"},"image":{"@id":"https:\/\/radio-newyork.com\/?p=2998#primaryimage"},"thumbnailUrl":"https:\/\/radio-newyork.com\/wp-content\/uploads\/2025\/12\/2047220.jpg","inLanguage":"en-US","potentialAction":[{"@type":"CommentAction","name":"Comment","target":["https:\/\/radio-newyork.com\/?p=2998#respond"]}]},{"@type":"WebPage","@id":"https:\/\/radio-newyork.com\/?p=2998","url":"https:\/\/radio-newyork.com\/?p=2998","name":"Popravka puta od Vojnog sela do Gusinja do\u0161la na red nakon osam godina \u010dekanja - Radio New York","isPartOf":{"@id":"https:\/\/radio-newyork.com\/#website"},"primaryImageOfPage":{"@id":"https:\/\/radio-newyork.com\/?p=2998#primaryimage"},"image":{"@id":"https:\/\/radio-newyork.com\/?p=2998#primaryimage"},"thumbnailUrl":"https:\/\/radio-newyork.com\/wp-content\/uploads\/2025\/12\/2047220.jpg","datePublished":"2025-12-31T21:54:57+00:00","dateModified":"2025-12-31T21:54:58+00:00","breadcrumb":{"@id":"https:\/\/radio-newyork.com\/?p=2998#breadcrumb"},"inLanguage":"en-US","potentialAction":[{"@type":"ReadAction","target":["https:\/\/radio-newyork.com\/?p=2998"]}]},{"@type":"ImageObject","inLanguage":"en-US","@id":"https:\/\/radio-newyork.com\/?p=2998#primaryimage","url":"https:\/\/radio-newyork.com\/wp-content\/uploads\/2025\/12\/2047220.jpg","contentUrl":"https:\/\/radio-newyork.com\/wp-content\/uploads\/2025\/12\/2047220.jpg","width":1600,"height":1200},{"@type":"BreadcrumbList","@id":"https:\/\/radio-newyork.com\/?p=2998#breadcrumb","itemListElement":[{"@type":"ListItem","position":1,"name":"Home","item":"https:\/\/radio-newyork.com\/"},{"@type":"ListItem","position":2,"name":"Popravka puta od Vojnog sela do Gusinja do\u0161la na red nakon osam godina \u010dekanja"}]},{"@type":"WebSite","@id":"https:\/\/radio-newyork.com\/#website","url":"https:\/\/radio-newyork.com\/","name":"Radio New York","description":"Radio New York \u2014 Most Amerike i domovine","publisher":{"@id":"https:\/\/radio-newyork.com\/#organization"},"potentialAction":[{"@type":"SearchAction","target":{"@type":"EntryPoint","urlTemplate":"https:\/\/radio-newyork.com\/?s={search_term_string}"},"query-input":{"@type":"PropertyValueSpecification","valueRequired":true,"valueName":"search_term_string"}}],"inLanguage":"en-US"},{"@type":"Organization","@id":"https:\/\/radio-newyork.com\/#organization","name":"Radio New York","url":"https:\/\/radio-newyork.com\/","logo":{"@type":"ImageObject","inLanguage":"en-US","@id":"https:\/\/radio-newyork.com\/#\/schema\/logo\/image\/","url":"https:\/\/radio-newyork.com\/wp-content\/uploads\/2021\/12\/262517255_4571047313011643_1786418142376364479_n.jpg","contentUrl":"https:\/\/radio-newyork.com\/wp-content\/uploads\/2021\/12\/262517255_4571047313011643_1786418142376364479_n.jpg","width":212,"height":210,"caption":"Radio New York"},"image":{"@id":"https:\/\/radio-newyork.com\/#\/schema\/logo\/image\/"}},{"@type":"Person","@id":"https:\/\/radio-newyork.com\/#\/schema\/person\/e2f4dbf5b60fd9ac004d77b9e1b59559","name":"Ismet Rastoder","image":{"@type":"ImageObject","inLanguage":"en-US","@id":"https:\/\/radio-newyork.com\/#\/schema\/person\/image\/","url":"https:\/\/secure.gravatar.com\/avatar\/800e8dd1eac3e728e825b7d5c16c80b067c4a0557a2ce54986c89f6008f454bb?s=96&d=mm&r=g","contentUrl":"https:\/\/secure.gravatar.com\/avatar\/800e8dd1eac3e728e825b7d5c16c80b067c4a0557a2ce54986c89f6008f454bb?s=96&d=mm&r=g","caption":"Ismet Rastoder"},"description":"Ismet Rastoder je urednik i osniva\u010d portala Radio New York \u2014 medijskog prostora posve\u0107enog dijaspori, dru\u0161tvenoj istini i stvarnim \u017eivotnim pitanjima Balkana i Amerike. Poznat po direktnom stilu, hrabrim komentarima i beskompromisnoj borbi protiv nepravde, Rastoder donosi glas zajednice koja se \u010desto ne \u010duje, ali itekako postoji. Vi\u0161e od dvije decenije aktivan je u zajednici i medijima, gdje kroz analize, autorske kolumne i dru\u0161tveni anga\u017eman povezuje iskustvo \u017eivota u Americi sa realno\u0161\u0107u Balkana. Njegove pri\u010de otvaraju va\u017ene teme \u2014 od identiteta i politike, do kulture, dijaspore i dru\u0161tvenih transformacija. Prepoznat je kao glas dijaspore koji govori ono \u0161to mnogi misle, ali rijetko ko ka\u017ee.","sameAs":["http:\/\/radio-newyork.com"],"url":"https:\/\/radio-newyork.com\/?author=2"}]}},"_links":{"self":[{"href":"https:\/\/radio-newyork.com\/index.php?rest_route=\/wp\/v2\/posts\/2998","targetHints":{"allow":["GET"]}}],"collection":[{"href":"https:\/\/radio-newyork.com\/index.php?rest_route=\/wp\/v2\/posts"}],"about":[{"href":"https:\/\/radio-newyork.com\/index.php?rest_route=\/wp\/v2\/types\/post"}],"author":[{"embeddable":true,"href":"https:\/\/radio-newyork.com\/index.php?rest_route=\/wp\/v2\/users\/2"}],"replies":[{"embeddable":true,"href":"https:\/\/radio-newyork.com\/index.php?rest_route=%2Fwp%2Fv2%2Fcomments&post=2998"}],"version-history":[{"count":1,"href":"https:\/\/radio-newyork.com\/index.php?rest_route=\/wp\/v2\/posts\/2998\/revisions"}],"predecessor-version":[{"id":3001,"href":"https:\/\/radio-newyork.com\/index.php?rest_route=\/wp\/v2\/posts\/2998\/revisions\/3001"}],"wp:featuredmedia":[{"embeddable":true,"href":"https:\/\/radio-newyork.com\/index.php?rest_route=\/wp\/v2\/media\/2999"}],"wp:attachment":[{"href":"https:\/\/radio-newyork.com\/index.php?rest_route=%2Fwp%2Fv2%2Fmedia&parent=2998"}],"wp:term":[{"taxonomy":"category","embeddable":true,"href":"https:\/\/radio-newyork.com\/index.php?rest_route=%2Fwp%2Fv2%2Fcategories&post=2998"},{"taxonomy":"post_tag","embeddable":true,"href":"https:\/\/radio-newyork.com\/index.php?rest_route=%2Fwp%2Fv2%2Ftags&post=2998"}],"curies":[{"name":"wp","href":"https:\/\/api.w.org\/{rel}","templated":true}]}}