{"id":2993,"date":"2025-12-29T22:53:36","date_gmt":"2025-12-29T22:53:36","guid":{"rendered":"https:\/\/radio-newyork.com\/?p=2993"},"modified":"2025-12-29T22:53:37","modified_gmt":"2025-12-29T22:53:37","slug":"in-memoriam-grand-master-kwang-sung-hwang-k-9-1","status":"publish","type":"post","link":"https:\/\/radio-newyork.com\/?p=2993","title":{"rendered":"In memoriam \u2013 Grand Master Kwang Sung Hwang (K-9-1)"},"content":{"rendered":"\n<figure class=\"wp-block-image size-full\"><img loading=\"lazy\" decoding=\"async\" width=\"338\" height=\"558\" src=\"https:\/\/radio-newyork.com\/wp-content\/uploads\/2025\/12\/Screenshot-2025-12-29-at-5.39.32-PM.png\" alt=\"\" class=\"wp-image-2994\" srcset=\"https:\/\/radio-newyork.com\/wp-content\/uploads\/2025\/12\/Screenshot-2025-12-29-at-5.39.32-PM.png 338w, https:\/\/radio-newyork.com\/wp-content\/uploads\/2025\/12\/Screenshot-2025-12-29-at-5.39.32-PM-182x300.png 182w\" sizes=\"auto, (max-width: 338px) 100vw, 338px\" \/><\/figure>\n\n\n\n<p>Postoje ljudi \u010dije ime ostane zapisano u knjigama.<br>I postoje oni rijetki \u010dije ime ostane zapisano u ljudima.<\/p>\n\n\n\n<p>Grand Master <strong>Kwang Sung Hwang<\/strong>, osniva\u010d i nosilac K-9 Taekwondo sistema, pripada ovoj drugoj, mnogo ve\u0107oj i trajnijoj kategoriji.<\/p>\n\n\n\n<h3 class=\"wp-block-heading\"><strong>Vi\u0161e od borila\u010dke vje\u0161tine<\/strong><\/h3>\n\n\n\n<p>Za njega Taekwondo nikada nije bio samo sport ili takmi\u010denje.<br>Bio je <strong>\u0161kola karaktera<\/strong>.<\/p>\n\n\n\n<p>K-9 sistem koji je razvio nije nastao radi forme, titula ili medalja, ve\u0107 iz potrebe da borila\u010dka vje\u0161tina ostane ono \u0161to treba da bude \u2013 put discipline, samokontrole i li\u010dne odgovornosti.<br>Kod njega nije bilo pre\u010dica. Svaki pojas se zaslu\u017eivao \u2013 fizi\u010dki, mentalno i moralno.<\/p>\n\n\n\n<h3 class=\"wp-block-heading\"><strong>Trenutak koji se pamti \u2013 polaganje za IV DAN<\/strong><\/h3>\n\n\n\n<p>Jedan od najva\u017enijih trenutaka u mom borila\u010dkom \u017eivotu bio je <strong>ispit za IV DAN<\/strong>, odr\u017ean <strong>ispred samog Grand Mastera Kwang Sung Hwanga<\/strong>.<\/p>\n\n\n\n<p>To nije bio klasi\u010dan ispit.<br>To je bio susret sa autoritetom koji ne govori mnogo, ali vidi sve.<\/p>\n\n\n\n<p>Dok sam izvodio tehnike, forme i borbene segmente, znao sam da se ne ocjenjuje samo preciznost pokreta.<br>Ocjenjivalo se:<\/p>\n\n\n\n<ul class=\"wp-block-list\">\n<li>koliko razumijem put koji sam pro\u0161ao<\/li>\n\n\n\n<li>koliko kontroli\u0161em sebe, ne protivnika<\/li>\n\n\n\n<li>koliko sam spreman da nosim odgovornost vi\u0161eg zvanja<\/li>\n<\/ul>\n\n\n\n<p>Njegov pogled je bio miran, ali prodoran. Bez podizanja glasa, bez teatralnosti.<br>U tom trenutku sam shvatio da <strong>IV DAN nije nagrada<\/strong>, ve\u0107 potvrda da si spreman da vi\u0161e daje\u0161 nego \u0161to uzima\u0161.<\/p>\n\n\n\n<p>Kada majstor takvog formata potvrdi tvoje zvanje, to ostaje trajna obaveza \u2013 ne samo \u010dast.<\/p>\n\n\n\n<h3 class=\"wp-block-heading\"><strong>U\u010ditelj, ne samo majstor<\/strong><\/h3>\n\n\n\n<p>Grand Master Hwang je bio rijetka vrsta u\u010ditelja.<br>Nije gradio strah \u2013 gradio je autoritet.<\/p>\n\n\n\n<p>U\u010dio nas je da:<\/p>\n\n\n\n<ul class=\"wp-block-list\">\n<li>crni pojas ne zna\u010di mo\u0107, ve\u0107 samokontrolu<\/li>\n\n\n\n<li>znanje nema vrijednost ako se ne dijeli<\/li>\n\n\n\n<li>pravi majstor ostaje smiren i kada pobijedi i kada izgubi<\/li>\n<\/ul>\n\n\n\n<p>Njegova snaga bila je u jednostavnosti, a njegova veli\u010dina u dosljednosti.<\/p>\n\n\n\n<h3 class=\"wp-block-heading\"><strong>Naslje\u0111e koje ne prestaje<\/strong><\/h3>\n\n\n\n<p>Odlazak Grand Mastera Kwang Sung Hwanga ne zna\u010di kraj jednog sistema.<br>Naprotiv.<\/p>\n\n\n\n<p>Njegovo naslje\u0111e danas \u017eivi kroz:<\/p>\n\n\n\n<ul class=\"wp-block-list\">\n<li>K-9 \u0161kole \u0161irom svijeta<\/li>\n\n\n\n<li>instruktore i trenere koji prenose istu filozofiju<\/li>\n\n\n\n<li>generacije u\u010denika koje u\u010de da Taekwondo nije borba protiv drugih, ve\u0107 borba za vlastiti karakter<\/li>\n<\/ul>\n\n\n\n<h3 class=\"wp-block-heading\"><strong>Li\u010dni opro\u0161taj<\/strong><\/h3>\n\n\n\n<p>Kao neko ko je cijeli \u017eivot u borila\u010dkim sportovima, mogu re\u0107i da sam imao \u010dast da u\u010dim od <strong>pravog u\u010ditelja<\/strong>.<br>Ne samo kroz treninge i ispite, ve\u0107 kroz primjer.<\/p>\n\n\n\n<p>Polaganje za IV DAN ispred njega ostaje jedan od stubova mog borila\u010dkog puta.<br>Ne zbog pojasa \u2013 ve\u0107 zbog vrijednosti koje taj trenutak nosi.<\/p>\n\n\n\n<p>Po\u010divaj u miru, U\u010ditelju.<br>K-9 ide dalje.<br>Put koji si pokazao ne prestaje.<\/p>\n\n\n\n<figure class=\"wp-block-image size-full\"><img loading=\"lazy\" decoding=\"async\" width=\"911\" height=\"676\" src=\"https:\/\/radio-newyork.com\/wp-content\/uploads\/2025\/12\/Screenshot-2025-12-29-at-5.52.04-PM.png\" alt=\"\" class=\"wp-image-2995\" srcset=\"https:\/\/radio-newyork.com\/wp-content\/uploads\/2025\/12\/Screenshot-2025-12-29-at-5.52.04-PM.png 911w, https:\/\/radio-newyork.com\/wp-content\/uploads\/2025\/12\/Screenshot-2025-12-29-at-5.52.04-PM-300x223.png 300w, https:\/\/radio-newyork.com\/wp-content\/uploads\/2025\/12\/Screenshot-2025-12-29-at-5.52.04-PM-768x570.png 768w\" sizes=\"auto, (max-width: 911px) 100vw, 911px\" \/><\/figure>\n\n\n\n<figure class=\"wp-block-image size-full\"><img loading=\"lazy\" decoding=\"async\" width=\"199\" height=\"178\" src=\"https:\/\/radio-newyork.com\/wp-content\/uploads\/2025\/12\/Screenshot-2025-12-29-at-5.51.36-PM.png\" alt=\"\" class=\"wp-image-2996\"\/><\/figure>\n\n\n\n<hr class=\"wp-block-separator has-alpha-channel-opacity\"\/>\n\n\n\n<p>autor Ismet Rastoder  TKD  majstor VI DAN <\/p>\n\n\n\n<p><\/p>\n","protected":false},"excerpt":{"rendered":"<p>Postoje ljudi \u010dije ime ostane zapisano u knjigama.I postoje oni rijetki \u010dije ime ostane zapisano u ljudima. Grand Master Kwang Sung Hwang, osniva\u010d i nosilac K-9 Taekwondo sistema, pripada ovoj drugoj, mnogo ve\u0107oj i trajnijoj kategoriji. Vi\u0161e od borila\u010dke vje\u0161tine Za njega Taekwondo nikada nije bio samo sport ili takmi\u010denje.Bio je \u0161kola karaktera. K-9 sistem [&hellip;]<\/p>\n","protected":false},"author":2,"featured_media":2996,"comment_status":"open","ping_status":"open","sticky":false,"template":"","format":"standard","meta":{"footnotes":""},"categories":[1],"tags":[],"class_list":["post-2993","post","type-post","status-publish","format-standard","has-post-thumbnail","hentry","category-uncategorized"],"acf":[],"yoast_head":"<!-- This site is optimized with the Yoast SEO plugin v26.2 - https:\/\/yoast.com\/wordpress\/plugins\/seo\/ -->\n<title>In memoriam \u2013 Grand Master Kwang Sung Hwang (K-9-1) - Radio New York<\/title>\n<meta name=\"robots\" content=\"index, follow, max-snippet:-1, max-image-preview:large, max-video-preview:-1\" \/>\n<link rel=\"canonical\" href=\"https:\/\/radio-newyork.com\/?p=2993\" \/>\n<meta property=\"og:locale\" content=\"en_US\" \/>\n<meta property=\"og:type\" content=\"article\" \/>\n<meta property=\"og:title\" content=\"In memoriam \u2013 Grand Master Kwang Sung Hwang (K-9-1) - Radio New York\" \/>\n<meta property=\"og:description\" content=\"Postoje ljudi \u010dije ime ostane zapisano u knjigama.I postoje oni rijetki \u010dije ime ostane zapisano u ljudima. Grand Master Kwang Sung Hwang, osniva\u010d i nosilac K-9 Taekwondo sistema, pripada ovoj drugoj, mnogo ve\u0107oj i trajnijoj kategoriji. Vi\u0161e od borila\u010dke vje\u0161tine Za njega Taekwondo nikada nije bio samo sport ili takmi\u010denje.Bio je \u0161kola karaktera. K-9 sistem [&hellip;]\" \/>\n<meta property=\"og:url\" content=\"https:\/\/radio-newyork.com\/?p=2993\" \/>\n<meta property=\"og:site_name\" content=\"Radio New York\" \/>\n<meta property=\"article:published_time\" content=\"2025-12-29T22:53:36+00:00\" \/>\n<meta property=\"article:modified_time\" content=\"2025-12-29T22:53:37+00:00\" \/>\n<meta property=\"og:image\" content=\"https:\/\/radio-newyork.com\/wp-content\/uploads\/2025\/12\/Screenshot-2025-12-29-at-5.39.32-PM.png\" \/>\n\t<meta property=\"og:image:width\" content=\"338\" \/>\n\t<meta property=\"og:image:height\" content=\"558\" \/>\n\t<meta property=\"og:image:type\" content=\"image\/png\" \/>\n<meta name=\"author\" content=\"Ismet Rastoder\" \/>\n<meta name=\"twitter:card\" content=\"summary_large_image\" \/>\n<meta name=\"twitter:label1\" content=\"Written by\" \/>\n\t<meta name=\"twitter:data1\" content=\"Ismet Rastoder\" \/>\n\t<meta name=\"twitter:label2\" content=\"Est. reading time\" \/>\n\t<meta name=\"twitter:data2\" content=\"2 minutes\" \/>\n<script type=\"application\/ld+json\" class=\"yoast-schema-graph\">{\"@context\":\"https:\/\/schema.org\",\"@graph\":[{\"@type\":\"Article\",\"@id\":\"https:\/\/radio-newyork.com\/?p=2993#article\",\"isPartOf\":{\"@id\":\"https:\/\/radio-newyork.com\/?p=2993\"},\"author\":{\"name\":\"Ismet Rastoder\",\"@id\":\"https:\/\/radio-newyork.com\/#\/schema\/person\/e2f4dbf5b60fd9ac004d77b9e1b59559\"},\"headline\":\"In memoriam \u2013 Grand Master Kwang Sung Hwang (K-9-1)\",\"datePublished\":\"2025-12-29T22:53:36+00:00\",\"dateModified\":\"2025-12-29T22:53:37+00:00\",\"mainEntityOfPage\":{\"@id\":\"https:\/\/radio-newyork.com\/?p=2993\"},\"wordCount\":456,\"commentCount\":0,\"publisher\":{\"@id\":\"https:\/\/radio-newyork.com\/#organization\"},\"image\":{\"@id\":\"https:\/\/radio-newyork.com\/?p=2993#primaryimage\"},\"thumbnailUrl\":\"https:\/\/radio-newyork.com\/wp-content\/uploads\/2025\/12\/Screenshot-2025-12-29-at-5.51.36-PM.png\",\"inLanguage\":\"en-US\",\"potentialAction\":[{\"@type\":\"CommentAction\",\"name\":\"Comment\",\"target\":[\"https:\/\/radio-newyork.com\/?p=2993#respond\"]}]},{\"@type\":\"WebPage\",\"@id\":\"https:\/\/radio-newyork.com\/?p=2993\",\"url\":\"https:\/\/radio-newyork.com\/?p=2993\",\"name\":\"In memoriam \u2013 Grand Master Kwang Sung Hwang (K-9-1) - Radio New York\",\"isPartOf\":{\"@id\":\"https:\/\/radio-newyork.com\/#website\"},\"primaryImageOfPage\":{\"@id\":\"https:\/\/radio-newyork.com\/?p=2993#primaryimage\"},\"image\":{\"@id\":\"https:\/\/radio-newyork.com\/?p=2993#primaryimage\"},\"thumbnailUrl\":\"https:\/\/radio-newyork.com\/wp-content\/uploads\/2025\/12\/Screenshot-2025-12-29-at-5.51.36-PM.png\",\"datePublished\":\"2025-12-29T22:53:36+00:00\",\"dateModified\":\"2025-12-29T22:53:37+00:00\",\"breadcrumb\":{\"@id\":\"https:\/\/radio-newyork.com\/?p=2993#breadcrumb\"},\"inLanguage\":\"en-US\",\"potentialAction\":[{\"@type\":\"ReadAction\",\"target\":[\"https:\/\/radio-newyork.com\/?p=2993\"]}]},{\"@type\":\"ImageObject\",\"inLanguage\":\"en-US\",\"@id\":\"https:\/\/radio-newyork.com\/?p=2993#primaryimage\",\"url\":\"https:\/\/radio-newyork.com\/wp-content\/uploads\/2025\/12\/Screenshot-2025-12-29-at-5.51.36-PM.png\",\"contentUrl\":\"https:\/\/radio-newyork.com\/wp-content\/uploads\/2025\/12\/Screenshot-2025-12-29-at-5.51.36-PM.png\",\"width\":199,\"height\":178},{\"@type\":\"BreadcrumbList\",\"@id\":\"https:\/\/radio-newyork.com\/?p=2993#breadcrumb\",\"itemListElement\":[{\"@type\":\"ListItem\",\"position\":1,\"name\":\"Home\",\"item\":\"https:\/\/radio-newyork.com\/\"},{\"@type\":\"ListItem\",\"position\":2,\"name\":\"In memoriam \u2013 Grand Master Kwang Sung Hwang (K-9-1)\"}]},{\"@type\":\"WebSite\",\"@id\":\"https:\/\/radio-newyork.com\/#website\",\"url\":\"https:\/\/radio-newyork.com\/\",\"name\":\"Radio New York\",\"description\":\"Radio New York \u2014 Most Amerike i domovine\",\"publisher\":{\"@id\":\"https:\/\/radio-newyork.com\/#organization\"},\"potentialAction\":[{\"@type\":\"SearchAction\",\"target\":{\"@type\":\"EntryPoint\",\"urlTemplate\":\"https:\/\/radio-newyork.com\/?s={search_term_string}\"},\"query-input\":{\"@type\":\"PropertyValueSpecification\",\"valueRequired\":true,\"valueName\":\"search_term_string\"}}],\"inLanguage\":\"en-US\"},{\"@type\":\"Organization\",\"@id\":\"https:\/\/radio-newyork.com\/#organization\",\"name\":\"Radio New York\",\"url\":\"https:\/\/radio-newyork.com\/\",\"logo\":{\"@type\":\"ImageObject\",\"inLanguage\":\"en-US\",\"@id\":\"https:\/\/radio-newyork.com\/#\/schema\/logo\/image\/\",\"url\":\"https:\/\/radio-newyork.com\/wp-content\/uploads\/2021\/12\/262517255_4571047313011643_1786418142376364479_n.jpg\",\"contentUrl\":\"https:\/\/radio-newyork.com\/wp-content\/uploads\/2021\/12\/262517255_4571047313011643_1786418142376364479_n.jpg\",\"width\":212,\"height\":210,\"caption\":\"Radio New York\"},\"image\":{\"@id\":\"https:\/\/radio-newyork.com\/#\/schema\/logo\/image\/\"}},{\"@type\":\"Person\",\"@id\":\"https:\/\/radio-newyork.com\/#\/schema\/person\/e2f4dbf5b60fd9ac004d77b9e1b59559\",\"name\":\"Ismet Rastoder\",\"image\":{\"@type\":\"ImageObject\",\"inLanguage\":\"en-US\",\"@id\":\"https:\/\/radio-newyork.com\/#\/schema\/person\/image\/\",\"url\":\"https:\/\/secure.gravatar.com\/avatar\/800e8dd1eac3e728e825b7d5c16c80b067c4a0557a2ce54986c89f6008f454bb?s=96&d=mm&r=g\",\"contentUrl\":\"https:\/\/secure.gravatar.com\/avatar\/800e8dd1eac3e728e825b7d5c16c80b067c4a0557a2ce54986c89f6008f454bb?s=96&d=mm&r=g\",\"caption\":\"Ismet Rastoder\"},\"description\":\"Ismet Rastoder je urednik i osniva\u010d portala Radio New York \u2014 medijskog prostora posve\u0107enog dijaspori, dru\u0161tvenoj istini i stvarnim \u017eivotnim pitanjima Balkana i Amerike. Poznat po direktnom stilu, hrabrim komentarima i beskompromisnoj borbi protiv nepravde, Rastoder donosi glas zajednice koja se \u010desto ne \u010duje, ali itekako postoji. Vi\u0161e od dvije decenije aktivan je u zajednici i medijima, gdje kroz analize, autorske kolumne i dru\u0161tveni anga\u017eman povezuje iskustvo \u017eivota u Americi sa realno\u0161\u0107u Balkana. Njegove pri\u010de otvaraju va\u017ene teme \u2014 od identiteta i politike, do kulture, dijaspore i dru\u0161tvenih transformacija. Prepoznat je kao glas dijaspore koji govori ono \u0161to mnogi misle, ali rijetko ko ka\u017ee.\",\"sameAs\":[\"http:\/\/radio-newyork.com\"],\"url\":\"https:\/\/radio-newyork.com\/?author=2\"}]}<\/script>\n<!-- \/ Yoast SEO plugin. -->","yoast_head_json":{"title":"In memoriam \u2013 Grand Master Kwang Sung Hwang (K-9-1) - Radio New York","robots":{"index":"index","follow":"follow","max-snippet":"max-snippet:-1","max-image-preview":"max-image-preview:large","max-video-preview":"max-video-preview:-1"},"canonical":"https:\/\/radio-newyork.com\/?p=2993","og_locale":"en_US","og_type":"article","og_title":"In memoriam \u2013 Grand Master Kwang Sung Hwang (K-9-1) - Radio New York","og_description":"Postoje ljudi \u010dije ime ostane zapisano u knjigama.I postoje oni rijetki \u010dije ime ostane zapisano u ljudima. Grand Master Kwang Sung Hwang, osniva\u010d i nosilac K-9 Taekwondo sistema, pripada ovoj drugoj, mnogo ve\u0107oj i trajnijoj kategoriji. Vi\u0161e od borila\u010dke vje\u0161tine Za njega Taekwondo nikada nije bio samo sport ili takmi\u010denje.Bio je \u0161kola karaktera. K-9 sistem [&hellip;]","og_url":"https:\/\/radio-newyork.com\/?p=2993","og_site_name":"Radio New York","article_published_time":"2025-12-29T22:53:36+00:00","article_modified_time":"2025-12-29T22:53:37+00:00","og_image":[{"width":338,"height":558,"url":"https:\/\/radio-newyork.com\/wp-content\/uploads\/2025\/12\/Screenshot-2025-12-29-at-5.39.32-PM.png","type":"image\/png"}],"author":"Ismet Rastoder","twitter_card":"summary_large_image","twitter_misc":{"Written by":"Ismet Rastoder","Est. reading time":"2 minutes"},"schema":{"@context":"https:\/\/schema.org","@graph":[{"@type":"Article","@id":"https:\/\/radio-newyork.com\/?p=2993#article","isPartOf":{"@id":"https:\/\/radio-newyork.com\/?p=2993"},"author":{"name":"Ismet Rastoder","@id":"https:\/\/radio-newyork.com\/#\/schema\/person\/e2f4dbf5b60fd9ac004d77b9e1b59559"},"headline":"In memoriam \u2013 Grand Master Kwang Sung Hwang (K-9-1)","datePublished":"2025-12-29T22:53:36+00:00","dateModified":"2025-12-29T22:53:37+00:00","mainEntityOfPage":{"@id":"https:\/\/radio-newyork.com\/?p=2993"},"wordCount":456,"commentCount":0,"publisher":{"@id":"https:\/\/radio-newyork.com\/#organization"},"image":{"@id":"https:\/\/radio-newyork.com\/?p=2993#primaryimage"},"thumbnailUrl":"https:\/\/radio-newyork.com\/wp-content\/uploads\/2025\/12\/Screenshot-2025-12-29-at-5.51.36-PM.png","inLanguage":"en-US","potentialAction":[{"@type":"CommentAction","name":"Comment","target":["https:\/\/radio-newyork.com\/?p=2993#respond"]}]},{"@type":"WebPage","@id":"https:\/\/radio-newyork.com\/?p=2993","url":"https:\/\/radio-newyork.com\/?p=2993","name":"In memoriam \u2013 Grand Master Kwang Sung Hwang (K-9-1) - Radio New York","isPartOf":{"@id":"https:\/\/radio-newyork.com\/#website"},"primaryImageOfPage":{"@id":"https:\/\/radio-newyork.com\/?p=2993#primaryimage"},"image":{"@id":"https:\/\/radio-newyork.com\/?p=2993#primaryimage"},"thumbnailUrl":"https:\/\/radio-newyork.com\/wp-content\/uploads\/2025\/12\/Screenshot-2025-12-29-at-5.51.36-PM.png","datePublished":"2025-12-29T22:53:36+00:00","dateModified":"2025-12-29T22:53:37+00:00","breadcrumb":{"@id":"https:\/\/radio-newyork.com\/?p=2993#breadcrumb"},"inLanguage":"en-US","potentialAction":[{"@type":"ReadAction","target":["https:\/\/radio-newyork.com\/?p=2993"]}]},{"@type":"ImageObject","inLanguage":"en-US","@id":"https:\/\/radio-newyork.com\/?p=2993#primaryimage","url":"https:\/\/radio-newyork.com\/wp-content\/uploads\/2025\/12\/Screenshot-2025-12-29-at-5.51.36-PM.png","contentUrl":"https:\/\/radio-newyork.com\/wp-content\/uploads\/2025\/12\/Screenshot-2025-12-29-at-5.51.36-PM.png","width":199,"height":178},{"@type":"BreadcrumbList","@id":"https:\/\/radio-newyork.com\/?p=2993#breadcrumb","itemListElement":[{"@type":"ListItem","position":1,"name":"Home","item":"https:\/\/radio-newyork.com\/"},{"@type":"ListItem","position":2,"name":"In memoriam \u2013 Grand Master Kwang Sung Hwang (K-9-1)"}]},{"@type":"WebSite","@id":"https:\/\/radio-newyork.com\/#website","url":"https:\/\/radio-newyork.com\/","name":"Radio New York","description":"Radio New York \u2014 Most Amerike i domovine","publisher":{"@id":"https:\/\/radio-newyork.com\/#organization"},"potentialAction":[{"@type":"SearchAction","target":{"@type":"EntryPoint","urlTemplate":"https:\/\/radio-newyork.com\/?s={search_term_string}"},"query-input":{"@type":"PropertyValueSpecification","valueRequired":true,"valueName":"search_term_string"}}],"inLanguage":"en-US"},{"@type":"Organization","@id":"https:\/\/radio-newyork.com\/#organization","name":"Radio New York","url":"https:\/\/radio-newyork.com\/","logo":{"@type":"ImageObject","inLanguage":"en-US","@id":"https:\/\/radio-newyork.com\/#\/schema\/logo\/image\/","url":"https:\/\/radio-newyork.com\/wp-content\/uploads\/2021\/12\/262517255_4571047313011643_1786418142376364479_n.jpg","contentUrl":"https:\/\/radio-newyork.com\/wp-content\/uploads\/2021\/12\/262517255_4571047313011643_1786418142376364479_n.jpg","width":212,"height":210,"caption":"Radio New York"},"image":{"@id":"https:\/\/radio-newyork.com\/#\/schema\/logo\/image\/"}},{"@type":"Person","@id":"https:\/\/radio-newyork.com\/#\/schema\/person\/e2f4dbf5b60fd9ac004d77b9e1b59559","name":"Ismet Rastoder","image":{"@type":"ImageObject","inLanguage":"en-US","@id":"https:\/\/radio-newyork.com\/#\/schema\/person\/image\/","url":"https:\/\/secure.gravatar.com\/avatar\/800e8dd1eac3e728e825b7d5c16c80b067c4a0557a2ce54986c89f6008f454bb?s=96&d=mm&r=g","contentUrl":"https:\/\/secure.gravatar.com\/avatar\/800e8dd1eac3e728e825b7d5c16c80b067c4a0557a2ce54986c89f6008f454bb?s=96&d=mm&r=g","caption":"Ismet Rastoder"},"description":"Ismet Rastoder je urednik i osniva\u010d portala Radio New York \u2014 medijskog prostora posve\u0107enog dijaspori, dru\u0161tvenoj istini i stvarnim \u017eivotnim pitanjima Balkana i Amerike. Poznat po direktnom stilu, hrabrim komentarima i beskompromisnoj borbi protiv nepravde, Rastoder donosi glas zajednice koja se \u010desto ne \u010duje, ali itekako postoji. Vi\u0161e od dvije decenije aktivan je u zajednici i medijima, gdje kroz analize, autorske kolumne i dru\u0161tveni anga\u017eman povezuje iskustvo \u017eivota u Americi sa realno\u0161\u0107u Balkana. Njegove pri\u010de otvaraju va\u017ene teme \u2014 od identiteta i politike, do kulture, dijaspore i dru\u0161tvenih transformacija. Prepoznat je kao glas dijaspore koji govori ono \u0161to mnogi misle, ali rijetko ko ka\u017ee.","sameAs":["http:\/\/radio-newyork.com"],"url":"https:\/\/radio-newyork.com\/?author=2"}]}},"_links":{"self":[{"href":"https:\/\/radio-newyork.com\/index.php?rest_route=\/wp\/v2\/posts\/2993","targetHints":{"allow":["GET"]}}],"collection":[{"href":"https:\/\/radio-newyork.com\/index.php?rest_route=\/wp\/v2\/posts"}],"about":[{"href":"https:\/\/radio-newyork.com\/index.php?rest_route=\/wp\/v2\/types\/post"}],"author":[{"embeddable":true,"href":"https:\/\/radio-newyork.com\/index.php?rest_route=\/wp\/v2\/users\/2"}],"replies":[{"embeddable":true,"href":"https:\/\/radio-newyork.com\/index.php?rest_route=%2Fwp%2Fv2%2Fcomments&post=2993"}],"version-history":[{"count":1,"href":"https:\/\/radio-newyork.com\/index.php?rest_route=\/wp\/v2\/posts\/2993\/revisions"}],"predecessor-version":[{"id":2997,"href":"https:\/\/radio-newyork.com\/index.php?rest_route=\/wp\/v2\/posts\/2993\/revisions\/2997"}],"wp:featuredmedia":[{"embeddable":true,"href":"https:\/\/radio-newyork.com\/index.php?rest_route=\/wp\/v2\/media\/2996"}],"wp:attachment":[{"href":"https:\/\/radio-newyork.com\/index.php?rest_route=%2Fwp%2Fv2%2Fmedia&parent=2993"}],"wp:term":[{"taxonomy":"category","embeddable":true,"href":"https:\/\/radio-newyork.com\/index.php?rest_route=%2Fwp%2Fv2%2Fcategories&post=2993"},{"taxonomy":"post_tag","embeddable":true,"href":"https:\/\/radio-newyork.com\/index.php?rest_route=%2Fwp%2Fv2%2Ftags&post=2993"}],"curies":[{"name":"wp","href":"https:\/\/api.w.org\/{rel}","templated":true}]}}