{"id":1980,"date":"2025-02-09T01:18:24","date_gmt":"2025-02-09T01:18:24","guid":{"rendered":"https:\/\/radio-newyork.com\/?p=1980"},"modified":"2025-02-09T01:18:25","modified_gmt":"2025-02-09T01:18:25","slug":"elon-musk-nije-zainteresovan-za-kupovinu-tiktoka-uprkos-trumpovom-zelenom-svjetlu","status":"publish","type":"post","link":"https:\/\/radio-newyork.com\/?p=1980","title":{"rendered":"Elon Musk nije zainteresovan za kupovinu TikToka uprkos Trumpovom zelenom svjetlu"},"content":{"rendered":"\n<figure class=\"wp-block-image\"><img decoding=\"async\" src=\"https:\/\/static.klix.ba\/media\/images\/vijesti\/b_250208112.jpg?v=1\" alt=\"Foto: EPA-EFE\"\/><\/figure>\n\n\n\n<p>Foto: EPA-EFE<\/p>\n\n\n\n<p>2 sata<\/p>\n\n\n\n<p><a href=\"https:\/\/www.facebook.com\/sharer\/sharer.php?u=https%3A%2F%2Fwww.klix.ba%2Fbiznis%2Ffinansije%2Felon-musk-nije-zainteresovan-za-kupovinu-tiktoka-uprkos-trumpovom-zelenom-svjetlu%2F250208112%3Futm_source%3Dshare_button_fb\">Facebook<\/a><a href=\"fb-messenger:\/\/share\/?app_id=171222711838&amp;link=https%3A%2F%2Fwww.klix.ba%2Fbiznis%2Ffinansije%2Felon-musk-nije-zainteresovan-za-kupovinu-tiktoka-uprkos-trumpovom-zelenom-svjetlu%2F250208112?utm_source=share_button_fbmessenger\">Messenger<\/a><a href=\"https:\/\/twitter.com\/intent\/tweet?url=https%3A%2F%2Fwww.klix.ba%2Fbiznis%2Ffinansije%2Felon-musk-nije-zainteresovan-za-kupovinu-tiktoka-uprkos-trumpovom-zelenom-svjetlu%2F250208112?utm_source=share_button_tw\">Twitter<\/a><a href=\"mailto:?subject=Elon%20Musk%20nije%20zainteresovan%20za%20kupovinu%20TikToka%20uprkos%20Trumpovom%20zelenom%20svjetlu&amp;body=https%3A%2F%2Fwww.klix.ba%2Fbiznis%2Ffinansije%2Felon-musk-nije-zainteresovan-za-kupovinu-tiktoka-uprkos-trumpovom-zelenom-svjetlu%2F250208112?utm_source=share_button_link&amp;utm_medium=email\">Email<\/a><a href=\"viber:\/\/forward?text=https%3A%2F%2Fwww.klix.ba%2Fbiznis%2Ffinansije%2Felon-musk-nije-zainteresovan-za-kupovinu-tiktoka-uprkos-trumpovom-zelenom-svjetlu%2F250208112?utm_source=share_button_viber\">Email<\/a><\/p>\n\n\n\n<p>Milijarder Elon Musk rekao je da nije zainteresovan za kupovinu TikToka, popularne aplikacije za kratke videosnimke koju SAD poku\u0161avaju da zabrane zbog zabrinutosti za nacionalnu sigurnost jer je u kineskom vlasni\u0161tvu.<\/p>\n\n\n\n<p>Musk je ovo izjavio krajem januara, ali je komentar tek danas objavila njema\u010dka informativna mre\u017ea Welt, koja je bila doma\u0107in konferencije kojoj se Musk pridru\u017eio putem videoveze.<\/p>\n\n\n\n<p>&#8220;Nisam dao ponudu za TikTok&#8221; rekao je Musk sedam dana nakon \u0161to je predsjednik SAD-a Donald Trump izjavio da je otvoren za mogu\u0107nost da Musk kupi aplikaciju ako to \u017eeli.<\/p>\n\n\n\n<p>Vlasnik &#8220;Tesle&#8221; je dodao da nema nikakve planove za TikTok i da vrlo rijetko kupuje kompanije.<\/p>\n\n\n\n<p>Musk je rekao da je njegova kupovina Twittera, koji je preimenovao u &#8220;X&#8221;, bila neobi\u010dna po\u0161to on, prema sopstvenim rije\u010dima, &#8220;obi\u010dno gradi kompanije od nule&#8221;.<\/p>\n\n\n\n<p>Trump je potpisao izvr\u0161nu naredbu kojom se odga\u0111a sprovo\u0111enje zabrane popularne aplikacije, koja je trebala da bude zatvorena 19. januara.<\/p>\n\n\n\n<p>ByteDance je dobio rok u januaru da proda svoju imovinu u SAD-u ili \u0107e se suo\u010diti sa zabranom u ovoj zemlji. TikTok je negirao da je ikada dijelio podatke svojih ameri\u010dkih korisnika sa kineskim vlastima ili da \u0107e to ikada u\u010diniti.<\/p>\n","protected":false},"excerpt":{"rendered":"<p>Foto: EPA-EFE 2 sata FacebookMessengerTwitterEmailEmail Milijarder Elon Musk rekao je da nije zainteresovan za kupovinu TikToka, popularne aplikacije za kratke videosnimke koju SAD poku\u0161avaju da zabrane zbog zabrinutosti za nacionalnu sigurnost jer je u kineskom vlasni\u0161tvu. Musk je ovo izjavio krajem januara, ali je komentar tek danas objavila njema\u010dka informativna mre\u017ea Welt, koja je bila [&hellip;]<\/p>\n","protected":false},"author":2,"featured_media":1981,"comment_status":"open","ping_status":"open","sticky":false,"template":"","format":"standard","meta":{"footnotes":""},"categories":[1],"tags":[],"class_list":["post-1980","post","type-post","status-publish","format-standard","has-post-thumbnail","hentry","category-uncategorized"],"acf":[],"yoast_head":"<!-- This site is optimized with the Yoast SEO plugin v26.2 - https:\/\/yoast.com\/wordpress\/plugins\/seo\/ -->\n<title>Elon Musk nije zainteresovan za kupovinu TikToka uprkos Trumpovom zelenom svjetlu - Radio New York<\/title>\n<meta name=\"robots\" content=\"index, follow, max-snippet:-1, max-image-preview:large, max-video-preview:-1\" \/>\n<link rel=\"canonical\" href=\"https:\/\/radio-newyork.com\/?p=1980\" \/>\n<meta property=\"og:locale\" content=\"en_US\" \/>\n<meta property=\"og:type\" content=\"article\" \/>\n<meta property=\"og:title\" content=\"Elon Musk nije zainteresovan za kupovinu TikToka uprkos Trumpovom zelenom svjetlu - Radio New York\" \/>\n<meta property=\"og:description\" content=\"Foto: EPA-EFE 2 sata FacebookMessengerTwitterEmailEmail Milijarder Elon Musk rekao je da nije zainteresovan za kupovinu TikToka, popularne aplikacije za kratke videosnimke koju SAD poku\u0161avaju da zabrane zbog zabrinutosti za nacionalnu sigurnost jer je u kineskom vlasni\u0161tvu. Musk je ovo izjavio krajem januara, ali je komentar tek danas objavila njema\u010dka informativna mre\u017ea Welt, koja je bila [&hellip;]\" \/>\n<meta property=\"og:url\" content=\"https:\/\/radio-newyork.com\/?p=1980\" \/>\n<meta property=\"og:site_name\" content=\"Radio New York\" \/>\n<meta property=\"article:published_time\" content=\"2025-02-09T01:18:24+00:00\" \/>\n<meta property=\"article:modified_time\" content=\"2025-02-09T01:18:25+00:00\" \/>\n<meta property=\"og:image\" content=\"https:\/\/radio-newyork.com\/wp-content\/uploads\/2025\/02\/aaaaaa.webp\" \/>\n\t<meta property=\"og:image:width\" content=\"800\" \/>\n\t<meta property=\"og:image:height\" content=\"533\" \/>\n\t<meta property=\"og:image:type\" content=\"image\/webp\" \/>\n<meta name=\"author\" content=\"Ismet Rastoder\" \/>\n<meta name=\"twitter:card\" content=\"summary_large_image\" \/>\n<meta name=\"twitter:label1\" content=\"Written by\" \/>\n\t<meta name=\"twitter:data1\" content=\"Ismet Rastoder\" \/>\n\t<meta name=\"twitter:label2\" content=\"Est. reading time\" \/>\n\t<meta name=\"twitter:data2\" content=\"1 minute\" \/>\n<script type=\"application\/ld+json\" class=\"yoast-schema-graph\">{\"@context\":\"https:\/\/schema.org\",\"@graph\":[{\"@type\":\"Article\",\"@id\":\"https:\/\/radio-newyork.com\/?p=1980#article\",\"isPartOf\":{\"@id\":\"https:\/\/radio-newyork.com\/?p=1980\"},\"author\":{\"name\":\"Ismet Rastoder\",\"@id\":\"https:\/\/radio-newyork.com\/#\/schema\/person\/e2f4dbf5b60fd9ac004d77b9e1b59559\"},\"headline\":\"Elon Musk nije zainteresovan za kupovinu TikToka uprkos Trumpovom zelenom svjetlu\",\"datePublished\":\"2025-02-09T01:18:24+00:00\",\"dateModified\":\"2025-02-09T01:18:25+00:00\",\"mainEntityOfPage\":{\"@id\":\"https:\/\/radio-newyork.com\/?p=1980\"},\"wordCount\":225,\"commentCount\":0,\"publisher\":{\"@id\":\"https:\/\/radio-newyork.com\/#organization\"},\"image\":{\"@id\":\"https:\/\/radio-newyork.com\/?p=1980#primaryimage\"},\"thumbnailUrl\":\"https:\/\/radio-newyork.com\/wp-content\/uploads\/2025\/02\/aaaaaa.webp\",\"inLanguage\":\"en-US\",\"potentialAction\":[{\"@type\":\"CommentAction\",\"name\":\"Comment\",\"target\":[\"https:\/\/radio-newyork.com\/?p=1980#respond\"]}]},{\"@type\":\"WebPage\",\"@id\":\"https:\/\/radio-newyork.com\/?p=1980\",\"url\":\"https:\/\/radio-newyork.com\/?p=1980\",\"name\":\"Elon Musk nije zainteresovan za kupovinu TikToka uprkos Trumpovom zelenom svjetlu - Radio New York\",\"isPartOf\":{\"@id\":\"https:\/\/radio-newyork.com\/#website\"},\"primaryImageOfPage\":{\"@id\":\"https:\/\/radio-newyork.com\/?p=1980#primaryimage\"},\"image\":{\"@id\":\"https:\/\/radio-newyork.com\/?p=1980#primaryimage\"},\"thumbnailUrl\":\"https:\/\/radio-newyork.com\/wp-content\/uploads\/2025\/02\/aaaaaa.webp\",\"datePublished\":\"2025-02-09T01:18:24+00:00\",\"dateModified\":\"2025-02-09T01:18:25+00:00\",\"breadcrumb\":{\"@id\":\"https:\/\/radio-newyork.com\/?p=1980#breadcrumb\"},\"inLanguage\":\"en-US\",\"potentialAction\":[{\"@type\":\"ReadAction\",\"target\":[\"https:\/\/radio-newyork.com\/?p=1980\"]}]},{\"@type\":\"ImageObject\",\"inLanguage\":\"en-US\",\"@id\":\"https:\/\/radio-newyork.com\/?p=1980#primaryimage\",\"url\":\"https:\/\/radio-newyork.com\/wp-content\/uploads\/2025\/02\/aaaaaa.webp\",\"contentUrl\":\"https:\/\/radio-newyork.com\/wp-content\/uploads\/2025\/02\/aaaaaa.webp\",\"width\":800,\"height\":533},{\"@type\":\"BreadcrumbList\",\"@id\":\"https:\/\/radio-newyork.com\/?p=1980#breadcrumb\",\"itemListElement\":[{\"@type\":\"ListItem\",\"position\":1,\"name\":\"Home\",\"item\":\"https:\/\/radio-newyork.com\/\"},{\"@type\":\"ListItem\",\"position\":2,\"name\":\"Elon Musk nije zainteresovan za kupovinu TikToka uprkos Trumpovom zelenom svjetlu\"}]},{\"@type\":\"WebSite\",\"@id\":\"https:\/\/radio-newyork.com\/#website\",\"url\":\"https:\/\/radio-newyork.com\/\",\"name\":\"Radio New York\",\"description\":\"Radio New York \u2014 Most Amerike i domovine\",\"publisher\":{\"@id\":\"https:\/\/radio-newyork.com\/#organization\"},\"potentialAction\":[{\"@type\":\"SearchAction\",\"target\":{\"@type\":\"EntryPoint\",\"urlTemplate\":\"https:\/\/radio-newyork.com\/?s={search_term_string}\"},\"query-input\":{\"@type\":\"PropertyValueSpecification\",\"valueRequired\":true,\"valueName\":\"search_term_string\"}}],\"inLanguage\":\"en-US\"},{\"@type\":\"Organization\",\"@id\":\"https:\/\/radio-newyork.com\/#organization\",\"name\":\"Radio New York\",\"url\":\"https:\/\/radio-newyork.com\/\",\"logo\":{\"@type\":\"ImageObject\",\"inLanguage\":\"en-US\",\"@id\":\"https:\/\/radio-newyork.com\/#\/schema\/logo\/image\/\",\"url\":\"https:\/\/radio-newyork.com\/wp-content\/uploads\/2021\/12\/262517255_4571047313011643_1786418142376364479_n.jpg\",\"contentUrl\":\"https:\/\/radio-newyork.com\/wp-content\/uploads\/2021\/12\/262517255_4571047313011643_1786418142376364479_n.jpg\",\"width\":212,\"height\":210,\"caption\":\"Radio New York\"},\"image\":{\"@id\":\"https:\/\/radio-newyork.com\/#\/schema\/logo\/image\/\"}},{\"@type\":\"Person\",\"@id\":\"https:\/\/radio-newyork.com\/#\/schema\/person\/e2f4dbf5b60fd9ac004d77b9e1b59559\",\"name\":\"Ismet Rastoder\",\"image\":{\"@type\":\"ImageObject\",\"inLanguage\":\"en-US\",\"@id\":\"https:\/\/radio-newyork.com\/#\/schema\/person\/image\/\",\"url\":\"https:\/\/secure.gravatar.com\/avatar\/800e8dd1eac3e728e825b7d5c16c80b067c4a0557a2ce54986c89f6008f454bb?s=96&d=mm&r=g\",\"contentUrl\":\"https:\/\/secure.gravatar.com\/avatar\/800e8dd1eac3e728e825b7d5c16c80b067c4a0557a2ce54986c89f6008f454bb?s=96&d=mm&r=g\",\"caption\":\"Ismet Rastoder\"},\"description\":\"Ismet Rastoder je urednik i osniva\u010d portala Radio New York \u2014 medijskog prostora posve\u0107enog dijaspori, dru\u0161tvenoj istini i stvarnim \u017eivotnim pitanjima Balkana i Amerike. Poznat po direktnom stilu, hrabrim komentarima i beskompromisnoj borbi protiv nepravde, Rastoder donosi glas zajednice koja se \u010desto ne \u010duje, ali itekako postoji. Vi\u0161e od dvije decenije aktivan je u zajednici i medijima, gdje kroz analize, autorske kolumne i dru\u0161tveni anga\u017eman povezuje iskustvo \u017eivota u Americi sa realno\u0161\u0107u Balkana. Njegove pri\u010de otvaraju va\u017ene teme \u2014 od identiteta i politike, do kulture, dijaspore i dru\u0161tvenih transformacija. Prepoznat je kao glas dijaspore koji govori ono \u0161to mnogi misle, ali rijetko ko ka\u017ee.\",\"sameAs\":[\"http:\/\/radio-newyork.com\"],\"url\":\"https:\/\/radio-newyork.com\/?author=2\"}]}<\/script>\n<!-- \/ Yoast SEO plugin. -->","yoast_head_json":{"title":"Elon Musk nije zainteresovan za kupovinu TikToka uprkos Trumpovom zelenom svjetlu - Radio New York","robots":{"index":"index","follow":"follow","max-snippet":"max-snippet:-1","max-image-preview":"max-image-preview:large","max-video-preview":"max-video-preview:-1"},"canonical":"https:\/\/radio-newyork.com\/?p=1980","og_locale":"en_US","og_type":"article","og_title":"Elon Musk nije zainteresovan za kupovinu TikToka uprkos Trumpovom zelenom svjetlu - Radio New York","og_description":"Foto: EPA-EFE 2 sata FacebookMessengerTwitterEmailEmail Milijarder Elon Musk rekao je da nije zainteresovan za kupovinu TikToka, popularne aplikacije za kratke videosnimke koju SAD poku\u0161avaju da zabrane zbog zabrinutosti za nacionalnu sigurnost jer je u kineskom vlasni\u0161tvu. Musk je ovo izjavio krajem januara, ali je komentar tek danas objavila njema\u010dka informativna mre\u017ea Welt, koja je bila [&hellip;]","og_url":"https:\/\/radio-newyork.com\/?p=1980","og_site_name":"Radio New York","article_published_time":"2025-02-09T01:18:24+00:00","article_modified_time":"2025-02-09T01:18:25+00:00","og_image":[{"width":800,"height":533,"url":"https:\/\/radio-newyork.com\/wp-content\/uploads\/2025\/02\/aaaaaa.webp","type":"image\/webp"}],"author":"Ismet Rastoder","twitter_card":"summary_large_image","twitter_misc":{"Written by":"Ismet Rastoder","Est. reading time":"1 minute"},"schema":{"@context":"https:\/\/schema.org","@graph":[{"@type":"Article","@id":"https:\/\/radio-newyork.com\/?p=1980#article","isPartOf":{"@id":"https:\/\/radio-newyork.com\/?p=1980"},"author":{"name":"Ismet Rastoder","@id":"https:\/\/radio-newyork.com\/#\/schema\/person\/e2f4dbf5b60fd9ac004d77b9e1b59559"},"headline":"Elon Musk nije zainteresovan za kupovinu TikToka uprkos Trumpovom zelenom svjetlu","datePublished":"2025-02-09T01:18:24+00:00","dateModified":"2025-02-09T01:18:25+00:00","mainEntityOfPage":{"@id":"https:\/\/radio-newyork.com\/?p=1980"},"wordCount":225,"commentCount":0,"publisher":{"@id":"https:\/\/radio-newyork.com\/#organization"},"image":{"@id":"https:\/\/radio-newyork.com\/?p=1980#primaryimage"},"thumbnailUrl":"https:\/\/radio-newyork.com\/wp-content\/uploads\/2025\/02\/aaaaaa.webp","inLanguage":"en-US","potentialAction":[{"@type":"CommentAction","name":"Comment","target":["https:\/\/radio-newyork.com\/?p=1980#respond"]}]},{"@type":"WebPage","@id":"https:\/\/radio-newyork.com\/?p=1980","url":"https:\/\/radio-newyork.com\/?p=1980","name":"Elon Musk nije zainteresovan za kupovinu TikToka uprkos Trumpovom zelenom svjetlu - Radio New York","isPartOf":{"@id":"https:\/\/radio-newyork.com\/#website"},"primaryImageOfPage":{"@id":"https:\/\/radio-newyork.com\/?p=1980#primaryimage"},"image":{"@id":"https:\/\/radio-newyork.com\/?p=1980#primaryimage"},"thumbnailUrl":"https:\/\/radio-newyork.com\/wp-content\/uploads\/2025\/02\/aaaaaa.webp","datePublished":"2025-02-09T01:18:24+00:00","dateModified":"2025-02-09T01:18:25+00:00","breadcrumb":{"@id":"https:\/\/radio-newyork.com\/?p=1980#breadcrumb"},"inLanguage":"en-US","potentialAction":[{"@type":"ReadAction","target":["https:\/\/radio-newyork.com\/?p=1980"]}]},{"@type":"ImageObject","inLanguage":"en-US","@id":"https:\/\/radio-newyork.com\/?p=1980#primaryimage","url":"https:\/\/radio-newyork.com\/wp-content\/uploads\/2025\/02\/aaaaaa.webp","contentUrl":"https:\/\/radio-newyork.com\/wp-content\/uploads\/2025\/02\/aaaaaa.webp","width":800,"height":533},{"@type":"BreadcrumbList","@id":"https:\/\/radio-newyork.com\/?p=1980#breadcrumb","itemListElement":[{"@type":"ListItem","position":1,"name":"Home","item":"https:\/\/radio-newyork.com\/"},{"@type":"ListItem","position":2,"name":"Elon Musk nije zainteresovan za kupovinu TikToka uprkos Trumpovom zelenom svjetlu"}]},{"@type":"WebSite","@id":"https:\/\/radio-newyork.com\/#website","url":"https:\/\/radio-newyork.com\/","name":"Radio New York","description":"Radio New York \u2014 Most Amerike i domovine","publisher":{"@id":"https:\/\/radio-newyork.com\/#organization"},"potentialAction":[{"@type":"SearchAction","target":{"@type":"EntryPoint","urlTemplate":"https:\/\/radio-newyork.com\/?s={search_term_string}"},"query-input":{"@type":"PropertyValueSpecification","valueRequired":true,"valueName":"search_term_string"}}],"inLanguage":"en-US"},{"@type":"Organization","@id":"https:\/\/radio-newyork.com\/#organization","name":"Radio New York","url":"https:\/\/radio-newyork.com\/","logo":{"@type":"ImageObject","inLanguage":"en-US","@id":"https:\/\/radio-newyork.com\/#\/schema\/logo\/image\/","url":"https:\/\/radio-newyork.com\/wp-content\/uploads\/2021\/12\/262517255_4571047313011643_1786418142376364479_n.jpg","contentUrl":"https:\/\/radio-newyork.com\/wp-content\/uploads\/2021\/12\/262517255_4571047313011643_1786418142376364479_n.jpg","width":212,"height":210,"caption":"Radio New York"},"image":{"@id":"https:\/\/radio-newyork.com\/#\/schema\/logo\/image\/"}},{"@type":"Person","@id":"https:\/\/radio-newyork.com\/#\/schema\/person\/e2f4dbf5b60fd9ac004d77b9e1b59559","name":"Ismet Rastoder","image":{"@type":"ImageObject","inLanguage":"en-US","@id":"https:\/\/radio-newyork.com\/#\/schema\/person\/image\/","url":"https:\/\/secure.gravatar.com\/avatar\/800e8dd1eac3e728e825b7d5c16c80b067c4a0557a2ce54986c89f6008f454bb?s=96&d=mm&r=g","contentUrl":"https:\/\/secure.gravatar.com\/avatar\/800e8dd1eac3e728e825b7d5c16c80b067c4a0557a2ce54986c89f6008f454bb?s=96&d=mm&r=g","caption":"Ismet Rastoder"},"description":"Ismet Rastoder je urednik i osniva\u010d portala Radio New York \u2014 medijskog prostora posve\u0107enog dijaspori, dru\u0161tvenoj istini i stvarnim \u017eivotnim pitanjima Balkana i Amerike. Poznat po direktnom stilu, hrabrim komentarima i beskompromisnoj borbi protiv nepravde, Rastoder donosi glas zajednice koja se \u010desto ne \u010duje, ali itekako postoji. Vi\u0161e od dvije decenije aktivan je u zajednici i medijima, gdje kroz analize, autorske kolumne i dru\u0161tveni anga\u017eman povezuje iskustvo \u017eivota u Americi sa realno\u0161\u0107u Balkana. Njegove pri\u010de otvaraju va\u017ene teme \u2014 od identiteta i politike, do kulture, dijaspore i dru\u0161tvenih transformacija. Prepoznat je kao glas dijaspore koji govori ono \u0161to mnogi misle, ali rijetko ko ka\u017ee.","sameAs":["http:\/\/radio-newyork.com"],"url":"https:\/\/radio-newyork.com\/?author=2"}]}},"_links":{"self":[{"href":"https:\/\/radio-newyork.com\/index.php?rest_route=\/wp\/v2\/posts\/1980","targetHints":{"allow":["GET"]}}],"collection":[{"href":"https:\/\/radio-newyork.com\/index.php?rest_route=\/wp\/v2\/posts"}],"about":[{"href":"https:\/\/radio-newyork.com\/index.php?rest_route=\/wp\/v2\/types\/post"}],"author":[{"embeddable":true,"href":"https:\/\/radio-newyork.com\/index.php?rest_route=\/wp\/v2\/users\/2"}],"replies":[{"embeddable":true,"href":"https:\/\/radio-newyork.com\/index.php?rest_route=%2Fwp%2Fv2%2Fcomments&post=1980"}],"version-history":[{"count":1,"href":"https:\/\/radio-newyork.com\/index.php?rest_route=\/wp\/v2\/posts\/1980\/revisions"}],"predecessor-version":[{"id":1982,"href":"https:\/\/radio-newyork.com\/index.php?rest_route=\/wp\/v2\/posts\/1980\/revisions\/1982"}],"wp:featuredmedia":[{"embeddable":true,"href":"https:\/\/radio-newyork.com\/index.php?rest_route=\/wp\/v2\/media\/1981"}],"wp:attachment":[{"href":"https:\/\/radio-newyork.com\/index.php?rest_route=%2Fwp%2Fv2%2Fmedia&parent=1980"}],"wp:term":[{"taxonomy":"category","embeddable":true,"href":"https:\/\/radio-newyork.com\/index.php?rest_route=%2Fwp%2Fv2%2Fcategories&post=1980"},{"taxonomy":"post_tag","embeddable":true,"href":"https:\/\/radio-newyork.com\/index.php?rest_route=%2Fwp%2Fv2%2Ftags&post=1980"}],"curies":[{"name":"wp","href":"https:\/\/api.w.org\/{rel}","templated":true}]}}