{"id":1874,"date":"2022-03-10T03:01:59","date_gmt":"2022-03-10T03:01:59","guid":{"rendered":"https:\/\/radio-newyork.com\/?p=1874"},"modified":"2022-03-10T03:02:00","modified_gmt":"2022-03-10T03:02:00","slug":"otpevala-je-kultne-hitove-koje-svi-obozavate-pa-nestala-evo-kako-danas-izgleda-prva-pevacica-benda-zanafoto-video","status":"publish","type":"post","link":"https:\/\/radio-newyork.com\/?p=1874","title":{"rendered":"OTPEVALA JE KULTNE HITOVE, KOJE SVI OBO\u017dAVATE, PA NESTALA: Evo kako danas izgleda prva peva\u010dica benda Zana!(FOTO\/VIDEO)"},"content":{"rendered":"\n<p><img decoding=\"async\" src=\"https:\/\/stil.kurir.rs\/data\/images\/2021\/04\/21\/20\/248301_zananimani_ls.jpg\">Foto: Printscreen\/Grupa Zana\/YouTube<\/p>\n\n\n\n<p>Grupa &#8220;Zana&#8221; je svojevremeno bila jedna od najpopularnijih grupa u \u010ditavom regionu, a stub ovog sastava, te \u017eena koja joj je donela neverovatnu slavu bila je Zana Nimani. Njoj se klanjala cela biv\u0161a Jugoslavija, divili su se njenom mo\u0107nom glasu, harizmi i nesvakida\u0161njoj lepoti.<\/p>\n\n\n\n<p>Na putu ka popularnosti &#8220;Zani&#8221; je svakako pomogla i&nbsp;<a href=\"https:\/\/stil.kurir.rs\/tag\/22859\/marina-tucakovic\">Marina Tucakovi\u0107<\/a>, neumorno pi\u0161u\u0107i tekstove za njih, a stvorila je i hit &#8220;<strong>Dodirni mi kolena<\/strong>&#8221; koji je ovu grupu i u\u010dinio prepoznatljivom \u0161irom cele biv\u0161e Jugoslavije.<\/p>\n\n\n\n<p>Uprkos tome \u0161to su \u017earili i palili nekada\u0161njom Jugom, &#8220;Zana &#8220;1985. godine re\u0161ava da napusti grupu koja je po njoj i dobila ime, te zapo\u010dinje uspe\u0161nu solo karijeru. Samo godinu dana kasnije objavila je i album &#8220;No\u0107as pevam samo tebi&#8221;.https:\/\/www.youtube.com\/embed\/_fsQFEBL2IU<\/p>\n\n\n\n<p>Sve je ukazivalo na to da \u0107e u godinama koje \u0107e do\u0107i ostati stub pop kulture i doma\u0107eg \u0161oubiznisa, no Zana je ipak re\u0161ila&nbsp;<strong>da se povu\u010de iz javnosti<\/strong>&nbsp;i zapo\u010dne sasvim novi \u017eivot, daleko od svetla reflektora.<\/p>\n\n\n\n<p>Ona se udala za \u0110or\u0111a \u0160i\u0161kina, 1991. rodila \u0107erku Teu, a nekoliko meseci kasnije svi zajedno napustili su Srbiju i krenuli put Kanade, u potrazi za \u017eivotom daleko od tada\u0161njih politi\u010dkih previranja.https:\/\/www.facebook.com\/v2.7\/plugins\/post.php?<\/p>\n\n\n\n<p>Zahvaljuju\u0107i svojoj ume\u0161nosti, ali i diplomi Pravnog fakulteta, peva\u010dica se odli\u010dno sna\u0161la u kanadskoj Britanskoj Kolumbiji i zaposlila se u firmi koja se bavi finansijama i menad\u017ementom. Danas&nbsp;<strong>Zana Nimani<\/strong>&nbsp;ima 59 godina, uspe\u0161na je poslovna \u017eena, i ne planira da se vrati u Srbiju, \u010dak je ni pose\u0107uje, a zapeva tek ponekad, za svoju du\u0161u.<\/p>\n\n\n\n<figure class=\"wp-block-image\"><img decoding=\"async\" src=\"https:\/\/ads.kurir-info.rs\/www\/delivery\/lg.php?bannerid=0&amp;campaignid=0&amp;zoneid=262&amp;loc=https%3A%2F%2Fstil.kurir.rs%2Fcelebrities%2Fstar-look%2F149841%2Fzana-nimani&amp;referer=https%3A%2F%2Fstil.kurir.rs%2Flifestyle%2Fmuzika&amp;cb=cee5c858c6\" alt=\"\"\/><\/figure>\n\n\n\n<figure class=\"wp-block-embed is-type-rich is-provider-embed-handler wp-block-embed-embed-handler\"><div class=\"wp-block-embed__wrapper\">\n<iframe loading=\"lazy\" title=\"Zana - Dodirni mi kolena - (Official video)\" width=\"500\" height=\"375\" src=\"https:\/\/www.youtube.com\/embed\/dhFnV18kdC0?feature=oembed\" frameborder=\"0\" allow=\"accelerometer; autoplay; clipboard-write; encrypted-media; gyroscope; picture-in-picture; web-share\" referrerpolicy=\"strict-origin-when-cross-origin\" allowfullscreen><\/iframe>\n<\/div><\/figure>\n\n\n\n<p>Zanimljivo je da je \u0107erka Tea od majke nasledila talenat za muziku, te je i u\u010destvovala u nekoliko ameri\u010dkih mjuzikla, ali je ipak re\u0161ila da odustane od toga i posveti se studijama na jednom od presti\u017enih koled\u017ea u Kanadi.<\/p>\n\n\n\n<p><strong>Evo kako onda danas izgleda:<\/strong><\/p>\n","protected":false},"excerpt":{"rendered":"<p>Foto: Printscreen\/Grupa Zana\/YouTube Grupa &#8220;Zana&#8221; je svojevremeno bila jedna od najpopularnijih grupa u \u010ditavom regionu, a stub ovog sastava, te \u017eena koja joj je donela neverovatnu slavu bila je Zana Nimani. Njoj se klanjala cela biv\u0161a Jugoslavija, divili su se njenom mo\u0107nom glasu, harizmi i nesvakida\u0161njoj lepoti. Na putu ka popularnosti &#8220;Zani&#8221; je svakako pomogla [&hellip;]<\/p>\n","protected":false},"author":2,"featured_media":1876,"comment_status":"open","ping_status":"open","sticky":false,"template":"","format":"standard","meta":{"footnotes":""},"categories":[1],"tags":[],"class_list":["post-1874","post","type-post","status-publish","format-standard","has-post-thumbnail","hentry","category-uncategorized"],"acf":[],"yoast_head":"<!-- This site is optimized with the Yoast SEO plugin v26.2 - https:\/\/yoast.com\/wordpress\/plugins\/seo\/ -->\n<title>OTPEVALA JE KULTNE HITOVE, KOJE SVI OBO\u017dAVATE, PA NESTALA: Evo kako danas izgleda prva peva\u010dica benda Zana!(FOTO\/VIDEO) - Radio New York<\/title>\n<meta name=\"robots\" content=\"index, follow, max-snippet:-1, max-image-preview:large, max-video-preview:-1\" \/>\n<link rel=\"canonical\" href=\"https:\/\/radio-newyork.com\/?p=1874\" \/>\n<meta property=\"og:locale\" content=\"en_US\" \/>\n<meta property=\"og:type\" content=\"article\" \/>\n<meta property=\"og:title\" content=\"OTPEVALA JE KULTNE HITOVE, KOJE SVI OBO\u017dAVATE, PA NESTALA: Evo kako danas izgleda prva peva\u010dica benda Zana!(FOTO\/VIDEO) - Radio New York\" \/>\n<meta property=\"og:description\" content=\"Foto: Printscreen\/Grupa Zana\/YouTube Grupa &#8220;Zana&#8221; je svojevremeno bila jedna od najpopularnijih grupa u \u010ditavom regionu, a stub ovog sastava, te \u017eena koja joj je donela neverovatnu slavu bila je Zana Nimani. Njoj se klanjala cela biv\u0161a Jugoslavija, divili su se njenom mo\u0107nom glasu, harizmi i nesvakida\u0161njoj lepoti. Na putu ka popularnosti &#8220;Zani&#8221; je svakako pomogla [&hellip;]\" \/>\n<meta property=\"og:url\" content=\"https:\/\/radio-newyork.com\/?p=1874\" \/>\n<meta property=\"og:site_name\" content=\"Radio New York\" \/>\n<meta property=\"article:published_time\" content=\"2022-03-10T03:01:59+00:00\" \/>\n<meta property=\"article:modified_time\" content=\"2022-03-10T03:02:00+00:00\" \/>\n<meta property=\"og:image\" content=\"https:\/\/radio-newyork.com\/wp-content\/uploads\/2022\/03\/12193818_557042137779577_7951719756065208696_n.jpeg\" \/>\n\t<meta property=\"og:image:width\" content=\"900\" \/>\n\t<meta property=\"og:image:height\" content=\"608\" \/>\n\t<meta property=\"og:image:type\" content=\"image\/jpeg\" \/>\n<meta name=\"author\" content=\"Ismet Rastoder\" \/>\n<meta name=\"twitter:card\" content=\"summary_large_image\" \/>\n<meta name=\"twitter:label1\" content=\"Written by\" \/>\n\t<meta name=\"twitter:data1\" content=\"Ismet Rastoder\" \/>\n\t<meta name=\"twitter:label2\" content=\"Est. reading time\" \/>\n\t<meta name=\"twitter:data2\" content=\"2 minutes\" \/>\n<script type=\"application\/ld+json\" class=\"yoast-schema-graph\">{\"@context\":\"https:\/\/schema.org\",\"@graph\":[{\"@type\":\"Article\",\"@id\":\"https:\/\/radio-newyork.com\/?p=1874#article\",\"isPartOf\":{\"@id\":\"https:\/\/radio-newyork.com\/?p=1874\"},\"author\":{\"name\":\"Ismet Rastoder\",\"@id\":\"https:\/\/radio-newyork.com\/#\/schema\/person\/e2f4dbf5b60fd9ac004d77b9e1b59559\"},\"headline\":\"OTPEVALA JE KULTNE HITOVE, KOJE SVI OBO\u017dAVATE, PA NESTALA: Evo kako danas izgleda prva peva\u010dica benda Zana!(FOTO\/VIDEO)\",\"datePublished\":\"2022-03-10T03:01:59+00:00\",\"dateModified\":\"2022-03-10T03:02:00+00:00\",\"mainEntityOfPage\":{\"@id\":\"https:\/\/radio-newyork.com\/?p=1874\"},\"wordCount\":374,\"commentCount\":0,\"publisher\":{\"@id\":\"https:\/\/radio-newyork.com\/#organization\"},\"image\":{\"@id\":\"https:\/\/radio-newyork.com\/?p=1874#primaryimage\"},\"thumbnailUrl\":\"https:\/\/radio-newyork.com\/wp-content\/uploads\/2022\/03\/12193818_557042137779577_7951719756065208696_n.jpeg\",\"inLanguage\":\"en-US\",\"potentialAction\":[{\"@type\":\"CommentAction\",\"name\":\"Comment\",\"target\":[\"https:\/\/radio-newyork.com\/?p=1874#respond\"]}]},{\"@type\":\"WebPage\",\"@id\":\"https:\/\/radio-newyork.com\/?p=1874\",\"url\":\"https:\/\/radio-newyork.com\/?p=1874\",\"name\":\"OTPEVALA JE KULTNE HITOVE, KOJE SVI OBO\u017dAVATE, PA NESTALA: Evo kako danas izgleda prva peva\u010dica benda Zana!(FOTO\/VIDEO) - Radio New York\",\"isPartOf\":{\"@id\":\"https:\/\/radio-newyork.com\/#website\"},\"primaryImageOfPage\":{\"@id\":\"https:\/\/radio-newyork.com\/?p=1874#primaryimage\"},\"image\":{\"@id\":\"https:\/\/radio-newyork.com\/?p=1874#primaryimage\"},\"thumbnailUrl\":\"https:\/\/radio-newyork.com\/wp-content\/uploads\/2022\/03\/12193818_557042137779577_7951719756065208696_n.jpeg\",\"datePublished\":\"2022-03-10T03:01:59+00:00\",\"dateModified\":\"2022-03-10T03:02:00+00:00\",\"breadcrumb\":{\"@id\":\"https:\/\/radio-newyork.com\/?p=1874#breadcrumb\"},\"inLanguage\":\"en-US\",\"potentialAction\":[{\"@type\":\"ReadAction\",\"target\":[\"https:\/\/radio-newyork.com\/?p=1874\"]}]},{\"@type\":\"ImageObject\",\"inLanguage\":\"en-US\",\"@id\":\"https:\/\/radio-newyork.com\/?p=1874#primaryimage\",\"url\":\"https:\/\/radio-newyork.com\/wp-content\/uploads\/2022\/03\/12193818_557042137779577_7951719756065208696_n.jpeg\",\"contentUrl\":\"https:\/\/radio-newyork.com\/wp-content\/uploads\/2022\/03\/12193818_557042137779577_7951719756065208696_n.jpeg\",\"width\":900,\"height\":608},{\"@type\":\"BreadcrumbList\",\"@id\":\"https:\/\/radio-newyork.com\/?p=1874#breadcrumb\",\"itemListElement\":[{\"@type\":\"ListItem\",\"position\":1,\"name\":\"Home\",\"item\":\"https:\/\/radio-newyork.com\/\"},{\"@type\":\"ListItem\",\"position\":2,\"name\":\"OTPEVALA JE KULTNE HITOVE, KOJE SVI OBO\u017dAVATE, PA NESTALA: Evo kako danas izgleda prva peva\u010dica benda Zana!(FOTO\/VIDEO)\"}]},{\"@type\":\"WebSite\",\"@id\":\"https:\/\/radio-newyork.com\/#website\",\"url\":\"https:\/\/radio-newyork.com\/\",\"name\":\"Radio New York\",\"description\":\"Radio New York \u2014 Most Amerike i domovine\",\"publisher\":{\"@id\":\"https:\/\/radio-newyork.com\/#organization\"},\"potentialAction\":[{\"@type\":\"SearchAction\",\"target\":{\"@type\":\"EntryPoint\",\"urlTemplate\":\"https:\/\/radio-newyork.com\/?s={search_term_string}\"},\"query-input\":{\"@type\":\"PropertyValueSpecification\",\"valueRequired\":true,\"valueName\":\"search_term_string\"}}],\"inLanguage\":\"en-US\"},{\"@type\":\"Organization\",\"@id\":\"https:\/\/radio-newyork.com\/#organization\",\"name\":\"Radio New York\",\"url\":\"https:\/\/radio-newyork.com\/\",\"logo\":{\"@type\":\"ImageObject\",\"inLanguage\":\"en-US\",\"@id\":\"https:\/\/radio-newyork.com\/#\/schema\/logo\/image\/\",\"url\":\"https:\/\/radio-newyork.com\/wp-content\/uploads\/2021\/12\/262517255_4571047313011643_1786418142376364479_n.jpg\",\"contentUrl\":\"https:\/\/radio-newyork.com\/wp-content\/uploads\/2021\/12\/262517255_4571047313011643_1786418142376364479_n.jpg\",\"width\":212,\"height\":210,\"caption\":\"Radio New York\"},\"image\":{\"@id\":\"https:\/\/radio-newyork.com\/#\/schema\/logo\/image\/\"}},{\"@type\":\"Person\",\"@id\":\"https:\/\/radio-newyork.com\/#\/schema\/person\/e2f4dbf5b60fd9ac004d77b9e1b59559\",\"name\":\"Ismet Rastoder\",\"image\":{\"@type\":\"ImageObject\",\"inLanguage\":\"en-US\",\"@id\":\"https:\/\/radio-newyork.com\/#\/schema\/person\/image\/\",\"url\":\"https:\/\/secure.gravatar.com\/avatar\/800e8dd1eac3e728e825b7d5c16c80b067c4a0557a2ce54986c89f6008f454bb?s=96&d=mm&r=g\",\"contentUrl\":\"https:\/\/secure.gravatar.com\/avatar\/800e8dd1eac3e728e825b7d5c16c80b067c4a0557a2ce54986c89f6008f454bb?s=96&d=mm&r=g\",\"caption\":\"Ismet Rastoder\"},\"description\":\"Ismet Rastoder je urednik i osniva\u010d portala Radio New York \u2014 medijskog prostora posve\u0107enog dijaspori, dru\u0161tvenoj istini i stvarnim \u017eivotnim pitanjima Balkana i Amerike. Poznat po direktnom stilu, hrabrim komentarima i beskompromisnoj borbi protiv nepravde, Rastoder donosi glas zajednice koja se \u010desto ne \u010duje, ali itekako postoji. Vi\u0161e od dvije decenije aktivan je u zajednici i medijima, gdje kroz analize, autorske kolumne i dru\u0161tveni anga\u017eman povezuje iskustvo \u017eivota u Americi sa realno\u0161\u0107u Balkana. Njegove pri\u010de otvaraju va\u017ene teme \u2014 od identiteta i politike, do kulture, dijaspore i dru\u0161tvenih transformacija. Prepoznat je kao glas dijaspore koji govori ono \u0161to mnogi misle, ali rijetko ko ka\u017ee.\",\"sameAs\":[\"http:\/\/radio-newyork.com\"],\"url\":\"https:\/\/radio-newyork.com\/?author=2\"}]}<\/script>\n<!-- \/ Yoast SEO plugin. -->","yoast_head_json":{"title":"OTPEVALA JE KULTNE HITOVE, KOJE SVI OBO\u017dAVATE, PA NESTALA: Evo kako danas izgleda prva peva\u010dica benda Zana!(FOTO\/VIDEO) - Radio New York","robots":{"index":"index","follow":"follow","max-snippet":"max-snippet:-1","max-image-preview":"max-image-preview:large","max-video-preview":"max-video-preview:-1"},"canonical":"https:\/\/radio-newyork.com\/?p=1874","og_locale":"en_US","og_type":"article","og_title":"OTPEVALA JE KULTNE HITOVE, KOJE SVI OBO\u017dAVATE, PA NESTALA: Evo kako danas izgleda prva peva\u010dica benda Zana!(FOTO\/VIDEO) - Radio New York","og_description":"Foto: Printscreen\/Grupa Zana\/YouTube Grupa &#8220;Zana&#8221; je svojevremeno bila jedna od najpopularnijih grupa u \u010ditavom regionu, a stub ovog sastava, te \u017eena koja joj je donela neverovatnu slavu bila je Zana Nimani. Njoj se klanjala cela biv\u0161a Jugoslavija, divili su se njenom mo\u0107nom glasu, harizmi i nesvakida\u0161njoj lepoti. Na putu ka popularnosti &#8220;Zani&#8221; je svakako pomogla [&hellip;]","og_url":"https:\/\/radio-newyork.com\/?p=1874","og_site_name":"Radio New York","article_published_time":"2022-03-10T03:01:59+00:00","article_modified_time":"2022-03-10T03:02:00+00:00","og_image":[{"width":900,"height":608,"url":"https:\/\/radio-newyork.com\/wp-content\/uploads\/2022\/03\/12193818_557042137779577_7951719756065208696_n.jpeg","type":"image\/jpeg"}],"author":"Ismet Rastoder","twitter_card":"summary_large_image","twitter_misc":{"Written by":"Ismet Rastoder","Est. reading time":"2 minutes"},"schema":{"@context":"https:\/\/schema.org","@graph":[{"@type":"Article","@id":"https:\/\/radio-newyork.com\/?p=1874#article","isPartOf":{"@id":"https:\/\/radio-newyork.com\/?p=1874"},"author":{"name":"Ismet Rastoder","@id":"https:\/\/radio-newyork.com\/#\/schema\/person\/e2f4dbf5b60fd9ac004d77b9e1b59559"},"headline":"OTPEVALA JE KULTNE HITOVE, KOJE SVI OBO\u017dAVATE, PA NESTALA: Evo kako danas izgleda prva peva\u010dica benda Zana!(FOTO\/VIDEO)","datePublished":"2022-03-10T03:01:59+00:00","dateModified":"2022-03-10T03:02:00+00:00","mainEntityOfPage":{"@id":"https:\/\/radio-newyork.com\/?p=1874"},"wordCount":374,"commentCount":0,"publisher":{"@id":"https:\/\/radio-newyork.com\/#organization"},"image":{"@id":"https:\/\/radio-newyork.com\/?p=1874#primaryimage"},"thumbnailUrl":"https:\/\/radio-newyork.com\/wp-content\/uploads\/2022\/03\/12193818_557042137779577_7951719756065208696_n.jpeg","inLanguage":"en-US","potentialAction":[{"@type":"CommentAction","name":"Comment","target":["https:\/\/radio-newyork.com\/?p=1874#respond"]}]},{"@type":"WebPage","@id":"https:\/\/radio-newyork.com\/?p=1874","url":"https:\/\/radio-newyork.com\/?p=1874","name":"OTPEVALA JE KULTNE HITOVE, KOJE SVI OBO\u017dAVATE, PA NESTALA: Evo kako danas izgleda prva peva\u010dica benda Zana!(FOTO\/VIDEO) - Radio New York","isPartOf":{"@id":"https:\/\/radio-newyork.com\/#website"},"primaryImageOfPage":{"@id":"https:\/\/radio-newyork.com\/?p=1874#primaryimage"},"image":{"@id":"https:\/\/radio-newyork.com\/?p=1874#primaryimage"},"thumbnailUrl":"https:\/\/radio-newyork.com\/wp-content\/uploads\/2022\/03\/12193818_557042137779577_7951719756065208696_n.jpeg","datePublished":"2022-03-10T03:01:59+00:00","dateModified":"2022-03-10T03:02:00+00:00","breadcrumb":{"@id":"https:\/\/radio-newyork.com\/?p=1874#breadcrumb"},"inLanguage":"en-US","potentialAction":[{"@type":"ReadAction","target":["https:\/\/radio-newyork.com\/?p=1874"]}]},{"@type":"ImageObject","inLanguage":"en-US","@id":"https:\/\/radio-newyork.com\/?p=1874#primaryimage","url":"https:\/\/radio-newyork.com\/wp-content\/uploads\/2022\/03\/12193818_557042137779577_7951719756065208696_n.jpeg","contentUrl":"https:\/\/radio-newyork.com\/wp-content\/uploads\/2022\/03\/12193818_557042137779577_7951719756065208696_n.jpeg","width":900,"height":608},{"@type":"BreadcrumbList","@id":"https:\/\/radio-newyork.com\/?p=1874#breadcrumb","itemListElement":[{"@type":"ListItem","position":1,"name":"Home","item":"https:\/\/radio-newyork.com\/"},{"@type":"ListItem","position":2,"name":"OTPEVALA JE KULTNE HITOVE, KOJE SVI OBO\u017dAVATE, PA NESTALA: Evo kako danas izgleda prva peva\u010dica benda Zana!(FOTO\/VIDEO)"}]},{"@type":"WebSite","@id":"https:\/\/radio-newyork.com\/#website","url":"https:\/\/radio-newyork.com\/","name":"Radio New York","description":"Radio New York \u2014 Most Amerike i domovine","publisher":{"@id":"https:\/\/radio-newyork.com\/#organization"},"potentialAction":[{"@type":"SearchAction","target":{"@type":"EntryPoint","urlTemplate":"https:\/\/radio-newyork.com\/?s={search_term_string}"},"query-input":{"@type":"PropertyValueSpecification","valueRequired":true,"valueName":"search_term_string"}}],"inLanguage":"en-US"},{"@type":"Organization","@id":"https:\/\/radio-newyork.com\/#organization","name":"Radio New York","url":"https:\/\/radio-newyork.com\/","logo":{"@type":"ImageObject","inLanguage":"en-US","@id":"https:\/\/radio-newyork.com\/#\/schema\/logo\/image\/","url":"https:\/\/radio-newyork.com\/wp-content\/uploads\/2021\/12\/262517255_4571047313011643_1786418142376364479_n.jpg","contentUrl":"https:\/\/radio-newyork.com\/wp-content\/uploads\/2021\/12\/262517255_4571047313011643_1786418142376364479_n.jpg","width":212,"height":210,"caption":"Radio New York"},"image":{"@id":"https:\/\/radio-newyork.com\/#\/schema\/logo\/image\/"}},{"@type":"Person","@id":"https:\/\/radio-newyork.com\/#\/schema\/person\/e2f4dbf5b60fd9ac004d77b9e1b59559","name":"Ismet Rastoder","image":{"@type":"ImageObject","inLanguage":"en-US","@id":"https:\/\/radio-newyork.com\/#\/schema\/person\/image\/","url":"https:\/\/secure.gravatar.com\/avatar\/800e8dd1eac3e728e825b7d5c16c80b067c4a0557a2ce54986c89f6008f454bb?s=96&d=mm&r=g","contentUrl":"https:\/\/secure.gravatar.com\/avatar\/800e8dd1eac3e728e825b7d5c16c80b067c4a0557a2ce54986c89f6008f454bb?s=96&d=mm&r=g","caption":"Ismet Rastoder"},"description":"Ismet Rastoder je urednik i osniva\u010d portala Radio New York \u2014 medijskog prostora posve\u0107enog dijaspori, dru\u0161tvenoj istini i stvarnim \u017eivotnim pitanjima Balkana i Amerike. Poznat po direktnom stilu, hrabrim komentarima i beskompromisnoj borbi protiv nepravde, Rastoder donosi glas zajednice koja se \u010desto ne \u010duje, ali itekako postoji. Vi\u0161e od dvije decenije aktivan je u zajednici i medijima, gdje kroz analize, autorske kolumne i dru\u0161tveni anga\u017eman povezuje iskustvo \u017eivota u Americi sa realno\u0161\u0107u Balkana. Njegove pri\u010de otvaraju va\u017ene teme \u2014 od identiteta i politike, do kulture, dijaspore i dru\u0161tvenih transformacija. Prepoznat je kao glas dijaspore koji govori ono \u0161to mnogi misle, ali rijetko ko ka\u017ee.","sameAs":["http:\/\/radio-newyork.com"],"url":"https:\/\/radio-newyork.com\/?author=2"}]}},"_links":{"self":[{"href":"https:\/\/radio-newyork.com\/index.php?rest_route=\/wp\/v2\/posts\/1874","targetHints":{"allow":["GET"]}}],"collection":[{"href":"https:\/\/radio-newyork.com\/index.php?rest_route=\/wp\/v2\/posts"}],"about":[{"href":"https:\/\/radio-newyork.com\/index.php?rest_route=\/wp\/v2\/types\/post"}],"author":[{"embeddable":true,"href":"https:\/\/radio-newyork.com\/index.php?rest_route=\/wp\/v2\/users\/2"}],"replies":[{"embeddable":true,"href":"https:\/\/radio-newyork.com\/index.php?rest_route=%2Fwp%2Fv2%2Fcomments&post=1874"}],"version-history":[{"count":1,"href":"https:\/\/radio-newyork.com\/index.php?rest_route=\/wp\/v2\/posts\/1874\/revisions"}],"predecessor-version":[{"id":1877,"href":"https:\/\/radio-newyork.com\/index.php?rest_route=\/wp\/v2\/posts\/1874\/revisions\/1877"}],"wp:featuredmedia":[{"embeddable":true,"href":"https:\/\/radio-newyork.com\/index.php?rest_route=\/wp\/v2\/media\/1876"}],"wp:attachment":[{"href":"https:\/\/radio-newyork.com\/index.php?rest_route=%2Fwp%2Fv2%2Fmedia&parent=1874"}],"wp:term":[{"taxonomy":"category","embeddable":true,"href":"https:\/\/radio-newyork.com\/index.php?rest_route=%2Fwp%2Fv2%2Fcategories&post=1874"},{"taxonomy":"post_tag","embeddable":true,"href":"https:\/\/radio-newyork.com\/index.php?rest_route=%2Fwp%2Fv2%2Ftags&post=1874"}],"curies":[{"name":"wp","href":"https:\/\/api.w.org\/{rel}","templated":true}]}}