{"id":1871,"date":"2022-03-10T02:53:41","date_gmt":"2022-03-10T02:53:41","guid":{"rendered":"https:\/\/radio-newyork.com\/?p=1871"},"modified":"2022-03-10T02:53:42","modified_gmt":"2022-03-10T02:53:42","slug":"med-eliksir-za-mladost-i-ljepotu","status":"publish","type":"post","link":"https:\/\/radio-newyork.com\/?p=1871","title":{"rendered":"Med: Eliksir za mladost i ljepotu"},"content":{"rendered":"\n<figure class=\"wp-block-image\"><a href=\"https:\/\/azra.ba\/wp-content\/uploads\/2022\/03\/Untitled-design-2022-03-07T075114.534.png\"><img decoding=\"async\" src=\"https:\/\/azra.ba\/wp-content\/uploads\/2022\/03\/Untitled-design-2022-03-07T075114.534.png\" alt=\"\" class=\"wp-image-266913\"\/><\/a><\/figure>\n\n\n\n<p>Med je jedan od nutritivno najbogatijih prirodnih proizvoda koje koristimo stolje\u0107ima i izuzetno je koristan za lice i ko\u017eu. Ima zacjeljuju\u0107a, antimikrobna i protuupalna svojstva. Ova svojstva mogu pomo\u0107i kod problema s ko\u017eom, poput akni, suhe ko\u017ee i neujedna\u010denog tena ko\u017ee. Med, posebno nepasterizirani sirovi med smatra se izvrsnim, ne samo za va\u0161e zdravlje ve\u0107 i za lokalnu primjenu.<\/p>\n\n\n\n<p>Osim u medicini, med se na\u0161iroko koristi u kozmetologiji. \u0160ta bi moglo biti korisnije za ko\u017eu od prirodnog proizvoda, bez konzervansa, hemije i drugih ne\u017eeljenih supstanci? Maske, kreme, serumi i pilinzi na bazi meda imaju prekrasan u\u010dinak na ko\u017eu lica, tijela i kose. U dana\u0161nje vrijeme, spoznajom beneficija meda, na tr\u017ei\u0161tu mo\u017eete prona\u0107i mnogo proizvoda za njegu lica na bazi meda. Me\u0111utim, ukoliko niste ljubitelj industrijskih proizvoda, uvijek mo\u017eete ne\u0161to napraviti sami kod ku\u0107e.<\/p>\n\n\n\n<h4 class=\"wp-block-heading\">Za kosu<\/h4>\n\n\n\n<figure class=\"wp-block-image\"><a href=\"https:\/\/azra.ba\/wp-content\/uploads\/2022\/03\/1305beauty-3.jpg\"><img decoding=\"async\" src=\"https:\/\/azra.ba\/wp-content\/uploads\/2022\/03\/1305beauty-3.jpg\" alt=\"\" class=\"wp-image-266915\"\/><\/a><\/figure>\n\n\n\n<p>Med za kosu je pravi mali \u010darobnjak. Mo\u017eete ga koristiti u maskama, kao \u0161ampon ili da posvijetlite svoju kosu. \u010cak, ja\u010da korijen kose i smanjuje gubitak vlasi.<\/p>\n\n\n\n<p>Mnogo je prednosti koje ima med za kosu, a najve\u0107e su: bogata antioksidativna svojstva koja spre\u010davaju o\u0161te\u0107enja, odr\u017eava kvalitet kose i ko\u017ee glave, ja\u010da folikule dlake, smanjuje opadanje kose, sadr\u017ei antibakterijske i antisepti\u010dke osobine, spre\u010dava infekcije vlasi\u0161ta i rje\u0161ava probleme peruti, ekcema i psorijaze, omogu\u0107avaju\u0107i nesmetan rast kose.<\/p>\n\n\n\n<h4 class=\"wp-block-heading\">Za lice<\/h4>\n\n\n\n<figure class=\"wp-block-image\"><a href=\"https:\/\/azra.ba\/wp-content\/uploads\/2022\/03\/meeed.jpg\"><img decoding=\"async\" src=\"https:\/\/azra.ba\/wp-content\/uploads\/2022\/03\/meeed.jpg\" alt=\"\" class=\"wp-image-266914\"\/><\/a><\/figure>\n\n\n\n<p>Mnoge kreme i balzami dostupni na tr\u017ei\u0161tu sadr\u017ee neku vrstu meda ili miri\u0161u na med, \u0161to nas navodi da ih kupimo. Ipak, nekad je najbolje napraviti maske za lice od&nbsp;doma\u0107eg meda&nbsp;kod ku\u0107e.&nbsp;Sam med se mo\u017ee nanositi na lice svaki dan, a \u010dak mo\u017eete staviti&nbsp;med na lice i preko no\u0107i. U svakom slu\u010daju \u0107e vam ko\u017ea ostati mekana i jako zahvalna za hranjivi tretman. Med posjeduje&nbsp;ljekovita svojstva&nbsp;za ko\u017eu, kao \u0161to su: antibakterijska, antiupalna, zacjeljivanje rana i hranjivost.<\/p>\n","protected":false},"excerpt":{"rendered":"<p>Med je jedan od nutritivno najbogatijih prirodnih proizvoda koje koristimo stolje\u0107ima i izuzetno je koristan za lice i ko\u017eu. Ima zacjeljuju\u0107a, antimikrobna i protuupalna svojstva. Ova svojstva mogu pomo\u0107i kod problema s ko\u017eom, poput akni, suhe ko\u017ee i neujedna\u010denog tena ko\u017ee. Med, posebno nepasterizirani sirovi med smatra se izvrsnim, ne samo za va\u0161e zdravlje ve\u0107 [&hellip;]<\/p>\n","protected":false},"author":2,"featured_media":1872,"comment_status":"open","ping_status":"open","sticky":false,"template":"","format":"standard","meta":{"footnotes":""},"categories":[1],"tags":[],"class_list":["post-1871","post","type-post","status-publish","format-standard","has-post-thumbnail","hentry","category-uncategorized"],"acf":[],"yoast_head":"<!-- This site is optimized with the Yoast SEO plugin v26.2 - https:\/\/yoast.com\/wordpress\/plugins\/seo\/ -->\n<title>Med: Eliksir za mladost i ljepotu - Radio New York<\/title>\n<meta name=\"robots\" content=\"index, follow, max-snippet:-1, max-image-preview:large, max-video-preview:-1\" \/>\n<link rel=\"canonical\" href=\"https:\/\/radio-newyork.com\/?p=1871\" \/>\n<meta property=\"og:locale\" content=\"en_US\" \/>\n<meta property=\"og:type\" content=\"article\" \/>\n<meta property=\"og:title\" content=\"Med: Eliksir za mladost i ljepotu - Radio New York\" \/>\n<meta property=\"og:description\" content=\"Med je jedan od nutritivno najbogatijih prirodnih proizvoda koje koristimo stolje\u0107ima i izuzetno je koristan za lice i ko\u017eu. Ima zacjeljuju\u0107a, antimikrobna i protuupalna svojstva. Ova svojstva mogu pomo\u0107i kod problema s ko\u017eom, poput akni, suhe ko\u017ee i neujedna\u010denog tena ko\u017ee. Med, posebno nepasterizirani sirovi med smatra se izvrsnim, ne samo za va\u0161e zdravlje ve\u0107 [&hellip;]\" \/>\n<meta property=\"og:url\" content=\"https:\/\/radio-newyork.com\/?p=1871\" \/>\n<meta property=\"og:site_name\" content=\"Radio New York\" \/>\n<meta property=\"article:published_time\" content=\"2022-03-10T02:53:41+00:00\" \/>\n<meta property=\"article:modified_time\" content=\"2022-03-10T02:53:42+00:00\" \/>\n<meta property=\"og:image\" content=\"https:\/\/radio-newyork.com\/wp-content\/uploads\/2022\/03\/Untitled-design-2022-03-07T075114.534.png\" \/>\n\t<meta property=\"og:image:width\" content=\"1640\" \/>\n\t<meta property=\"og:image:height\" content=\"924\" \/>\n\t<meta property=\"og:image:type\" content=\"image\/png\" \/>\n<meta name=\"author\" content=\"Ismet Rastoder\" \/>\n<meta name=\"twitter:card\" content=\"summary_large_image\" \/>\n<meta name=\"twitter:label1\" content=\"Written by\" \/>\n\t<meta name=\"twitter:data1\" content=\"Ismet Rastoder\" \/>\n\t<meta name=\"twitter:label2\" content=\"Est. reading time\" \/>\n\t<meta name=\"twitter:data2\" content=\"2 minutes\" \/>\n<script type=\"application\/ld+json\" class=\"yoast-schema-graph\">{\"@context\":\"https:\/\/schema.org\",\"@graph\":[{\"@type\":\"Article\",\"@id\":\"https:\/\/radio-newyork.com\/?p=1871#article\",\"isPartOf\":{\"@id\":\"https:\/\/radio-newyork.com\/?p=1871\"},\"author\":{\"name\":\"Ismet Rastoder\",\"@id\":\"https:\/\/radio-newyork.com\/#\/schema\/person\/e2f4dbf5b60fd9ac004d77b9e1b59559\"},\"headline\":\"Med: Eliksir za mladost i ljepotu\",\"datePublished\":\"2022-03-10T02:53:41+00:00\",\"dateModified\":\"2022-03-10T02:53:42+00:00\",\"mainEntityOfPage\":{\"@id\":\"https:\/\/radio-newyork.com\/?p=1871\"},\"wordCount\":357,\"commentCount\":0,\"publisher\":{\"@id\":\"https:\/\/radio-newyork.com\/#organization\"},\"image\":{\"@id\":\"https:\/\/radio-newyork.com\/?p=1871#primaryimage\"},\"thumbnailUrl\":\"https:\/\/radio-newyork.com\/wp-content\/uploads\/2022\/03\/Untitled-design-2022-03-07T075114.534.png\",\"inLanguage\":\"en-US\",\"potentialAction\":[{\"@type\":\"CommentAction\",\"name\":\"Comment\",\"target\":[\"https:\/\/radio-newyork.com\/?p=1871#respond\"]}]},{\"@type\":\"WebPage\",\"@id\":\"https:\/\/radio-newyork.com\/?p=1871\",\"url\":\"https:\/\/radio-newyork.com\/?p=1871\",\"name\":\"Med: Eliksir za mladost i ljepotu - Radio New York\",\"isPartOf\":{\"@id\":\"https:\/\/radio-newyork.com\/#website\"},\"primaryImageOfPage\":{\"@id\":\"https:\/\/radio-newyork.com\/?p=1871#primaryimage\"},\"image\":{\"@id\":\"https:\/\/radio-newyork.com\/?p=1871#primaryimage\"},\"thumbnailUrl\":\"https:\/\/radio-newyork.com\/wp-content\/uploads\/2022\/03\/Untitled-design-2022-03-07T075114.534.png\",\"datePublished\":\"2022-03-10T02:53:41+00:00\",\"dateModified\":\"2022-03-10T02:53:42+00:00\",\"breadcrumb\":{\"@id\":\"https:\/\/radio-newyork.com\/?p=1871#breadcrumb\"},\"inLanguage\":\"en-US\",\"potentialAction\":[{\"@type\":\"ReadAction\",\"target\":[\"https:\/\/radio-newyork.com\/?p=1871\"]}]},{\"@type\":\"ImageObject\",\"inLanguage\":\"en-US\",\"@id\":\"https:\/\/radio-newyork.com\/?p=1871#primaryimage\",\"url\":\"https:\/\/radio-newyork.com\/wp-content\/uploads\/2022\/03\/Untitled-design-2022-03-07T075114.534.png\",\"contentUrl\":\"https:\/\/radio-newyork.com\/wp-content\/uploads\/2022\/03\/Untitled-design-2022-03-07T075114.534.png\",\"width\":1640,\"height\":924},{\"@type\":\"BreadcrumbList\",\"@id\":\"https:\/\/radio-newyork.com\/?p=1871#breadcrumb\",\"itemListElement\":[{\"@type\":\"ListItem\",\"position\":1,\"name\":\"Home\",\"item\":\"https:\/\/radio-newyork.com\/\"},{\"@type\":\"ListItem\",\"position\":2,\"name\":\"Med: Eliksir za mladost i ljepotu\"}]},{\"@type\":\"WebSite\",\"@id\":\"https:\/\/radio-newyork.com\/#website\",\"url\":\"https:\/\/radio-newyork.com\/\",\"name\":\"Radio New York\",\"description\":\"Radio New York \u2014 Most Amerike i domovine\",\"publisher\":{\"@id\":\"https:\/\/radio-newyork.com\/#organization\"},\"potentialAction\":[{\"@type\":\"SearchAction\",\"target\":{\"@type\":\"EntryPoint\",\"urlTemplate\":\"https:\/\/radio-newyork.com\/?s={search_term_string}\"},\"query-input\":{\"@type\":\"PropertyValueSpecification\",\"valueRequired\":true,\"valueName\":\"search_term_string\"}}],\"inLanguage\":\"en-US\"},{\"@type\":\"Organization\",\"@id\":\"https:\/\/radio-newyork.com\/#organization\",\"name\":\"Radio New York\",\"url\":\"https:\/\/radio-newyork.com\/\",\"logo\":{\"@type\":\"ImageObject\",\"inLanguage\":\"en-US\",\"@id\":\"https:\/\/radio-newyork.com\/#\/schema\/logo\/image\/\",\"url\":\"https:\/\/radio-newyork.com\/wp-content\/uploads\/2021\/12\/262517255_4571047313011643_1786418142376364479_n.jpg\",\"contentUrl\":\"https:\/\/radio-newyork.com\/wp-content\/uploads\/2021\/12\/262517255_4571047313011643_1786418142376364479_n.jpg\",\"width\":212,\"height\":210,\"caption\":\"Radio New York\"},\"image\":{\"@id\":\"https:\/\/radio-newyork.com\/#\/schema\/logo\/image\/\"}},{\"@type\":\"Person\",\"@id\":\"https:\/\/radio-newyork.com\/#\/schema\/person\/e2f4dbf5b60fd9ac004d77b9e1b59559\",\"name\":\"Ismet Rastoder\",\"image\":{\"@type\":\"ImageObject\",\"inLanguage\":\"en-US\",\"@id\":\"https:\/\/radio-newyork.com\/#\/schema\/person\/image\/\",\"url\":\"https:\/\/secure.gravatar.com\/avatar\/800e8dd1eac3e728e825b7d5c16c80b067c4a0557a2ce54986c89f6008f454bb?s=96&d=mm&r=g\",\"contentUrl\":\"https:\/\/secure.gravatar.com\/avatar\/800e8dd1eac3e728e825b7d5c16c80b067c4a0557a2ce54986c89f6008f454bb?s=96&d=mm&r=g\",\"caption\":\"Ismet Rastoder\"},\"description\":\"Ismet Rastoder je urednik i osniva\u010d portala Radio New York \u2014 medijskog prostora posve\u0107enog dijaspori, dru\u0161tvenoj istini i stvarnim \u017eivotnim pitanjima Balkana i Amerike. Poznat po direktnom stilu, hrabrim komentarima i beskompromisnoj borbi protiv nepravde, Rastoder donosi glas zajednice koja se \u010desto ne \u010duje, ali itekako postoji. Vi\u0161e od dvije decenije aktivan je u zajednici i medijima, gdje kroz analize, autorske kolumne i dru\u0161tveni anga\u017eman povezuje iskustvo \u017eivota u Americi sa realno\u0161\u0107u Balkana. Njegove pri\u010de otvaraju va\u017ene teme \u2014 od identiteta i politike, do kulture, dijaspore i dru\u0161tvenih transformacija. Prepoznat je kao glas dijaspore koji govori ono \u0161to mnogi misle, ali rijetko ko ka\u017ee.\",\"sameAs\":[\"http:\/\/radio-newyork.com\"],\"url\":\"https:\/\/radio-newyork.com\/?author=2\"}]}<\/script>\n<!-- \/ Yoast SEO plugin. -->","yoast_head_json":{"title":"Med: Eliksir za mladost i ljepotu - Radio New York","robots":{"index":"index","follow":"follow","max-snippet":"max-snippet:-1","max-image-preview":"max-image-preview:large","max-video-preview":"max-video-preview:-1"},"canonical":"https:\/\/radio-newyork.com\/?p=1871","og_locale":"en_US","og_type":"article","og_title":"Med: Eliksir za mladost i ljepotu - Radio New York","og_description":"Med je jedan od nutritivno najbogatijih prirodnih proizvoda koje koristimo stolje\u0107ima i izuzetno je koristan za lice i ko\u017eu. Ima zacjeljuju\u0107a, antimikrobna i protuupalna svojstva. Ova svojstva mogu pomo\u0107i kod problema s ko\u017eom, poput akni, suhe ko\u017ee i neujedna\u010denog tena ko\u017ee. Med, posebno nepasterizirani sirovi med smatra se izvrsnim, ne samo za va\u0161e zdravlje ve\u0107 [&hellip;]","og_url":"https:\/\/radio-newyork.com\/?p=1871","og_site_name":"Radio New York","article_published_time":"2022-03-10T02:53:41+00:00","article_modified_time":"2022-03-10T02:53:42+00:00","og_image":[{"width":1640,"height":924,"url":"https:\/\/radio-newyork.com\/wp-content\/uploads\/2022\/03\/Untitled-design-2022-03-07T075114.534.png","type":"image\/png"}],"author":"Ismet Rastoder","twitter_card":"summary_large_image","twitter_misc":{"Written by":"Ismet Rastoder","Est. reading time":"2 minutes"},"schema":{"@context":"https:\/\/schema.org","@graph":[{"@type":"Article","@id":"https:\/\/radio-newyork.com\/?p=1871#article","isPartOf":{"@id":"https:\/\/radio-newyork.com\/?p=1871"},"author":{"name":"Ismet Rastoder","@id":"https:\/\/radio-newyork.com\/#\/schema\/person\/e2f4dbf5b60fd9ac004d77b9e1b59559"},"headline":"Med: Eliksir za mladost i ljepotu","datePublished":"2022-03-10T02:53:41+00:00","dateModified":"2022-03-10T02:53:42+00:00","mainEntityOfPage":{"@id":"https:\/\/radio-newyork.com\/?p=1871"},"wordCount":357,"commentCount":0,"publisher":{"@id":"https:\/\/radio-newyork.com\/#organization"},"image":{"@id":"https:\/\/radio-newyork.com\/?p=1871#primaryimage"},"thumbnailUrl":"https:\/\/radio-newyork.com\/wp-content\/uploads\/2022\/03\/Untitled-design-2022-03-07T075114.534.png","inLanguage":"en-US","potentialAction":[{"@type":"CommentAction","name":"Comment","target":["https:\/\/radio-newyork.com\/?p=1871#respond"]}]},{"@type":"WebPage","@id":"https:\/\/radio-newyork.com\/?p=1871","url":"https:\/\/radio-newyork.com\/?p=1871","name":"Med: Eliksir za mladost i ljepotu - Radio New York","isPartOf":{"@id":"https:\/\/radio-newyork.com\/#website"},"primaryImageOfPage":{"@id":"https:\/\/radio-newyork.com\/?p=1871#primaryimage"},"image":{"@id":"https:\/\/radio-newyork.com\/?p=1871#primaryimage"},"thumbnailUrl":"https:\/\/radio-newyork.com\/wp-content\/uploads\/2022\/03\/Untitled-design-2022-03-07T075114.534.png","datePublished":"2022-03-10T02:53:41+00:00","dateModified":"2022-03-10T02:53:42+00:00","breadcrumb":{"@id":"https:\/\/radio-newyork.com\/?p=1871#breadcrumb"},"inLanguage":"en-US","potentialAction":[{"@type":"ReadAction","target":["https:\/\/radio-newyork.com\/?p=1871"]}]},{"@type":"ImageObject","inLanguage":"en-US","@id":"https:\/\/radio-newyork.com\/?p=1871#primaryimage","url":"https:\/\/radio-newyork.com\/wp-content\/uploads\/2022\/03\/Untitled-design-2022-03-07T075114.534.png","contentUrl":"https:\/\/radio-newyork.com\/wp-content\/uploads\/2022\/03\/Untitled-design-2022-03-07T075114.534.png","width":1640,"height":924},{"@type":"BreadcrumbList","@id":"https:\/\/radio-newyork.com\/?p=1871#breadcrumb","itemListElement":[{"@type":"ListItem","position":1,"name":"Home","item":"https:\/\/radio-newyork.com\/"},{"@type":"ListItem","position":2,"name":"Med: Eliksir za mladost i ljepotu"}]},{"@type":"WebSite","@id":"https:\/\/radio-newyork.com\/#website","url":"https:\/\/radio-newyork.com\/","name":"Radio New York","description":"Radio New York \u2014 Most Amerike i domovine","publisher":{"@id":"https:\/\/radio-newyork.com\/#organization"},"potentialAction":[{"@type":"SearchAction","target":{"@type":"EntryPoint","urlTemplate":"https:\/\/radio-newyork.com\/?s={search_term_string}"},"query-input":{"@type":"PropertyValueSpecification","valueRequired":true,"valueName":"search_term_string"}}],"inLanguage":"en-US"},{"@type":"Organization","@id":"https:\/\/radio-newyork.com\/#organization","name":"Radio New York","url":"https:\/\/radio-newyork.com\/","logo":{"@type":"ImageObject","inLanguage":"en-US","@id":"https:\/\/radio-newyork.com\/#\/schema\/logo\/image\/","url":"https:\/\/radio-newyork.com\/wp-content\/uploads\/2021\/12\/262517255_4571047313011643_1786418142376364479_n.jpg","contentUrl":"https:\/\/radio-newyork.com\/wp-content\/uploads\/2021\/12\/262517255_4571047313011643_1786418142376364479_n.jpg","width":212,"height":210,"caption":"Radio New York"},"image":{"@id":"https:\/\/radio-newyork.com\/#\/schema\/logo\/image\/"}},{"@type":"Person","@id":"https:\/\/radio-newyork.com\/#\/schema\/person\/e2f4dbf5b60fd9ac004d77b9e1b59559","name":"Ismet Rastoder","image":{"@type":"ImageObject","inLanguage":"en-US","@id":"https:\/\/radio-newyork.com\/#\/schema\/person\/image\/","url":"https:\/\/secure.gravatar.com\/avatar\/800e8dd1eac3e728e825b7d5c16c80b067c4a0557a2ce54986c89f6008f454bb?s=96&d=mm&r=g","contentUrl":"https:\/\/secure.gravatar.com\/avatar\/800e8dd1eac3e728e825b7d5c16c80b067c4a0557a2ce54986c89f6008f454bb?s=96&d=mm&r=g","caption":"Ismet Rastoder"},"description":"Ismet Rastoder je urednik i osniva\u010d portala Radio New York \u2014 medijskog prostora posve\u0107enog dijaspori, dru\u0161tvenoj istini i stvarnim \u017eivotnim pitanjima Balkana i Amerike. Poznat po direktnom stilu, hrabrim komentarima i beskompromisnoj borbi protiv nepravde, Rastoder donosi glas zajednice koja se \u010desto ne \u010duje, ali itekako postoji. Vi\u0161e od dvije decenije aktivan je u zajednici i medijima, gdje kroz analize, autorske kolumne i dru\u0161tveni anga\u017eman povezuje iskustvo \u017eivota u Americi sa realno\u0161\u0107u Balkana. Njegove pri\u010de otvaraju va\u017ene teme \u2014 od identiteta i politike, do kulture, dijaspore i dru\u0161tvenih transformacija. Prepoznat je kao glas dijaspore koji govori ono \u0161to mnogi misle, ali rijetko ko ka\u017ee.","sameAs":["http:\/\/radio-newyork.com"],"url":"https:\/\/radio-newyork.com\/?author=2"}]}},"_links":{"self":[{"href":"https:\/\/radio-newyork.com\/index.php?rest_route=\/wp\/v2\/posts\/1871","targetHints":{"allow":["GET"]}}],"collection":[{"href":"https:\/\/radio-newyork.com\/index.php?rest_route=\/wp\/v2\/posts"}],"about":[{"href":"https:\/\/radio-newyork.com\/index.php?rest_route=\/wp\/v2\/types\/post"}],"author":[{"embeddable":true,"href":"https:\/\/radio-newyork.com\/index.php?rest_route=\/wp\/v2\/users\/2"}],"replies":[{"embeddable":true,"href":"https:\/\/radio-newyork.com\/index.php?rest_route=%2Fwp%2Fv2%2Fcomments&post=1871"}],"version-history":[{"count":1,"href":"https:\/\/radio-newyork.com\/index.php?rest_route=\/wp\/v2\/posts\/1871\/revisions"}],"predecessor-version":[{"id":1873,"href":"https:\/\/radio-newyork.com\/index.php?rest_route=\/wp\/v2\/posts\/1871\/revisions\/1873"}],"wp:featuredmedia":[{"embeddable":true,"href":"https:\/\/radio-newyork.com\/index.php?rest_route=\/wp\/v2\/media\/1872"}],"wp:attachment":[{"href":"https:\/\/radio-newyork.com\/index.php?rest_route=%2Fwp%2Fv2%2Fmedia&parent=1871"}],"wp:term":[{"taxonomy":"category","embeddable":true,"href":"https:\/\/radio-newyork.com\/index.php?rest_route=%2Fwp%2Fv2%2Fcategories&post=1871"},{"taxonomy":"post_tag","embeddable":true,"href":"https:\/\/radio-newyork.com\/index.php?rest_route=%2Fwp%2Fv2%2Ftags&post=1871"}],"curies":[{"name":"wp","href":"https:\/\/api.w.org\/{rel}","templated":true}]}}