{"id":1868,"date":"2022-03-10T02:48:43","date_gmt":"2022-03-10T02:48:43","guid":{"rendered":"https:\/\/radio-newyork.com\/?p=1868"},"modified":"2022-03-10T02:50:11","modified_gmt":"2022-03-10T02:50:11","slug":"kim-kardashian-u-bizarnoj-kreaciji-kako-uopste-dise","status":"publish","type":"post","link":"https:\/\/radio-newyork.com\/?p=1868","title":{"rendered":"Kim Kardashian u bizarnoj kreaciji: Kako uop\u0161te di\u0161e?"},"content":{"rendered":"\n<figure class=\"wp-block-image\"><a href=\"https:\/\/azra.ba\/wp-content\/uploads\/2022\/03\/Untitled-design-2022-03-07T090642.593.png\"><img decoding=\"async\" src=\"https:\/\/azra.ba\/wp-content\/uploads\/2022\/03\/Untitled-design-2022-03-07T090642.593.png\" alt=\"\" class=\"wp-image-266918\"\/><\/a><\/figure>\n\n\n\n<p>\u0160efovi modne ku\u0107e Balenciaga napravili su svojevrsni spektakl revije. Modeli su kolekciju za jesen\/zimu 2022.\/2023. nosili na snje\u017enoj pisti dok je po njima puhao la\u017eni snijeg. Me\u0111utim,&nbsp;pa\u017enju je umjesto&nbsp;modela i revije ukrala upravo Kim Kardashian,&nbsp;koja je publiku iznenadila pojaviv\u0161i se od glave do pete omotana \u017eutom samoljepljivom trakom s logom brenda.<\/p>\n\n\n\n<p>Kim je doslovno&nbsp;sve svoje obline od glave do pete omotala ljepljivom trakom, a na isti na\u010din zalijepljena je bila \u010dak i njena torbica. Bizarni outfit upotpunila je futuristi\u010dkim sun\u010danim nao\u010dalama, a kada je u pitanju bila kosa, odlu\u010dila se za wet look.<\/p>\n\n\n\n<p>Njen izgled na dru\u0161tvenim mre\u017eama izazvao je dosta komentara, onih negativnih i pozitivnih.<\/p>\n\n\n\n<p>\u2018Ovo je modni zlo\u010din\u2019, \u2018Ona \u0107e u\u010diniti sve zbog pa\u017enje\u2019, \u2018Kim izgleda kao vo\u0161tana figura\u2019, \u2018Ovo je nevjerojatno, shvatit \u0107ete samo genijalnost ove \u017eene\u2019, \u2018Ona je ikona\u2019, \u2018\u010cini se da je cijelo tijelo boli od ove trake\u2019, \u2018\u0160to ako ode na WC?\u2019, \u2018Kako di\u0161e u ovome?\u2019, \u2018Jasno je da joj nije nimalo ugodno\u2019, \u2018Boli me dok je gledam\u2019, \u2018Njoj sve dobro stoji\u2019,&nbsp;samo su neki od komentara.<\/p>\n","protected":false},"excerpt":{"rendered":"<p>\u0160efovi modne ku\u0107e Balenciaga napravili su svojevrsni spektakl revije. Modeli su kolekciju za jesen\/zimu 2022.\/2023. nosili na snje\u017enoj pisti dok je po njima puhao la\u017eni snijeg. Me\u0111utim,&nbsp;pa\u017enju je umjesto&nbsp;modela i revije ukrala upravo Kim Kardashian,&nbsp;koja je publiku iznenadila pojaviv\u0161i se od glave do pete omotana \u017eutom samoljepljivom trakom s logom brenda. Kim je doslovno&nbsp;sve svoje [&hellip;]<\/p>\n","protected":false},"author":2,"featured_media":1870,"comment_status":"open","ping_status":"open","sticky":false,"template":"","format":"standard","meta":{"footnotes":""},"categories":[1],"tags":[],"class_list":["post-1868","post","type-post","status-publish","format-standard","has-post-thumbnail","hentry","category-uncategorized"],"acf":[],"yoast_head":"<!-- This site is optimized with the Yoast SEO plugin v26.2 - https:\/\/yoast.com\/wordpress\/plugins\/seo\/ -->\n<title>Kim Kardashian u bizarnoj kreaciji: Kako uop\u0161te di\u0161e? - Radio New York<\/title>\n<meta name=\"robots\" content=\"index, follow, max-snippet:-1, max-image-preview:large, max-video-preview:-1\" \/>\n<link rel=\"canonical\" href=\"https:\/\/radio-newyork.com\/?p=1868\" \/>\n<meta property=\"og:locale\" content=\"en_US\" \/>\n<meta property=\"og:type\" content=\"article\" \/>\n<meta property=\"og:title\" content=\"Kim Kardashian u bizarnoj kreaciji: Kako uop\u0161te di\u0161e? - Radio New York\" \/>\n<meta property=\"og:description\" content=\"\u0160efovi modne ku\u0107e Balenciaga napravili su svojevrsni spektakl revije. Modeli su kolekciju za jesen\/zimu 2022.\/2023. nosili na snje\u017enoj pisti dok je po njima puhao la\u017eni snijeg. Me\u0111utim,&nbsp;pa\u017enju je umjesto&nbsp;modela i revije ukrala upravo Kim Kardashian,&nbsp;koja je publiku iznenadila pojaviv\u0161i se od glave do pete omotana \u017eutom samoljepljivom trakom s logom brenda. Kim je doslovno&nbsp;sve svoje [&hellip;]\" \/>\n<meta property=\"og:url\" content=\"https:\/\/radio-newyork.com\/?p=1868\" \/>\n<meta property=\"og:site_name\" content=\"Radio New York\" \/>\n<meta property=\"article:published_time\" content=\"2022-03-10T02:48:43+00:00\" \/>\n<meta property=\"article:modified_time\" content=\"2022-03-10T02:50:11+00:00\" \/>\n<meta property=\"og:image\" content=\"https:\/\/radio-newyork.com\/wp-content\/uploads\/2022\/03\/Untitled-design-2022-03-07T090642.593.png\" \/>\n\t<meta property=\"og:image:width\" content=\"1640\" \/>\n\t<meta property=\"og:image:height\" content=\"924\" \/>\n\t<meta property=\"og:image:type\" content=\"image\/png\" \/>\n<meta name=\"author\" content=\"Ismet Rastoder\" \/>\n<meta name=\"twitter:card\" content=\"summary_large_image\" \/>\n<meta name=\"twitter:label1\" content=\"Written by\" \/>\n\t<meta name=\"twitter:data1\" content=\"Ismet Rastoder\" \/>\n\t<meta name=\"twitter:label2\" content=\"Est. reading time\" \/>\n\t<meta name=\"twitter:data2\" content=\"1 minute\" \/>\n<script type=\"application\/ld+json\" class=\"yoast-schema-graph\">{\"@context\":\"https:\/\/schema.org\",\"@graph\":[{\"@type\":\"Article\",\"@id\":\"https:\/\/radio-newyork.com\/?p=1868#article\",\"isPartOf\":{\"@id\":\"https:\/\/radio-newyork.com\/?p=1868\"},\"author\":{\"name\":\"Ismet Rastoder\",\"@id\":\"https:\/\/radio-newyork.com\/#\/schema\/person\/e2f4dbf5b60fd9ac004d77b9e1b59559\"},\"headline\":\"Kim Kardashian u bizarnoj kreaciji: Kako uop\u0161te di\u0161e?\",\"datePublished\":\"2022-03-10T02:48:43+00:00\",\"dateModified\":\"2022-03-10T02:50:11+00:00\",\"mainEntityOfPage\":{\"@id\":\"https:\/\/radio-newyork.com\/?p=1868\"},\"wordCount\":210,\"commentCount\":0,\"publisher\":{\"@id\":\"https:\/\/radio-newyork.com\/#organization\"},\"image\":{\"@id\":\"https:\/\/radio-newyork.com\/?p=1868#primaryimage\"},\"thumbnailUrl\":\"https:\/\/radio-newyork.com\/wp-content\/uploads\/2022\/03\/Untitled-design-2022-03-07T090642.593.png\",\"inLanguage\":\"en-US\",\"potentialAction\":[{\"@type\":\"CommentAction\",\"name\":\"Comment\",\"target\":[\"https:\/\/radio-newyork.com\/?p=1868#respond\"]}]},{\"@type\":\"WebPage\",\"@id\":\"https:\/\/radio-newyork.com\/?p=1868\",\"url\":\"https:\/\/radio-newyork.com\/?p=1868\",\"name\":\"Kim Kardashian u bizarnoj kreaciji: Kako uop\u0161te di\u0161e? - Radio New York\",\"isPartOf\":{\"@id\":\"https:\/\/radio-newyork.com\/#website\"},\"primaryImageOfPage\":{\"@id\":\"https:\/\/radio-newyork.com\/?p=1868#primaryimage\"},\"image\":{\"@id\":\"https:\/\/radio-newyork.com\/?p=1868#primaryimage\"},\"thumbnailUrl\":\"https:\/\/radio-newyork.com\/wp-content\/uploads\/2022\/03\/Untitled-design-2022-03-07T090642.593.png\",\"datePublished\":\"2022-03-10T02:48:43+00:00\",\"dateModified\":\"2022-03-10T02:50:11+00:00\",\"breadcrumb\":{\"@id\":\"https:\/\/radio-newyork.com\/?p=1868#breadcrumb\"},\"inLanguage\":\"en-US\",\"potentialAction\":[{\"@type\":\"ReadAction\",\"target\":[\"https:\/\/radio-newyork.com\/?p=1868\"]}]},{\"@type\":\"ImageObject\",\"inLanguage\":\"en-US\",\"@id\":\"https:\/\/radio-newyork.com\/?p=1868#primaryimage\",\"url\":\"https:\/\/radio-newyork.com\/wp-content\/uploads\/2022\/03\/Untitled-design-2022-03-07T090642.593.png\",\"contentUrl\":\"https:\/\/radio-newyork.com\/wp-content\/uploads\/2022\/03\/Untitled-design-2022-03-07T090642.593.png\",\"width\":1640,\"height\":924},{\"@type\":\"BreadcrumbList\",\"@id\":\"https:\/\/radio-newyork.com\/?p=1868#breadcrumb\",\"itemListElement\":[{\"@type\":\"ListItem\",\"position\":1,\"name\":\"Home\",\"item\":\"https:\/\/radio-newyork.com\/\"},{\"@type\":\"ListItem\",\"position\":2,\"name\":\"Kim Kardashian u bizarnoj kreaciji: Kako uop\u0161te di\u0161e?\"}]},{\"@type\":\"WebSite\",\"@id\":\"https:\/\/radio-newyork.com\/#website\",\"url\":\"https:\/\/radio-newyork.com\/\",\"name\":\"Radio New York\",\"description\":\"Radio New York \u2014 Most Amerike i domovine\",\"publisher\":{\"@id\":\"https:\/\/radio-newyork.com\/#organization\"},\"potentialAction\":[{\"@type\":\"SearchAction\",\"target\":{\"@type\":\"EntryPoint\",\"urlTemplate\":\"https:\/\/radio-newyork.com\/?s={search_term_string}\"},\"query-input\":{\"@type\":\"PropertyValueSpecification\",\"valueRequired\":true,\"valueName\":\"search_term_string\"}}],\"inLanguage\":\"en-US\"},{\"@type\":\"Organization\",\"@id\":\"https:\/\/radio-newyork.com\/#organization\",\"name\":\"Radio New York\",\"url\":\"https:\/\/radio-newyork.com\/\",\"logo\":{\"@type\":\"ImageObject\",\"inLanguage\":\"en-US\",\"@id\":\"https:\/\/radio-newyork.com\/#\/schema\/logo\/image\/\",\"url\":\"https:\/\/radio-newyork.com\/wp-content\/uploads\/2021\/12\/262517255_4571047313011643_1786418142376364479_n.jpg\",\"contentUrl\":\"https:\/\/radio-newyork.com\/wp-content\/uploads\/2021\/12\/262517255_4571047313011643_1786418142376364479_n.jpg\",\"width\":212,\"height\":210,\"caption\":\"Radio New York\"},\"image\":{\"@id\":\"https:\/\/radio-newyork.com\/#\/schema\/logo\/image\/\"}},{\"@type\":\"Person\",\"@id\":\"https:\/\/radio-newyork.com\/#\/schema\/person\/e2f4dbf5b60fd9ac004d77b9e1b59559\",\"name\":\"Ismet Rastoder\",\"image\":{\"@type\":\"ImageObject\",\"inLanguage\":\"en-US\",\"@id\":\"https:\/\/radio-newyork.com\/#\/schema\/person\/image\/\",\"url\":\"https:\/\/secure.gravatar.com\/avatar\/800e8dd1eac3e728e825b7d5c16c80b067c4a0557a2ce54986c89f6008f454bb?s=96&d=mm&r=g\",\"contentUrl\":\"https:\/\/secure.gravatar.com\/avatar\/800e8dd1eac3e728e825b7d5c16c80b067c4a0557a2ce54986c89f6008f454bb?s=96&d=mm&r=g\",\"caption\":\"Ismet Rastoder\"},\"description\":\"Ismet Rastoder je urednik i osniva\u010d portala Radio New York \u2014 medijskog prostora posve\u0107enog dijaspori, dru\u0161tvenoj istini i stvarnim \u017eivotnim pitanjima Balkana i Amerike. Poznat po direktnom stilu, hrabrim komentarima i beskompromisnoj borbi protiv nepravde, Rastoder donosi glas zajednice koja se \u010desto ne \u010duje, ali itekako postoji. Vi\u0161e od dvije decenije aktivan je u zajednici i medijima, gdje kroz analize, autorske kolumne i dru\u0161tveni anga\u017eman povezuje iskustvo \u017eivota u Americi sa realno\u0161\u0107u Balkana. Njegove pri\u010de otvaraju va\u017ene teme \u2014 od identiteta i politike, do kulture, dijaspore i dru\u0161tvenih transformacija. Prepoznat je kao glas dijaspore koji govori ono \u0161to mnogi misle, ali rijetko ko ka\u017ee.\",\"sameAs\":[\"http:\/\/radio-newyork.com\"],\"url\":\"https:\/\/radio-newyork.com\/?author=2\"}]}<\/script>\n<!-- \/ Yoast SEO plugin. -->","yoast_head_json":{"title":"Kim Kardashian u bizarnoj kreaciji: Kako uop\u0161te di\u0161e? - Radio New York","robots":{"index":"index","follow":"follow","max-snippet":"max-snippet:-1","max-image-preview":"max-image-preview:large","max-video-preview":"max-video-preview:-1"},"canonical":"https:\/\/radio-newyork.com\/?p=1868","og_locale":"en_US","og_type":"article","og_title":"Kim Kardashian u bizarnoj kreaciji: Kako uop\u0161te di\u0161e? - Radio New York","og_description":"\u0160efovi modne ku\u0107e Balenciaga napravili su svojevrsni spektakl revije. Modeli su kolekciju za jesen\/zimu 2022.\/2023. nosili na snje\u017enoj pisti dok je po njima puhao la\u017eni snijeg. Me\u0111utim,&nbsp;pa\u017enju je umjesto&nbsp;modela i revije ukrala upravo Kim Kardashian,&nbsp;koja je publiku iznenadila pojaviv\u0161i se od glave do pete omotana \u017eutom samoljepljivom trakom s logom brenda. Kim je doslovno&nbsp;sve svoje [&hellip;]","og_url":"https:\/\/radio-newyork.com\/?p=1868","og_site_name":"Radio New York","article_published_time":"2022-03-10T02:48:43+00:00","article_modified_time":"2022-03-10T02:50:11+00:00","og_image":[{"width":1640,"height":924,"url":"https:\/\/radio-newyork.com\/wp-content\/uploads\/2022\/03\/Untitled-design-2022-03-07T090642.593.png","type":"image\/png"}],"author":"Ismet Rastoder","twitter_card":"summary_large_image","twitter_misc":{"Written by":"Ismet Rastoder","Est. reading time":"1 minute"},"schema":{"@context":"https:\/\/schema.org","@graph":[{"@type":"Article","@id":"https:\/\/radio-newyork.com\/?p=1868#article","isPartOf":{"@id":"https:\/\/radio-newyork.com\/?p=1868"},"author":{"name":"Ismet Rastoder","@id":"https:\/\/radio-newyork.com\/#\/schema\/person\/e2f4dbf5b60fd9ac004d77b9e1b59559"},"headline":"Kim Kardashian u bizarnoj kreaciji: Kako uop\u0161te di\u0161e?","datePublished":"2022-03-10T02:48:43+00:00","dateModified":"2022-03-10T02:50:11+00:00","mainEntityOfPage":{"@id":"https:\/\/radio-newyork.com\/?p=1868"},"wordCount":210,"commentCount":0,"publisher":{"@id":"https:\/\/radio-newyork.com\/#organization"},"image":{"@id":"https:\/\/radio-newyork.com\/?p=1868#primaryimage"},"thumbnailUrl":"https:\/\/radio-newyork.com\/wp-content\/uploads\/2022\/03\/Untitled-design-2022-03-07T090642.593.png","inLanguage":"en-US","potentialAction":[{"@type":"CommentAction","name":"Comment","target":["https:\/\/radio-newyork.com\/?p=1868#respond"]}]},{"@type":"WebPage","@id":"https:\/\/radio-newyork.com\/?p=1868","url":"https:\/\/radio-newyork.com\/?p=1868","name":"Kim Kardashian u bizarnoj kreaciji: Kako uop\u0161te di\u0161e? - Radio New York","isPartOf":{"@id":"https:\/\/radio-newyork.com\/#website"},"primaryImageOfPage":{"@id":"https:\/\/radio-newyork.com\/?p=1868#primaryimage"},"image":{"@id":"https:\/\/radio-newyork.com\/?p=1868#primaryimage"},"thumbnailUrl":"https:\/\/radio-newyork.com\/wp-content\/uploads\/2022\/03\/Untitled-design-2022-03-07T090642.593.png","datePublished":"2022-03-10T02:48:43+00:00","dateModified":"2022-03-10T02:50:11+00:00","breadcrumb":{"@id":"https:\/\/radio-newyork.com\/?p=1868#breadcrumb"},"inLanguage":"en-US","potentialAction":[{"@type":"ReadAction","target":["https:\/\/radio-newyork.com\/?p=1868"]}]},{"@type":"ImageObject","inLanguage":"en-US","@id":"https:\/\/radio-newyork.com\/?p=1868#primaryimage","url":"https:\/\/radio-newyork.com\/wp-content\/uploads\/2022\/03\/Untitled-design-2022-03-07T090642.593.png","contentUrl":"https:\/\/radio-newyork.com\/wp-content\/uploads\/2022\/03\/Untitled-design-2022-03-07T090642.593.png","width":1640,"height":924},{"@type":"BreadcrumbList","@id":"https:\/\/radio-newyork.com\/?p=1868#breadcrumb","itemListElement":[{"@type":"ListItem","position":1,"name":"Home","item":"https:\/\/radio-newyork.com\/"},{"@type":"ListItem","position":2,"name":"Kim Kardashian u bizarnoj kreaciji: Kako uop\u0161te di\u0161e?"}]},{"@type":"WebSite","@id":"https:\/\/radio-newyork.com\/#website","url":"https:\/\/radio-newyork.com\/","name":"Radio New York","description":"Radio New York \u2014 Most Amerike i domovine","publisher":{"@id":"https:\/\/radio-newyork.com\/#organization"},"potentialAction":[{"@type":"SearchAction","target":{"@type":"EntryPoint","urlTemplate":"https:\/\/radio-newyork.com\/?s={search_term_string}"},"query-input":{"@type":"PropertyValueSpecification","valueRequired":true,"valueName":"search_term_string"}}],"inLanguage":"en-US"},{"@type":"Organization","@id":"https:\/\/radio-newyork.com\/#organization","name":"Radio New York","url":"https:\/\/radio-newyork.com\/","logo":{"@type":"ImageObject","inLanguage":"en-US","@id":"https:\/\/radio-newyork.com\/#\/schema\/logo\/image\/","url":"https:\/\/radio-newyork.com\/wp-content\/uploads\/2021\/12\/262517255_4571047313011643_1786418142376364479_n.jpg","contentUrl":"https:\/\/radio-newyork.com\/wp-content\/uploads\/2021\/12\/262517255_4571047313011643_1786418142376364479_n.jpg","width":212,"height":210,"caption":"Radio New York"},"image":{"@id":"https:\/\/radio-newyork.com\/#\/schema\/logo\/image\/"}},{"@type":"Person","@id":"https:\/\/radio-newyork.com\/#\/schema\/person\/e2f4dbf5b60fd9ac004d77b9e1b59559","name":"Ismet Rastoder","image":{"@type":"ImageObject","inLanguage":"en-US","@id":"https:\/\/radio-newyork.com\/#\/schema\/person\/image\/","url":"https:\/\/secure.gravatar.com\/avatar\/800e8dd1eac3e728e825b7d5c16c80b067c4a0557a2ce54986c89f6008f454bb?s=96&d=mm&r=g","contentUrl":"https:\/\/secure.gravatar.com\/avatar\/800e8dd1eac3e728e825b7d5c16c80b067c4a0557a2ce54986c89f6008f454bb?s=96&d=mm&r=g","caption":"Ismet Rastoder"},"description":"Ismet Rastoder je urednik i osniva\u010d portala Radio New York \u2014 medijskog prostora posve\u0107enog dijaspori, dru\u0161tvenoj istini i stvarnim \u017eivotnim pitanjima Balkana i Amerike. Poznat po direktnom stilu, hrabrim komentarima i beskompromisnoj borbi protiv nepravde, Rastoder donosi glas zajednice koja se \u010desto ne \u010duje, ali itekako postoji. Vi\u0161e od dvije decenije aktivan je u zajednici i medijima, gdje kroz analize, autorske kolumne i dru\u0161tveni anga\u017eman povezuje iskustvo \u017eivota u Americi sa realno\u0161\u0107u Balkana. Njegove pri\u010de otvaraju va\u017ene teme \u2014 od identiteta i politike, do kulture, dijaspore i dru\u0161tvenih transformacija. Prepoznat je kao glas dijaspore koji govori ono \u0161to mnogi misle, ali rijetko ko ka\u017ee.","sameAs":["http:\/\/radio-newyork.com"],"url":"https:\/\/radio-newyork.com\/?author=2"}]}},"_links":{"self":[{"href":"https:\/\/radio-newyork.com\/index.php?rest_route=\/wp\/v2\/posts\/1868","targetHints":{"allow":["GET"]}}],"collection":[{"href":"https:\/\/radio-newyork.com\/index.php?rest_route=\/wp\/v2\/posts"}],"about":[{"href":"https:\/\/radio-newyork.com\/index.php?rest_route=\/wp\/v2\/types\/post"}],"author":[{"embeddable":true,"href":"https:\/\/radio-newyork.com\/index.php?rest_route=\/wp\/v2\/users\/2"}],"replies":[{"embeddable":true,"href":"https:\/\/radio-newyork.com\/index.php?rest_route=%2Fwp%2Fv2%2Fcomments&post=1868"}],"version-history":[{"count":1,"href":"https:\/\/radio-newyork.com\/index.php?rest_route=\/wp\/v2\/posts\/1868\/revisions"}],"predecessor-version":[{"id":1869,"href":"https:\/\/radio-newyork.com\/index.php?rest_route=\/wp\/v2\/posts\/1868\/revisions\/1869"}],"wp:featuredmedia":[{"embeddable":true,"href":"https:\/\/radio-newyork.com\/index.php?rest_route=\/wp\/v2\/media\/1870"}],"wp:attachment":[{"href":"https:\/\/radio-newyork.com\/index.php?rest_route=%2Fwp%2Fv2%2Fmedia&parent=1868"}],"wp:term":[{"taxonomy":"category","embeddable":true,"href":"https:\/\/radio-newyork.com\/index.php?rest_route=%2Fwp%2Fv2%2Fcategories&post=1868"},{"taxonomy":"post_tag","embeddable":true,"href":"https:\/\/radio-newyork.com\/index.php?rest_route=%2Fwp%2Fv2%2Ftags&post=1868"}],"curies":[{"name":"wp","href":"https:\/\/api.w.org\/{rel}","templated":true}]}}