{"id":1799,"date":"2022-03-10T00:12:28","date_gmt":"2022-03-10T00:12:28","guid":{"rendered":"https:\/\/radio-newyork.com\/?p=1799"},"modified":"2022-03-10T00:12:30","modified_gmt":"2022-03-10T00:12:30","slug":"sahranila-2-brata-sina-joj-ranili-ona-jedva-prezivela-infarkt-zivotna-prica-semse-suljakovic","status":"publish","type":"post","link":"https:\/\/radio-newyork.com\/?p=1799","title":{"rendered":"SAHRANILA 2 BRATA, SINA JOJ RANILI, ONA JEDVA PRE\u017dIVELA INFARKT: \u017divotna pri\u010da \u0160emse Suljakovi\u0107!"},"content":{"rendered":"<h2 class=\"wp-block-post-title\">SAHRANILA 2 BRATA, SINA JOJ RANILI, ONA JEDVA PRE\u017dIVELA INFARKT: \u017divotna pri\u010da \u0160emse Suljakovi\u0107!<\/h2>\n\n\n<p>\u017divot legendarne peva\u010dice obele\u017eile su velike tragedije, ali ona ne skida osmeh sa lica<strong>VIP PRI\u010cA<\/strong><br>28.02.2022. &#8211; 11:47h\u00a0\u00a011:57h\u00a0<strong>Autor:<\/strong>\u00a0Stil\/Objektiv.rs<\/p>\n\n\n\n<p><img decoding=\"async\" src=\"https:\/\/stil.kurir.rs\/data\/images\/2022\/02\/28\/11\/272121_semsasuljkovic_ls.jpg\">Foto: Printscreen Youtube \/ BN TV Zabava &#8211; Zvani\u010dni kanal<\/p>\n\n\n\n<p>Peva\u010dica \u0160emsa Suljakovi\u0107 karijeru je po\u010dela sedamdesetih godina, a sa \u201cJu\u017enim vetrom\u201d napravila je veliki uspeh na muzi\u010dkoj sceni tada\u0161nje Jugoslavije. Samostalni album \u201cPristajem na sve\u201c, koji je snimila 1986. godine, prodat je u 850.000 primeraka, a \u0160emsa do danas ima reputaciju jedne od najboljih peva\u010dica narodne muzike.<\/p>\n\n\n\n<p><strong>Ovo je njena \u017eivotna pri\u010da:<\/strong><\/p>\n\n\n\n<p>\u0160emsa Suljakovi\u0107 je ro\u0111ena 1951. godine u malom mestu Maglaj u Bosni i Hercegovini. Odrastala je u velikoj porodici, te je ve\u0107 u ranim tinejd\u017eerskim godinama morala da po\u010dne da radi. Prvi posao imala je ve\u0107 sa 13 godina u Izvr\u0161nom komitetu u Maglaju.<\/p>\n\n\n\n<p>Peva\u010dica se veoma rano udala, jo\u0161 pre navr\u0161enog punoletstva.&nbsp;<strong>Sa 16 godina sklopila je brak sa svojim godinu dana mla\u0111im prijateljem i iz ove ljubavi dobili su sina Almira.&nbsp;<\/strong>Ipak, ovaj brak dvoje veoma mladih supru\u017enika potrajao je samo dve godine. Nakon ovog kraha, \u0160emsa se potpuno distancirala od svih i sama nastavila da odgaja sina. Tada jo\u0161 uvek nije ni slutila da \u0107e zapo\u010deti muzi\u010dku karijeru i biti jedna od legendi narodne muzike.<\/p>\n\n\n\n<p>\u0160emsin talenat bio je otkriven kada je jednom prilikom sa prijateljima oti\u0161la u kafanu i opustila se uz muziku i zapevala. Nije primetila da se na njenom stolu nalazi mikrofon i da svi mogu da je \u010duju. Odu\u0161evljen njenim glasom, gazda kafane pozvao ju je da peva u ovom lokalu.https:\/\/www.youtube.com\/embed\/WTdSOToADEI<\/p>\n\n\n\n<p>\u201cNakon tog izlaska gazda mi je rekao da odli\u010dno pevam i da ho\u0107e sutra da me vidi s mikrofonom u ruci. Pristala sam i taj dan, dobro se se\u0107am, tada najslu\u0161anije pesme napisala sam na jedan papir, kako se ne bih obrukala na prvom nastupu. U po\u010detku sam pevala sa sveskom u ruci i, mic po mic, moja karijera je napredovala\u201d, rekla je \u0160emsa svojevremeno za Nezavisne novine.<\/p>\n\n\n\n<p><strong>Svoje novo zanimanje dugo je krila od porodice.&nbsp;<\/strong>Nakon sedam godina pevanja u kafani snimila je i prvi singl \u201cOti\u0161la je ljubav s na\u0161eg ku\u0107nog praga\u201d. Pesma je u to vreme bila dosta popularna, me\u0111utim mnogi nisu ni znali da ona peva. Veliki uspon u karijeri zapravo do\u017eivljava 1981. godine, kada se priklju\u010duje \u201cJu\u017enom vetru\u201d. Nastupali su \u0161irom Evrope i punili dvorane. Hitovi ovog benda i danas se mogu \u010duti u gradskim kafanama i na slavljima.<\/p>\n\n\n\n<figure class=\"wp-block-image\"><img decoding=\"async\" src=\"https:\/\/ads.kurir-info.rs\/www\/delivery\/lg.php?bannerid=0&amp;campaignid=0&amp;zoneid=262&amp;loc=https%3A%2F%2Fstil.kurir.rs%2Fcelebrities%2Fvip-prica%2F172377%2Fudala-se-sa-16-prezivela-infarkt-u-ratu-izgubila-2-brata-umalo-joj-stradao-i-sin-zivotna-prica-semse-suljakovic&amp;referer=https%3A%2F%2Fstil.kurir.rs%2Fporodica%2F173185%2Fnajveca-tragedija-ratka-mladica-kad-je-ana-umrla-on-je-se-sasvim-promenio&amp;cb=b24c0da033\" alt=\"\"\/><\/figure>\n\n\n\n<p>\u201cBilo mi je \u017eao kada smo se raspali jer su mi svi u \u2018Ju\u017enom vetru\u2019 bili podjednako dragi. Nisam mogla da zamislim da ne postoji taj orkestar. Napravila sam pauzu od pet godina posle toga i nisam se bavila muzikom. To je najte\u017ei period u mom \u017eivotu\u201d, rekla je peva\u010dica za pomenuti medij.<\/p>\n\n\n\n<p>Plo\u010du za koju ka\u017ee da je bila najuspe\u0161nija u njenoj karijeri \u0160emsa je objavila 1986. godine pod naslovom \u201cPristajem na sve\u201d. Skoro svih devet pesama su za kratko vreme postale veliki hitovi. Na tom albumu, pored naslovne, na\u0161le su se i numere \u201cZar za mene vi\u0161e sre\u0107e nema\u201c, \u201cMi se volimo\u201c, \u201cStegni me bar jo\u0161 jednom\u201c, \u201c\u0160to me pita\u0161\u201c, \u201cSvako me prole\u0107e na tebe seti\u201c, \u201cDokle da se kradom sastajemo\u201c i druge.https:\/\/www.youtube.com\/embed\/ZrkJHZMvamc<\/p>\n\n\n\n<p><strong>Iako je u muzici nizala uspehe i pomerala granice, ipak, one druge, koje su zapisane u atlasima, ostavile su joj veoma bolne uspomene.<\/strong><\/p>\n\n\n\n<p>\u201cPrvi put sam u Jugoslaviju posle rata do\u0161la tek 1996. Do tada sam ve\u0107 celu svoju porodicu izbavila i odvela u \u0160vedsku. Tako je Bog hteo, a Bog je veliki\u2026 Bog je najve\u0107i. Moj sin nije mogao da izdr\u017ei u \u0160vedskoj, brzo se vratio u Sarajevo. Rekao mi je: \u2018Majko, uvenu\u0107u ti ovde kao biljka\u2019.<strong>&nbsp;U ratu sam dva brata izgubila, brata od strica u Br\u010dkom.<\/strong>&nbsp;Mnogo mi je te\u0161ko da o tome pri\u010dam\u2026&nbsp;<strong>Sin mi je isto bio ranjen, ali slu\u010dajno.<\/strong>&nbsp;Neki zalutali metak ga je pogodio i pro\u0161ao mu kroz glavnu arteriju. Moj sin jedinac, nije mi bilo nimalo lako. Eto, hvala Bogu, do\u010dekala sam unu\u010dad i snaju, koja je divna\u201d, rekla je \u0160emsa jednom prilikom za Kurir.<\/p>\n\n\n\n<p>\u0160emsa svoje rane godinama vida, ali neki tragovi uvek ostaju.&nbsp;<strong>Peva\u010dica je pre 12 godina kao posledicu svega pretpljenog u \u017eivotu do\u017eivela i infarkt.<\/strong><\/p>\n\n\n\n<p>\u201cTo je posledica bolnih i ne\u017eeljenih trenutaka. Infarkt sam do\u017eivela u Australiji. Dalekoj, predalekoj od moje porodice. Bog dragi je dao da se tu slu\u010dajno zadesio najbolji kardiolog klinike. Snimio je celi zahvat premo\u0161tavanja sa stentom i dao mi snimak na CD-u da imam. Priu\u0161tili su mi apartman s prekrasnim pogledom, pu\u0161tali na razglas moje pesme, govore\u0107i da je u njihovoj klinici operisana muzi\u010dka zvezda iz BiH. Eto, samo dragi Bog mo\u017ee sve to tako da poslo\u017ei\u201d, kazala je \u0160emsa tada za medije.<\/p>\n\n\n\n<p>Ipak, uprkos svim \u017eivotnim neda\u0107ama, uvek je tu muzika koja joj poma\u017ee da sve lo\u0161e zaboravi i porodica koja joj budi najlep\u0161e emocije.<\/p>\n","protected":false},"excerpt":{"rendered":"<p>\u017divot legendarne peva\u010dice obele\u017eile su velike tragedije, ali ona ne skida osmeh sa licaVIP PRI\u010cA28.02.2022. &#8211; 11:47h\u00a0\u00a011:57h\u00a0Autor:\u00a0Stil\/Objektiv.rs Foto: Printscreen Youtube \/ BN TV Zabava &#8211; Zvani\u010dni kanal Peva\u010dica \u0160emsa Suljakovi\u0107 karijeru je po\u010dela sedamdesetih godina, a sa \u201cJu\u017enim vetrom\u201d napravila je veliki uspeh na muzi\u010dkoj sceni tada\u0161nje Jugoslavije. Samostalni album \u201cPristajem na sve\u201c, koji je [&hellip;]<\/p>\n","protected":false},"author":2,"featured_media":1800,"comment_status":"open","ping_status":"open","sticky":false,"template":"","format":"standard","meta":{"footnotes":""},"categories":[1],"tags":[],"class_list":["post-1799","post","type-post","status-publish","format-standard","has-post-thumbnail","hentry","category-uncategorized"],"acf":[],"yoast_head":"<!-- This site is optimized with the Yoast SEO plugin v26.2 - https:\/\/yoast.com\/wordpress\/plugins\/seo\/ -->\n<title>SAHRANILA 2 BRATA, SINA JOJ RANILI, ONA JEDVA PRE\u017dIVELA INFARKT: \u017divotna pri\u010da \u0160emse Suljakovi\u0107! - Radio New York<\/title>\n<meta name=\"robots\" content=\"index, follow, max-snippet:-1, max-image-preview:large, max-video-preview:-1\" \/>\n<link rel=\"canonical\" href=\"https:\/\/radio-newyork.com\/?p=1799\" \/>\n<meta property=\"og:locale\" content=\"en_US\" \/>\n<meta property=\"og:type\" content=\"article\" \/>\n<meta property=\"og:title\" content=\"SAHRANILA 2 BRATA, SINA JOJ RANILI, ONA JEDVA PRE\u017dIVELA INFARKT: \u017divotna pri\u010da \u0160emse Suljakovi\u0107! - Radio New York\" \/>\n<meta property=\"og:description\" content=\"\u017divot legendarne peva\u010dice obele\u017eile su velike tragedije, ali ona ne skida osmeh sa licaVIP PRI\u010cA28.02.2022. &#8211; 11:47h\u00a0\u00a011:57h\u00a0Autor:\u00a0Stil\/Objektiv.rs Foto: Printscreen Youtube \/ BN TV Zabava &#8211; Zvani\u010dni kanal Peva\u010dica \u0160emsa Suljakovi\u0107 karijeru je po\u010dela sedamdesetih godina, a sa \u201cJu\u017enim vetrom\u201d napravila je veliki uspeh na muzi\u010dkoj sceni tada\u0161nje Jugoslavije. Samostalni album \u201cPristajem na sve\u201c, koji je [&hellip;]\" \/>\n<meta property=\"og:url\" content=\"https:\/\/radio-newyork.com\/?p=1799\" \/>\n<meta property=\"og:site_name\" content=\"Radio New York\" \/>\n<meta property=\"article:published_time\" content=\"2022-03-10T00:12:28+00:00\" \/>\n<meta property=\"article:modified_time\" content=\"2022-03-10T00:12:30+00:00\" \/>\n<meta property=\"og:image\" content=\"https:\/\/radio-newyork.com\/wp-content\/uploads\/2022\/03\/272121_semsasuljkovic_ls.jpeg\" \/>\n\t<meta property=\"og:image:width\" content=\"760\" \/>\n\t<meta property=\"og:image:height\" content=\"506\" \/>\n\t<meta property=\"og:image:type\" content=\"image\/jpeg\" \/>\n<meta name=\"author\" content=\"Ismet Rastoder\" \/>\n<meta name=\"twitter:card\" content=\"summary_large_image\" \/>\n<meta name=\"twitter:label1\" content=\"Written by\" \/>\n\t<meta name=\"twitter:data1\" content=\"Ismet Rastoder\" \/>\n\t<meta name=\"twitter:label2\" content=\"Est. reading time\" \/>\n\t<meta name=\"twitter:data2\" content=\"4 minutes\" \/>\n<script type=\"application\/ld+json\" class=\"yoast-schema-graph\">{\"@context\":\"https:\/\/schema.org\",\"@graph\":[{\"@type\":\"Article\",\"@id\":\"https:\/\/radio-newyork.com\/?p=1799#article\",\"isPartOf\":{\"@id\":\"https:\/\/radio-newyork.com\/?p=1799\"},\"author\":{\"name\":\"Ismet Rastoder\",\"@id\":\"https:\/\/radio-newyork.com\/#\/schema\/person\/e2f4dbf5b60fd9ac004d77b9e1b59559\"},\"headline\":\"SAHRANILA 2 BRATA, SINA JOJ RANILI, ONA JEDVA PRE\u017dIVELA INFARKT: \u017divotna pri\u010da \u0160emse Suljakovi\u0107!\",\"datePublished\":\"2022-03-10T00:12:28+00:00\",\"dateModified\":\"2022-03-10T00:12:30+00:00\",\"mainEntityOfPage\":{\"@id\":\"https:\/\/radio-newyork.com\/?p=1799\"},\"wordCount\":892,\"commentCount\":0,\"publisher\":{\"@id\":\"https:\/\/radio-newyork.com\/#organization\"},\"image\":{\"@id\":\"https:\/\/radio-newyork.com\/?p=1799#primaryimage\"},\"thumbnailUrl\":\"https:\/\/radio-newyork.com\/wp-content\/uploads\/2022\/03\/272121_semsasuljkovic_ls.jpeg\",\"inLanguage\":\"en-US\",\"potentialAction\":[{\"@type\":\"CommentAction\",\"name\":\"Comment\",\"target\":[\"https:\/\/radio-newyork.com\/?p=1799#respond\"]}]},{\"@type\":\"WebPage\",\"@id\":\"https:\/\/radio-newyork.com\/?p=1799\",\"url\":\"https:\/\/radio-newyork.com\/?p=1799\",\"name\":\"SAHRANILA 2 BRATA, SINA JOJ RANILI, ONA JEDVA PRE\u017dIVELA INFARKT: \u017divotna pri\u010da \u0160emse Suljakovi\u0107! - Radio New York\",\"isPartOf\":{\"@id\":\"https:\/\/radio-newyork.com\/#website\"},\"primaryImageOfPage\":{\"@id\":\"https:\/\/radio-newyork.com\/?p=1799#primaryimage\"},\"image\":{\"@id\":\"https:\/\/radio-newyork.com\/?p=1799#primaryimage\"},\"thumbnailUrl\":\"https:\/\/radio-newyork.com\/wp-content\/uploads\/2022\/03\/272121_semsasuljkovic_ls.jpeg\",\"datePublished\":\"2022-03-10T00:12:28+00:00\",\"dateModified\":\"2022-03-10T00:12:30+00:00\",\"breadcrumb\":{\"@id\":\"https:\/\/radio-newyork.com\/?p=1799#breadcrumb\"},\"inLanguage\":\"en-US\",\"potentialAction\":[{\"@type\":\"ReadAction\",\"target\":[\"https:\/\/radio-newyork.com\/?p=1799\"]}]},{\"@type\":\"ImageObject\",\"inLanguage\":\"en-US\",\"@id\":\"https:\/\/radio-newyork.com\/?p=1799#primaryimage\",\"url\":\"https:\/\/radio-newyork.com\/wp-content\/uploads\/2022\/03\/272121_semsasuljkovic_ls.jpeg\",\"contentUrl\":\"https:\/\/radio-newyork.com\/wp-content\/uploads\/2022\/03\/272121_semsasuljkovic_ls.jpeg\",\"width\":760,\"height\":506},{\"@type\":\"BreadcrumbList\",\"@id\":\"https:\/\/radio-newyork.com\/?p=1799#breadcrumb\",\"itemListElement\":[{\"@type\":\"ListItem\",\"position\":1,\"name\":\"Home\",\"item\":\"https:\/\/radio-newyork.com\/\"},{\"@type\":\"ListItem\",\"position\":2,\"name\":\"SAHRANILA 2 BRATA, SINA JOJ RANILI, ONA JEDVA PRE\u017dIVELA INFARKT: \u017divotna pri\u010da \u0160emse Suljakovi\u0107!\"}]},{\"@type\":\"WebSite\",\"@id\":\"https:\/\/radio-newyork.com\/#website\",\"url\":\"https:\/\/radio-newyork.com\/\",\"name\":\"Radio New York\",\"description\":\"Radio New York \u2014 Most Amerike i domovine\",\"publisher\":{\"@id\":\"https:\/\/radio-newyork.com\/#organization\"},\"potentialAction\":[{\"@type\":\"SearchAction\",\"target\":{\"@type\":\"EntryPoint\",\"urlTemplate\":\"https:\/\/radio-newyork.com\/?s={search_term_string}\"},\"query-input\":{\"@type\":\"PropertyValueSpecification\",\"valueRequired\":true,\"valueName\":\"search_term_string\"}}],\"inLanguage\":\"en-US\"},{\"@type\":\"Organization\",\"@id\":\"https:\/\/radio-newyork.com\/#organization\",\"name\":\"Radio New York\",\"url\":\"https:\/\/radio-newyork.com\/\",\"logo\":{\"@type\":\"ImageObject\",\"inLanguage\":\"en-US\",\"@id\":\"https:\/\/radio-newyork.com\/#\/schema\/logo\/image\/\",\"url\":\"https:\/\/radio-newyork.com\/wp-content\/uploads\/2021\/12\/262517255_4571047313011643_1786418142376364479_n.jpg\",\"contentUrl\":\"https:\/\/radio-newyork.com\/wp-content\/uploads\/2021\/12\/262517255_4571047313011643_1786418142376364479_n.jpg\",\"width\":212,\"height\":210,\"caption\":\"Radio New York\"},\"image\":{\"@id\":\"https:\/\/radio-newyork.com\/#\/schema\/logo\/image\/\"}},{\"@type\":\"Person\",\"@id\":\"https:\/\/radio-newyork.com\/#\/schema\/person\/e2f4dbf5b60fd9ac004d77b9e1b59559\",\"name\":\"Ismet Rastoder\",\"image\":{\"@type\":\"ImageObject\",\"inLanguage\":\"en-US\",\"@id\":\"https:\/\/radio-newyork.com\/#\/schema\/person\/image\/\",\"url\":\"https:\/\/secure.gravatar.com\/avatar\/800e8dd1eac3e728e825b7d5c16c80b067c4a0557a2ce54986c89f6008f454bb?s=96&d=mm&r=g\",\"contentUrl\":\"https:\/\/secure.gravatar.com\/avatar\/800e8dd1eac3e728e825b7d5c16c80b067c4a0557a2ce54986c89f6008f454bb?s=96&d=mm&r=g\",\"caption\":\"Ismet Rastoder\"},\"description\":\"Ismet Rastoder je urednik i osniva\u010d portala Radio New York \u2014 medijskog prostora posve\u0107enog dijaspori, dru\u0161tvenoj istini i stvarnim \u017eivotnim pitanjima Balkana i Amerike. Poznat po direktnom stilu, hrabrim komentarima i beskompromisnoj borbi protiv nepravde, Rastoder donosi glas zajednice koja se \u010desto ne \u010duje, ali itekako postoji. Vi\u0161e od dvije decenije aktivan je u zajednici i medijima, gdje kroz analize, autorske kolumne i dru\u0161tveni anga\u017eman povezuje iskustvo \u017eivota u Americi sa realno\u0161\u0107u Balkana. Njegove pri\u010de otvaraju va\u017ene teme \u2014 od identiteta i politike, do kulture, dijaspore i dru\u0161tvenih transformacija. Prepoznat je kao glas dijaspore koji govori ono \u0161to mnogi misle, ali rijetko ko ka\u017ee.\",\"sameAs\":[\"http:\/\/radio-newyork.com\"],\"url\":\"https:\/\/radio-newyork.com\/?author=2\"}]}<\/script>\n<!-- \/ Yoast SEO plugin. -->","yoast_head_json":{"title":"SAHRANILA 2 BRATA, SINA JOJ RANILI, ONA JEDVA PRE\u017dIVELA INFARKT: \u017divotna pri\u010da \u0160emse Suljakovi\u0107! - Radio New York","robots":{"index":"index","follow":"follow","max-snippet":"max-snippet:-1","max-image-preview":"max-image-preview:large","max-video-preview":"max-video-preview:-1"},"canonical":"https:\/\/radio-newyork.com\/?p=1799","og_locale":"en_US","og_type":"article","og_title":"SAHRANILA 2 BRATA, SINA JOJ RANILI, ONA JEDVA PRE\u017dIVELA INFARKT: \u017divotna pri\u010da \u0160emse Suljakovi\u0107! - Radio New York","og_description":"\u017divot legendarne peva\u010dice obele\u017eile su velike tragedije, ali ona ne skida osmeh sa licaVIP PRI\u010cA28.02.2022. &#8211; 11:47h\u00a0\u00a011:57h\u00a0Autor:\u00a0Stil\/Objektiv.rs Foto: Printscreen Youtube \/ BN TV Zabava &#8211; Zvani\u010dni kanal Peva\u010dica \u0160emsa Suljakovi\u0107 karijeru je po\u010dela sedamdesetih godina, a sa \u201cJu\u017enim vetrom\u201d napravila je veliki uspeh na muzi\u010dkoj sceni tada\u0161nje Jugoslavije. Samostalni album \u201cPristajem na sve\u201c, koji je [&hellip;]","og_url":"https:\/\/radio-newyork.com\/?p=1799","og_site_name":"Radio New York","article_published_time":"2022-03-10T00:12:28+00:00","article_modified_time":"2022-03-10T00:12:30+00:00","og_image":[{"width":760,"height":506,"url":"https:\/\/radio-newyork.com\/wp-content\/uploads\/2022\/03\/272121_semsasuljkovic_ls.jpeg","type":"image\/jpeg"}],"author":"Ismet Rastoder","twitter_card":"summary_large_image","twitter_misc":{"Written by":"Ismet Rastoder","Est. reading time":"4 minutes"},"schema":{"@context":"https:\/\/schema.org","@graph":[{"@type":"Article","@id":"https:\/\/radio-newyork.com\/?p=1799#article","isPartOf":{"@id":"https:\/\/radio-newyork.com\/?p=1799"},"author":{"name":"Ismet Rastoder","@id":"https:\/\/radio-newyork.com\/#\/schema\/person\/e2f4dbf5b60fd9ac004d77b9e1b59559"},"headline":"SAHRANILA 2 BRATA, SINA JOJ RANILI, ONA JEDVA PRE\u017dIVELA INFARKT: \u017divotna pri\u010da \u0160emse Suljakovi\u0107!","datePublished":"2022-03-10T00:12:28+00:00","dateModified":"2022-03-10T00:12:30+00:00","mainEntityOfPage":{"@id":"https:\/\/radio-newyork.com\/?p=1799"},"wordCount":892,"commentCount":0,"publisher":{"@id":"https:\/\/radio-newyork.com\/#organization"},"image":{"@id":"https:\/\/radio-newyork.com\/?p=1799#primaryimage"},"thumbnailUrl":"https:\/\/radio-newyork.com\/wp-content\/uploads\/2022\/03\/272121_semsasuljkovic_ls.jpeg","inLanguage":"en-US","potentialAction":[{"@type":"CommentAction","name":"Comment","target":["https:\/\/radio-newyork.com\/?p=1799#respond"]}]},{"@type":"WebPage","@id":"https:\/\/radio-newyork.com\/?p=1799","url":"https:\/\/radio-newyork.com\/?p=1799","name":"SAHRANILA 2 BRATA, SINA JOJ RANILI, ONA JEDVA PRE\u017dIVELA INFARKT: \u017divotna pri\u010da \u0160emse Suljakovi\u0107! - Radio New York","isPartOf":{"@id":"https:\/\/radio-newyork.com\/#website"},"primaryImageOfPage":{"@id":"https:\/\/radio-newyork.com\/?p=1799#primaryimage"},"image":{"@id":"https:\/\/radio-newyork.com\/?p=1799#primaryimage"},"thumbnailUrl":"https:\/\/radio-newyork.com\/wp-content\/uploads\/2022\/03\/272121_semsasuljkovic_ls.jpeg","datePublished":"2022-03-10T00:12:28+00:00","dateModified":"2022-03-10T00:12:30+00:00","breadcrumb":{"@id":"https:\/\/radio-newyork.com\/?p=1799#breadcrumb"},"inLanguage":"en-US","potentialAction":[{"@type":"ReadAction","target":["https:\/\/radio-newyork.com\/?p=1799"]}]},{"@type":"ImageObject","inLanguage":"en-US","@id":"https:\/\/radio-newyork.com\/?p=1799#primaryimage","url":"https:\/\/radio-newyork.com\/wp-content\/uploads\/2022\/03\/272121_semsasuljkovic_ls.jpeg","contentUrl":"https:\/\/radio-newyork.com\/wp-content\/uploads\/2022\/03\/272121_semsasuljkovic_ls.jpeg","width":760,"height":506},{"@type":"BreadcrumbList","@id":"https:\/\/radio-newyork.com\/?p=1799#breadcrumb","itemListElement":[{"@type":"ListItem","position":1,"name":"Home","item":"https:\/\/radio-newyork.com\/"},{"@type":"ListItem","position":2,"name":"SAHRANILA 2 BRATA, SINA JOJ RANILI, ONA JEDVA PRE\u017dIVELA INFARKT: \u017divotna pri\u010da \u0160emse Suljakovi\u0107!"}]},{"@type":"WebSite","@id":"https:\/\/radio-newyork.com\/#website","url":"https:\/\/radio-newyork.com\/","name":"Radio New York","description":"Radio New York \u2014 Most Amerike i domovine","publisher":{"@id":"https:\/\/radio-newyork.com\/#organization"},"potentialAction":[{"@type":"SearchAction","target":{"@type":"EntryPoint","urlTemplate":"https:\/\/radio-newyork.com\/?s={search_term_string}"},"query-input":{"@type":"PropertyValueSpecification","valueRequired":true,"valueName":"search_term_string"}}],"inLanguage":"en-US"},{"@type":"Organization","@id":"https:\/\/radio-newyork.com\/#organization","name":"Radio New York","url":"https:\/\/radio-newyork.com\/","logo":{"@type":"ImageObject","inLanguage":"en-US","@id":"https:\/\/radio-newyork.com\/#\/schema\/logo\/image\/","url":"https:\/\/radio-newyork.com\/wp-content\/uploads\/2021\/12\/262517255_4571047313011643_1786418142376364479_n.jpg","contentUrl":"https:\/\/radio-newyork.com\/wp-content\/uploads\/2021\/12\/262517255_4571047313011643_1786418142376364479_n.jpg","width":212,"height":210,"caption":"Radio New York"},"image":{"@id":"https:\/\/radio-newyork.com\/#\/schema\/logo\/image\/"}},{"@type":"Person","@id":"https:\/\/radio-newyork.com\/#\/schema\/person\/e2f4dbf5b60fd9ac004d77b9e1b59559","name":"Ismet Rastoder","image":{"@type":"ImageObject","inLanguage":"en-US","@id":"https:\/\/radio-newyork.com\/#\/schema\/person\/image\/","url":"https:\/\/secure.gravatar.com\/avatar\/800e8dd1eac3e728e825b7d5c16c80b067c4a0557a2ce54986c89f6008f454bb?s=96&d=mm&r=g","contentUrl":"https:\/\/secure.gravatar.com\/avatar\/800e8dd1eac3e728e825b7d5c16c80b067c4a0557a2ce54986c89f6008f454bb?s=96&d=mm&r=g","caption":"Ismet Rastoder"},"description":"Ismet Rastoder je urednik i osniva\u010d portala Radio New York \u2014 medijskog prostora posve\u0107enog dijaspori, dru\u0161tvenoj istini i stvarnim \u017eivotnim pitanjima Balkana i Amerike. Poznat po direktnom stilu, hrabrim komentarima i beskompromisnoj borbi protiv nepravde, Rastoder donosi glas zajednice koja se \u010desto ne \u010duje, ali itekako postoji. Vi\u0161e od dvije decenije aktivan je u zajednici i medijima, gdje kroz analize, autorske kolumne i dru\u0161tveni anga\u017eman povezuje iskustvo \u017eivota u Americi sa realno\u0161\u0107u Balkana. Njegove pri\u010de otvaraju va\u017ene teme \u2014 od identiteta i politike, do kulture, dijaspore i dru\u0161tvenih transformacija. Prepoznat je kao glas dijaspore koji govori ono \u0161to mnogi misle, ali rijetko ko ka\u017ee.","sameAs":["http:\/\/radio-newyork.com"],"url":"https:\/\/radio-newyork.com\/?author=2"}]}},"_links":{"self":[{"href":"https:\/\/radio-newyork.com\/index.php?rest_route=\/wp\/v2\/posts\/1799","targetHints":{"allow":["GET"]}}],"collection":[{"href":"https:\/\/radio-newyork.com\/index.php?rest_route=\/wp\/v2\/posts"}],"about":[{"href":"https:\/\/radio-newyork.com\/index.php?rest_route=\/wp\/v2\/types\/post"}],"author":[{"embeddable":true,"href":"https:\/\/radio-newyork.com\/index.php?rest_route=\/wp\/v2\/users\/2"}],"replies":[{"embeddable":true,"href":"https:\/\/radio-newyork.com\/index.php?rest_route=%2Fwp%2Fv2%2Fcomments&post=1799"}],"version-history":[{"count":1,"href":"https:\/\/radio-newyork.com\/index.php?rest_route=\/wp\/v2\/posts\/1799\/revisions"}],"predecessor-version":[{"id":1801,"href":"https:\/\/radio-newyork.com\/index.php?rest_route=\/wp\/v2\/posts\/1799\/revisions\/1801"}],"wp:featuredmedia":[{"embeddable":true,"href":"https:\/\/radio-newyork.com\/index.php?rest_route=\/wp\/v2\/media\/1800"}],"wp:attachment":[{"href":"https:\/\/radio-newyork.com\/index.php?rest_route=%2Fwp%2Fv2%2Fmedia&parent=1799"}],"wp:term":[{"taxonomy":"category","embeddable":true,"href":"https:\/\/radio-newyork.com\/index.php?rest_route=%2Fwp%2Fv2%2Fcategories&post=1799"},{"taxonomy":"post_tag","embeddable":true,"href":"https:\/\/radio-newyork.com\/index.php?rest_route=%2Fwp%2Fv2%2Ftags&post=1799"}],"curies":[{"name":"wp","href":"https:\/\/api.w.org\/{rel}","templated":true}]}}