{"id":1746,"date":"2022-02-01T02:31:11","date_gmt":"2022-02-01T02:31:11","guid":{"rendered":"https:\/\/radio-newyork.com\/?p=1746"},"modified":"2022-02-01T02:31:14","modified_gmt":"2022-02-01T02:31:14","slug":"drzavljanima-crne-gore-bice-potrebna-dozvola-za-putovanje","status":"publish","type":"post","link":"https:\/\/radio-newyork.com\/?p=1746","title":{"rendered":"Dr\u017eavljanima Crne Gore bi\u0107e potrebna dozvola za putovanje"},"content":{"rendered":"<h2 class=\"wp-block-post-title\">Dr\u017eavljanima Crne Gore bi\u0107e potrebna dozvola za putovanje<\/h2>\n\n\n<p>Ilustracija<\/p>\n\n\n\n<p>Crnogorski dr\u017eavljani mora\u0107e da se prijave od 2023. godine za dozvolu za putovanje (ETIAS) za ulazak u evropske zemlje na kratkoro\u010dnoj osnovi, ispod 90 dana, za op\u0161te turisti\u010dke, poslovne, tranzitne ili medicinske svrhe. Program ETIAS bi\u0107e na snazi od 2023. godine i namijenjen je pregledu putnika koji dolaze iz inostranstva kao odgovor na globalni porast teroristi\u010dkih aktivnosti.<\/p>\n\n\n\n<p>To se navodi na informativnom sajtu ETIAS.<\/p>\n\n\n\n<p>Prijava se obavlja preko interneta, a napla\u0107iva\u0107e se i taksa.<\/p>\n\n\n\n<p>Program ETIAS je odobren jo\u0161 2016. godine i bile su potrebne \u010detiri godine da se razviju potrebni sistemi koji bi se povezali sa postoje\u0107im bazama podataka i drugim bezbjednosnim podacima kako bi se osigurao besprekoran novi alat za pregled.<\/p>\n\n\n\n<p>U 2023. godini od gra\u0111ana Crne Gore \u0107e se tra\u017eiti da popune ETIAS aplikaciju prije polaska, a to uklju\u010duje i putnike koji \u0107e samo tranzitirati Evropom na putu ka drugim destinacijama.<\/p>\n\n\n\n<p>Svaki crnogorski dr\u017eavljanin koji \u017eeli da u\u0111e u Evropu du\u017ee od 90 dana, ili u druge svrhe osim onih koje su dozvoljene ETIAS programom, mora\u0107e da podnese zahjtev za \u0161engensku vizu.<\/p>\n\n\n\n<p>Na sajtu ETIAS navedene su i dr\u017eave za koje \u0107e biti potrebna ova prijava za dozvolu za putovanje.<\/p>\n\n\n\n<p>To su&nbsp;Austrija,&nbsp;Belgija,&nbsp;\u010ce\u0161ka,&nbsp;Danska,&nbsp;Estonija, Finska, Francuska,&nbsp;Njema\u010dka,&nbsp;Gr\u010dka,&nbsp;Ma\u0111arska, Italija,&nbsp;Letonija,&nbsp;Litvanija,&nbsp;Luksemburg, Malta, Holandija,&nbsp;Poljska,&nbsp;Portugal,&nbsp;Slova\u010dka, Slovenija, \u0160panija, \u0160vedska,&nbsp;Island, Lihten\u0161tajn,&nbsp;Norve\u0161ka, \u0160vajcarska, Bugarska, Hrvatska, Kipar, Rumunija,&nbsp; Andora,&nbsp;Monako, San Marino i Vatikan.<\/p>\n","protected":false},"excerpt":{"rendered":"<p>Ilustracija Crnogorski dr\u017eavljani mora\u0107e da se prijave od 2023. godine za dozvolu za putovanje (ETIAS) za ulazak u evropske zemlje na kratkoro\u010dnoj osnovi, ispod 90 dana, za op\u0161te turisti\u010dke, poslovne, tranzitne ili medicinske svrhe. Program ETIAS bi\u0107e na snazi od 2023. godine i namijenjen je pregledu putnika koji dolaze iz inostranstva kao odgovor na globalni [&hellip;]<\/p>\n","protected":false},"author":2,"featured_media":1747,"comment_status":"open","ping_status":"open","sticky":false,"template":"","format":"standard","meta":{"footnotes":""},"categories":[1],"tags":[],"class_list":["post-1746","post","type-post","status-publish","format-standard","has-post-thumbnail","hentry","category-uncategorized"],"acf":[],"yoast_head":"<!-- This site is optimized with the Yoast SEO plugin v26.2 - https:\/\/yoast.com\/wordpress\/plugins\/seo\/ -->\n<title>Dr\u017eavljanima Crne Gore bi\u0107e potrebna dozvola za putovanje - Radio New York<\/title>\n<meta name=\"robots\" content=\"index, follow, max-snippet:-1, max-image-preview:large, max-video-preview:-1\" \/>\n<link rel=\"canonical\" href=\"https:\/\/radio-newyork.com\/?p=1746\" \/>\n<meta property=\"og:locale\" content=\"en_US\" \/>\n<meta property=\"og:type\" content=\"article\" \/>\n<meta property=\"og:title\" content=\"Dr\u017eavljanima Crne Gore bi\u0107e potrebna dozvola za putovanje - Radio New York\" \/>\n<meta property=\"og:description\" content=\"Ilustracija Crnogorski dr\u017eavljani mora\u0107e da se prijave od 2023. godine za dozvolu za putovanje (ETIAS) za ulazak u evropske zemlje na kratkoro\u010dnoj osnovi, ispod 90 dana, za op\u0161te turisti\u010dke, poslovne, tranzitne ili medicinske svrhe. Program ETIAS bi\u0107e na snazi od 2023. godine i namijenjen je pregledu putnika koji dolaze iz inostranstva kao odgovor na globalni [&hellip;]\" \/>\n<meta property=\"og:url\" content=\"https:\/\/radio-newyork.com\/?p=1746\" \/>\n<meta property=\"og:site_name\" content=\"Radio New York\" \/>\n<meta property=\"article:published_time\" content=\"2022-02-01T02:31:11+00:00\" \/>\n<meta property=\"article:modified_time\" content=\"2022-02-01T02:31:14+00:00\" \/>\n<meta property=\"og:image\" content=\"https:\/\/radio-newyork.com\/wp-content\/uploads\/2022\/02\/pasos-1-1000x555-1.jpeg\" \/>\n\t<meta property=\"og:image:width\" content=\"1000\" \/>\n\t<meta property=\"og:image:height\" content=\"555\" \/>\n\t<meta property=\"og:image:type\" content=\"image\/jpeg\" \/>\n<meta name=\"author\" content=\"Ismet Rastoder\" \/>\n<meta name=\"twitter:card\" content=\"summary_large_image\" \/>\n<meta name=\"twitter:label1\" content=\"Written by\" \/>\n\t<meta name=\"twitter:data1\" content=\"Ismet Rastoder\" \/>\n\t<meta name=\"twitter:label2\" content=\"Est. reading time\" \/>\n\t<meta name=\"twitter:data2\" content=\"1 minute\" \/>\n<script type=\"application\/ld+json\" class=\"yoast-schema-graph\">{\"@context\":\"https:\/\/schema.org\",\"@graph\":[{\"@type\":\"Article\",\"@id\":\"https:\/\/radio-newyork.com\/?p=1746#article\",\"isPartOf\":{\"@id\":\"https:\/\/radio-newyork.com\/?p=1746\"},\"author\":{\"name\":\"Ismet Rastoder\",\"@id\":\"https:\/\/radio-newyork.com\/#\/schema\/person\/e2f4dbf5b60fd9ac004d77b9e1b59559\"},\"headline\":\"Dr\u017eavljanima Crne Gore bi\u0107e potrebna dozvola za putovanje\",\"datePublished\":\"2022-02-01T02:31:11+00:00\",\"dateModified\":\"2022-02-01T02:31:14+00:00\",\"mainEntityOfPage\":{\"@id\":\"https:\/\/radio-newyork.com\/?p=1746\"},\"wordCount\":279,\"commentCount\":0,\"publisher\":{\"@id\":\"https:\/\/radio-newyork.com\/#organization\"},\"image\":{\"@id\":\"https:\/\/radio-newyork.com\/?p=1746#primaryimage\"},\"thumbnailUrl\":\"https:\/\/radio-newyork.com\/wp-content\/uploads\/2022\/02\/pasos-1-1000x555-1.jpeg\",\"inLanguage\":\"en-US\",\"potentialAction\":[{\"@type\":\"CommentAction\",\"name\":\"Comment\",\"target\":[\"https:\/\/radio-newyork.com\/?p=1746#respond\"]}]},{\"@type\":\"WebPage\",\"@id\":\"https:\/\/radio-newyork.com\/?p=1746\",\"url\":\"https:\/\/radio-newyork.com\/?p=1746\",\"name\":\"Dr\u017eavljanima Crne Gore bi\u0107e potrebna dozvola za putovanje - Radio New York\",\"isPartOf\":{\"@id\":\"https:\/\/radio-newyork.com\/#website\"},\"primaryImageOfPage\":{\"@id\":\"https:\/\/radio-newyork.com\/?p=1746#primaryimage\"},\"image\":{\"@id\":\"https:\/\/radio-newyork.com\/?p=1746#primaryimage\"},\"thumbnailUrl\":\"https:\/\/radio-newyork.com\/wp-content\/uploads\/2022\/02\/pasos-1-1000x555-1.jpeg\",\"datePublished\":\"2022-02-01T02:31:11+00:00\",\"dateModified\":\"2022-02-01T02:31:14+00:00\",\"breadcrumb\":{\"@id\":\"https:\/\/radio-newyork.com\/?p=1746#breadcrumb\"},\"inLanguage\":\"en-US\",\"potentialAction\":[{\"@type\":\"ReadAction\",\"target\":[\"https:\/\/radio-newyork.com\/?p=1746\"]}]},{\"@type\":\"ImageObject\",\"inLanguage\":\"en-US\",\"@id\":\"https:\/\/radio-newyork.com\/?p=1746#primaryimage\",\"url\":\"https:\/\/radio-newyork.com\/wp-content\/uploads\/2022\/02\/pasos-1-1000x555-1.jpeg\",\"contentUrl\":\"https:\/\/radio-newyork.com\/wp-content\/uploads\/2022\/02\/pasos-1-1000x555-1.jpeg\",\"width\":1000,\"height\":555},{\"@type\":\"BreadcrumbList\",\"@id\":\"https:\/\/radio-newyork.com\/?p=1746#breadcrumb\",\"itemListElement\":[{\"@type\":\"ListItem\",\"position\":1,\"name\":\"Home\",\"item\":\"https:\/\/radio-newyork.com\/\"},{\"@type\":\"ListItem\",\"position\":2,\"name\":\"Dr\u017eavljanima Crne Gore bi\u0107e potrebna dozvola za putovanje\"}]},{\"@type\":\"WebSite\",\"@id\":\"https:\/\/radio-newyork.com\/#website\",\"url\":\"https:\/\/radio-newyork.com\/\",\"name\":\"Radio New York\",\"description\":\"Radio New York \u2014 Most Amerike i domovine\",\"publisher\":{\"@id\":\"https:\/\/radio-newyork.com\/#organization\"},\"potentialAction\":[{\"@type\":\"SearchAction\",\"target\":{\"@type\":\"EntryPoint\",\"urlTemplate\":\"https:\/\/radio-newyork.com\/?s={search_term_string}\"},\"query-input\":{\"@type\":\"PropertyValueSpecification\",\"valueRequired\":true,\"valueName\":\"search_term_string\"}}],\"inLanguage\":\"en-US\"},{\"@type\":\"Organization\",\"@id\":\"https:\/\/radio-newyork.com\/#organization\",\"name\":\"Radio New York\",\"url\":\"https:\/\/radio-newyork.com\/\",\"logo\":{\"@type\":\"ImageObject\",\"inLanguage\":\"en-US\",\"@id\":\"https:\/\/radio-newyork.com\/#\/schema\/logo\/image\/\",\"url\":\"https:\/\/radio-newyork.com\/wp-content\/uploads\/2021\/12\/262517255_4571047313011643_1786418142376364479_n.jpg\",\"contentUrl\":\"https:\/\/radio-newyork.com\/wp-content\/uploads\/2021\/12\/262517255_4571047313011643_1786418142376364479_n.jpg\",\"width\":212,\"height\":210,\"caption\":\"Radio New York\"},\"image\":{\"@id\":\"https:\/\/radio-newyork.com\/#\/schema\/logo\/image\/\"}},{\"@type\":\"Person\",\"@id\":\"https:\/\/radio-newyork.com\/#\/schema\/person\/e2f4dbf5b60fd9ac004d77b9e1b59559\",\"name\":\"Ismet Rastoder\",\"image\":{\"@type\":\"ImageObject\",\"inLanguage\":\"en-US\",\"@id\":\"https:\/\/radio-newyork.com\/#\/schema\/person\/image\/\",\"url\":\"https:\/\/secure.gravatar.com\/avatar\/800e8dd1eac3e728e825b7d5c16c80b067c4a0557a2ce54986c89f6008f454bb?s=96&d=mm&r=g\",\"contentUrl\":\"https:\/\/secure.gravatar.com\/avatar\/800e8dd1eac3e728e825b7d5c16c80b067c4a0557a2ce54986c89f6008f454bb?s=96&d=mm&r=g\",\"caption\":\"Ismet Rastoder\"},\"description\":\"Ismet Rastoder je urednik i osniva\u010d portala Radio New York \u2014 medijskog prostora posve\u0107enog dijaspori, dru\u0161tvenoj istini i stvarnim \u017eivotnim pitanjima Balkana i Amerike. Poznat po direktnom stilu, hrabrim komentarima i beskompromisnoj borbi protiv nepravde, Rastoder donosi glas zajednice koja se \u010desto ne \u010duje, ali itekako postoji. Vi\u0161e od dvije decenije aktivan je u zajednici i medijima, gdje kroz analize, autorske kolumne i dru\u0161tveni anga\u017eman povezuje iskustvo \u017eivota u Americi sa realno\u0161\u0107u Balkana. Njegove pri\u010de otvaraju va\u017ene teme \u2014 od identiteta i politike, do kulture, dijaspore i dru\u0161tvenih transformacija. Prepoznat je kao glas dijaspore koji govori ono \u0161to mnogi misle, ali rijetko ko ka\u017ee.\",\"sameAs\":[\"http:\/\/radio-newyork.com\"],\"url\":\"https:\/\/radio-newyork.com\/?author=2\"}]}<\/script>\n<!-- \/ Yoast SEO plugin. -->","yoast_head_json":{"title":"Dr\u017eavljanima Crne Gore bi\u0107e potrebna dozvola za putovanje - Radio New York","robots":{"index":"index","follow":"follow","max-snippet":"max-snippet:-1","max-image-preview":"max-image-preview:large","max-video-preview":"max-video-preview:-1"},"canonical":"https:\/\/radio-newyork.com\/?p=1746","og_locale":"en_US","og_type":"article","og_title":"Dr\u017eavljanima Crne Gore bi\u0107e potrebna dozvola za putovanje - Radio New York","og_description":"Ilustracija Crnogorski dr\u017eavljani mora\u0107e da se prijave od 2023. godine za dozvolu za putovanje (ETIAS) za ulazak u evropske zemlje na kratkoro\u010dnoj osnovi, ispod 90 dana, za op\u0161te turisti\u010dke, poslovne, tranzitne ili medicinske svrhe. Program ETIAS bi\u0107e na snazi od 2023. godine i namijenjen je pregledu putnika koji dolaze iz inostranstva kao odgovor na globalni [&hellip;]","og_url":"https:\/\/radio-newyork.com\/?p=1746","og_site_name":"Radio New York","article_published_time":"2022-02-01T02:31:11+00:00","article_modified_time":"2022-02-01T02:31:14+00:00","og_image":[{"width":1000,"height":555,"url":"https:\/\/radio-newyork.com\/wp-content\/uploads\/2022\/02\/pasos-1-1000x555-1.jpeg","type":"image\/jpeg"}],"author":"Ismet Rastoder","twitter_card":"summary_large_image","twitter_misc":{"Written by":"Ismet Rastoder","Est. reading time":"1 minute"},"schema":{"@context":"https:\/\/schema.org","@graph":[{"@type":"Article","@id":"https:\/\/radio-newyork.com\/?p=1746#article","isPartOf":{"@id":"https:\/\/radio-newyork.com\/?p=1746"},"author":{"name":"Ismet Rastoder","@id":"https:\/\/radio-newyork.com\/#\/schema\/person\/e2f4dbf5b60fd9ac004d77b9e1b59559"},"headline":"Dr\u017eavljanima Crne Gore bi\u0107e potrebna dozvola za putovanje","datePublished":"2022-02-01T02:31:11+00:00","dateModified":"2022-02-01T02:31:14+00:00","mainEntityOfPage":{"@id":"https:\/\/radio-newyork.com\/?p=1746"},"wordCount":279,"commentCount":0,"publisher":{"@id":"https:\/\/radio-newyork.com\/#organization"},"image":{"@id":"https:\/\/radio-newyork.com\/?p=1746#primaryimage"},"thumbnailUrl":"https:\/\/radio-newyork.com\/wp-content\/uploads\/2022\/02\/pasos-1-1000x555-1.jpeg","inLanguage":"en-US","potentialAction":[{"@type":"CommentAction","name":"Comment","target":["https:\/\/radio-newyork.com\/?p=1746#respond"]}]},{"@type":"WebPage","@id":"https:\/\/radio-newyork.com\/?p=1746","url":"https:\/\/radio-newyork.com\/?p=1746","name":"Dr\u017eavljanima Crne Gore bi\u0107e potrebna dozvola za putovanje - Radio New York","isPartOf":{"@id":"https:\/\/radio-newyork.com\/#website"},"primaryImageOfPage":{"@id":"https:\/\/radio-newyork.com\/?p=1746#primaryimage"},"image":{"@id":"https:\/\/radio-newyork.com\/?p=1746#primaryimage"},"thumbnailUrl":"https:\/\/radio-newyork.com\/wp-content\/uploads\/2022\/02\/pasos-1-1000x555-1.jpeg","datePublished":"2022-02-01T02:31:11+00:00","dateModified":"2022-02-01T02:31:14+00:00","breadcrumb":{"@id":"https:\/\/radio-newyork.com\/?p=1746#breadcrumb"},"inLanguage":"en-US","potentialAction":[{"@type":"ReadAction","target":["https:\/\/radio-newyork.com\/?p=1746"]}]},{"@type":"ImageObject","inLanguage":"en-US","@id":"https:\/\/radio-newyork.com\/?p=1746#primaryimage","url":"https:\/\/radio-newyork.com\/wp-content\/uploads\/2022\/02\/pasos-1-1000x555-1.jpeg","contentUrl":"https:\/\/radio-newyork.com\/wp-content\/uploads\/2022\/02\/pasos-1-1000x555-1.jpeg","width":1000,"height":555},{"@type":"BreadcrumbList","@id":"https:\/\/radio-newyork.com\/?p=1746#breadcrumb","itemListElement":[{"@type":"ListItem","position":1,"name":"Home","item":"https:\/\/radio-newyork.com\/"},{"@type":"ListItem","position":2,"name":"Dr\u017eavljanima Crne Gore bi\u0107e potrebna dozvola za putovanje"}]},{"@type":"WebSite","@id":"https:\/\/radio-newyork.com\/#website","url":"https:\/\/radio-newyork.com\/","name":"Radio New York","description":"Radio New York \u2014 Most Amerike i domovine","publisher":{"@id":"https:\/\/radio-newyork.com\/#organization"},"potentialAction":[{"@type":"SearchAction","target":{"@type":"EntryPoint","urlTemplate":"https:\/\/radio-newyork.com\/?s={search_term_string}"},"query-input":{"@type":"PropertyValueSpecification","valueRequired":true,"valueName":"search_term_string"}}],"inLanguage":"en-US"},{"@type":"Organization","@id":"https:\/\/radio-newyork.com\/#organization","name":"Radio New York","url":"https:\/\/radio-newyork.com\/","logo":{"@type":"ImageObject","inLanguage":"en-US","@id":"https:\/\/radio-newyork.com\/#\/schema\/logo\/image\/","url":"https:\/\/radio-newyork.com\/wp-content\/uploads\/2021\/12\/262517255_4571047313011643_1786418142376364479_n.jpg","contentUrl":"https:\/\/radio-newyork.com\/wp-content\/uploads\/2021\/12\/262517255_4571047313011643_1786418142376364479_n.jpg","width":212,"height":210,"caption":"Radio New York"},"image":{"@id":"https:\/\/radio-newyork.com\/#\/schema\/logo\/image\/"}},{"@type":"Person","@id":"https:\/\/radio-newyork.com\/#\/schema\/person\/e2f4dbf5b60fd9ac004d77b9e1b59559","name":"Ismet Rastoder","image":{"@type":"ImageObject","inLanguage":"en-US","@id":"https:\/\/radio-newyork.com\/#\/schema\/person\/image\/","url":"https:\/\/secure.gravatar.com\/avatar\/800e8dd1eac3e728e825b7d5c16c80b067c4a0557a2ce54986c89f6008f454bb?s=96&d=mm&r=g","contentUrl":"https:\/\/secure.gravatar.com\/avatar\/800e8dd1eac3e728e825b7d5c16c80b067c4a0557a2ce54986c89f6008f454bb?s=96&d=mm&r=g","caption":"Ismet Rastoder"},"description":"Ismet Rastoder je urednik i osniva\u010d portala Radio New York \u2014 medijskog prostora posve\u0107enog dijaspori, dru\u0161tvenoj istini i stvarnim \u017eivotnim pitanjima Balkana i Amerike. Poznat po direktnom stilu, hrabrim komentarima i beskompromisnoj borbi protiv nepravde, Rastoder donosi glas zajednice koja se \u010desto ne \u010duje, ali itekako postoji. Vi\u0161e od dvije decenije aktivan je u zajednici i medijima, gdje kroz analize, autorske kolumne i dru\u0161tveni anga\u017eman povezuje iskustvo \u017eivota u Americi sa realno\u0161\u0107u Balkana. Njegove pri\u010de otvaraju va\u017ene teme \u2014 od identiteta i politike, do kulture, dijaspore i dru\u0161tvenih transformacija. Prepoznat je kao glas dijaspore koji govori ono \u0161to mnogi misle, ali rijetko ko ka\u017ee.","sameAs":["http:\/\/radio-newyork.com"],"url":"https:\/\/radio-newyork.com\/?author=2"}]}},"_links":{"self":[{"href":"https:\/\/radio-newyork.com\/index.php?rest_route=\/wp\/v2\/posts\/1746","targetHints":{"allow":["GET"]}}],"collection":[{"href":"https:\/\/radio-newyork.com\/index.php?rest_route=\/wp\/v2\/posts"}],"about":[{"href":"https:\/\/radio-newyork.com\/index.php?rest_route=\/wp\/v2\/types\/post"}],"author":[{"embeddable":true,"href":"https:\/\/radio-newyork.com\/index.php?rest_route=\/wp\/v2\/users\/2"}],"replies":[{"embeddable":true,"href":"https:\/\/radio-newyork.com\/index.php?rest_route=%2Fwp%2Fv2%2Fcomments&post=1746"}],"version-history":[{"count":1,"href":"https:\/\/radio-newyork.com\/index.php?rest_route=\/wp\/v2\/posts\/1746\/revisions"}],"predecessor-version":[{"id":1748,"href":"https:\/\/radio-newyork.com\/index.php?rest_route=\/wp\/v2\/posts\/1746\/revisions\/1748"}],"wp:featuredmedia":[{"embeddable":true,"href":"https:\/\/radio-newyork.com\/index.php?rest_route=\/wp\/v2\/media\/1747"}],"wp:attachment":[{"href":"https:\/\/radio-newyork.com\/index.php?rest_route=%2Fwp%2Fv2%2Fmedia&parent=1746"}],"wp:term":[{"taxonomy":"category","embeddable":true,"href":"https:\/\/radio-newyork.com\/index.php?rest_route=%2Fwp%2Fv2%2Fcategories&post=1746"},{"taxonomy":"post_tag","embeddable":true,"href":"https:\/\/radio-newyork.com\/index.php?rest_route=%2Fwp%2Fv2%2Ftags&post=1746"}],"curies":[{"name":"wp","href":"https:\/\/api.w.org\/{rel}","templated":true}]}}