{"id":1738,"date":"2022-02-01T00:13:25","date_gmt":"2022-02-01T00:13:25","guid":{"rendered":"https:\/\/radio-newyork.com\/?p=1738"},"modified":"2022-02-01T00:13:27","modified_gmt":"2022-02-01T00:13:27","slug":"former-miss-usa-cheslie-kryst-dead-at-30","status":"publish","type":"post","link":"https:\/\/radio-newyork.com\/?p=1738","title":{"rendered":"Former Miss USA Cheslie Kryst dead at 30"},"content":{"rendered":"<h2 class=\"wp-block-post-title\">Former Miss USA Cheslie Kryst dead at 30<\/h2>\n\n\n<p>Former Miss USA&nbsp;<a href=\"https:\/\/www.goodmorningamerica.com\/culture\/story\/glass-ceilings-broken-wearing-skirt-pants-miss-usa-62800297\" target=\"_blank\" rel=\"noreferrer noopener\">Cheslie Kryst<\/a>&nbsp;died Sunday, her family confirmed. She was 30 years old.<\/p>\n\n\n\n<p>In a statement, Kryst\u2019s family wrote, \u201cIn devastation and great sorrow, we share the passing of our beloved Cheslie. Her great light was one that inspired others around the world with her beauty and strength.\u201d<\/p>\n\n\n\n<p>\u201cShe cared, she loved, she laughed and she shined,\u201d Kryst\u2019s family added. \u201cCheslie embodied love and served others, whether through her work as an attorney fighting for social justice, as Miss USA and as a host on Extra. But most importantly, as a daughter, sister, friend, mentor and colleague &#8212; we know her impact will live on.\u201d<a href=\"https:\/\/www.goodmorningamerica.com\/culture\/story\/glass-ceilings-broken-wearing-skirt-pants-miss-usa-62800297\">MORE: &#8216;Glass ceilings can be broken wearing either a skirt or pants&#8217;: Miss USA Cheslie Kryst&#8217;s fiercest quotes from 2019&#8217;s final competition<\/a><\/p>\n\n\n\n<p>Kryst died by suicide, the New York City Office of the Chief Medical Examiner confirmed Monday. Her body was found on the ground Sunday morning in front of a New York City high-rise, according to the New York Police Department.<\/p>\n\n\n\n<p>Just hours before the incident, she\u00a0<a rel=\"noreferrer noopener\" href=\"https:\/\/www.instagram.com\/p\/CZWn2kuOVy_\/\" target=\"_blank\">shared a photo of herself on Instagram<\/a>\u00a0alongside the caption, \u201cMay this day bring you rest and peace.<\/p>\n\n\n\n<p><a href=\"https:\/\/www.goodmorningamerica.com\/culture\/story\/miss-usa-miss-teen-usa-miss-america-black-62823938\" target=\"_blank\" rel=\"noreferrer noopener\">Kryst was crowned Miss USA<\/a>&nbsp;as Miss North Carolina in May 2019. She earned her law degree and an MBA at Wake Forest University. Following her graduation, Kryst became licensed to practice law in both North Carolina and South Carolina and worked as a civil litigation attorney. She also worked pro bono for clients who were low-level drug offenders.<a href=\"https:\/\/www.goodmorningamerica.com\/culture\/story\/miss-usa-miss-teen-usa-miss-america-black-62823938\">MORE: Miss USA, Miss Teen USA and Miss America are all black \u2014 a first in pageant history<\/a><\/p>\n\n\n\n<p>Kryst also became a correspondent for Extra and was nominated for two Daytime Emmy Awards.<\/p>\n\n\n\n<p>In response to the news of her death, Extra&nbsp;<a href=\"https:\/\/www.instagram.com\/p\/CZXvWtPvyy9\/\" target=\"_blank\" rel=\"noreferrer noopener\">paid tribute<\/a>&nbsp;to the former Miss USA winner and said \u201cour hearts are broken.\u201d<\/p>\n\n\n\n<p>\u201cCheslie was not just a vital part of our show, she was a beloved part of our \u2018Extra\u2019 family and touched the entire staff,\u201d Extra wrote on their Instagram page. \u201cOur deepest condolences to all her family and friends.\u201d<\/p>\n\n\n\n<p>Kryst spoke out about mental health during her reign as Miss USA, saying she spoke with a counselor and took steps to protect her mental health.<\/p>\n\n\n\n<p>&#8220;I do a lot to maintain my mental health, and the most important thing that I did is talk to a counselor,&#8221; she wrote in a post on the Miss USA Facebook page in 2019. &#8220;When I&#8217;m not talking to a counselor, I take time at the end of every single day to just decompress. I unplug. I shut my phone off. I don&#8217;t answer messages. I just sit and watch my favorite movies.&#8221;<\/p>\n\n\n\n<p>Dr. Jennifer Ashton, ABC News chief medical correspondent, said Monday on &#8220;<a href=\"https:\/\/www.goodmorningamerica.com\/\" target=\"_blank\" rel=\"noreferrer noopener\">Good Morning America<\/a>&#8221; that when someone dies by suicide, people may wonder if they missed warning signs. But there should be no blame.<\/p>\n\n\n\n<p>&#8220;If you\u2019ve lost someone to suicide, this is not your fault,&#8221; said Ashton, who&nbsp;<a href=\"https:\/\/www.goodmorningamerica.com\/wellness\/story\/dr-jennifer-ashton-life-suicide-losing-loved-suicide-62803367\" target=\"_blank\" rel=\"noreferrer noopener\">wrote the book &#8220;Life After Suicide<\/a>&#8221; after her ex-husband died by suicide five years ago. &#8220;It can be difficult to pick up on these because what\u2019s on the surface may not reflect what\u2019s on the inside.&#8221;<\/p>\n\n\n\n<figure class=\"wp-block-image\"><img decoding=\"async\" src=\"https:\/\/s.abcnews.com\/images\/GMA\/190507_gma_suicide4_hpMain_16x9_608.jpg\" alt=\"\" title=\"\"\/><\/figure>\n\n\n\n<p>ABC News&#8217; chief medical correspondent discusses her new book and what life is like for those coping after a loved one&#8217;s suicide.<\/p>\n\n\n\n<p>If someone is worried about a friend or loved ones\u2019 mental health, specific signs that people can look for include a person giving away their possessions and pets, saying they are a burden, showing behavioral changes like being more withdrawn or expressing feelings that they&#8217;ve lost hope, according to Ashton.<\/p>\n\n\n\n<p>&#8220;The first and most important thing is you have to actually ask them, &#8216;Are you having thoughts of suicide or self-harm?'&#8221; said Ashton. &#8220;This will not put an idea in their head. If they answer yes, take that seriously. Do not leave them alone. Assure them there is always hope and help.&#8221;<\/p>\n\n\n\n<p>Ashton continued, &#8220;Acknowledge that you can see they\u2019re in pain. If necessary, bring them to an emergency room and get professional help.&#8221;<\/p>\n\n\n\n<p><em>If you are in crisis or know someone in crisis, call the National Suicide Prevention Lifeline at 1-800-273-TALK (8255) or contact the Crisis Text Line by texting HOME to 741741. You can reach Trans Lifeline at 877-565-8860 (U.S.) or 877-330-6366 (Canada) and The Trevor Project at 866-488-7386.<\/em><\/p>\n","protected":false},"excerpt":{"rendered":"<p>Former Miss USA&nbsp;Cheslie Kryst&nbsp;died Sunday, her family confirmed. She was 30 years old. In a statement, Kryst\u2019s family wrote, \u201cIn devastation and great sorrow, we share the passing of our beloved Cheslie. Her great light was one that inspired others around the world with her beauty and strength.\u201d \u201cShe cared, she loved, she laughed and [&hellip;]<\/p>\n","protected":false},"author":2,"featured_media":1739,"comment_status":"open","ping_status":"open","sticky":false,"template":"","format":"standard","meta":{"footnotes":""},"categories":[1],"tags":[],"class_list":["post-1738","post","type-post","status-publish","format-standard","has-post-thumbnail","hentry","category-uncategorized"],"acf":[],"yoast_head":"<!-- This site is optimized with the Yoast SEO plugin v26.2 - https:\/\/yoast.com\/wordpress\/plugins\/seo\/ -->\n<title>Former Miss USA Cheslie Kryst dead at 30 - Radio New York<\/title>\n<meta name=\"robots\" content=\"index, follow, max-snippet:-1, max-image-preview:large, max-video-preview:-1\" \/>\n<link rel=\"canonical\" href=\"https:\/\/radio-newyork.com\/?p=1738\" \/>\n<meta property=\"og:locale\" content=\"en_US\" \/>\n<meta property=\"og:type\" content=\"article\" \/>\n<meta property=\"og:title\" content=\"Former Miss USA Cheslie Kryst dead at 30 - Radio New York\" \/>\n<meta property=\"og:description\" content=\"Former Miss USA&nbsp;Cheslie Kryst&nbsp;died Sunday, her family confirmed. She was 30 years old. In a statement, Kryst\u2019s family wrote, \u201cIn devastation and great sorrow, we share the passing of our beloved Cheslie. Her great light was one that inspired others around the world with her beauty and strength.\u201d \u201cShe cared, she loved, she laughed and [&hellip;]\" \/>\n<meta property=\"og:url\" content=\"https:\/\/radio-newyork.com\/?p=1738\" \/>\n<meta property=\"og:site_name\" content=\"Radio New York\" \/>\n<meta property=\"article:published_time\" content=\"2022-02-01T00:13:25+00:00\" \/>\n<meta property=\"article:modified_time\" content=\"2022-02-01T00:13:27+00:00\" \/>\n<meta property=\"og:image\" content=\"https:\/\/radio-newyork.com\/wp-content\/uploads\/2022\/02\/cheslie-kryst1-usa-today-ht-ml-190503_hpMain_16x9_992.jpeg\" \/>\n\t<meta property=\"og:image:width\" content=\"992\" \/>\n\t<meta property=\"og:image:height\" content=\"558\" \/>\n\t<meta property=\"og:image:type\" content=\"image\/jpeg\" \/>\n<meta name=\"author\" content=\"Ismet Rastoder\" \/>\n<meta name=\"twitter:card\" content=\"summary_large_image\" \/>\n<meta name=\"twitter:label1\" content=\"Written by\" \/>\n\t<meta name=\"twitter:data1\" content=\"Ismet Rastoder\" \/>\n\t<meta name=\"twitter:label2\" content=\"Est. reading time\" \/>\n\t<meta name=\"twitter:data2\" content=\"4 minutes\" \/>\n<script type=\"application\/ld+json\" class=\"yoast-schema-graph\">{\"@context\":\"https:\/\/schema.org\",\"@graph\":[{\"@type\":\"Article\",\"@id\":\"https:\/\/radio-newyork.com\/?p=1738#article\",\"isPartOf\":{\"@id\":\"https:\/\/radio-newyork.com\/?p=1738\"},\"author\":{\"name\":\"Ismet Rastoder\",\"@id\":\"https:\/\/radio-newyork.com\/#\/schema\/person\/e2f4dbf5b60fd9ac004d77b9e1b59559\"},\"headline\":\"Former Miss USA Cheslie Kryst dead at 30\",\"datePublished\":\"2022-02-01T00:13:25+00:00\",\"dateModified\":\"2022-02-01T00:13:27+00:00\",\"mainEntityOfPage\":{\"@id\":\"https:\/\/radio-newyork.com\/?p=1738\"},\"wordCount\":744,\"commentCount\":0,\"publisher\":{\"@id\":\"https:\/\/radio-newyork.com\/#organization\"},\"image\":{\"@id\":\"https:\/\/radio-newyork.com\/?p=1738#primaryimage\"},\"thumbnailUrl\":\"https:\/\/radio-newyork.com\/wp-content\/uploads\/2022\/02\/cheslie-kryst1-usa-today-ht-ml-190503_hpMain_16x9_992.jpeg\",\"inLanguage\":\"en-US\",\"potentialAction\":[{\"@type\":\"CommentAction\",\"name\":\"Comment\",\"target\":[\"https:\/\/radio-newyork.com\/?p=1738#respond\"]}]},{\"@type\":\"WebPage\",\"@id\":\"https:\/\/radio-newyork.com\/?p=1738\",\"url\":\"https:\/\/radio-newyork.com\/?p=1738\",\"name\":\"Former Miss USA Cheslie Kryst dead at 30 - Radio New York\",\"isPartOf\":{\"@id\":\"https:\/\/radio-newyork.com\/#website\"},\"primaryImageOfPage\":{\"@id\":\"https:\/\/radio-newyork.com\/?p=1738#primaryimage\"},\"image\":{\"@id\":\"https:\/\/radio-newyork.com\/?p=1738#primaryimage\"},\"thumbnailUrl\":\"https:\/\/radio-newyork.com\/wp-content\/uploads\/2022\/02\/cheslie-kryst1-usa-today-ht-ml-190503_hpMain_16x9_992.jpeg\",\"datePublished\":\"2022-02-01T00:13:25+00:00\",\"dateModified\":\"2022-02-01T00:13:27+00:00\",\"breadcrumb\":{\"@id\":\"https:\/\/radio-newyork.com\/?p=1738#breadcrumb\"},\"inLanguage\":\"en-US\",\"potentialAction\":[{\"@type\":\"ReadAction\",\"target\":[\"https:\/\/radio-newyork.com\/?p=1738\"]}]},{\"@type\":\"ImageObject\",\"inLanguage\":\"en-US\",\"@id\":\"https:\/\/radio-newyork.com\/?p=1738#primaryimage\",\"url\":\"https:\/\/radio-newyork.com\/wp-content\/uploads\/2022\/02\/cheslie-kryst1-usa-today-ht-ml-190503_hpMain_16x9_992.jpeg\",\"contentUrl\":\"https:\/\/radio-newyork.com\/wp-content\/uploads\/2022\/02\/cheslie-kryst1-usa-today-ht-ml-190503_hpMain_16x9_992.jpeg\",\"width\":992,\"height\":558},{\"@type\":\"BreadcrumbList\",\"@id\":\"https:\/\/radio-newyork.com\/?p=1738#breadcrumb\",\"itemListElement\":[{\"@type\":\"ListItem\",\"position\":1,\"name\":\"Home\",\"item\":\"https:\/\/radio-newyork.com\/\"},{\"@type\":\"ListItem\",\"position\":2,\"name\":\"Former Miss USA Cheslie Kryst dead at 30\"}]},{\"@type\":\"WebSite\",\"@id\":\"https:\/\/radio-newyork.com\/#website\",\"url\":\"https:\/\/radio-newyork.com\/\",\"name\":\"Radio New York\",\"description\":\"Radio New York \u2014 Most Amerike i domovine\",\"publisher\":{\"@id\":\"https:\/\/radio-newyork.com\/#organization\"},\"potentialAction\":[{\"@type\":\"SearchAction\",\"target\":{\"@type\":\"EntryPoint\",\"urlTemplate\":\"https:\/\/radio-newyork.com\/?s={search_term_string}\"},\"query-input\":{\"@type\":\"PropertyValueSpecification\",\"valueRequired\":true,\"valueName\":\"search_term_string\"}}],\"inLanguage\":\"en-US\"},{\"@type\":\"Organization\",\"@id\":\"https:\/\/radio-newyork.com\/#organization\",\"name\":\"Radio New York\",\"url\":\"https:\/\/radio-newyork.com\/\",\"logo\":{\"@type\":\"ImageObject\",\"inLanguage\":\"en-US\",\"@id\":\"https:\/\/radio-newyork.com\/#\/schema\/logo\/image\/\",\"url\":\"https:\/\/radio-newyork.com\/wp-content\/uploads\/2021\/12\/262517255_4571047313011643_1786418142376364479_n.jpg\",\"contentUrl\":\"https:\/\/radio-newyork.com\/wp-content\/uploads\/2021\/12\/262517255_4571047313011643_1786418142376364479_n.jpg\",\"width\":212,\"height\":210,\"caption\":\"Radio New York\"},\"image\":{\"@id\":\"https:\/\/radio-newyork.com\/#\/schema\/logo\/image\/\"}},{\"@type\":\"Person\",\"@id\":\"https:\/\/radio-newyork.com\/#\/schema\/person\/e2f4dbf5b60fd9ac004d77b9e1b59559\",\"name\":\"Ismet Rastoder\",\"image\":{\"@type\":\"ImageObject\",\"inLanguage\":\"en-US\",\"@id\":\"https:\/\/radio-newyork.com\/#\/schema\/person\/image\/\",\"url\":\"https:\/\/secure.gravatar.com\/avatar\/800e8dd1eac3e728e825b7d5c16c80b067c4a0557a2ce54986c89f6008f454bb?s=96&d=mm&r=g\",\"contentUrl\":\"https:\/\/secure.gravatar.com\/avatar\/800e8dd1eac3e728e825b7d5c16c80b067c4a0557a2ce54986c89f6008f454bb?s=96&d=mm&r=g\",\"caption\":\"Ismet Rastoder\"},\"description\":\"Ismet Rastoder je urednik i osniva\u010d portala Radio New York \u2014 medijskog prostora posve\u0107enog dijaspori, dru\u0161tvenoj istini i stvarnim \u017eivotnim pitanjima Balkana i Amerike. Poznat po direktnom stilu, hrabrim komentarima i beskompromisnoj borbi protiv nepravde, Rastoder donosi glas zajednice koja se \u010desto ne \u010duje, ali itekako postoji. Vi\u0161e od dvije decenije aktivan je u zajednici i medijima, gdje kroz analize, autorske kolumne i dru\u0161tveni anga\u017eman povezuje iskustvo \u017eivota u Americi sa realno\u0161\u0107u Balkana. Njegove pri\u010de otvaraju va\u017ene teme \u2014 od identiteta i politike, do kulture, dijaspore i dru\u0161tvenih transformacija. Prepoznat je kao glas dijaspore koji govori ono \u0161to mnogi misle, ali rijetko ko ka\u017ee.\",\"sameAs\":[\"http:\/\/radio-newyork.com\"],\"url\":\"https:\/\/radio-newyork.com\/?author=2\"}]}<\/script>\n<!-- \/ Yoast SEO plugin. -->","yoast_head_json":{"title":"Former Miss USA Cheslie Kryst dead at 30 - Radio New York","robots":{"index":"index","follow":"follow","max-snippet":"max-snippet:-1","max-image-preview":"max-image-preview:large","max-video-preview":"max-video-preview:-1"},"canonical":"https:\/\/radio-newyork.com\/?p=1738","og_locale":"en_US","og_type":"article","og_title":"Former Miss USA Cheslie Kryst dead at 30 - Radio New York","og_description":"Former Miss USA&nbsp;Cheslie Kryst&nbsp;died Sunday, her family confirmed. She was 30 years old. In a statement, Kryst\u2019s family wrote, \u201cIn devastation and great sorrow, we share the passing of our beloved Cheslie. Her great light was one that inspired others around the world with her beauty and strength.\u201d \u201cShe cared, she loved, she laughed and [&hellip;]","og_url":"https:\/\/radio-newyork.com\/?p=1738","og_site_name":"Radio New York","article_published_time":"2022-02-01T00:13:25+00:00","article_modified_time":"2022-02-01T00:13:27+00:00","og_image":[{"width":992,"height":558,"url":"https:\/\/radio-newyork.com\/wp-content\/uploads\/2022\/02\/cheslie-kryst1-usa-today-ht-ml-190503_hpMain_16x9_992.jpeg","type":"image\/jpeg"}],"author":"Ismet Rastoder","twitter_card":"summary_large_image","twitter_misc":{"Written by":"Ismet Rastoder","Est. reading time":"4 minutes"},"schema":{"@context":"https:\/\/schema.org","@graph":[{"@type":"Article","@id":"https:\/\/radio-newyork.com\/?p=1738#article","isPartOf":{"@id":"https:\/\/radio-newyork.com\/?p=1738"},"author":{"name":"Ismet Rastoder","@id":"https:\/\/radio-newyork.com\/#\/schema\/person\/e2f4dbf5b60fd9ac004d77b9e1b59559"},"headline":"Former Miss USA Cheslie Kryst dead at 30","datePublished":"2022-02-01T00:13:25+00:00","dateModified":"2022-02-01T00:13:27+00:00","mainEntityOfPage":{"@id":"https:\/\/radio-newyork.com\/?p=1738"},"wordCount":744,"commentCount":0,"publisher":{"@id":"https:\/\/radio-newyork.com\/#organization"},"image":{"@id":"https:\/\/radio-newyork.com\/?p=1738#primaryimage"},"thumbnailUrl":"https:\/\/radio-newyork.com\/wp-content\/uploads\/2022\/02\/cheslie-kryst1-usa-today-ht-ml-190503_hpMain_16x9_992.jpeg","inLanguage":"en-US","potentialAction":[{"@type":"CommentAction","name":"Comment","target":["https:\/\/radio-newyork.com\/?p=1738#respond"]}]},{"@type":"WebPage","@id":"https:\/\/radio-newyork.com\/?p=1738","url":"https:\/\/radio-newyork.com\/?p=1738","name":"Former Miss USA Cheslie Kryst dead at 30 - Radio New York","isPartOf":{"@id":"https:\/\/radio-newyork.com\/#website"},"primaryImageOfPage":{"@id":"https:\/\/radio-newyork.com\/?p=1738#primaryimage"},"image":{"@id":"https:\/\/radio-newyork.com\/?p=1738#primaryimage"},"thumbnailUrl":"https:\/\/radio-newyork.com\/wp-content\/uploads\/2022\/02\/cheslie-kryst1-usa-today-ht-ml-190503_hpMain_16x9_992.jpeg","datePublished":"2022-02-01T00:13:25+00:00","dateModified":"2022-02-01T00:13:27+00:00","breadcrumb":{"@id":"https:\/\/radio-newyork.com\/?p=1738#breadcrumb"},"inLanguage":"en-US","potentialAction":[{"@type":"ReadAction","target":["https:\/\/radio-newyork.com\/?p=1738"]}]},{"@type":"ImageObject","inLanguage":"en-US","@id":"https:\/\/radio-newyork.com\/?p=1738#primaryimage","url":"https:\/\/radio-newyork.com\/wp-content\/uploads\/2022\/02\/cheslie-kryst1-usa-today-ht-ml-190503_hpMain_16x9_992.jpeg","contentUrl":"https:\/\/radio-newyork.com\/wp-content\/uploads\/2022\/02\/cheslie-kryst1-usa-today-ht-ml-190503_hpMain_16x9_992.jpeg","width":992,"height":558},{"@type":"BreadcrumbList","@id":"https:\/\/radio-newyork.com\/?p=1738#breadcrumb","itemListElement":[{"@type":"ListItem","position":1,"name":"Home","item":"https:\/\/radio-newyork.com\/"},{"@type":"ListItem","position":2,"name":"Former Miss USA Cheslie Kryst dead at 30"}]},{"@type":"WebSite","@id":"https:\/\/radio-newyork.com\/#website","url":"https:\/\/radio-newyork.com\/","name":"Radio New York","description":"Radio New York \u2014 Most Amerike i domovine","publisher":{"@id":"https:\/\/radio-newyork.com\/#organization"},"potentialAction":[{"@type":"SearchAction","target":{"@type":"EntryPoint","urlTemplate":"https:\/\/radio-newyork.com\/?s={search_term_string}"},"query-input":{"@type":"PropertyValueSpecification","valueRequired":true,"valueName":"search_term_string"}}],"inLanguage":"en-US"},{"@type":"Organization","@id":"https:\/\/radio-newyork.com\/#organization","name":"Radio New York","url":"https:\/\/radio-newyork.com\/","logo":{"@type":"ImageObject","inLanguage":"en-US","@id":"https:\/\/radio-newyork.com\/#\/schema\/logo\/image\/","url":"https:\/\/radio-newyork.com\/wp-content\/uploads\/2021\/12\/262517255_4571047313011643_1786418142376364479_n.jpg","contentUrl":"https:\/\/radio-newyork.com\/wp-content\/uploads\/2021\/12\/262517255_4571047313011643_1786418142376364479_n.jpg","width":212,"height":210,"caption":"Radio New York"},"image":{"@id":"https:\/\/radio-newyork.com\/#\/schema\/logo\/image\/"}},{"@type":"Person","@id":"https:\/\/radio-newyork.com\/#\/schema\/person\/e2f4dbf5b60fd9ac004d77b9e1b59559","name":"Ismet Rastoder","image":{"@type":"ImageObject","inLanguage":"en-US","@id":"https:\/\/radio-newyork.com\/#\/schema\/person\/image\/","url":"https:\/\/secure.gravatar.com\/avatar\/800e8dd1eac3e728e825b7d5c16c80b067c4a0557a2ce54986c89f6008f454bb?s=96&d=mm&r=g","contentUrl":"https:\/\/secure.gravatar.com\/avatar\/800e8dd1eac3e728e825b7d5c16c80b067c4a0557a2ce54986c89f6008f454bb?s=96&d=mm&r=g","caption":"Ismet Rastoder"},"description":"Ismet Rastoder je urednik i osniva\u010d portala Radio New York \u2014 medijskog prostora posve\u0107enog dijaspori, dru\u0161tvenoj istini i stvarnim \u017eivotnim pitanjima Balkana i Amerike. Poznat po direktnom stilu, hrabrim komentarima i beskompromisnoj borbi protiv nepravde, Rastoder donosi glas zajednice koja se \u010desto ne \u010duje, ali itekako postoji. Vi\u0161e od dvije decenije aktivan je u zajednici i medijima, gdje kroz analize, autorske kolumne i dru\u0161tveni anga\u017eman povezuje iskustvo \u017eivota u Americi sa realno\u0161\u0107u Balkana. Njegove pri\u010de otvaraju va\u017ene teme \u2014 od identiteta i politike, do kulture, dijaspore i dru\u0161tvenih transformacija. Prepoznat je kao glas dijaspore koji govori ono \u0161to mnogi misle, ali rijetko ko ka\u017ee.","sameAs":["http:\/\/radio-newyork.com"],"url":"https:\/\/radio-newyork.com\/?author=2"}]}},"_links":{"self":[{"href":"https:\/\/radio-newyork.com\/index.php?rest_route=\/wp\/v2\/posts\/1738","targetHints":{"allow":["GET"]}}],"collection":[{"href":"https:\/\/radio-newyork.com\/index.php?rest_route=\/wp\/v2\/posts"}],"about":[{"href":"https:\/\/radio-newyork.com\/index.php?rest_route=\/wp\/v2\/types\/post"}],"author":[{"embeddable":true,"href":"https:\/\/radio-newyork.com\/index.php?rest_route=\/wp\/v2\/users\/2"}],"replies":[{"embeddable":true,"href":"https:\/\/radio-newyork.com\/index.php?rest_route=%2Fwp%2Fv2%2Fcomments&post=1738"}],"version-history":[{"count":1,"href":"https:\/\/radio-newyork.com\/index.php?rest_route=\/wp\/v2\/posts\/1738\/revisions"}],"predecessor-version":[{"id":1740,"href":"https:\/\/radio-newyork.com\/index.php?rest_route=\/wp\/v2\/posts\/1738\/revisions\/1740"}],"wp:featuredmedia":[{"embeddable":true,"href":"https:\/\/radio-newyork.com\/index.php?rest_route=\/wp\/v2\/media\/1739"}],"wp:attachment":[{"href":"https:\/\/radio-newyork.com\/index.php?rest_route=%2Fwp%2Fv2%2Fmedia&parent=1738"}],"wp:term":[{"taxonomy":"category","embeddable":true,"href":"https:\/\/radio-newyork.com\/index.php?rest_route=%2Fwp%2Fv2%2Fcategories&post=1738"},{"taxonomy":"post_tag","embeddable":true,"href":"https:\/\/radio-newyork.com\/index.php?rest_route=%2Fwp%2Fv2%2Ftags&post=1738"}],"curies":[{"name":"wp","href":"https:\/\/api.w.org\/{rel}","templated":true}]}}