{"id":1656,"date":"2022-01-18T23:38:26","date_gmt":"2022-01-18T23:38:26","guid":{"rendered":"https:\/\/radio-newyork.com\/?p=1656"},"modified":"2022-01-18T23:38:28","modified_gmt":"2022-01-18T23:38:28","slug":"kenana-strujic-harbic-poslanica-bosnjacke-stranke-prvi-covjek-pljevalja-morao-je-da-bude-mnogo-kriticniji-zbog-poruka-mrznje-prema-manjinama","status":"publish","type":"post","link":"https:\/\/radio-newyork.com\/?p=1656","title":{"rendered":"Kenana Struji\u0107-Harbi\u0107, poslanica Bo\u0161nja\u010dke stranke: Prvi \u010dovjek Pljevalja morao je da bude mnogo kriti\u010dniji zbog poruka mr\u017enje prema manjinama"},"content":{"rendered":"\n<p>Podijeli ovo na dru\u0161tvenim mre\u017eama<br><a href=\"http:\/\/www.facebook.com\/sharer.php?u=https:\/\/portalluca.me\/kenana-strujic-harbic-poslanica-bosnjacke-stranke-prvi-covjek-pljevalja-morao-je-da-bude-mnogo-kriticniji-zbog-poruka-mrznje-prema-manjinama\/\" target=\"_blank\" rel=\"noreferrer noopener\"><\/a><a href=\"http:\/\/twitter.com\/share?url=https:\/\/portalluca.me\/kenana-strujic-harbic-poslanica-bosnjacke-stranke-prvi-covjek-pljevalja-morao-je-da-bude-mnogo-kriticniji-zbog-poruka-mrznje-prema-manjinama\/&amp;text=Kenana%20Struji%C4%87-Harbi%C4%87%2C%20poslanica%20Bo%C5%A1nja%C4%8Dke%20stranke%3A%20Prvi%20%C4%8Dovjek%20Pljevalja%20morao%20je%20da%20bude%20mnogo%20kriti%C4%8Dniji%20zbog%20poruka%20mr%C5%BEnje%20prema%20manjinama%20\"><\/a><\/p>\n\n\n\n<h4 class=\"wp-block-heading\">Grafiti, govor mr\u017enje na internetu, murali \u2013 sve asocira na devedesete, a devedesetih su Bo\u0161njaci bili ugro\u017eeni na svakom koraku i na svakom polju. Posebno sam iznena\u0111ena odnosom lokalne vlasti u Pljevljima prema ovom problemu i izjavama predsjednika Op\u0161tine \u2013 ka\u017ee Kenana Struji\u0107-Harbi\u0107<\/h4>\n\n\n\n<p>Manjinska vlada u ovom trenutku optimalno je rje\u0161enje i Bo\u0161nja\u010dka stranka sna\u017eno zagovara taj koncept izlaska iz krize u kojoj se Crna Gora nalazi \u2013 ka\u017ee u intervjuu za Pobjedu Kenana Struji\u0107-Harbi\u0107, poslanica te partije, poru\u010duju\u0107i da ,,Krivokapi\u0107ev kabinet pada i to je pitanje trenutka\u201c.<\/p>\n\n\n\n<p>\u2013 Bo\u0161nja\u010dka stranka od zavr\u0161etka izbora zastupa koncept manjinske vlade, jer je jo\u0161 rahmetli predsjednik BS Rafet Husovi\u0107 prepoznao da je manjinska vlada izlaz iz ideolo\u0161ke i vrijednosne krize u koju su nas uveli rezultati izbora. Pokazalo se da je ta ideja bila dobra i da su to neki politi\u010dki subjekti, na\u017ealost, kasno shvatili. Rezultat svega toga je izgubljenih 16 mjeseci, nazadovanje na putu ka EU i produbljene podjele u dru\u0161tvu. Smatram da je to u ovom trenutku optimalno rje\u0161enje i Bo\u0161nja\u010dka stranka sna\u017eno zagovara taj koncept izlaska iz krize u kojoj se Crna Gora nalazi \u2013 kazala je Struji\u0107-Harbi\u0107.<\/p>\n\n\n\n<p><strong>Kako gledate na sastanak koji su odr\u017eali lideri Ure i SNP-a, Dritan Abazovi\u0107 i Vladimir Jokovi\u0107, bez prisustva manjinskih partija koje su tako\u0111e potpisnice Memoranduma o saradnji?<\/strong><\/p>\n\n\n\n<p>Dijalog i razgovor su klju\u010d svega. Ura i SNP su dio aktuelne ve\u0107ine i ne vidim ni\u0161ta sporno da se sastaju i razgovaraju jer, na kraju, oni imaju jedan dio dodatne odgovornosti i tereta u odnosu na Memorandum o saradnji.<\/p>\n\n\n\n<p><strong>Predsjednik Vlade Zdravko Krivokapi\u0107 rekao je da ne\u0107e smijeniti nijednog svog ministra, bez obzira na to \u0161to su poslanici na prethodnoj sjednici zatra\u017eili od premijera da razrije\u0161i tri ministra \u2013 vanjskih poslova, poljoprivrede i prosvjete, nauke, kulture i sporta. Kako gledate na to?<\/strong><\/p>\n\n\n\n<p>Premijer Krivokapi\u0107 je osoba odmetnuta od realnosti, politike, institucija i svega, koja savr\u0161eno koristi aktuelni komplikovani politi\u010dki trenutak u kojem igra svoju politi\u010dku igru izme\u0111u interesa partija koje ga ne podr\u017eavaju, ali ni ne obaraju aktuelnu Vladu, vo\u0111ene sopstvenim uskostrana\u010dkim interesom. On je odavno pokazao da mu nije stalo do mi\u0161ljenja Skup\u0161tine, \u0161to mu se opet toleri\u0161e iz ve\u0107 izne\u0161enih razloga. Sjeti\u0107ete se izbora \u010delnih ljudi ANB i UP bez mi\u0161ljenja Odbora i Skup\u0161tine i mnogih drugih sli\u010dnih odluka.<\/p>\n\n\n\n<p><strong>Na pro\u0161loj sjednici parlamenta usvojeno je vi\u0161e vladinih zakona, me\u0111u kojima i onaj o bud\u017eetu. \u010cini se da prijedlozi Vlade \u201eprolaze\u201c iako premijera ne podr\u017eava veliki dio parlamentarne ve\u0107ine. Koliko \u0107e opstati jo\u0161 Krivokapi\u0107ev kabinet u ovoj situaciji?<\/strong><\/p>\n\n\n\n<p>Krivokapi\u0107ev kabinet pada i to je pitanje trenutka. \u0160to se ti\u010de bud\u017eeta \u2013 bud\u017eet je zajedno sa programom ,,Evropa sad\u201c, kako smo to i saop\u0161tili u Skup\u0161tini, jedna dobro osmi\u0161ljena marketin\u0161ka zamka u kojoj se nalazimo svi, i mi u parlamentu i cijela Crna Gora. Mi smo uvijek za pove\u0107anje zarada, penzija, plata i \u017eivotnog standarda, ali da sve to ima osnovu u fiskalnom dijelu bud\u017eeta.<\/p>\n\n\n\n<p><strong>Produ\u017een je rok za rad Odbora za sveobuhvatnu izbornu reformu. Kao \u010dlanica tog tijela, imate li informaciju kada \u0107e rad biti nastavljen i jeste li optimista da \u0107e posao biti doveden do kraja?<\/strong><\/p>\n\n\n\n<p>Na\u017ealost, opet je produ\u017een rad Odbora. Moram re\u0107i da je za uspjeh na planu reformi izbornog zakonodavstva potreban konsenzus opozicije i vlasti. Podsje\u0107am da je pro\u0161la parlamentarna ve\u0107ina bila izuzetno raspolo\u017eena i spremna za kompromis, ali smo tada imali bojkot od opozicije. O\u010dekujem da nastavimo da razgovaramo, jer gra\u0111ani od nas o\u010dekuju da radimo u njihovom interesu.<\/p>\n\n\n\n<p><strong>Predsjednik BS Ervin Ibrahimovi\u0107 nedavno je pisao ambasadoru Francuske u na\u0161oj dr\u017eavi Kristijanu Timonijeu, gdje tra\u017ei podr\u0161ku, izme\u0111u ostalog, pobolj\u0161anju statusa manjinskih zajednica u Crnoj Gori. Kakav je danas taj polo\u017eaj, \u010dime ste posebno nezadovoljni?<\/strong><\/p>\n\n\n\n<p>Polo\u017eaj Bo\u0161njaka u Crnoj Gori odavno nije bio gori i mi to jasno saop\u0161tavamo kad god dobijemo priliku. O na\u0161oj zastupljenosti u institucijama dovoljno govori podatak da se u javnosti odoma\u0107io izraz \u2013 etni\u010dko \u010di\u0161\u0107enje institucija. I to je pravi izraz. Bilo bi zanimljivo prikupiti podatke o zastupljenosti. Sigurna sam da bismo, nakon konstantnog rasta, imali strahovit pad zastupljenosti Bo\u0161njaka u institucijama. Tako\u0111e je o\u010digledan rast me\u0111unacionalnih tenzija koji je indirektno, a ponekad i direktno ohrabrivan od aktuelne vlasti, a izlivi netrpeljivosti i mr\u017enje nerijetko dolaze od kadrova nove vlasti. To je jasan pokazatelj stanja u Crnoj Gori. Grafiti, govor mr\u017enje na internetu, murali \u2013 sve asocira na devedesete, a devedesetih su Bo\u0161njaci bili ugro\u017eeni na svakom koraku i na svakom polju.<\/p>\n\n\n\n<p><strong>Kako komentari\u0161ete crtanje grafita koji veli\u010daju osu\u0111enog ratnog zlo\u010dinca Ratka Mladi\u0107a u Pljevljima? \u0160ta se to de\u0161ava u Pljevljima i kako do\u017eivljavate to \u0161to predsjednik Op\u0161tine Pljevlja Igor Golubovi\u0107 u svojim izjavama relativizuje podr\u0161ku Mladi\u0107u, iskazanu grafitima na javnim mjestima?<\/strong><\/p>\n\n\n\n<p>Kao osobi koja je \u017eivot vezala za Pljevlja i za Crnu Goru, izuzetno mi je \u017eao \u0161to se to de\u0161ava u multietni\u010dkoj i gra\u0111anskoj Crnoj Gori. Posebno sam iznena\u0111ena odnosom lokalne vlasti u Pljevljima prema ovom problemu i izjavama predsjednika op\u0161tine. On je kao prvi \u010dovjek grada imao obavezu da bude mnogo kriti\u010dniji prema ovakvim pojavama, umjesto \u0161to je poku\u0161ao da sve to relativizuje.<\/p>\n\n\n\n<p><strong>Nedavno je odr\u017eana proslava neustavnog Dana Republike Srpske, bosansko-hercegova\u010dkog entiteta, a u vi\u0161e gradova RS, ali i Srbije, bilo je nacionalisti\u010dkog divljanja i uvreda prema gra\u0111anima nesrpske nacionalnosti i Bo\u0161njacima. Kako sve to komentari\u0161ete, vra\u0107amo li se u 90-e? Je li region sve dalje od Evrope?<\/strong><\/p>\n\n\n\n<p>O\u0161tro osu\u0111ujemo secesionisti\u010dke izjave koje su se mogle \u010duti od politi\u010dkih predstavnika iz manjeg bh. entiteta, kao i od odre\u0111enih zvani\u010dnika iz Srbije.<\/p>\n\n\n\n<p>Tako\u0111e, osu\u0111ujemo nacionalisti\u010dko divljanje i provokacije i prijetnje koje su upu\u0107ene Bo\u0161njacima u BiH, ali i u Srbiji. Budu\u0107nost cijelog regiona mora biti u EU, ali zasigurno ne mo\u017eemo govoriti o evropskim vrijednostima ako i danas \u010dujemo prijetnje novim genocidom. Vra\u0107anje u devedesete godine je odustajanje od gra\u0111anske, evropske, multietni\u010dke i antifa\u0161isti\u010dke Crne Gore. Sigurni smo da ve\u0107inska Crna Gora ne \u017eeli da ide nazad, ve\u0107 naprotiv, u pravcu integracija i napretka. Proslava 9. januara je svjesno kr\u0161enje Ustava BiH. Rije\u010d je o neustavnom prazniku i to su jasno osudili predstavnici me\u0111unarosdne zajednice, SAD i EU.<\/p>\n\n\n\n<h2 class=\"wp-block-heading\">Mizogine, seksisti\u010dke i nacionalisti\u010dke izjave manir su ove vlasti<\/h2>\n\n\n\n<p><strong>Kako komentari\u0161ete u\u010destale mizogine napade na politi\u010darke u Crnoj Gori, me\u0111u kojima je posljednji na poslanicu SDP-a Draginju Vuksanovi\u0107-Stankovi\u0107? Nedavno je Vojislav \u0160e\u0161elj izrekao gnusne uvrede na ra\u010dun Cetinjanki, zatim i g\u0111e Vuksanovi\u0107-Stankovi\u0107. Poslanica SDP-a na\u0161la se ponovo na meti brutalnih uvreda i mizoginih napada, ovoga puta od \u010dlana Nacionalne komisije za UNESKO Jovana Marku\u0161a. A Vlada na sve \u0107uti\u2026<\/strong><\/p>\n\n\n\n<p>Kao poslanicu u Skup\u0161tini Crne Gore, ali i kao suprugu, majku i gra\u0111anku ove dr\u017eave moram ista\u0107i da zabrinjava \u0161utnja \u010delnih ljudi u dr\u017eavi. Njihovo \u0107utanje doprinosi da skoro svakodnevno imamo ovakve i sli\u010dne izlive primitivizma prema \u017eenama u politici. Mizogine, seksisti\u010dke i nacionalisti\u010dke izjave odavno su postale manir ove vlasti, Vlade i njenih funkcionera i slu\u017ebenika.<\/p>\n","protected":false},"excerpt":{"rendered":"<p>Podijeli ovo na dru\u0161tvenim mre\u017eama Grafiti, govor mr\u017enje na internetu, murali \u2013 sve asocira na devedesete, a devedesetih su Bo\u0161njaci bili ugro\u017eeni na svakom koraku i na svakom polju. Posebno sam iznena\u0111ena odnosom lokalne vlasti u Pljevljima prema ovom problemu i izjavama predsjednika Op\u0161tine \u2013 ka\u017ee Kenana Struji\u0107-Harbi\u0107 Manjinska vlada u ovom trenutku optimalno je [&hellip;]<\/p>\n","protected":false},"author":2,"featured_media":1657,"comment_status":"open","ping_status":"open","sticky":false,"template":"","format":"standard","meta":{"footnotes":""},"categories":[1],"tags":[],"class_list":["post-1656","post","type-post","status-publish","format-standard","has-post-thumbnail","hentry","category-uncategorized"],"acf":[],"yoast_head":"<!-- This site is optimized with the Yoast SEO plugin v26.2 - https:\/\/yoast.com\/wordpress\/plugins\/seo\/ -->\n<title>Kenana Struji\u0107-Harbi\u0107, poslanica Bo\u0161nja\u010dke stranke: Prvi \u010dovjek Pljevalja morao je da bude mnogo kriti\u010dniji zbog poruka mr\u017enje prema manjinama - Radio New York<\/title>\n<meta name=\"robots\" content=\"index, follow, max-snippet:-1, max-image-preview:large, max-video-preview:-1\" \/>\n<link rel=\"canonical\" href=\"https:\/\/radio-newyork.com\/?p=1656\" \/>\n<meta property=\"og:locale\" content=\"en_US\" \/>\n<meta property=\"og:type\" content=\"article\" \/>\n<meta property=\"og:title\" content=\"Kenana Struji\u0107-Harbi\u0107, poslanica Bo\u0161nja\u010dke stranke: Prvi \u010dovjek Pljevalja morao je da bude mnogo kriti\u010dniji zbog poruka mr\u017enje prema manjinama - Radio New York\" \/>\n<meta property=\"og:description\" content=\"Podijeli ovo na dru\u0161tvenim mre\u017eama Grafiti, govor mr\u017enje na internetu, murali \u2013 sve asocira na devedesete, a devedesetih su Bo\u0161njaci bili ugro\u017eeni na svakom koraku i na svakom polju. Posebno sam iznena\u0111ena odnosom lokalne vlasti u Pljevljima prema ovom problemu i izjavama predsjednika Op\u0161tine \u2013 ka\u017ee Kenana Struji\u0107-Harbi\u0107 Manjinska vlada u ovom trenutku optimalno je [&hellip;]\" \/>\n<meta property=\"og:url\" content=\"https:\/\/radio-newyork.com\/?p=1656\" \/>\n<meta property=\"og:site_name\" content=\"Radio New York\" \/>\n<meta property=\"article:published_time\" content=\"2022-01-18T23:38:26+00:00\" \/>\n<meta property=\"article:modified_time\" content=\"2022-01-18T23:38:28+00:00\" \/>\n<meta property=\"og:image\" content=\"https:\/\/radio-newyork.com\/wp-content\/uploads\/2022\/01\/1642369408-kenana-strujic-harbic-bs-2710-2020-mara-babovic-1-i_960x600.jpeg\" \/>\n\t<meta property=\"og:image:width\" content=\"960\" \/>\n\t<meta property=\"og:image:height\" content=\"600\" \/>\n\t<meta property=\"og:image:type\" content=\"image\/jpeg\" \/>\n<meta name=\"author\" content=\"Ismet Rastoder\" \/>\n<meta name=\"twitter:card\" content=\"summary_large_image\" \/>\n<meta name=\"twitter:label1\" content=\"Written by\" \/>\n\t<meta name=\"twitter:data1\" content=\"Ismet Rastoder\" \/>\n\t<meta name=\"twitter:label2\" content=\"Est. reading time\" \/>\n\t<meta name=\"twitter:data2\" content=\"6 minutes\" \/>\n<script type=\"application\/ld+json\" class=\"yoast-schema-graph\">{\"@context\":\"https:\/\/schema.org\",\"@graph\":[{\"@type\":\"Article\",\"@id\":\"https:\/\/radio-newyork.com\/?p=1656#article\",\"isPartOf\":{\"@id\":\"https:\/\/radio-newyork.com\/?p=1656\"},\"author\":{\"name\":\"Ismet Rastoder\",\"@id\":\"https:\/\/radio-newyork.com\/#\/schema\/person\/e2f4dbf5b60fd9ac004d77b9e1b59559\"},\"headline\":\"Kenana Struji\u0107-Harbi\u0107, poslanica Bo\u0161nja\u010dke stranke: Prvi \u010dovjek Pljevalja morao je da bude mnogo kriti\u010dniji zbog poruka mr\u017enje prema manjinama\",\"datePublished\":\"2022-01-18T23:38:26+00:00\",\"dateModified\":\"2022-01-18T23:38:28+00:00\",\"mainEntityOfPage\":{\"@id\":\"https:\/\/radio-newyork.com\/?p=1656\"},\"wordCount\":1311,\"commentCount\":0,\"publisher\":{\"@id\":\"https:\/\/radio-newyork.com\/#organization\"},\"image\":{\"@id\":\"https:\/\/radio-newyork.com\/?p=1656#primaryimage\"},\"thumbnailUrl\":\"https:\/\/radio-newyork.com\/wp-content\/uploads\/2022\/01\/1642369408-kenana-strujic-harbic-bs-2710-2020-mara-babovic-1-i_960x600.jpeg\",\"inLanguage\":\"en-US\",\"potentialAction\":[{\"@type\":\"CommentAction\",\"name\":\"Comment\",\"target\":[\"https:\/\/radio-newyork.com\/?p=1656#respond\"]}]},{\"@type\":\"WebPage\",\"@id\":\"https:\/\/radio-newyork.com\/?p=1656\",\"url\":\"https:\/\/radio-newyork.com\/?p=1656\",\"name\":\"Kenana Struji\u0107-Harbi\u0107, poslanica Bo\u0161nja\u010dke stranke: Prvi \u010dovjek Pljevalja morao je da bude mnogo kriti\u010dniji zbog poruka mr\u017enje prema manjinama - Radio New York\",\"isPartOf\":{\"@id\":\"https:\/\/radio-newyork.com\/#website\"},\"primaryImageOfPage\":{\"@id\":\"https:\/\/radio-newyork.com\/?p=1656#primaryimage\"},\"image\":{\"@id\":\"https:\/\/radio-newyork.com\/?p=1656#primaryimage\"},\"thumbnailUrl\":\"https:\/\/radio-newyork.com\/wp-content\/uploads\/2022\/01\/1642369408-kenana-strujic-harbic-bs-2710-2020-mara-babovic-1-i_960x600.jpeg\",\"datePublished\":\"2022-01-18T23:38:26+00:00\",\"dateModified\":\"2022-01-18T23:38:28+00:00\",\"breadcrumb\":{\"@id\":\"https:\/\/radio-newyork.com\/?p=1656#breadcrumb\"},\"inLanguage\":\"en-US\",\"potentialAction\":[{\"@type\":\"ReadAction\",\"target\":[\"https:\/\/radio-newyork.com\/?p=1656\"]}]},{\"@type\":\"ImageObject\",\"inLanguage\":\"en-US\",\"@id\":\"https:\/\/radio-newyork.com\/?p=1656#primaryimage\",\"url\":\"https:\/\/radio-newyork.com\/wp-content\/uploads\/2022\/01\/1642369408-kenana-strujic-harbic-bs-2710-2020-mara-babovic-1-i_960x600.jpeg\",\"contentUrl\":\"https:\/\/radio-newyork.com\/wp-content\/uploads\/2022\/01\/1642369408-kenana-strujic-harbic-bs-2710-2020-mara-babovic-1-i_960x600.jpeg\",\"width\":960,\"height\":600},{\"@type\":\"BreadcrumbList\",\"@id\":\"https:\/\/radio-newyork.com\/?p=1656#breadcrumb\",\"itemListElement\":[{\"@type\":\"ListItem\",\"position\":1,\"name\":\"Home\",\"item\":\"https:\/\/radio-newyork.com\/\"},{\"@type\":\"ListItem\",\"position\":2,\"name\":\"Kenana Struji\u0107-Harbi\u0107, poslanica Bo\u0161nja\u010dke stranke: Prvi \u010dovjek Pljevalja morao je da bude mnogo kriti\u010dniji zbog poruka mr\u017enje prema manjinama\"}]},{\"@type\":\"WebSite\",\"@id\":\"https:\/\/radio-newyork.com\/#website\",\"url\":\"https:\/\/radio-newyork.com\/\",\"name\":\"Radio New York\",\"description\":\"Radio New York \u2014 Most Amerike i domovine\",\"publisher\":{\"@id\":\"https:\/\/radio-newyork.com\/#organization\"},\"potentialAction\":[{\"@type\":\"SearchAction\",\"target\":{\"@type\":\"EntryPoint\",\"urlTemplate\":\"https:\/\/radio-newyork.com\/?s={search_term_string}\"},\"query-input\":{\"@type\":\"PropertyValueSpecification\",\"valueRequired\":true,\"valueName\":\"search_term_string\"}}],\"inLanguage\":\"en-US\"},{\"@type\":\"Organization\",\"@id\":\"https:\/\/radio-newyork.com\/#organization\",\"name\":\"Radio New York\",\"url\":\"https:\/\/radio-newyork.com\/\",\"logo\":{\"@type\":\"ImageObject\",\"inLanguage\":\"en-US\",\"@id\":\"https:\/\/radio-newyork.com\/#\/schema\/logo\/image\/\",\"url\":\"https:\/\/radio-newyork.com\/wp-content\/uploads\/2021\/12\/262517255_4571047313011643_1786418142376364479_n.jpg\",\"contentUrl\":\"https:\/\/radio-newyork.com\/wp-content\/uploads\/2021\/12\/262517255_4571047313011643_1786418142376364479_n.jpg\",\"width\":212,\"height\":210,\"caption\":\"Radio New York\"},\"image\":{\"@id\":\"https:\/\/radio-newyork.com\/#\/schema\/logo\/image\/\"}},{\"@type\":\"Person\",\"@id\":\"https:\/\/radio-newyork.com\/#\/schema\/person\/e2f4dbf5b60fd9ac004d77b9e1b59559\",\"name\":\"Ismet Rastoder\",\"image\":{\"@type\":\"ImageObject\",\"inLanguage\":\"en-US\",\"@id\":\"https:\/\/radio-newyork.com\/#\/schema\/person\/image\/\",\"url\":\"https:\/\/secure.gravatar.com\/avatar\/800e8dd1eac3e728e825b7d5c16c80b067c4a0557a2ce54986c89f6008f454bb?s=96&d=mm&r=g\",\"contentUrl\":\"https:\/\/secure.gravatar.com\/avatar\/800e8dd1eac3e728e825b7d5c16c80b067c4a0557a2ce54986c89f6008f454bb?s=96&d=mm&r=g\",\"caption\":\"Ismet Rastoder\"},\"description\":\"Ismet Rastoder je urednik i osniva\u010d portala Radio New York \u2014 medijskog prostora posve\u0107enog dijaspori, dru\u0161tvenoj istini i stvarnim \u017eivotnim pitanjima Balkana i Amerike. Poznat po direktnom stilu, hrabrim komentarima i beskompromisnoj borbi protiv nepravde, Rastoder donosi glas zajednice koja se \u010desto ne \u010duje, ali itekako postoji. Vi\u0161e od dvije decenije aktivan je u zajednici i medijima, gdje kroz analize, autorske kolumne i dru\u0161tveni anga\u017eman povezuje iskustvo \u017eivota u Americi sa realno\u0161\u0107u Balkana. Njegove pri\u010de otvaraju va\u017ene teme \u2014 od identiteta i politike, do kulture, dijaspore i dru\u0161tvenih transformacija. Prepoznat je kao glas dijaspore koji govori ono \u0161to mnogi misle, ali rijetko ko ka\u017ee.\",\"sameAs\":[\"http:\/\/radio-newyork.com\"],\"url\":\"https:\/\/radio-newyork.com\/?author=2\"}]}<\/script>\n<!-- \/ Yoast SEO plugin. -->","yoast_head_json":{"title":"Kenana Struji\u0107-Harbi\u0107, poslanica Bo\u0161nja\u010dke stranke: Prvi \u010dovjek Pljevalja morao je da bude mnogo kriti\u010dniji zbog poruka mr\u017enje prema manjinama - Radio New York","robots":{"index":"index","follow":"follow","max-snippet":"max-snippet:-1","max-image-preview":"max-image-preview:large","max-video-preview":"max-video-preview:-1"},"canonical":"https:\/\/radio-newyork.com\/?p=1656","og_locale":"en_US","og_type":"article","og_title":"Kenana Struji\u0107-Harbi\u0107, poslanica Bo\u0161nja\u010dke stranke: Prvi \u010dovjek Pljevalja morao je da bude mnogo kriti\u010dniji zbog poruka mr\u017enje prema manjinama - Radio New York","og_description":"Podijeli ovo na dru\u0161tvenim mre\u017eama Grafiti, govor mr\u017enje na internetu, murali \u2013 sve asocira na devedesete, a devedesetih su Bo\u0161njaci bili ugro\u017eeni na svakom koraku i na svakom polju. Posebno sam iznena\u0111ena odnosom lokalne vlasti u Pljevljima prema ovom problemu i izjavama predsjednika Op\u0161tine \u2013 ka\u017ee Kenana Struji\u0107-Harbi\u0107 Manjinska vlada u ovom trenutku optimalno je [&hellip;]","og_url":"https:\/\/radio-newyork.com\/?p=1656","og_site_name":"Radio New York","article_published_time":"2022-01-18T23:38:26+00:00","article_modified_time":"2022-01-18T23:38:28+00:00","og_image":[{"width":960,"height":600,"url":"https:\/\/radio-newyork.com\/wp-content\/uploads\/2022\/01\/1642369408-kenana-strujic-harbic-bs-2710-2020-mara-babovic-1-i_960x600.jpeg","type":"image\/jpeg"}],"author":"Ismet Rastoder","twitter_card":"summary_large_image","twitter_misc":{"Written by":"Ismet Rastoder","Est. reading time":"6 minutes"},"schema":{"@context":"https:\/\/schema.org","@graph":[{"@type":"Article","@id":"https:\/\/radio-newyork.com\/?p=1656#article","isPartOf":{"@id":"https:\/\/radio-newyork.com\/?p=1656"},"author":{"name":"Ismet Rastoder","@id":"https:\/\/radio-newyork.com\/#\/schema\/person\/e2f4dbf5b60fd9ac004d77b9e1b59559"},"headline":"Kenana Struji\u0107-Harbi\u0107, poslanica Bo\u0161nja\u010dke stranke: Prvi \u010dovjek Pljevalja morao je da bude mnogo kriti\u010dniji zbog poruka mr\u017enje prema manjinama","datePublished":"2022-01-18T23:38:26+00:00","dateModified":"2022-01-18T23:38:28+00:00","mainEntityOfPage":{"@id":"https:\/\/radio-newyork.com\/?p=1656"},"wordCount":1311,"commentCount":0,"publisher":{"@id":"https:\/\/radio-newyork.com\/#organization"},"image":{"@id":"https:\/\/radio-newyork.com\/?p=1656#primaryimage"},"thumbnailUrl":"https:\/\/radio-newyork.com\/wp-content\/uploads\/2022\/01\/1642369408-kenana-strujic-harbic-bs-2710-2020-mara-babovic-1-i_960x600.jpeg","inLanguage":"en-US","potentialAction":[{"@type":"CommentAction","name":"Comment","target":["https:\/\/radio-newyork.com\/?p=1656#respond"]}]},{"@type":"WebPage","@id":"https:\/\/radio-newyork.com\/?p=1656","url":"https:\/\/radio-newyork.com\/?p=1656","name":"Kenana Struji\u0107-Harbi\u0107, poslanica Bo\u0161nja\u010dke stranke: Prvi \u010dovjek Pljevalja morao je da bude mnogo kriti\u010dniji zbog poruka mr\u017enje prema manjinama - Radio New York","isPartOf":{"@id":"https:\/\/radio-newyork.com\/#website"},"primaryImageOfPage":{"@id":"https:\/\/radio-newyork.com\/?p=1656#primaryimage"},"image":{"@id":"https:\/\/radio-newyork.com\/?p=1656#primaryimage"},"thumbnailUrl":"https:\/\/radio-newyork.com\/wp-content\/uploads\/2022\/01\/1642369408-kenana-strujic-harbic-bs-2710-2020-mara-babovic-1-i_960x600.jpeg","datePublished":"2022-01-18T23:38:26+00:00","dateModified":"2022-01-18T23:38:28+00:00","breadcrumb":{"@id":"https:\/\/radio-newyork.com\/?p=1656#breadcrumb"},"inLanguage":"en-US","potentialAction":[{"@type":"ReadAction","target":["https:\/\/radio-newyork.com\/?p=1656"]}]},{"@type":"ImageObject","inLanguage":"en-US","@id":"https:\/\/radio-newyork.com\/?p=1656#primaryimage","url":"https:\/\/radio-newyork.com\/wp-content\/uploads\/2022\/01\/1642369408-kenana-strujic-harbic-bs-2710-2020-mara-babovic-1-i_960x600.jpeg","contentUrl":"https:\/\/radio-newyork.com\/wp-content\/uploads\/2022\/01\/1642369408-kenana-strujic-harbic-bs-2710-2020-mara-babovic-1-i_960x600.jpeg","width":960,"height":600},{"@type":"BreadcrumbList","@id":"https:\/\/radio-newyork.com\/?p=1656#breadcrumb","itemListElement":[{"@type":"ListItem","position":1,"name":"Home","item":"https:\/\/radio-newyork.com\/"},{"@type":"ListItem","position":2,"name":"Kenana Struji\u0107-Harbi\u0107, poslanica Bo\u0161nja\u010dke stranke: Prvi \u010dovjek Pljevalja morao je da bude mnogo kriti\u010dniji zbog poruka mr\u017enje prema manjinama"}]},{"@type":"WebSite","@id":"https:\/\/radio-newyork.com\/#website","url":"https:\/\/radio-newyork.com\/","name":"Radio New York","description":"Radio New York \u2014 Most Amerike i domovine","publisher":{"@id":"https:\/\/radio-newyork.com\/#organization"},"potentialAction":[{"@type":"SearchAction","target":{"@type":"EntryPoint","urlTemplate":"https:\/\/radio-newyork.com\/?s={search_term_string}"},"query-input":{"@type":"PropertyValueSpecification","valueRequired":true,"valueName":"search_term_string"}}],"inLanguage":"en-US"},{"@type":"Organization","@id":"https:\/\/radio-newyork.com\/#organization","name":"Radio New York","url":"https:\/\/radio-newyork.com\/","logo":{"@type":"ImageObject","inLanguage":"en-US","@id":"https:\/\/radio-newyork.com\/#\/schema\/logo\/image\/","url":"https:\/\/radio-newyork.com\/wp-content\/uploads\/2021\/12\/262517255_4571047313011643_1786418142376364479_n.jpg","contentUrl":"https:\/\/radio-newyork.com\/wp-content\/uploads\/2021\/12\/262517255_4571047313011643_1786418142376364479_n.jpg","width":212,"height":210,"caption":"Radio New York"},"image":{"@id":"https:\/\/radio-newyork.com\/#\/schema\/logo\/image\/"}},{"@type":"Person","@id":"https:\/\/radio-newyork.com\/#\/schema\/person\/e2f4dbf5b60fd9ac004d77b9e1b59559","name":"Ismet Rastoder","image":{"@type":"ImageObject","inLanguage":"en-US","@id":"https:\/\/radio-newyork.com\/#\/schema\/person\/image\/","url":"https:\/\/secure.gravatar.com\/avatar\/800e8dd1eac3e728e825b7d5c16c80b067c4a0557a2ce54986c89f6008f454bb?s=96&d=mm&r=g","contentUrl":"https:\/\/secure.gravatar.com\/avatar\/800e8dd1eac3e728e825b7d5c16c80b067c4a0557a2ce54986c89f6008f454bb?s=96&d=mm&r=g","caption":"Ismet Rastoder"},"description":"Ismet Rastoder je urednik i osniva\u010d portala Radio New York \u2014 medijskog prostora posve\u0107enog dijaspori, dru\u0161tvenoj istini i stvarnim \u017eivotnim pitanjima Balkana i Amerike. Poznat po direktnom stilu, hrabrim komentarima i beskompromisnoj borbi protiv nepravde, Rastoder donosi glas zajednice koja se \u010desto ne \u010duje, ali itekako postoji. Vi\u0161e od dvije decenije aktivan je u zajednici i medijima, gdje kroz analize, autorske kolumne i dru\u0161tveni anga\u017eman povezuje iskustvo \u017eivota u Americi sa realno\u0161\u0107u Balkana. Njegove pri\u010de otvaraju va\u017ene teme \u2014 od identiteta i politike, do kulture, dijaspore i dru\u0161tvenih transformacija. Prepoznat je kao glas dijaspore koji govori ono \u0161to mnogi misle, ali rijetko ko ka\u017ee.","sameAs":["http:\/\/radio-newyork.com"],"url":"https:\/\/radio-newyork.com\/?author=2"}]}},"_links":{"self":[{"href":"https:\/\/radio-newyork.com\/index.php?rest_route=\/wp\/v2\/posts\/1656","targetHints":{"allow":["GET"]}}],"collection":[{"href":"https:\/\/radio-newyork.com\/index.php?rest_route=\/wp\/v2\/posts"}],"about":[{"href":"https:\/\/radio-newyork.com\/index.php?rest_route=\/wp\/v2\/types\/post"}],"author":[{"embeddable":true,"href":"https:\/\/radio-newyork.com\/index.php?rest_route=\/wp\/v2\/users\/2"}],"replies":[{"embeddable":true,"href":"https:\/\/radio-newyork.com\/index.php?rest_route=%2Fwp%2Fv2%2Fcomments&post=1656"}],"version-history":[{"count":1,"href":"https:\/\/radio-newyork.com\/index.php?rest_route=\/wp\/v2\/posts\/1656\/revisions"}],"predecessor-version":[{"id":1658,"href":"https:\/\/radio-newyork.com\/index.php?rest_route=\/wp\/v2\/posts\/1656\/revisions\/1658"}],"wp:featuredmedia":[{"embeddable":true,"href":"https:\/\/radio-newyork.com\/index.php?rest_route=\/wp\/v2\/media\/1657"}],"wp:attachment":[{"href":"https:\/\/radio-newyork.com\/index.php?rest_route=%2Fwp%2Fv2%2Fmedia&parent=1656"}],"wp:term":[{"taxonomy":"category","embeddable":true,"href":"https:\/\/radio-newyork.com\/index.php?rest_route=%2Fwp%2Fv2%2Fcategories&post=1656"},{"taxonomy":"post_tag","embeddable":true,"href":"https:\/\/radio-newyork.com\/index.php?rest_route=%2Fwp%2Fv2%2Ftags&post=1656"}],"curies":[{"name":"wp","href":"https:\/\/api.w.org\/{rel}","templated":true}]}}