{"id":1653,"date":"2022-01-18T01:48:29","date_gmt":"2022-01-18T01:48:29","guid":{"rendered":"https:\/\/radio-newyork.com\/?p=1653"},"modified":"2022-01-18T01:48:31","modified_gmt":"2022-01-18T01:48:31","slug":"posteno-pa-ko-koga-zajebe","status":"publish","type":"post","link":"https:\/\/radio-newyork.com\/?p=1653","title":{"rendered":"Po\u0161teno, pa ko koga zajebe"},"content":{"rendered":"\n<p><img loading=\"lazy\" decoding=\"async\" width=\"1000\" height=\"555\" src=\"https:\/\/www.cdm.me\/wp-content\/uploads\/2022\/01\/received_321084313249485-1000x555.jpeg\" alt=\"Foto: Mira\u0161 Du\u0161evi\u0107\/CdM\" srcset=\"https:\/\/www.cdm.me\/wp-content\/uploads\/2022\/01\/received_321084313249485-1000x555.jpeg 1000w, https:\/\/www.cdm.me\/wp-content\/uploads\/2022\/01\/received_321084313249485-300x168.jpeg 300w, https:\/\/www.cdm.me\/wp-content\/uploads\/2022\/01\/received_321084313249485-1320x733.jpeg 1320w, https:\/\/www.cdm.me\/wp-content\/uploads\/2022\/01\/received_321084313249485-220x123.jpeg 220w\">Foto: Mira\u0161 Du\u0161evi\u0107\/CdM<\/p>\n\n\n\n<p><strong>Pi\u0161e: Andrej Nikolaidis, kolumnista CdM-a<\/strong><\/p>\n\n\n\n<p>Dritan je predstavio plan za manjinsku vladu. Plan je jednostavan. Po\u0161teno, relaksirano, transparentno, demokratski \u2013 pa ko koga zajebe.<\/p>\n\n\n\n<p>Javio se i kolonijalni upravnik, Eskobar. Pojasnio je za\u0161to Demokratski front ne mo\u017ee u vladu.<\/p>\n\n\n\n<p>Demokratski front je, zasad, suzdr\u017ean. Takvi bi mogli i ostati. Oni su na kratkom vezu.<\/p>\n\n\n\n<p>\u0160ta se ta\u010dno de\u0161ava i \u0161ta \u0107e iz svega proiza\u0107i, rekao bih, ne znaju ni sami akteri zbitija o kojemu je rije\u010d. Nije otvoren samo Balkan, nego je, rekosmo li, otvoreno i ko \u0107e koga na kraju preveslati. Stoga je atmosfera na Dritanovoj konferenciji za novinare bila, recimo to tako, malo zagrobna. Bio sam na veselijim pokajanjima.<\/p>\n\n\n\n<p>Budu\u0107i da ne znamo, niti mo\u017eemo znati, \u0161to se ta\u010dno zbiva i ko \u0107e u svemu, na kraju, biti donji, da se zadr\u017eimo na onome \u0161to je izvjesno.<\/p>\n\n\n\n<p>Centralna figura procesa nije Dritan. Nego SNP i njegov predsjednik, Jokovi\u0107. \u0160to zna\u010di da ta partija sada ima proaktivnu poziciju i kontroli\u0161e proces. A to je pozicija koju \u017eelite ako se bavite politikom. U ovom trenutku, SNP nije partija koja se prilago\u0111ava i tra\u017ei prostor. Ona, rekosmo li, kontroli\u0161e \u010ditavo politi\u010dko polje. Da bismo objasnili za\u0161to, protresimo tri od mogu\u0107ih scenarija.<\/p>\n\n\n\n<p><strong>Prvi.<\/strong>&nbsp;Mila svi izrade. Jer on je najrizi\u010dniji potez ve\u0107 odigrao: dozvolio je da se raspadne koalicija DPS-a i partija manjinskih naroda. \u0160ta god mislili o SNP-u, a ja mislim malo toga dobrog, ba\u0161 kao i oni, hvala na pitanju, o meni, to \u0161to je rizi\u010dnim manevrom (za koji \u0107emo tek vidjeti ima li snage dovr\u0161iti ga) partije manjinskih naroda od DPS-a preveo u svoju koaliciju, veliki je trijumf te stranke. Koja se sada postavlja u idealni centar na politi\u010dkom polju: u prostor koji su dr\u017eale Demokrate, a onda, u nastupu politi\u010dkog sljepila, odigrale katastrofalan potez, zakucale se uz Front. Tako da je sada SNP sto\u017eer \u201epomirenja\u201c, \u201etolerancije\u201c i \u201eprogresivne politike prevazila\u017eenja podjela\u201c.<\/p>\n\n\n\n<p>Nakon toga, \u0161ta \u0110ukanovi\u0107 uop\u0161te mo\u017ee uraditi, nego podr\u017eati manjinsku vladu? No, \u0161to bi rekao Miljkovi\u0107: ho\u0107e li manjinska vlada umeti da peva, kao \u0161to je DPS pevao o njoj? \u0160ta ako ta vlada preko svog sudstva stane mlatiti DPS kao vola u kupusu? \u0160ta \u0107e ta partija onda uraditi? Sru\u0161iti vladu koju je upravo ona, svojim glasovima, izabrala?<\/p>\n\n\n\n<p><strong>Drugi.<\/strong>&nbsp;Milo ih sve izradi. DPS podr\u017ei Dritanovu\/Eskobarovu vladu. Zauzvrat, njihovi kadrovi, umjesto Frontovih, ulete po dubini. I po \u0161irini. Do izbora \u2013 a to bi moglo biti tek za dvije i po godine, DF se opet radikalizuje, Jokovi\u0107 sjedne u Be\u010di\u0107evu fotelju, Dritan postane popularniji od The Beatles, koji su pak bili popularniji od Isusa, pa cure, gdje god se pojavi, vri\u0161te i na njega bacaju grudnjake. A DPS zapo\u0161ljava. Na koncu, nakon izbora, svi su pobjednici: DPS-u opet vlast a Dritanu impresivna kolekcija \u017eenskog donjeg ve\u0161a.<\/p>\n\n\n\n<p><strong>Tre\u0107i.<\/strong>&nbsp;Milo izradi sve, pa i sebe. Nakon \u0161to je Dritan preuzeo odgovornost za \u201eizdaju narodne volje\u201c, sve postane dozvoljeno. Pade snijeg na behar, na vo\u0107e, neka ljubi ko god koga ho\u0107e. DPS i Front, u novim okolnostima, u\u010dine nezamislivo: naprave veliku koaliciju \u201eza pomirenje\u201c, koja ima dvotre\u0107insku ve\u0107inu u parlamentu i mo\u017ee izglasati \u0161ta ho\u0107e \u2013 od \u201eevropskih zakona\u201c do promjene ustava.<\/p>\n\n\n\n<p>Koja od opcija ima najvi\u0161e izgleda? Bog, kako je primijetio Ajn\u0161tajn, ne baca kocke. A bogami, ni ja.<\/p>\n","protected":false},"excerpt":{"rendered":"<p>Foto: Mira\u0161 Du\u0161evi\u0107\/CdM Pi\u0161e: Andrej Nikolaidis, kolumnista CdM-a Dritan je predstavio plan za manjinsku vladu. Plan je jednostavan. Po\u0161teno, relaksirano, transparentno, demokratski \u2013 pa ko koga zajebe. Javio se i kolonijalni upravnik, Eskobar. Pojasnio je za\u0161to Demokratski front ne mo\u017ee u vladu. Demokratski front je, zasad, suzdr\u017ean. Takvi bi mogli i ostati. Oni su na [&hellip;]<\/p>\n","protected":false},"author":2,"featured_media":1654,"comment_status":"open","ping_status":"open","sticky":false,"template":"","format":"standard","meta":{"footnotes":""},"categories":[1],"tags":[],"class_list":["post-1653","post","type-post","status-publish","format-standard","has-post-thumbnail","hentry","category-uncategorized"],"acf":[],"yoast_head":"<!-- This site is optimized with the Yoast SEO plugin v26.2 - https:\/\/yoast.com\/wordpress\/plugins\/seo\/ -->\n<title>Po\u0161teno, pa ko koga zajebe - Radio New York<\/title>\n<meta name=\"robots\" content=\"index, follow, max-snippet:-1, max-image-preview:large, max-video-preview:-1\" \/>\n<link rel=\"canonical\" href=\"https:\/\/radio-newyork.com\/?p=1653\" \/>\n<meta property=\"og:locale\" content=\"en_US\" \/>\n<meta property=\"og:type\" content=\"article\" \/>\n<meta property=\"og:title\" content=\"Po\u0161teno, pa ko koga zajebe - Radio New York\" \/>\n<meta property=\"og:description\" content=\"Foto: Mira\u0161 Du\u0161evi\u0107\/CdM Pi\u0161e: Andrej Nikolaidis, kolumnista CdM-a Dritan je predstavio plan za manjinsku vladu. Plan je jednostavan. Po\u0161teno, relaksirano, transparentno, demokratski \u2013 pa ko koga zajebe. Javio se i kolonijalni upravnik, Eskobar. Pojasnio je za\u0161to Demokratski front ne mo\u017ee u vladu. Demokratski front je, zasad, suzdr\u017ean. Takvi bi mogli i ostati. Oni su na [&hellip;]\" \/>\n<meta property=\"og:url\" content=\"https:\/\/radio-newyork.com\/?p=1653\" \/>\n<meta property=\"og:site_name\" content=\"Radio New York\" \/>\n<meta property=\"article:published_time\" content=\"2022-01-18T01:48:29+00:00\" \/>\n<meta property=\"article:modified_time\" content=\"2022-01-18T01:48:31+00:00\" \/>\n<meta property=\"og:image\" content=\"https:\/\/radio-newyork.com\/wp-content\/uploads\/2022\/01\/received_321084313249485-1000x555-1.jpeg\" \/>\n\t<meta property=\"og:image:width\" content=\"1000\" \/>\n\t<meta property=\"og:image:height\" content=\"555\" \/>\n\t<meta property=\"og:image:type\" content=\"image\/jpeg\" \/>\n<meta name=\"author\" content=\"Ismet Rastoder\" \/>\n<meta name=\"twitter:card\" content=\"summary_large_image\" \/>\n<meta name=\"twitter:label1\" content=\"Written by\" \/>\n\t<meta name=\"twitter:data1\" content=\"Ismet Rastoder\" \/>\n\t<meta name=\"twitter:label2\" content=\"Est. reading time\" \/>\n\t<meta name=\"twitter:data2\" content=\"3 minutes\" \/>\n<script type=\"application\/ld+json\" class=\"yoast-schema-graph\">{\"@context\":\"https:\/\/schema.org\",\"@graph\":[{\"@type\":\"Article\",\"@id\":\"https:\/\/radio-newyork.com\/?p=1653#article\",\"isPartOf\":{\"@id\":\"https:\/\/radio-newyork.com\/?p=1653\"},\"author\":{\"name\":\"Ismet Rastoder\",\"@id\":\"https:\/\/radio-newyork.com\/#\/schema\/person\/e2f4dbf5b60fd9ac004d77b9e1b59559\"},\"headline\":\"Po\u0161teno, pa ko koga zajebe\",\"datePublished\":\"2022-01-18T01:48:29+00:00\",\"dateModified\":\"2022-01-18T01:48:31+00:00\",\"mainEntityOfPage\":{\"@id\":\"https:\/\/radio-newyork.com\/?p=1653\"},\"wordCount\":602,\"commentCount\":0,\"publisher\":{\"@id\":\"https:\/\/radio-newyork.com\/#organization\"},\"image\":{\"@id\":\"https:\/\/radio-newyork.com\/?p=1653#primaryimage\"},\"thumbnailUrl\":\"https:\/\/radio-newyork.com\/wp-content\/uploads\/2022\/01\/received_321084313249485-1000x555-1.jpeg\",\"inLanguage\":\"en-US\",\"potentialAction\":[{\"@type\":\"CommentAction\",\"name\":\"Comment\",\"target\":[\"https:\/\/radio-newyork.com\/?p=1653#respond\"]}]},{\"@type\":\"WebPage\",\"@id\":\"https:\/\/radio-newyork.com\/?p=1653\",\"url\":\"https:\/\/radio-newyork.com\/?p=1653\",\"name\":\"Po\u0161teno, pa ko koga zajebe - Radio New York\",\"isPartOf\":{\"@id\":\"https:\/\/radio-newyork.com\/#website\"},\"primaryImageOfPage\":{\"@id\":\"https:\/\/radio-newyork.com\/?p=1653#primaryimage\"},\"image\":{\"@id\":\"https:\/\/radio-newyork.com\/?p=1653#primaryimage\"},\"thumbnailUrl\":\"https:\/\/radio-newyork.com\/wp-content\/uploads\/2022\/01\/received_321084313249485-1000x555-1.jpeg\",\"datePublished\":\"2022-01-18T01:48:29+00:00\",\"dateModified\":\"2022-01-18T01:48:31+00:00\",\"breadcrumb\":{\"@id\":\"https:\/\/radio-newyork.com\/?p=1653#breadcrumb\"},\"inLanguage\":\"en-US\",\"potentialAction\":[{\"@type\":\"ReadAction\",\"target\":[\"https:\/\/radio-newyork.com\/?p=1653\"]}]},{\"@type\":\"ImageObject\",\"inLanguage\":\"en-US\",\"@id\":\"https:\/\/radio-newyork.com\/?p=1653#primaryimage\",\"url\":\"https:\/\/radio-newyork.com\/wp-content\/uploads\/2022\/01\/received_321084313249485-1000x555-1.jpeg\",\"contentUrl\":\"https:\/\/radio-newyork.com\/wp-content\/uploads\/2022\/01\/received_321084313249485-1000x555-1.jpeg\",\"width\":1000,\"height\":555},{\"@type\":\"BreadcrumbList\",\"@id\":\"https:\/\/radio-newyork.com\/?p=1653#breadcrumb\",\"itemListElement\":[{\"@type\":\"ListItem\",\"position\":1,\"name\":\"Home\",\"item\":\"https:\/\/radio-newyork.com\/\"},{\"@type\":\"ListItem\",\"position\":2,\"name\":\"Po\u0161teno, pa ko koga zajebe\"}]},{\"@type\":\"WebSite\",\"@id\":\"https:\/\/radio-newyork.com\/#website\",\"url\":\"https:\/\/radio-newyork.com\/\",\"name\":\"Radio New York\",\"description\":\"Radio New York \u2014 Most Amerike i domovine\",\"publisher\":{\"@id\":\"https:\/\/radio-newyork.com\/#organization\"},\"potentialAction\":[{\"@type\":\"SearchAction\",\"target\":{\"@type\":\"EntryPoint\",\"urlTemplate\":\"https:\/\/radio-newyork.com\/?s={search_term_string}\"},\"query-input\":{\"@type\":\"PropertyValueSpecification\",\"valueRequired\":true,\"valueName\":\"search_term_string\"}}],\"inLanguage\":\"en-US\"},{\"@type\":\"Organization\",\"@id\":\"https:\/\/radio-newyork.com\/#organization\",\"name\":\"Radio New York\",\"url\":\"https:\/\/radio-newyork.com\/\",\"logo\":{\"@type\":\"ImageObject\",\"inLanguage\":\"en-US\",\"@id\":\"https:\/\/radio-newyork.com\/#\/schema\/logo\/image\/\",\"url\":\"https:\/\/radio-newyork.com\/wp-content\/uploads\/2021\/12\/262517255_4571047313011643_1786418142376364479_n.jpg\",\"contentUrl\":\"https:\/\/radio-newyork.com\/wp-content\/uploads\/2021\/12\/262517255_4571047313011643_1786418142376364479_n.jpg\",\"width\":212,\"height\":210,\"caption\":\"Radio New York\"},\"image\":{\"@id\":\"https:\/\/radio-newyork.com\/#\/schema\/logo\/image\/\"}},{\"@type\":\"Person\",\"@id\":\"https:\/\/radio-newyork.com\/#\/schema\/person\/e2f4dbf5b60fd9ac004d77b9e1b59559\",\"name\":\"Ismet Rastoder\",\"image\":{\"@type\":\"ImageObject\",\"inLanguage\":\"en-US\",\"@id\":\"https:\/\/radio-newyork.com\/#\/schema\/person\/image\/\",\"url\":\"https:\/\/secure.gravatar.com\/avatar\/800e8dd1eac3e728e825b7d5c16c80b067c4a0557a2ce54986c89f6008f454bb?s=96&d=mm&r=g\",\"contentUrl\":\"https:\/\/secure.gravatar.com\/avatar\/800e8dd1eac3e728e825b7d5c16c80b067c4a0557a2ce54986c89f6008f454bb?s=96&d=mm&r=g\",\"caption\":\"Ismet Rastoder\"},\"description\":\"Ismet Rastoder je urednik i osniva\u010d portala Radio New York \u2014 medijskog prostora posve\u0107enog dijaspori, dru\u0161tvenoj istini i stvarnim \u017eivotnim pitanjima Balkana i Amerike. Poznat po direktnom stilu, hrabrim komentarima i beskompromisnoj borbi protiv nepravde, Rastoder donosi glas zajednice koja se \u010desto ne \u010duje, ali itekako postoji. Vi\u0161e od dvije decenije aktivan je u zajednici i medijima, gdje kroz analize, autorske kolumne i dru\u0161tveni anga\u017eman povezuje iskustvo \u017eivota u Americi sa realno\u0161\u0107u Balkana. Njegove pri\u010de otvaraju va\u017ene teme \u2014 od identiteta i politike, do kulture, dijaspore i dru\u0161tvenih transformacija. Prepoznat je kao glas dijaspore koji govori ono \u0161to mnogi misle, ali rijetko ko ka\u017ee.\",\"sameAs\":[\"http:\/\/radio-newyork.com\"],\"url\":\"https:\/\/radio-newyork.com\/?author=2\"}]}<\/script>\n<!-- \/ Yoast SEO plugin. -->","yoast_head_json":{"title":"Po\u0161teno, pa ko koga zajebe - Radio New York","robots":{"index":"index","follow":"follow","max-snippet":"max-snippet:-1","max-image-preview":"max-image-preview:large","max-video-preview":"max-video-preview:-1"},"canonical":"https:\/\/radio-newyork.com\/?p=1653","og_locale":"en_US","og_type":"article","og_title":"Po\u0161teno, pa ko koga zajebe - Radio New York","og_description":"Foto: Mira\u0161 Du\u0161evi\u0107\/CdM Pi\u0161e: Andrej Nikolaidis, kolumnista CdM-a Dritan je predstavio plan za manjinsku vladu. Plan je jednostavan. Po\u0161teno, relaksirano, transparentno, demokratski \u2013 pa ko koga zajebe. Javio se i kolonijalni upravnik, Eskobar. Pojasnio je za\u0161to Demokratski front ne mo\u017ee u vladu. Demokratski front je, zasad, suzdr\u017ean. Takvi bi mogli i ostati. Oni su na [&hellip;]","og_url":"https:\/\/radio-newyork.com\/?p=1653","og_site_name":"Radio New York","article_published_time":"2022-01-18T01:48:29+00:00","article_modified_time":"2022-01-18T01:48:31+00:00","og_image":[{"width":1000,"height":555,"url":"https:\/\/radio-newyork.com\/wp-content\/uploads\/2022\/01\/received_321084313249485-1000x555-1.jpeg","type":"image\/jpeg"}],"author":"Ismet Rastoder","twitter_card":"summary_large_image","twitter_misc":{"Written by":"Ismet Rastoder","Est. reading time":"3 minutes"},"schema":{"@context":"https:\/\/schema.org","@graph":[{"@type":"Article","@id":"https:\/\/radio-newyork.com\/?p=1653#article","isPartOf":{"@id":"https:\/\/radio-newyork.com\/?p=1653"},"author":{"name":"Ismet Rastoder","@id":"https:\/\/radio-newyork.com\/#\/schema\/person\/e2f4dbf5b60fd9ac004d77b9e1b59559"},"headline":"Po\u0161teno, pa ko koga zajebe","datePublished":"2022-01-18T01:48:29+00:00","dateModified":"2022-01-18T01:48:31+00:00","mainEntityOfPage":{"@id":"https:\/\/radio-newyork.com\/?p=1653"},"wordCount":602,"commentCount":0,"publisher":{"@id":"https:\/\/radio-newyork.com\/#organization"},"image":{"@id":"https:\/\/radio-newyork.com\/?p=1653#primaryimage"},"thumbnailUrl":"https:\/\/radio-newyork.com\/wp-content\/uploads\/2022\/01\/received_321084313249485-1000x555-1.jpeg","inLanguage":"en-US","potentialAction":[{"@type":"CommentAction","name":"Comment","target":["https:\/\/radio-newyork.com\/?p=1653#respond"]}]},{"@type":"WebPage","@id":"https:\/\/radio-newyork.com\/?p=1653","url":"https:\/\/radio-newyork.com\/?p=1653","name":"Po\u0161teno, pa ko koga zajebe - Radio New York","isPartOf":{"@id":"https:\/\/radio-newyork.com\/#website"},"primaryImageOfPage":{"@id":"https:\/\/radio-newyork.com\/?p=1653#primaryimage"},"image":{"@id":"https:\/\/radio-newyork.com\/?p=1653#primaryimage"},"thumbnailUrl":"https:\/\/radio-newyork.com\/wp-content\/uploads\/2022\/01\/received_321084313249485-1000x555-1.jpeg","datePublished":"2022-01-18T01:48:29+00:00","dateModified":"2022-01-18T01:48:31+00:00","breadcrumb":{"@id":"https:\/\/radio-newyork.com\/?p=1653#breadcrumb"},"inLanguage":"en-US","potentialAction":[{"@type":"ReadAction","target":["https:\/\/radio-newyork.com\/?p=1653"]}]},{"@type":"ImageObject","inLanguage":"en-US","@id":"https:\/\/radio-newyork.com\/?p=1653#primaryimage","url":"https:\/\/radio-newyork.com\/wp-content\/uploads\/2022\/01\/received_321084313249485-1000x555-1.jpeg","contentUrl":"https:\/\/radio-newyork.com\/wp-content\/uploads\/2022\/01\/received_321084313249485-1000x555-1.jpeg","width":1000,"height":555},{"@type":"BreadcrumbList","@id":"https:\/\/radio-newyork.com\/?p=1653#breadcrumb","itemListElement":[{"@type":"ListItem","position":1,"name":"Home","item":"https:\/\/radio-newyork.com\/"},{"@type":"ListItem","position":2,"name":"Po\u0161teno, pa ko koga zajebe"}]},{"@type":"WebSite","@id":"https:\/\/radio-newyork.com\/#website","url":"https:\/\/radio-newyork.com\/","name":"Radio New York","description":"Radio New York \u2014 Most Amerike i domovine","publisher":{"@id":"https:\/\/radio-newyork.com\/#organization"},"potentialAction":[{"@type":"SearchAction","target":{"@type":"EntryPoint","urlTemplate":"https:\/\/radio-newyork.com\/?s={search_term_string}"},"query-input":{"@type":"PropertyValueSpecification","valueRequired":true,"valueName":"search_term_string"}}],"inLanguage":"en-US"},{"@type":"Organization","@id":"https:\/\/radio-newyork.com\/#organization","name":"Radio New York","url":"https:\/\/radio-newyork.com\/","logo":{"@type":"ImageObject","inLanguage":"en-US","@id":"https:\/\/radio-newyork.com\/#\/schema\/logo\/image\/","url":"https:\/\/radio-newyork.com\/wp-content\/uploads\/2021\/12\/262517255_4571047313011643_1786418142376364479_n.jpg","contentUrl":"https:\/\/radio-newyork.com\/wp-content\/uploads\/2021\/12\/262517255_4571047313011643_1786418142376364479_n.jpg","width":212,"height":210,"caption":"Radio New York"},"image":{"@id":"https:\/\/radio-newyork.com\/#\/schema\/logo\/image\/"}},{"@type":"Person","@id":"https:\/\/radio-newyork.com\/#\/schema\/person\/e2f4dbf5b60fd9ac004d77b9e1b59559","name":"Ismet Rastoder","image":{"@type":"ImageObject","inLanguage":"en-US","@id":"https:\/\/radio-newyork.com\/#\/schema\/person\/image\/","url":"https:\/\/secure.gravatar.com\/avatar\/800e8dd1eac3e728e825b7d5c16c80b067c4a0557a2ce54986c89f6008f454bb?s=96&d=mm&r=g","contentUrl":"https:\/\/secure.gravatar.com\/avatar\/800e8dd1eac3e728e825b7d5c16c80b067c4a0557a2ce54986c89f6008f454bb?s=96&d=mm&r=g","caption":"Ismet Rastoder"},"description":"Ismet Rastoder je urednik i osniva\u010d portala Radio New York \u2014 medijskog prostora posve\u0107enog dijaspori, dru\u0161tvenoj istini i stvarnim \u017eivotnim pitanjima Balkana i Amerike. Poznat po direktnom stilu, hrabrim komentarima i beskompromisnoj borbi protiv nepravde, Rastoder donosi glas zajednice koja se \u010desto ne \u010duje, ali itekako postoji. Vi\u0161e od dvije decenije aktivan je u zajednici i medijima, gdje kroz analize, autorske kolumne i dru\u0161tveni anga\u017eman povezuje iskustvo \u017eivota u Americi sa realno\u0161\u0107u Balkana. Njegove pri\u010de otvaraju va\u017ene teme \u2014 od identiteta i politike, do kulture, dijaspore i dru\u0161tvenih transformacija. Prepoznat je kao glas dijaspore koji govori ono \u0161to mnogi misle, ali rijetko ko ka\u017ee.","sameAs":["http:\/\/radio-newyork.com"],"url":"https:\/\/radio-newyork.com\/?author=2"}]}},"_links":{"self":[{"href":"https:\/\/radio-newyork.com\/index.php?rest_route=\/wp\/v2\/posts\/1653","targetHints":{"allow":["GET"]}}],"collection":[{"href":"https:\/\/radio-newyork.com\/index.php?rest_route=\/wp\/v2\/posts"}],"about":[{"href":"https:\/\/radio-newyork.com\/index.php?rest_route=\/wp\/v2\/types\/post"}],"author":[{"embeddable":true,"href":"https:\/\/radio-newyork.com\/index.php?rest_route=\/wp\/v2\/users\/2"}],"replies":[{"embeddable":true,"href":"https:\/\/radio-newyork.com\/index.php?rest_route=%2Fwp%2Fv2%2Fcomments&post=1653"}],"version-history":[{"count":1,"href":"https:\/\/radio-newyork.com\/index.php?rest_route=\/wp\/v2\/posts\/1653\/revisions"}],"predecessor-version":[{"id":1655,"href":"https:\/\/radio-newyork.com\/index.php?rest_route=\/wp\/v2\/posts\/1653\/revisions\/1655"}],"wp:featuredmedia":[{"embeddable":true,"href":"https:\/\/radio-newyork.com\/index.php?rest_route=\/wp\/v2\/media\/1654"}],"wp:attachment":[{"href":"https:\/\/radio-newyork.com\/index.php?rest_route=%2Fwp%2Fv2%2Fmedia&parent=1653"}],"wp:term":[{"taxonomy":"category","embeddable":true,"href":"https:\/\/radio-newyork.com\/index.php?rest_route=%2Fwp%2Fv2%2Fcategories&post=1653"},{"taxonomy":"post_tag","embeddable":true,"href":"https:\/\/radio-newyork.com\/index.php?rest_route=%2Fwp%2Fv2%2Ftags&post=1653"}],"curies":[{"name":"wp","href":"https:\/\/api.w.org\/{rel}","templated":true}]}}