{"id":1650,"date":"2022-01-18T01:45:29","date_gmt":"2022-01-18T01:45:29","guid":{"rendered":"https:\/\/radio-newyork.com\/?p=1650"},"modified":"2022-01-18T01:45:31","modified_gmt":"2022-01-18T01:45:31","slug":"deset-najbogatijih-ljudi-na-svijetu-udvostrucilo-svoj-imetak-tokom-pandemije","status":"publish","type":"post","link":"https:\/\/radio-newyork.com\/?p=1650","title":{"rendered":"Deset najbogatijih ljudi na svijetu udvostru\u010dilo svoj imetak tokom pandemije"},"content":{"rendered":"\n<figure class=\"wp-block-image\"><img decoding=\"async\" src=\"https:\/\/www.antenam.net\/assets-web\/images\/detail\/twitter.png\" alt=\"tweet\"\/><\/figure>\n\n\n\n<ul class=\"wp-block-list\"><li><a target=\"_blank\" href=\"https:\/\/twitter.com\/share?text=Deset%20najbogatijih%20ljudi%20na%20svijetu%20udvostru%C4%8Dilo%20svoj%20imetak%20tokom%20pandemije%20http:\/\/www.antenam.net\/svijet\/230035-deset-najbogatijih-ljudi-na-svijetu-udvostrucilo-svoj-imetak-tokom-pandemije\" rel=\"noreferrer noopener\"><\/a><\/li><li><\/li><li><\/li><\/ul>\n\n\n\n<p>Deset najbogatijih ljudi na svijetu udvostru\u010dilo je svoje bogatstvo tokom prve dvije godine pandemije koronavirusa, dok su siroma\u0161tvo i nejednakost porasli, navodi se u izvje\u0161taju Oksfam, prenio je Glas Amerike.<\/p>\n\n\n\n<p>Na brifingu objavljenom prije virtuelnog mini samita svjetskih lidera, koji se odr\u017eava pod pokroviteljstvom Svjetskog ekonomskog foruma, Oksfam je saop\u0161tio da je bogatstvo ljudi sko\u010dilo sa 700 milijardi dolara na 1.500 milijadri, po prosje\u010dnoj stopi od 1,3 milijarde dolara dnevno.<\/p>\n\n\n\n<p>Oksfam, konfederacija dobrotvornih organizacija koje se fokusiraju na ubla\u017eavanje globalnog siroma\u0161tva, saop\u0161tio je da je bogatstvo milijardera poraslo tokom pandemije vi\u0161e nego u prethodnih 14 godina, kada je svjetska ekonomija trpjela najgoru recesiju od kraha na Volstritu 1929. godine.<\/p>\n\n\n\n<p>Tu nejednakost je nazvala \u201eekonomskim nasiljem\u201c i rekla da ta razlika doprinosi smrti 21.000 ljudi svakog dana zbog nedostatka pristupa zdravstvenoj za\u0161titi, rodno zasnovanog nasilja, gladi i klimatskih promjena.<\/p>\n\n\n\n<p>Oksfam je pozvao na poreske reforme kako bi se finansirala proizvodnja vakcina \u0161irom svijeta, kao i zdravstvena za\u0161tita, prilago\u0111avanje klimi i smanjenje rodno zasnovanog nasilja kako bi se spasili \u017eivoti. Grupa je saop\u0161tila da je svoje prora\u010dune bogatstva zasnovala na najnovijim dostupnim izvorima podataka i koristila listu milijardera za 2021. koju je sastavio ameri\u010dki poslovni \u010dasopis Forbs.<\/p>\n\n\n\n<p>Na tom spisku se nalaze Ilon Mask, D\u017eef Bezos, Lari Pejd\u017e, Sergej Brin, Mark Zakerberg, Bil Gejts, Stiv Balmer, Lari Elison, Voren Bafet i Bernar Arno.<\/p>\n","protected":false},"excerpt":{"rendered":"<p>Deset najbogatijih ljudi na svijetu udvostru\u010dilo je svoje bogatstvo tokom prve dvije godine pandemije koronavirusa, dok su siroma\u0161tvo i nejednakost porasli, navodi se u izvje\u0161taju Oksfam, prenio je Glas Amerike. Na brifingu objavljenom prije virtuelnog mini samita svjetskih lidera, koji se odr\u017eava pod pokroviteljstvom Svjetskog ekonomskog foruma, Oksfam je saop\u0161tio da je bogatstvo ljudi sko\u010dilo [&hellip;]<\/p>\n","protected":false},"author":2,"featured_media":1651,"comment_status":"open","ping_status":"open","sticky":false,"template":"","format":"standard","meta":{"footnotes":""},"categories":[1],"tags":[],"class_list":["post-1650","post","type-post","status-publish","format-standard","has-post-thumbnail","hentry","category-uncategorized"],"acf":[],"yoast_head":"<!-- This site is optimized with the Yoast SEO plugin v26.2 - https:\/\/yoast.com\/wordpress\/plugins\/seo\/ -->\n<title>Deset najbogatijih ljudi na svijetu udvostru\u010dilo svoj imetak tokom pandemije - Radio New York<\/title>\n<meta name=\"robots\" content=\"index, follow, max-snippet:-1, max-image-preview:large, max-video-preview:-1\" \/>\n<link rel=\"canonical\" href=\"https:\/\/radio-newyork.com\/?p=1650\" \/>\n<meta property=\"og:locale\" content=\"en_US\" \/>\n<meta property=\"og:type\" content=\"article\" \/>\n<meta property=\"og:title\" content=\"Deset najbogatijih ljudi na svijetu udvostru\u010dilo svoj imetak tokom pandemije - Radio New York\" \/>\n<meta property=\"og:description\" content=\"Deset najbogatijih ljudi na svijetu udvostru\u010dilo je svoje bogatstvo tokom prve dvije godine pandemije koronavirusa, dok su siroma\u0161tvo i nejednakost porasli, navodi se u izvje\u0161taju Oksfam, prenio je Glas Amerike. Na brifingu objavljenom prije virtuelnog mini samita svjetskih lidera, koji se odr\u017eava pod pokroviteljstvom Svjetskog ekonomskog foruma, Oksfam je saop\u0161tio da je bogatstvo ljudi sko\u010dilo [&hellip;]\" \/>\n<meta property=\"og:url\" content=\"https:\/\/radio-newyork.com\/?p=1650\" \/>\n<meta property=\"og:site_name\" content=\"Radio New York\" \/>\n<meta property=\"article:published_time\" content=\"2022-01-18T01:45:29+00:00\" \/>\n<meta property=\"article:modified_time\" content=\"2022-01-18T01:45:31+00:00\" \/>\n<meta property=\"og:image\" content=\"https:\/\/radio-newyork.com\/wp-content\/uploads\/2022\/01\/8ccaf1a4efd822540f0bf45ef32f76fe.jpeg\" \/>\n\t<meta property=\"og:image:width\" content=\"508\" \/>\n\t<meta property=\"og:image:height\" content=\"339\" \/>\n\t<meta property=\"og:image:type\" content=\"image\/jpeg\" \/>\n<meta name=\"author\" content=\"Ismet Rastoder\" \/>\n<meta name=\"twitter:card\" content=\"summary_large_image\" \/>\n<meta name=\"twitter:label1\" content=\"Written by\" \/>\n\t<meta name=\"twitter:data1\" content=\"Ismet Rastoder\" \/>\n\t<meta name=\"twitter:label2\" content=\"Est. reading time\" \/>\n\t<meta name=\"twitter:data2\" content=\"1 minute\" \/>\n<script type=\"application\/ld+json\" class=\"yoast-schema-graph\">{\"@context\":\"https:\/\/schema.org\",\"@graph\":[{\"@type\":\"Article\",\"@id\":\"https:\/\/radio-newyork.com\/?p=1650#article\",\"isPartOf\":{\"@id\":\"https:\/\/radio-newyork.com\/?p=1650\"},\"author\":{\"name\":\"Ismet Rastoder\",\"@id\":\"https:\/\/radio-newyork.com\/#\/schema\/person\/e2f4dbf5b60fd9ac004d77b9e1b59559\"},\"headline\":\"Deset najbogatijih ljudi na svijetu udvostru\u010dilo svoj imetak tokom pandemije\",\"datePublished\":\"2022-01-18T01:45:29+00:00\",\"dateModified\":\"2022-01-18T01:45:31+00:00\",\"mainEntityOfPage\":{\"@id\":\"https:\/\/radio-newyork.com\/?p=1650\"},\"wordCount\":243,\"commentCount\":0,\"publisher\":{\"@id\":\"https:\/\/radio-newyork.com\/#organization\"},\"image\":{\"@id\":\"https:\/\/radio-newyork.com\/?p=1650#primaryimage\"},\"thumbnailUrl\":\"https:\/\/radio-newyork.com\/wp-content\/uploads\/2022\/01\/8ccaf1a4efd822540f0bf45ef32f76fe.jpeg\",\"inLanguage\":\"en-US\",\"potentialAction\":[{\"@type\":\"CommentAction\",\"name\":\"Comment\",\"target\":[\"https:\/\/radio-newyork.com\/?p=1650#respond\"]}]},{\"@type\":\"WebPage\",\"@id\":\"https:\/\/radio-newyork.com\/?p=1650\",\"url\":\"https:\/\/radio-newyork.com\/?p=1650\",\"name\":\"Deset najbogatijih ljudi na svijetu udvostru\u010dilo svoj imetak tokom pandemije - Radio New York\",\"isPartOf\":{\"@id\":\"https:\/\/radio-newyork.com\/#website\"},\"primaryImageOfPage\":{\"@id\":\"https:\/\/radio-newyork.com\/?p=1650#primaryimage\"},\"image\":{\"@id\":\"https:\/\/radio-newyork.com\/?p=1650#primaryimage\"},\"thumbnailUrl\":\"https:\/\/radio-newyork.com\/wp-content\/uploads\/2022\/01\/8ccaf1a4efd822540f0bf45ef32f76fe.jpeg\",\"datePublished\":\"2022-01-18T01:45:29+00:00\",\"dateModified\":\"2022-01-18T01:45:31+00:00\",\"breadcrumb\":{\"@id\":\"https:\/\/radio-newyork.com\/?p=1650#breadcrumb\"},\"inLanguage\":\"en-US\",\"potentialAction\":[{\"@type\":\"ReadAction\",\"target\":[\"https:\/\/radio-newyork.com\/?p=1650\"]}]},{\"@type\":\"ImageObject\",\"inLanguage\":\"en-US\",\"@id\":\"https:\/\/radio-newyork.com\/?p=1650#primaryimage\",\"url\":\"https:\/\/radio-newyork.com\/wp-content\/uploads\/2022\/01\/8ccaf1a4efd822540f0bf45ef32f76fe.jpeg\",\"contentUrl\":\"https:\/\/radio-newyork.com\/wp-content\/uploads\/2022\/01\/8ccaf1a4efd822540f0bf45ef32f76fe.jpeg\",\"width\":508,\"height\":339,\"caption\":\"Marbella, Spain - October 13, 2016: Front view of a red super sport car (Lamborghini) parked alongside luxury yachts moored in the marina of Puerto Jose Banus on the Costa del Sol in Marbella, Spain.\"},{\"@type\":\"BreadcrumbList\",\"@id\":\"https:\/\/radio-newyork.com\/?p=1650#breadcrumb\",\"itemListElement\":[{\"@type\":\"ListItem\",\"position\":1,\"name\":\"Home\",\"item\":\"https:\/\/radio-newyork.com\/\"},{\"@type\":\"ListItem\",\"position\":2,\"name\":\"Deset najbogatijih ljudi na svijetu udvostru\u010dilo svoj imetak tokom pandemije\"}]},{\"@type\":\"WebSite\",\"@id\":\"https:\/\/radio-newyork.com\/#website\",\"url\":\"https:\/\/radio-newyork.com\/\",\"name\":\"Radio New York\",\"description\":\"Radio New York \u2014 Most Amerike i domovine\",\"publisher\":{\"@id\":\"https:\/\/radio-newyork.com\/#organization\"},\"potentialAction\":[{\"@type\":\"SearchAction\",\"target\":{\"@type\":\"EntryPoint\",\"urlTemplate\":\"https:\/\/radio-newyork.com\/?s={search_term_string}\"},\"query-input\":{\"@type\":\"PropertyValueSpecification\",\"valueRequired\":true,\"valueName\":\"search_term_string\"}}],\"inLanguage\":\"en-US\"},{\"@type\":\"Organization\",\"@id\":\"https:\/\/radio-newyork.com\/#organization\",\"name\":\"Radio New York\",\"url\":\"https:\/\/radio-newyork.com\/\",\"logo\":{\"@type\":\"ImageObject\",\"inLanguage\":\"en-US\",\"@id\":\"https:\/\/radio-newyork.com\/#\/schema\/logo\/image\/\",\"url\":\"https:\/\/radio-newyork.com\/wp-content\/uploads\/2021\/12\/262517255_4571047313011643_1786418142376364479_n.jpg\",\"contentUrl\":\"https:\/\/radio-newyork.com\/wp-content\/uploads\/2021\/12\/262517255_4571047313011643_1786418142376364479_n.jpg\",\"width\":212,\"height\":210,\"caption\":\"Radio New York\"},\"image\":{\"@id\":\"https:\/\/radio-newyork.com\/#\/schema\/logo\/image\/\"}},{\"@type\":\"Person\",\"@id\":\"https:\/\/radio-newyork.com\/#\/schema\/person\/e2f4dbf5b60fd9ac004d77b9e1b59559\",\"name\":\"Ismet Rastoder\",\"image\":{\"@type\":\"ImageObject\",\"inLanguage\":\"en-US\",\"@id\":\"https:\/\/radio-newyork.com\/#\/schema\/person\/image\/\",\"url\":\"https:\/\/secure.gravatar.com\/avatar\/800e8dd1eac3e728e825b7d5c16c80b067c4a0557a2ce54986c89f6008f454bb?s=96&d=mm&r=g\",\"contentUrl\":\"https:\/\/secure.gravatar.com\/avatar\/800e8dd1eac3e728e825b7d5c16c80b067c4a0557a2ce54986c89f6008f454bb?s=96&d=mm&r=g\",\"caption\":\"Ismet Rastoder\"},\"description\":\"Ismet Rastoder je urednik i osniva\u010d portala Radio New York \u2014 medijskog prostora posve\u0107enog dijaspori, dru\u0161tvenoj istini i stvarnim \u017eivotnim pitanjima Balkana i Amerike. Poznat po direktnom stilu, hrabrim komentarima i beskompromisnoj borbi protiv nepravde, Rastoder donosi glas zajednice koja se \u010desto ne \u010duje, ali itekako postoji. Vi\u0161e od dvije decenije aktivan je u zajednici i medijima, gdje kroz analize, autorske kolumne i dru\u0161tveni anga\u017eman povezuje iskustvo \u017eivota u Americi sa realno\u0161\u0107u Balkana. Njegove pri\u010de otvaraju va\u017ene teme \u2014 od identiteta i politike, do kulture, dijaspore i dru\u0161tvenih transformacija. Prepoznat je kao glas dijaspore koji govori ono \u0161to mnogi misle, ali rijetko ko ka\u017ee.\",\"sameAs\":[\"http:\/\/radio-newyork.com\"],\"url\":\"https:\/\/radio-newyork.com\/?author=2\"}]}<\/script>\n<!-- \/ Yoast SEO plugin. -->","yoast_head_json":{"title":"Deset najbogatijih ljudi na svijetu udvostru\u010dilo svoj imetak tokom pandemije - Radio New York","robots":{"index":"index","follow":"follow","max-snippet":"max-snippet:-1","max-image-preview":"max-image-preview:large","max-video-preview":"max-video-preview:-1"},"canonical":"https:\/\/radio-newyork.com\/?p=1650","og_locale":"en_US","og_type":"article","og_title":"Deset najbogatijih ljudi na svijetu udvostru\u010dilo svoj imetak tokom pandemije - Radio New York","og_description":"Deset najbogatijih ljudi na svijetu udvostru\u010dilo je svoje bogatstvo tokom prve dvije godine pandemije koronavirusa, dok su siroma\u0161tvo i nejednakost porasli, navodi se u izvje\u0161taju Oksfam, prenio je Glas Amerike. Na brifingu objavljenom prije virtuelnog mini samita svjetskih lidera, koji se odr\u017eava pod pokroviteljstvom Svjetskog ekonomskog foruma, Oksfam je saop\u0161tio da je bogatstvo ljudi sko\u010dilo [&hellip;]","og_url":"https:\/\/radio-newyork.com\/?p=1650","og_site_name":"Radio New York","article_published_time":"2022-01-18T01:45:29+00:00","article_modified_time":"2022-01-18T01:45:31+00:00","og_image":[{"width":508,"height":339,"url":"https:\/\/radio-newyork.com\/wp-content\/uploads\/2022\/01\/8ccaf1a4efd822540f0bf45ef32f76fe.jpeg","type":"image\/jpeg"}],"author":"Ismet Rastoder","twitter_card":"summary_large_image","twitter_misc":{"Written by":"Ismet Rastoder","Est. reading time":"1 minute"},"schema":{"@context":"https:\/\/schema.org","@graph":[{"@type":"Article","@id":"https:\/\/radio-newyork.com\/?p=1650#article","isPartOf":{"@id":"https:\/\/radio-newyork.com\/?p=1650"},"author":{"name":"Ismet Rastoder","@id":"https:\/\/radio-newyork.com\/#\/schema\/person\/e2f4dbf5b60fd9ac004d77b9e1b59559"},"headline":"Deset najbogatijih ljudi na svijetu udvostru\u010dilo svoj imetak tokom pandemije","datePublished":"2022-01-18T01:45:29+00:00","dateModified":"2022-01-18T01:45:31+00:00","mainEntityOfPage":{"@id":"https:\/\/radio-newyork.com\/?p=1650"},"wordCount":243,"commentCount":0,"publisher":{"@id":"https:\/\/radio-newyork.com\/#organization"},"image":{"@id":"https:\/\/radio-newyork.com\/?p=1650#primaryimage"},"thumbnailUrl":"https:\/\/radio-newyork.com\/wp-content\/uploads\/2022\/01\/8ccaf1a4efd822540f0bf45ef32f76fe.jpeg","inLanguage":"en-US","potentialAction":[{"@type":"CommentAction","name":"Comment","target":["https:\/\/radio-newyork.com\/?p=1650#respond"]}]},{"@type":"WebPage","@id":"https:\/\/radio-newyork.com\/?p=1650","url":"https:\/\/radio-newyork.com\/?p=1650","name":"Deset najbogatijih ljudi na svijetu udvostru\u010dilo svoj imetak tokom pandemije - Radio New York","isPartOf":{"@id":"https:\/\/radio-newyork.com\/#website"},"primaryImageOfPage":{"@id":"https:\/\/radio-newyork.com\/?p=1650#primaryimage"},"image":{"@id":"https:\/\/radio-newyork.com\/?p=1650#primaryimage"},"thumbnailUrl":"https:\/\/radio-newyork.com\/wp-content\/uploads\/2022\/01\/8ccaf1a4efd822540f0bf45ef32f76fe.jpeg","datePublished":"2022-01-18T01:45:29+00:00","dateModified":"2022-01-18T01:45:31+00:00","breadcrumb":{"@id":"https:\/\/radio-newyork.com\/?p=1650#breadcrumb"},"inLanguage":"en-US","potentialAction":[{"@type":"ReadAction","target":["https:\/\/radio-newyork.com\/?p=1650"]}]},{"@type":"ImageObject","inLanguage":"en-US","@id":"https:\/\/radio-newyork.com\/?p=1650#primaryimage","url":"https:\/\/radio-newyork.com\/wp-content\/uploads\/2022\/01\/8ccaf1a4efd822540f0bf45ef32f76fe.jpeg","contentUrl":"https:\/\/radio-newyork.com\/wp-content\/uploads\/2022\/01\/8ccaf1a4efd822540f0bf45ef32f76fe.jpeg","width":508,"height":339,"caption":"Marbella, Spain - October 13, 2016: Front view of a red super sport car (Lamborghini) parked alongside luxury yachts moored in the marina of Puerto Jose Banus on the Costa del Sol in Marbella, Spain."},{"@type":"BreadcrumbList","@id":"https:\/\/radio-newyork.com\/?p=1650#breadcrumb","itemListElement":[{"@type":"ListItem","position":1,"name":"Home","item":"https:\/\/radio-newyork.com\/"},{"@type":"ListItem","position":2,"name":"Deset najbogatijih ljudi na svijetu udvostru\u010dilo svoj imetak tokom pandemije"}]},{"@type":"WebSite","@id":"https:\/\/radio-newyork.com\/#website","url":"https:\/\/radio-newyork.com\/","name":"Radio New York","description":"Radio New York \u2014 Most Amerike i domovine","publisher":{"@id":"https:\/\/radio-newyork.com\/#organization"},"potentialAction":[{"@type":"SearchAction","target":{"@type":"EntryPoint","urlTemplate":"https:\/\/radio-newyork.com\/?s={search_term_string}"},"query-input":{"@type":"PropertyValueSpecification","valueRequired":true,"valueName":"search_term_string"}}],"inLanguage":"en-US"},{"@type":"Organization","@id":"https:\/\/radio-newyork.com\/#organization","name":"Radio New York","url":"https:\/\/radio-newyork.com\/","logo":{"@type":"ImageObject","inLanguage":"en-US","@id":"https:\/\/radio-newyork.com\/#\/schema\/logo\/image\/","url":"https:\/\/radio-newyork.com\/wp-content\/uploads\/2021\/12\/262517255_4571047313011643_1786418142376364479_n.jpg","contentUrl":"https:\/\/radio-newyork.com\/wp-content\/uploads\/2021\/12\/262517255_4571047313011643_1786418142376364479_n.jpg","width":212,"height":210,"caption":"Radio New York"},"image":{"@id":"https:\/\/radio-newyork.com\/#\/schema\/logo\/image\/"}},{"@type":"Person","@id":"https:\/\/radio-newyork.com\/#\/schema\/person\/e2f4dbf5b60fd9ac004d77b9e1b59559","name":"Ismet Rastoder","image":{"@type":"ImageObject","inLanguage":"en-US","@id":"https:\/\/radio-newyork.com\/#\/schema\/person\/image\/","url":"https:\/\/secure.gravatar.com\/avatar\/800e8dd1eac3e728e825b7d5c16c80b067c4a0557a2ce54986c89f6008f454bb?s=96&d=mm&r=g","contentUrl":"https:\/\/secure.gravatar.com\/avatar\/800e8dd1eac3e728e825b7d5c16c80b067c4a0557a2ce54986c89f6008f454bb?s=96&d=mm&r=g","caption":"Ismet Rastoder"},"description":"Ismet Rastoder je urednik i osniva\u010d portala Radio New York \u2014 medijskog prostora posve\u0107enog dijaspori, dru\u0161tvenoj istini i stvarnim \u017eivotnim pitanjima Balkana i Amerike. Poznat po direktnom stilu, hrabrim komentarima i beskompromisnoj borbi protiv nepravde, Rastoder donosi glas zajednice koja se \u010desto ne \u010duje, ali itekako postoji. Vi\u0161e od dvije decenije aktivan je u zajednici i medijima, gdje kroz analize, autorske kolumne i dru\u0161tveni anga\u017eman povezuje iskustvo \u017eivota u Americi sa realno\u0161\u0107u Balkana. Njegove pri\u010de otvaraju va\u017ene teme \u2014 od identiteta i politike, do kulture, dijaspore i dru\u0161tvenih transformacija. Prepoznat je kao glas dijaspore koji govori ono \u0161to mnogi misle, ali rijetko ko ka\u017ee.","sameAs":["http:\/\/radio-newyork.com"],"url":"https:\/\/radio-newyork.com\/?author=2"}]}},"_links":{"self":[{"href":"https:\/\/radio-newyork.com\/index.php?rest_route=\/wp\/v2\/posts\/1650","targetHints":{"allow":["GET"]}}],"collection":[{"href":"https:\/\/radio-newyork.com\/index.php?rest_route=\/wp\/v2\/posts"}],"about":[{"href":"https:\/\/radio-newyork.com\/index.php?rest_route=\/wp\/v2\/types\/post"}],"author":[{"embeddable":true,"href":"https:\/\/radio-newyork.com\/index.php?rest_route=\/wp\/v2\/users\/2"}],"replies":[{"embeddable":true,"href":"https:\/\/radio-newyork.com\/index.php?rest_route=%2Fwp%2Fv2%2Fcomments&post=1650"}],"version-history":[{"count":1,"href":"https:\/\/radio-newyork.com\/index.php?rest_route=\/wp\/v2\/posts\/1650\/revisions"}],"predecessor-version":[{"id":1652,"href":"https:\/\/radio-newyork.com\/index.php?rest_route=\/wp\/v2\/posts\/1650\/revisions\/1652"}],"wp:featuredmedia":[{"embeddable":true,"href":"https:\/\/radio-newyork.com\/index.php?rest_route=\/wp\/v2\/media\/1651"}],"wp:attachment":[{"href":"https:\/\/radio-newyork.com\/index.php?rest_route=%2Fwp%2Fv2%2Fmedia&parent=1650"}],"wp:term":[{"taxonomy":"category","embeddable":true,"href":"https:\/\/radio-newyork.com\/index.php?rest_route=%2Fwp%2Fv2%2Fcategories&post=1650"},{"taxonomy":"post_tag","embeddable":true,"href":"https:\/\/radio-newyork.com\/index.php?rest_route=%2Fwp%2Fv2%2Ftags&post=1650"}],"curies":[{"name":"wp","href":"https:\/\/api.w.org\/{rel}","templated":true}]}}